{"id":17270,"date":"2025-08-19T16:37:03","date_gmt":"2025-08-19T16:37:03","guid":{"rendered":"https:\/\/blogdobispo.com.br\/?p=17270"},"modified":"2025-08-19T16:37:03","modified_gmt":"2025-08-19T16:37:03","slug":"camara-de-natal-aprova-abertura-de-processo-de-cassacao-contra-brisa-bracch","status":"publish","type":"post","link":"https:\/\/blogdobispo.com.br\/?p=17270","title":{"rendered":"C\u00e2mara de Natal aprova abertura de processo de cassa\u00e7\u00e3o contra Brisa Bracch"},"content":{"rendered":"<p>A C\u00e2mara Municipal de Natal aprovou nesta ter\u00e7a-feira 19 a abertura de processo de cassa\u00e7\u00e3o do mandato da vereadora Brisa Bracchi (PT). A decis\u00e3o foi tomada por 23 votos a favor e 3 contra, em vota\u00e7\u00e3o nominal. Dois vereadores ficaram impedidos de participar: a pr\u00f3pria Brisa, alvo da den\u00fancia, e Matheus Faustino (Uni\u00e3o), autor do pedido. Um vereador esteve ausente da vota\u00e7\u00e3o: Eribaldo Medeiros (Rede).<\/p>\n<p><a href=\"https:\/\/agorarn.com.br\/ultimas\/matheus-faustino-cassacao-vereadora-do-pt-financiar-festa-contra-bolsonaro\/\">O caso, denunciado por Faustino na segunda-feira 18<\/a>, envolve a destina\u00e7\u00e3o de R$ 18 mil em emendas parlamentares para o evento \u201cRol\u00e9 Vermelho\u201d, realizado em 9 de agosto em Natal. O encontro foi pago com recursos da Prefeitura indicados por Brisa e divulgado como ato pol\u00edtico em apoio ao ex-presidente Jair Bolsonaro (PL), que cumpre pris\u00e3o domiciliar.<\/p>\n<p>Os \u00fanicos votos contr\u00e1rios foram de Daniel Valen\u00e7a e Samanda Alves, ambos do PT, e Thabatta Pimenta (Psol).<\/p>\n<h2 class=\"wp-block-heading\">Forma\u00e7\u00e3o da Comiss\u00e3o Processante<\/h2>\n<p>Com a admissibilidade da den\u00fancia aprovada em plen\u00e1rio, o pr\u00f3ximo passo \u00e9 a forma\u00e7\u00e3o da Comiss\u00e3o Processante, composta por tr\u00eas vereadores sorteados entre os n\u00e3o envolvidos diretamente no caso. O sorteio deve ocorrer imediatamente, conforme prev\u00ea o Regimento Interno da C\u00e2mara.<\/p>\n<h2 class=\"wp-block-heading\">In\u00edcio do processo<\/h2>\n<p>Ap\u00f3s o protocolo da den\u00fancia, a den\u00fancia \u00e9 lida na primeira sess\u00e3o plen\u00e1ria subsequente. Em seguida, os vereadores deliberam sobre sua admissibilidade. O recebimento da den\u00fancia exige a maioria simples dos presentes. Se rejeitada, o caso \u00e9 arquivado.<\/p>\n<p>Se aprovada, inicia-se imediatamente a forma\u00e7\u00e3o de uma Comiss\u00e3o Processante, composta por tr\u00eas vereadores sorteados entre os n\u00e3o envolvidos no caso (n\u00e3o podem ser o denunciante nem o denunciado). Esse sorteio busca evitar persegui\u00e7\u00f5es pessoais e assegurar a imparcialidade da apura\u00e7\u00e3o.<\/p>\n<h2 class=\"wp-block-heading\">Instala\u00e7\u00e3o da Comiss\u00e3o<\/h2>\n<p>A Comiss\u00e3o em si deve ser instalada em at\u00e9 cinco dias. Ap\u00f3s instalada, a primeira provid\u00eancia \u00e9 notificar o vereador acusado, que ter\u00e1 o prazo de 10 dias \u00fateis para apresentar defesa pr\u00e9via, indicando testemunhas e juntando documentos.<\/p>\n<h2 class=\"wp-block-heading\">Fase de instru\u00e7\u00e3o<\/h2>\n<p>Encerrada a defesa preliminar, a Comiss\u00e3o tem 5 dias para se reunir para decidir se arquiva o processo ou se d\u00e1 prosseguimento. Caso avance, abre-se a fase de instru\u00e7\u00e3o, que \u00e9 a investiga\u00e7\u00e3o formal.<\/p>\n<p><strong>Nessa etapa, a Comiss\u00e3o deve:<\/strong><\/p>\n<ul class=\"wp-block-list\">\n<li>ouvir o denunciado e as testemunhas indicadas;<\/li>\n<li>requisitar documentos e provas;<\/li>\n<li>realizar dilig\u00eancias necess\u00e1rias.<\/li>\n<\/ul>\n<p>O prazo m\u00e1ximo para a Comiss\u00e3o concluir os trabalhos \u00e9 de 90 dias corridos a partir da notifica\u00e7\u00e3o inicial. Se esse prazo expirar sem decis\u00e3o, o processo \u00e9 arquivado automaticamente.<\/p>\n<p>Durante a instru\u00e7\u00e3o, o vereador denunciado deve ser intimado com anteced\u00eancia de todos os atos, garantindo o pleno exerc\u00edcio da defesa.<\/p>\n<h2 class=\"wp-block-heading\">Relat\u00f3rio da Comiss\u00e3o<\/h2>\n<p>Encerrada a instru\u00e7\u00e3o, a Comiss\u00e3o elabora um relat\u00f3rio final, opinando pela absolvi\u00e7\u00e3o ou pela cassa\u00e7\u00e3o do mandato.<\/p>\n<p>Esse relat\u00f3rio \u00e9 encaminhado \u00e0 Mesa Diretora e inclu\u00eddo na ordem do dia da sess\u00e3o seguinte. O vereador acusado deve ser intimado com anteced\u00eancia m\u00ednima de 24 horas sobre a data da sess\u00e3o em que o julgamento ocorrer\u00e1.<\/p>\n<h2 class=\"wp-block-heading\">Julgamento em plen\u00e1rio<\/h2>\n<p>O julgamento \u00e9 feito em sess\u00e3o especial do plen\u00e1rio. O presidente da C\u00e2mara conduz os trabalhos, concedendo a palavra ao relator e, em seguida, ao vereador acusado ou a seu advogado, que pode fazer sustenta\u00e7\u00e3o oral por at\u00e9 2 horas.<\/p>\n<p>A vota\u00e7\u00e3o \u00e9 nominal e aberta, ou seja, cada vereador declara publicamente seu voto. Para que haja cassa\u00e7\u00e3o, \u00e9 necess\u00e1rio o apoio de dois ter\u00e7os dos vereadores da C\u00e2mara \u2014 em Natal, isso significa 19 dos 29 parlamentares.<\/p>\n<p>Se n\u00e3o houver esse qu\u00f3rum, o processo \u00e9 encerrado e o vereador absolvido.<\/p>\n<h2 class=\"wp-block-heading\">Consequ\u00eancias da cassa\u00e7\u00e3o<\/h2>\n<p>Se aprovada a cassa\u00e7\u00e3o, a decis\u00e3o \u00e9 formalizada em Decreto Legislativo, publicado no Di\u00e1rio Oficial do Munic\u00edpio. O ato \u00e9 comunicado imediatamente ao Tribunal Regional Eleitoral do Rio Grande do Norte (TRE-RN), para que seja providenciada a posse do suplente.<\/p>\n<p>A perda do mandato \u00e9 imediata, e o suplente convocado assume na sess\u00e3o seguinte. No caso de Brisa, o primeiro suplente da federa\u00e7\u00e3o PT-PV-PCdoB \u00e9 a ex-vereadora J\u00falia Arruda (PCdoB) \u2013 que atualmente \u00e9 secretaria estadual de Mulheres, Juventude, Igualdade Racial e Direitos Humanos.<\/p>\n<h2 class=\"wp-block-heading\">Garantias legais<\/h2>\n<p>Todo o processo segue os princ\u00edpios constitucionais do devido processo legal, do contradit\u00f3rio e da ampla defesa. Sem o cumprimento de cada etapa e de cada prazo, o processo n\u00e3o pode prosseguir.<\/p>\n<p>Assim, o Regimento Interno da C\u00e2mara de Natal estabelece um equil\u00edbrio entre a necessidade de preservar a dignidade do parlamento e a prote\u00e7\u00e3o contra cassa\u00e7\u00f5es arbitr\u00e1rias.<\/p>\n<p>Agora RN<img data-recalc-dims=\"1\" fetchpriority=\"high\" decoding=\"async\" class=\"alignnone size-medium wp-image-17271\" src=\"https:\/\/i0.wp.com\/blogdobispo.com.br\/wp-content\/uploads\/2025\/08\/Capturar-142-830x468.jpg.webp?resize=300%2C169\" alt=\"\" width=\"300\" height=\"169\" srcset=\"https:\/\/i0.wp.com\/blogdobispo.com.br\/wp-content\/uploads\/2025\/08\/Capturar-142-830x468.jpg.webp?resize=300%2C169&amp;ssl=1 300w, https:\/\/i0.wp.com\/blogdobispo.com.br\/wp-content\/uploads\/2025\/08\/Capturar-142-830x468.jpg.webp?resize=768%2C433&amp;ssl=1 768w, https:\/\/i0.wp.com\/blogdobispo.com.br\/wp-content\/uploads\/2025\/08\/Capturar-142-830x468.jpg.webp?w=830&amp;ssl=1 830w\" sizes=\"(max-width: 300px) 100vw, 300px\" \/><\/p>\n","protected":false},"excerpt":{"rendered":"<p>A C\u00e2mara Municipal de Natal aprovou nesta ter\u00e7a-feira 19 a abertura de processo de cassa\u00e7\u00e3o do mandato da vereadora Brisa Bracchi (PT). A decis\u00e3o foi tomada por 23 votos a favor e 3 contra, em vota\u00e7\u00e3o nominal. Dois vereadores ficaram impedidos de participar: a pr\u00f3pria Brisa, alvo da den\u00fancia, e Matheus Faustino (Uni\u00e3o), autor do [&hellip;]<\/p>\n","protected":false},"author":1,"featured_media":17271,"comment_status":"open","ping_status":"open","sticky":false,"template":"","format":"standard","meta":{"cybocfi_hide_featured_image":"","_jetpack_memberships_contains_paid_content":false,"footnotes":""},"categories":[1],"tags":[],"class_list":["post-17270","post","type-post","status-publish","format-standard","has-post-thumbnail","hentry","category-diversos"],"yoast_head":"<!-- This site is optimized with the Yoast SEO plugin v25.6 - https:\/\/yoast.com\/wordpress\/plugins\/seo\/ -->\n<title>C\u00e2mara de Natal aprova abertura de processo de cassa\u00e7\u00e3o contra Brisa Bracch - Blog do Bispo<\/title>\n<meta name=\"robots\" content=\"index, follow, max-snippet:-1, max-image-preview:large, max-video-preview:-1\" \/>\n<link rel=\"canonical\" href=\"https:\/\/blogdobispo.com.br\/?p=17270\" \/>\n<meta property=\"og:locale\" content=\"pt_BR\" \/>\n<meta property=\"og:type\" content=\"article\" \/>\n<meta property=\"og:title\" content=\"C\u00e2mara de Natal aprova abertura de processo de cassa\u00e7\u00e3o contra Brisa Bracch - Blog do Bispo\" \/>\n<meta property=\"og:description\" content=\"A C\u00e2mara Municipal de Natal aprovou nesta ter\u00e7a-feira 19 a abertura de processo de cassa\u00e7\u00e3o do mandato da vereadora Brisa Bracchi (PT). A decis\u00e3o foi tomada por 23 votos a favor e 3 contra, em vota\u00e7\u00e3o nominal. Dois vereadores ficaram impedidos de participar: a pr\u00f3pria Brisa, alvo da den\u00fancia, e Matheus Faustino (Uni\u00e3o), autor do [&hellip;]\" \/>\n<meta property=\"og:url\" content=\"https:\/\/blogdobispo.com.br\/?p=17270\" \/>\n<meta property=\"og:site_name\" content=\"Blog do Bispo\" \/>\n<meta property=\"article:published_time\" content=\"2025-08-19T16:37:03+00:00\" \/>\n<meta property=\"og:image\" content=\"http:\/\/blogdobispo.com.br\/wp-content\/uploads\/2025\/08\/Capturar-142-830x468.jpg.webp\" \/>\n\t<meta property=\"og:image:width\" content=\"830\" \/>\n\t<meta property=\"og:image:height\" content=\"468\" \/>\n\t<meta property=\"og:image:type\" content=\"image\/webp\" \/>\n<meta name=\"author\" content=\"Jefferson Sterfeno\" \/>\n<meta name=\"twitter:card\" content=\"summary_large_image\" \/>\n<meta name=\"twitter:label1\" content=\"Escrito por\" \/>\n\t<meta name=\"twitter:data1\" content=\"Jefferson Sterfeno\" \/>\n\t<meta name=\"twitter:label2\" content=\"Est. tempo de leitura\" \/>\n\t<meta name=\"twitter:data2\" content=\"5 minutos\" \/>\n<script type=\"application\/ld+json\" class=\"yoast-schema-graph\">{\"@context\":\"https:\/\/schema.org\",\"@graph\":[{\"@type\":\"Article\",\"@id\":\"https:\/\/blogdobispo.com.br\/?p=17270#article\",\"isPartOf\":{\"@id\":\"https:\/\/blogdobispo.com.br\/?p=17270\"},\"author\":{\"name\":\"Jefferson Sterfeno\",\"@id\":\"https:\/\/blogdobispo.com.br\/#\/schema\/person\/e2209cc0e6cea5c5233d033e997b373f\"},\"headline\":\"C\u00e2mara de Natal aprova abertura de processo de cassa\u00e7\u00e3o contra Brisa Bracch\",\"datePublished\":\"2025-08-19T16:37:03+00:00\",\"mainEntityOfPage\":{\"@id\":\"https:\/\/blogdobispo.com.br\/?p=17270\"},\"wordCount\":797,\"commentCount\":0,\"publisher\":{\"@id\":\"https:\/\/blogdobispo.com.br\/#organization\"},\"image\":{\"@id\":\"https:\/\/blogdobispo.com.br\/?p=17270#primaryimage\"},\"thumbnailUrl\":\"https:\/\/i0.wp.com\/blogdobispo.com.br\/wp-content\/uploads\/2025\/08\/Capturar-142-830x468.jpg.webp?fit=830%2C468&ssl=1\",\"articleSection\":[\"diversos\"],\"inLanguage\":\"pt-BR\",\"potentialAction\":[{\"@type\":\"CommentAction\",\"name\":\"Comment\",\"target\":[\"https:\/\/blogdobispo.com.br\/?p=17270#respond\"]}]},{\"@type\":\"WebPage\",\"@id\":\"https:\/\/blogdobispo.com.br\/?p=17270\",\"url\":\"https:\/\/blogdobispo.com.br\/?p=17270\",\"name\":\"C\u00e2mara de Natal aprova abertura de processo de cassa\u00e7\u00e3o contra Brisa Bracch - Blog do Bispo\",\"isPartOf\":{\"@id\":\"https:\/\/blogdobispo.com.br\/#website\"},\"primaryImageOfPage\":{\"@id\":\"https:\/\/blogdobispo.com.br\/?p=17270#primaryimage\"},\"image\":{\"@id\":\"https:\/\/blogdobispo.com.br\/?p=17270#primaryimage\"},\"thumbnailUrl\":\"https:\/\/i0.wp.com\/blogdobispo.com.br\/wp-content\/uploads\/2025\/08\/Capturar-142-830x468.jpg.webp?fit=830%2C468&ssl=1\",\"datePublished\":\"2025-08-19T16:37:03+00:00\",\"breadcrumb\":{\"@id\":\"https:\/\/blogdobispo.com.br\/?p=17270#breadcrumb\"},\"inLanguage\":\"pt-BR\",\"potentialAction\":[{\"@type\":\"ReadAction\",\"target\":[\"https:\/\/blogdobispo.com.br\/?p=17270\"]}]},{\"@type\":\"ImageObject\",\"inLanguage\":\"pt-BR\",\"@id\":\"https:\/\/blogdobispo.com.br\/?p=17270#primaryimage\",\"url\":\"https:\/\/i0.wp.com\/blogdobispo.com.br\/wp-content\/uploads\/2025\/08\/Capturar-142-830x468.jpg.webp?fit=830%2C468&ssl=1\",\"contentUrl\":\"https:\/\/i0.wp.com\/blogdobispo.com.br\/wp-content\/uploads\/2025\/08\/Capturar-142-830x468.jpg.webp?fit=830%2C468&ssl=1\",\"width\":830,\"height\":468},{\"@type\":\"BreadcrumbList\",\"@id\":\"https:\/\/blogdobispo.com.br\/?p=17270#breadcrumb\",\"itemListElement\":[{\"@type\":\"ListItem\",\"position\":1,\"name\":\"In\u00edcio\",\"item\":\"https:\/\/blogdobispo.com.br\/\"},{\"@type\":\"ListItem\",\"position\":2,\"name\":\"C\u00e2mara de Natal aprova abertura de processo de cassa\u00e7\u00e3o contra Brisa Bracch\"}]},{\"@type\":\"WebSite\",\"@id\":\"https:\/\/blogdobispo.com.br\/#website\",\"url\":\"https:\/\/blogdobispo.com.br\/\",\"name\":\"Blog do Bispo\",\"description\":\"Comprometido apenas com o leitor\",\"publisher\":{\"@id\":\"https:\/\/blogdobispo.com.br\/#organization\"},\"potentialAction\":[{\"@type\":\"SearchAction\",\"target\":{\"@type\":\"EntryPoint\",\"urlTemplate\":\"https:\/\/blogdobispo.com.br\/?s={search_term_string}\"},\"query-input\":{\"@type\":\"PropertyValueSpecification\",\"valueRequired\":true,\"valueName\":\"search_term_string\"}}],\"inLanguage\":\"pt-BR\"},{\"@type\":\"Organization\",\"@id\":\"https:\/\/blogdobispo.com.br\/#organization\",\"name\":\"Blog do Bispo\",\"url\":\"https:\/\/blogdobispo.com.br\/\",\"logo\":{\"@type\":\"ImageObject\",\"inLanguage\":\"pt-BR\",\"@id\":\"https:\/\/blogdobispo.com.br\/#\/schema\/logo\/image\/\",\"url\":\"http:\/\/blogdobispo.com.br\/wp-content\/uploads\/2023\/05\/cropped-headear.png\",\"contentUrl\":\"http:\/\/blogdobispo.com.br\/wp-content\/uploads\/2023\/05\/cropped-headear.png\",\"width\":1500,\"height\":399,\"caption\":\"Blog do Bispo\"},\"image\":{\"@id\":\"https:\/\/blogdobispo.com.br\/#\/schema\/logo\/image\/\"}},{\"@type\":\"Person\",\"@id\":\"https:\/\/blogdobispo.com.br\/#\/schema\/person\/e2209cc0e6cea5c5233d033e997b373f\",\"name\":\"Jefferson Sterfeno\",\"image\":{\"@type\":\"ImageObject\",\"inLanguage\":\"pt-BR\",\"@id\":\"https:\/\/blogdobispo.com.br\/#\/schema\/person\/image\/\",\"url\":\"https:\/\/secure.gravatar.com\/avatar\/0534e84764641168a677026b6d57a3f51dc7ac4db0b4f6186d9cb330d4ee1160?s=96&d=mm&r=g\",\"contentUrl\":\"https:\/\/secure.gravatar.com\/avatar\/0534e84764641168a677026b6d57a3f51dc7ac4db0b4f6186d9cb330d4ee1160?s=96&d=mm&r=g\",\"caption\":\"Jefferson Sterfeno\"},\"sameAs\":[\"http:\/\/blogdobispo.com.br\"],\"url\":\"https:\/\/blogdobispo.com.br\/?author=1\"}]}<\/script>\n<!-- \/ Yoast SEO plugin. -->","yoast_head_json":{"title":"C\u00e2mara de Natal aprova abertura de processo de cassa\u00e7\u00e3o contra Brisa Bracch - Blog do Bispo","robots":{"index":"index","follow":"follow","max-snippet":"max-snippet:-1","max-image-preview":"max-image-preview:large","max-video-preview":"max-video-preview:-1"},"canonical":"https:\/\/blogdobispo.com.br\/?p=17270","og_locale":"pt_BR","og_type":"article","og_title":"C\u00e2mara de Natal aprova abertura de processo de cassa\u00e7\u00e3o contra Brisa Bracch - Blog do Bispo","og_description":"A C\u00e2mara Municipal de Natal aprovou nesta ter\u00e7a-feira 19 a abertura de processo de cassa\u00e7\u00e3o do mandato da vereadora Brisa Bracchi (PT). A decis\u00e3o foi tomada por 23 votos a favor e 3 contra, em vota\u00e7\u00e3o nominal. Dois vereadores ficaram impedidos de participar: a pr\u00f3pria Brisa, alvo da den\u00fancia, e Matheus Faustino (Uni\u00e3o), autor do [&hellip;]","og_url":"https:\/\/blogdobispo.com.br\/?p=17270","og_site_name":"Blog do Bispo","article_published_time":"2025-08-19T16:37:03+00:00","og_image":[{"width":830,"height":468,"url":"http:\/\/blogdobispo.com.br\/wp-content\/uploads\/2025\/08\/Capturar-142-830x468.jpg.webp","type":"image\/webp"}],"author":"Jefferson Sterfeno","twitter_card":"summary_large_image","twitter_misc":{"Escrito por":"Jefferson Sterfeno","Est. tempo de leitura":"5 minutos"},"schema":{"@context":"https:\/\/schema.org","@graph":[{"@type":"Article","@id":"https:\/\/blogdobispo.com.br\/?p=17270#article","isPartOf":{"@id":"https:\/\/blogdobispo.com.br\/?p=17270"},"author":{"name":"Jefferson Sterfeno","@id":"https:\/\/blogdobispo.com.br\/#\/schema\/person\/e2209cc0e6cea5c5233d033e997b373f"},"headline":"C\u00e2mara de Natal aprova abertura de processo de cassa\u00e7\u00e3o contra Brisa Bracch","datePublished":"2025-08-19T16:37:03+00:00","mainEntityOfPage":{"@id":"https:\/\/blogdobispo.com.br\/?p=17270"},"wordCount":797,"commentCount":0,"publisher":{"@id":"https:\/\/blogdobispo.com.br\/#organization"},"image":{"@id":"https:\/\/blogdobispo.com.br\/?p=17270#primaryimage"},"thumbnailUrl":"https:\/\/i0.wp.com\/blogdobispo.com.br\/wp-content\/uploads\/2025\/08\/Capturar-142-830x468.jpg.webp?fit=830%2C468&ssl=1","articleSection":["diversos"],"inLanguage":"pt-BR","potentialAction":[{"@type":"CommentAction","name":"Comment","target":["https:\/\/blogdobispo.com.br\/?p=17270#respond"]}]},{"@type":"WebPage","@id":"https:\/\/blogdobispo.com.br\/?p=17270","url":"https:\/\/blogdobispo.com.br\/?p=17270","name":"C\u00e2mara de Natal aprova abertura de processo de cassa\u00e7\u00e3o contra Brisa Bracch - Blog do Bispo","isPartOf":{"@id":"https:\/\/blogdobispo.com.br\/#website"},"primaryImageOfPage":{"@id":"https:\/\/blogdobispo.com.br\/?p=17270#primaryimage"},"image":{"@id":"https:\/\/blogdobispo.com.br\/?p=17270#primaryimage"},"thumbnailUrl":"https:\/\/i0.wp.com\/blogdobispo.com.br\/wp-content\/uploads\/2025\/08\/Capturar-142-830x468.jpg.webp?fit=830%2C468&ssl=1","datePublished":"2025-08-19T16:37:03+00:00","breadcrumb":{"@id":"https:\/\/blogdobispo.com.br\/?p=17270#breadcrumb"},"inLanguage":"pt-BR","potentialAction":[{"@type":"ReadAction","target":["https:\/\/blogdobispo.com.br\/?p=17270"]}]},{"@type":"ImageObject","inLanguage":"pt-BR","@id":"https:\/\/blogdobispo.com.br\/?p=17270#primaryimage","url":"https:\/\/i0.wp.com\/blogdobispo.com.br\/wp-content\/uploads\/2025\/08\/Capturar-142-830x468.jpg.webp?fit=830%2C468&ssl=1","contentUrl":"https:\/\/i0.wp.com\/blogdobispo.com.br\/wp-content\/uploads\/2025\/08\/Capturar-142-830x468.jpg.webp?fit=830%2C468&ssl=1","width":830,"height":468},{"@type":"BreadcrumbList","@id":"https:\/\/blogdobispo.com.br\/?p=17270#breadcrumb","itemListElement":[{"@type":"ListItem","position":1,"name":"In\u00edcio","item":"https:\/\/blogdobispo.com.br\/"},{"@type":"ListItem","position":2,"name":"C\u00e2mara de Natal aprova abertura de processo de cassa\u00e7\u00e3o contra Brisa Bracch"}]},{"@type":"WebSite","@id":"https:\/\/blogdobispo.com.br\/#website","url":"https:\/\/blogdobispo.com.br\/","name":"Blog do Bispo","description":"Comprometido apenas com o leitor","publisher":{"@id":"https:\/\/blogdobispo.com.br\/#organization"},"potentialAction":[{"@type":"SearchAction","target":{"@type":"EntryPoint","urlTemplate":"https:\/\/blogdobispo.com.br\/?s={search_term_string}"},"query-input":{"@type":"PropertyValueSpecification","valueRequired":true,"valueName":"search_term_string"}}],"inLanguage":"pt-BR"},{"@type":"Organization","@id":"https:\/\/blogdobispo.com.br\/#organization","name":"Blog do Bispo","url":"https:\/\/blogdobispo.com.br\/","logo":{"@type":"ImageObject","inLanguage":"pt-BR","@id":"https:\/\/blogdobispo.com.br\/#\/schema\/logo\/image\/","url":"http:\/\/blogdobispo.com.br\/wp-content\/uploads\/2023\/05\/cropped-headear.png","contentUrl":"http:\/\/blogdobispo.com.br\/wp-content\/uploads\/2023\/05\/cropped-headear.png","width":1500,"height":399,"caption":"Blog do Bispo"},"image":{"@id":"https:\/\/blogdobispo.com.br\/#\/schema\/logo\/image\/"}},{"@type":"Person","@id":"https:\/\/blogdobispo.com.br\/#\/schema\/person\/e2209cc0e6cea5c5233d033e997b373f","name":"Jefferson Sterfeno","image":{"@type":"ImageObject","inLanguage":"pt-BR","@id":"https:\/\/blogdobispo.com.br\/#\/schema\/person\/image\/","url":"https:\/\/secure.gravatar.com\/avatar\/0534e84764641168a677026b6d57a3f51dc7ac4db0b4f6186d9cb330d4ee1160?s=96&d=mm&r=g","contentUrl":"https:\/\/secure.gravatar.com\/avatar\/0534e84764641168a677026b6d57a3f51dc7ac4db0b4f6186d9cb330d4ee1160?s=96&d=mm&r=g","caption":"Jefferson Sterfeno"},"sameAs":["http:\/\/blogdobispo.com.br"],"url":"https:\/\/blogdobispo.com.br\/?author=1"}]}},"featured_image_urls":{"full":["https:\/\/i0.wp.com\/blogdobispo.com.br\/wp-content\/uploads\/2025\/08\/Capturar-142-830x468.jpg.webp?fit=830%2C468&ssl=1",830,468,false],"thumbnail":["https:\/\/i0.wp.com\/blogdobispo.com.br\/wp-content\/uploads\/2025\/08\/Capturar-142-830x468.jpg.webp?resize=150%2C150&ssl=1",150,150,true],"medium":["https:\/\/i0.wp.com\/blogdobispo.com.br\/wp-content\/uploads\/2025\/08\/Capturar-142-830x468.jpg.webp?fit=300%2C169&ssl=1",300,169,true],"medium_large":["https:\/\/i0.wp.com\/blogdobispo.com.br\/wp-content\/uploads\/2025\/08\/Capturar-142-830x468.jpg.webp?fit=768%2C433&ssl=1",768,433,true],"large":["https:\/\/i0.wp.com\/blogdobispo.com.br\/wp-content\/uploads\/2025\/08\/Capturar-142-830x468.jpg.webp?fit=800%2C451&ssl=1",800,451,true],"1536x1536":["https:\/\/i0.wp.com\/blogdobispo.com.br\/wp-content\/uploads\/2025\/08\/Capturar-142-830x468.jpg.webp?fit=830%2C468&ssl=1",830,468,true],"2048x2048":["https:\/\/i0.wp.com\/blogdobispo.com.br\/wp-content\/uploads\/2025\/08\/Capturar-142-830x468.jpg.webp?fit=830%2C468&ssl=1",830,468,true]},"author_info":{"display_name":"Jefferson Sterfeno","author_link":"https:\/\/blogdobispo.com.br\/?author=1"},"category_info":"<a href=\"https:\/\/blogdobispo.com.br\/?cat=1\" rel=\"category\">diversos<\/a>","tag_info":"diversos","comment_count":"0","jetpack_featured_media_url":"https:\/\/i0.wp.com\/blogdobispo.com.br\/wp-content\/uploads\/2025\/08\/Capturar-142-830x468.jpg.webp?fit=830%2C468&ssl=1","jetpack_sharing_enabled":true,"_links":{"self":[{"href":"https:\/\/blogdobispo.com.br\/index.php?rest_route=\/wp\/v2\/posts\/17270","targetHints":{"allow":["GET"]}}],"collection":[{"href":"https:\/\/blogdobispo.com.br\/index.php?rest_route=\/wp\/v2\/posts"}],"about":[{"href":"https:\/\/blogdobispo.com.br\/index.php?rest_route=\/wp\/v2\/types\/post"}],"author":[{"embeddable":true,"href":"https:\/\/blogdobispo.com.br\/index.php?rest_route=\/wp\/v2\/users\/1"}],"replies":[{"embeddable":true,"href":"https:\/\/blogdobispo.com.br\/index.php?rest_route=%2Fwp%2Fv2%2Fcomments&post=17270"}],"version-history":[{"count":1,"href":"https:\/\/blogdobispo.com.br\/index.php?rest_route=\/wp\/v2\/posts\/17270\/revisions"}],"predecessor-version":[{"id":17272,"href":"https:\/\/blogdobispo.com.br\/index.php?rest_route=\/wp\/v2\/posts\/17270\/revisions\/17272"}],"wp:featuredmedia":[{"embeddable":true,"href":"https:\/\/blogdobispo.com.br\/index.php?rest_route=\/wp\/v2\/media\/17271"}],"wp:attachment":[{"href":"https:\/\/blogdobispo.com.br\/index.php?rest_route=%2Fwp%2Fv2%2Fmedia&parent=17270"}],"wp:term":[{"taxonomy":"category","embeddable":true,"href":"https:\/\/blogdobispo.com.br\/index.php?rest_route=%2Fwp%2Fv2%2Fcategories&post=17270"},{"taxonomy":"post_tag","embeddable":true,"href":"https:\/\/blogdobispo.com.br\/index.php?rest_route=%2Fwp%2Fv2%2Ftags&post=17270"}],"curies":[{"name":"wp","href":"https:\/\/api.w.org\/{rel}","templated":true}]}}