{"id":17266,"date":"2025-08-19T14:15:59","date_gmt":"2025-08-19T14:15:59","guid":{"rendered":"https:\/\/blogdobispo.com.br\/?p=17266"},"modified":"2025-08-19T14:28:38","modified_gmt":"2025-08-19T14:28:38","slug":"natal-atinge-892-de-iluminacao-publica-em-led","status":"publish","type":"post","link":"https:\/\/blogdobispo.com.br\/?p=17266","title":{"rendered":"Natal atinge 89,2% de ilumina\u00e7\u00e3o p\u00fablica em LED"},"content":{"rendered":"<p>Em reuni\u00e3o do Conselho de Governan\u00e7a realizada nesta segunda-feira (18), a Prefeitura do Natal, atrav\u00e9s da Secretaria Municipal de Servi\u00e7os Urbanos (Semsur), apresentou os avan\u00e7os na moderniza\u00e7\u00e3o da ilumina\u00e7\u00e3o p\u00fablica da capital na gest\u00e3o do prefeito Paulinho Freire. Com 89,2% da malha luminosa j\u00e1 convertida para tecnologia LED, um crescimento expressivo em rela\u00e7\u00e3o aos 29,75% registrados no mesmo per\u00edodo em 2024, Natal supera capitais como Florian\u00f3polis (73%), Curitiba (74%) e Fortaleza (16%), posicionando-se entre as cidades mais modernas do pa\u00eds nesse setor.<\/p>\n<p>O secret\u00e1rio Felipe Alves detalhou os n\u00fameros: somente em 2025 foram instaladas 35.673 novas l\u00e2mpadas LED, totalizando 53.523 lumin\u00e1rias modernizadas desde o in\u00edcio do projeto. A a\u00e7\u00e3o j\u00e1 beneficia diretamente 4.928 ruas e 37 espa\u00e7os p\u00fablicos estrat\u00e9gicos, incluindo a completa moderniza\u00e7\u00e3o de 14 pra\u00e7as com nova ilumina\u00e7\u00e3o em LED e a moderniza\u00e7\u00e3o tecnol\u00f3gica de outras seis pra\u00e7as da cidade.<\/p>\n<p>A Zona Norte se destaca com 17.024 lumin\u00e1rias instaladas, seguida pelas zonas Oeste (7.687), Sul (7.519) e Leste (3.302). Os resultados financeiros tamb\u00e9m s\u00e3o significativos: redu\u00e7\u00e3o de 67,72% nos custos na Avenida Ayrton Senna, 27,47% na Roberto Freire e 35,63% na Saint-Exup\u00e9ry.<\/p>\n<p>Al\u00e9m dos ganhos em efici\u00eancia energ\u00e9tica, o secret\u00e1rio enfatizou os impactos positivos na seguran\u00e7a urbana. &#8220;Estamos transformando radicalmente a experi\u00eancia urbana em Natal. Ruas, avenidas e pra\u00e7as agora contam com ilumina\u00e7\u00e3o moderna e de alta qualidade, o que se reflete diretamente no bem-estar e na seguran\u00e7a da popula\u00e7\u00e3o&#8221;, afirmou.<\/p>\n<p>A moderniza\u00e7\u00e3o vem acompanhada de opera\u00e7\u00f5es de fiscaliza\u00e7\u00e3o rigorosas. A Opera\u00e7\u00e3o Sucata j\u00e1 resultou na apreens\u00e3o de duas toneladas de fios roubados, enquanto o combate ao cabeamento irregular removeu oito toneladas de cabos em vias como Hermes da Fonseca e Prudente de Morais.<\/p>\n<p>Com este avan\u00e7o, Natal n\u00e3o apenas melhora sua infraestrutura urbana, mas estabelece um novo padr\u00e3o nacional em ilumina\u00e7\u00e3o p\u00fablica, combinando tecnologia de ponta, sustentabilidade e seguran\u00e7a para a popula\u00e7\u00e3o. &#8220;Mais do que n\u00fameros, estamos construindo uma cidade mais acolhedora, segura e preparada para o futuro&#8221;, concluiu o secret\u00e1rio.<\/p>\n<p><img data-recalc-dims=\"1\" decoding=\"async\" class=\"alignnone size-medium wp-image-17267\" src=\"https:\/\/i0.wp.com\/blogdobispo.com.br\/wp-content\/uploads\/2025\/08\/0e18c5f3ef45be0c52f992d1bd1c960a.webp?resize=300%2C142\" alt=\"\" width=\"300\" height=\"142\" srcset=\"https:\/\/i0.wp.com\/blogdobispo.com.br\/wp-content\/uploads\/2025\/08\/0e18c5f3ef45be0c52f992d1bd1c960a.webp?resize=300%2C142&amp;ssl=1 300w, https:\/\/i0.wp.com\/blogdobispo.com.br\/wp-content\/uploads\/2025\/08\/0e18c5f3ef45be0c52f992d1bd1c960a.webp?w=750&amp;ssl=1 750w\" sizes=\"(max-width: 300px) 100vw, 300px\" \/><\/p>\n","protected":false},"excerpt":{"rendered":"<p>Em reuni\u00e3o do Conselho de Governan\u00e7a realizada nesta segunda-feira (18), a Prefeitura do Natal, atrav\u00e9s da Secretaria Municipal de Servi\u00e7os Urbanos (Semsur), apresentou os avan\u00e7os na moderniza\u00e7\u00e3o da ilumina\u00e7\u00e3o p\u00fablica da capital na gest\u00e3o do prefeito Paulinho Freire. Com 89,2% da malha luminosa j\u00e1 convertida para tecnologia LED, um crescimento expressivo em rela\u00e7\u00e3o aos 29,75% [&hellip;]<\/p>\n","protected":false},"author":1,"featured_media":17267,"comment_status":"open","ping_status":"open","sticky":false,"template":"","format":"standard","meta":{"cybocfi_hide_featured_image":"","_jetpack_memberships_contains_paid_content":false,"footnotes":""},"categories":[12],"tags":[],"class_list":["post-17266","post","type-post","status-publish","format-standard","has-post-thumbnail","hentry","category-cidadania"],"yoast_head":"<!-- This site is optimized with the Yoast SEO plugin v25.6 - https:\/\/yoast.com\/wordpress\/plugins\/seo\/ -->\n<title>Natal atinge 89,2% de ilumina\u00e7\u00e3o p\u00fablica em LED - Blog do Bispo<\/title>\n<meta name=\"robots\" content=\"index, follow, max-snippet:-1, max-image-preview:large, max-video-preview:-1\" \/>\n<link rel=\"canonical\" href=\"https:\/\/blogdobispo.com.br\/?p=17266\" \/>\n<meta property=\"og:locale\" content=\"pt_BR\" \/>\n<meta property=\"og:type\" content=\"article\" \/>\n<meta property=\"og:title\" content=\"Natal atinge 89,2% de ilumina\u00e7\u00e3o p\u00fablica em LED - Blog do Bispo\" \/>\n<meta property=\"og:description\" content=\"Em reuni\u00e3o do Conselho de Governan\u00e7a realizada nesta segunda-feira (18), a Prefeitura do Natal, atrav\u00e9s da Secretaria Municipal de Servi\u00e7os Urbanos (Semsur), apresentou os avan\u00e7os na moderniza\u00e7\u00e3o da ilumina\u00e7\u00e3o p\u00fablica da capital na gest\u00e3o do prefeito Paulinho Freire. Com 89,2% da malha luminosa j\u00e1 convertida para tecnologia LED, um crescimento expressivo em rela\u00e7\u00e3o aos 29,75% [&hellip;]\" \/>\n<meta property=\"og:url\" content=\"https:\/\/blogdobispo.com.br\/?p=17266\" \/>\n<meta property=\"og:site_name\" content=\"Blog do Bispo\" \/>\n<meta property=\"article:published_time\" content=\"2025-08-19T14:15:59+00:00\" \/>\n<meta property=\"article:modified_time\" content=\"2025-08-19T14:28:38+00:00\" \/>\n<meta property=\"og:image\" content=\"http:\/\/blogdobispo.com.br\/wp-content\/uploads\/2025\/08\/0e18c5f3ef45be0c52f992d1bd1c960a.webp\" \/>\n\t<meta property=\"og:image:width\" content=\"750\" \/>\n\t<meta property=\"og:image:height\" content=\"355\" \/>\n\t<meta property=\"og:image:type\" content=\"image\/webp\" \/>\n<meta name=\"author\" content=\"Jefferson Sterfeno\" \/>\n<meta name=\"twitter:card\" content=\"summary_large_image\" \/>\n<meta name=\"twitter:label1\" content=\"Escrito por\" \/>\n\t<meta name=\"twitter:data1\" content=\"Jefferson Sterfeno\" \/>\n\t<meta name=\"twitter:label2\" content=\"Est. tempo de leitura\" \/>\n\t<meta name=\"twitter:data2\" content=\"3 minutos\" \/>\n<script type=\"application\/ld+json\" class=\"yoast-schema-graph\">{\"@context\":\"https:\/\/schema.org\",\"@graph\":[{\"@type\":\"Article\",\"@id\":\"https:\/\/blogdobispo.com.br\/?p=17266#article\",\"isPartOf\":{\"@id\":\"https:\/\/blogdobispo.com.br\/?p=17266\"},\"author\":{\"name\":\"Jefferson Sterfeno\",\"@id\":\"https:\/\/blogdobispo.com.br\/#\/schema\/person\/e2209cc0e6cea5c5233d033e997b373f\"},\"headline\":\"Natal atinge 89,2% de ilumina\u00e7\u00e3o p\u00fablica em LED\",\"datePublished\":\"2025-08-19T14:15:59+00:00\",\"dateModified\":\"2025-08-19T14:28:38+00:00\",\"mainEntityOfPage\":{\"@id\":\"https:\/\/blogdobispo.com.br\/?p=17266\"},\"wordCount\":369,\"commentCount\":0,\"publisher\":{\"@id\":\"https:\/\/blogdobispo.com.br\/#organization\"},\"image\":{\"@id\":\"https:\/\/blogdobispo.com.br\/?p=17266#primaryimage\"},\"thumbnailUrl\":\"https:\/\/i0.wp.com\/blogdobispo.com.br\/wp-content\/uploads\/2025\/08\/0e18c5f3ef45be0c52f992d1bd1c960a.webp?fit=750%2C355&ssl=1\",\"articleSection\":[\"Cidadania\"],\"inLanguage\":\"pt-BR\",\"potentialAction\":[{\"@type\":\"CommentAction\",\"name\":\"Comment\",\"target\":[\"https:\/\/blogdobispo.com.br\/?p=17266#respond\"]}]},{\"@type\":\"WebPage\",\"@id\":\"https:\/\/blogdobispo.com.br\/?p=17266\",\"url\":\"https:\/\/blogdobispo.com.br\/?p=17266\",\"name\":\"Natal atinge 89,2% de ilumina\u00e7\u00e3o p\u00fablica em LED - Blog do Bispo\",\"isPartOf\":{\"@id\":\"https:\/\/blogdobispo.com.br\/#website\"},\"primaryImageOfPage\":{\"@id\":\"https:\/\/blogdobispo.com.br\/?p=17266#primaryimage\"},\"image\":{\"@id\":\"https:\/\/blogdobispo.com.br\/?p=17266#primaryimage\"},\"thumbnailUrl\":\"https:\/\/i0.wp.com\/blogdobispo.com.br\/wp-content\/uploads\/2025\/08\/0e18c5f3ef45be0c52f992d1bd1c960a.webp?fit=750%2C355&ssl=1\",\"datePublished\":\"2025-08-19T14:15:59+00:00\",\"dateModified\":\"2025-08-19T14:28:38+00:00\",\"breadcrumb\":{\"@id\":\"https:\/\/blogdobispo.com.br\/?p=17266#breadcrumb\"},\"inLanguage\":\"pt-BR\",\"potentialAction\":[{\"@type\":\"ReadAction\",\"target\":[\"https:\/\/blogdobispo.com.br\/?p=17266\"]}]},{\"@type\":\"ImageObject\",\"inLanguage\":\"pt-BR\",\"@id\":\"https:\/\/blogdobispo.com.br\/?p=17266#primaryimage\",\"url\":\"https:\/\/i0.wp.com\/blogdobispo.com.br\/wp-content\/uploads\/2025\/08\/0e18c5f3ef45be0c52f992d1bd1c960a.webp?fit=750%2C355&ssl=1\",\"contentUrl\":\"https:\/\/i0.wp.com\/blogdobispo.com.br\/wp-content\/uploads\/2025\/08\/0e18c5f3ef45be0c52f992d1bd1c960a.webp?fit=750%2C355&ssl=1\",\"width\":750,\"height\":355},{\"@type\":\"BreadcrumbList\",\"@id\":\"https:\/\/blogdobispo.com.br\/?p=17266#breadcrumb\",\"itemListElement\":[{\"@type\":\"ListItem\",\"position\":1,\"name\":\"In\u00edcio\",\"item\":\"https:\/\/blogdobispo.com.br\/\"},{\"@type\":\"ListItem\",\"position\":2,\"name\":\"Natal atinge 89,2% de ilumina\u00e7\u00e3o p\u00fablica em LED\"}]},{\"@type\":\"WebSite\",\"@id\":\"https:\/\/blogdobispo.com.br\/#website\",\"url\":\"https:\/\/blogdobispo.com.br\/\",\"name\":\"Blog do Bispo\",\"description\":\"Comprometido apenas com o leitor\",\"publisher\":{\"@id\":\"https:\/\/blogdobispo.com.br\/#organization\"},\"potentialAction\":[{\"@type\":\"SearchAction\",\"target\":{\"@type\":\"EntryPoint\",\"urlTemplate\":\"https:\/\/blogdobispo.com.br\/?s={search_term_string}\"},\"query-input\":{\"@type\":\"PropertyValueSpecification\",\"valueRequired\":true,\"valueName\":\"search_term_string\"}}],\"inLanguage\":\"pt-BR\"},{\"@type\":\"Organization\",\"@id\":\"https:\/\/blogdobispo.com.br\/#organization\",\"name\":\"Blog do Bispo\",\"url\":\"https:\/\/blogdobispo.com.br\/\",\"logo\":{\"@type\":\"ImageObject\",\"inLanguage\":\"pt-BR\",\"@id\":\"https:\/\/blogdobispo.com.br\/#\/schema\/logo\/image\/\",\"url\":\"http:\/\/blogdobispo.com.br\/wp-content\/uploads\/2023\/05\/cropped-headear.png\",\"contentUrl\":\"http:\/\/blogdobispo.com.br\/wp-content\/uploads\/2023\/05\/cropped-headear.png\",\"width\":1500,\"height\":399,\"caption\":\"Blog do Bispo\"},\"image\":{\"@id\":\"https:\/\/blogdobispo.com.br\/#\/schema\/logo\/image\/\"}},{\"@type\":\"Person\",\"@id\":\"https:\/\/blogdobispo.com.br\/#\/schema\/person\/e2209cc0e6cea5c5233d033e997b373f\",\"name\":\"Jefferson Sterfeno\",\"image\":{\"@type\":\"ImageObject\",\"inLanguage\":\"pt-BR\",\"@id\":\"https:\/\/blogdobispo.com.br\/#\/schema\/person\/image\/\",\"url\":\"https:\/\/secure.gravatar.com\/avatar\/0534e84764641168a677026b6d57a3f51dc7ac4db0b4f6186d9cb330d4ee1160?s=96&d=mm&r=g\",\"contentUrl\":\"https:\/\/secure.gravatar.com\/avatar\/0534e84764641168a677026b6d57a3f51dc7ac4db0b4f6186d9cb330d4ee1160?s=96&d=mm&r=g\",\"caption\":\"Jefferson Sterfeno\"},\"sameAs\":[\"http:\/\/blogdobispo.com.br\"],\"url\":\"https:\/\/blogdobispo.com.br\/?author=1\"}]}<\/script>\n<!-- \/ Yoast SEO plugin. -->","yoast_head_json":{"title":"Natal atinge 89,2% de ilumina\u00e7\u00e3o p\u00fablica em LED - Blog do Bispo","robots":{"index":"index","follow":"follow","max-snippet":"max-snippet:-1","max-image-preview":"max-image-preview:large","max-video-preview":"max-video-preview:-1"},"canonical":"https:\/\/blogdobispo.com.br\/?p=17266","og_locale":"pt_BR","og_type":"article","og_title":"Natal atinge 89,2% de ilumina\u00e7\u00e3o p\u00fablica em LED - Blog do Bispo","og_description":"Em reuni\u00e3o do Conselho de Governan\u00e7a realizada nesta segunda-feira (18), a Prefeitura do Natal, atrav\u00e9s da Secretaria Municipal de Servi\u00e7os Urbanos (Semsur), apresentou os avan\u00e7os na moderniza\u00e7\u00e3o da ilumina\u00e7\u00e3o p\u00fablica da capital na gest\u00e3o do prefeito Paulinho Freire. Com 89,2% da malha luminosa j\u00e1 convertida para tecnologia LED, um crescimento expressivo em rela\u00e7\u00e3o aos 29,75% [&hellip;]","og_url":"https:\/\/blogdobispo.com.br\/?p=17266","og_site_name":"Blog do Bispo","article_published_time":"2025-08-19T14:15:59+00:00","article_modified_time":"2025-08-19T14:28:38+00:00","og_image":[{"width":750,"height":355,"url":"http:\/\/blogdobispo.com.br\/wp-content\/uploads\/2025\/08\/0e18c5f3ef45be0c52f992d1bd1c960a.webp","type":"image\/webp"}],"author":"Jefferson Sterfeno","twitter_card":"summary_large_image","twitter_misc":{"Escrito por":"Jefferson Sterfeno","Est. tempo de leitura":"3 minutos"},"schema":{"@context":"https:\/\/schema.org","@graph":[{"@type":"Article","@id":"https:\/\/blogdobispo.com.br\/?p=17266#article","isPartOf":{"@id":"https:\/\/blogdobispo.com.br\/?p=17266"},"author":{"name":"Jefferson Sterfeno","@id":"https:\/\/blogdobispo.com.br\/#\/schema\/person\/e2209cc0e6cea5c5233d033e997b373f"},"headline":"Natal atinge 89,2% de ilumina\u00e7\u00e3o p\u00fablica em LED","datePublished":"2025-08-19T14:15:59+00:00","dateModified":"2025-08-19T14:28:38+00:00","mainEntityOfPage":{"@id":"https:\/\/blogdobispo.com.br\/?p=17266"},"wordCount":369,"commentCount":0,"publisher":{"@id":"https:\/\/blogdobispo.com.br\/#organization"},"image":{"@id":"https:\/\/blogdobispo.com.br\/?p=17266#primaryimage"},"thumbnailUrl":"https:\/\/i0.wp.com\/blogdobispo.com.br\/wp-content\/uploads\/2025\/08\/0e18c5f3ef45be0c52f992d1bd1c960a.webp?fit=750%2C355&ssl=1","articleSection":["Cidadania"],"inLanguage":"pt-BR","potentialAction":[{"@type":"CommentAction","name":"Comment","target":["https:\/\/blogdobispo.com.br\/?p=17266#respond"]}]},{"@type":"WebPage","@id":"https:\/\/blogdobispo.com.br\/?p=17266","url":"https:\/\/blogdobispo.com.br\/?p=17266","name":"Natal atinge 89,2% de ilumina\u00e7\u00e3o p\u00fablica em LED - Blog do Bispo","isPartOf":{"@id":"https:\/\/blogdobispo.com.br\/#website"},"primaryImageOfPage":{"@id":"https:\/\/blogdobispo.com.br\/?p=17266#primaryimage"},"image":{"@id":"https:\/\/blogdobispo.com.br\/?p=17266#primaryimage"},"thumbnailUrl":"https:\/\/i0.wp.com\/blogdobispo.com.br\/wp-content\/uploads\/2025\/08\/0e18c5f3ef45be0c52f992d1bd1c960a.webp?fit=750%2C355&ssl=1","datePublished":"2025-08-19T14:15:59+00:00","dateModified":"2025-08-19T14:28:38+00:00","breadcrumb":{"@id":"https:\/\/blogdobispo.com.br\/?p=17266#breadcrumb"},"inLanguage":"pt-BR","potentialAction":[{"@type":"ReadAction","target":["https:\/\/blogdobispo.com.br\/?p=17266"]}]},{"@type":"ImageObject","inLanguage":"pt-BR","@id":"https:\/\/blogdobispo.com.br\/?p=17266#primaryimage","url":"https:\/\/i0.wp.com\/blogdobispo.com.br\/wp-content\/uploads\/2025\/08\/0e18c5f3ef45be0c52f992d1bd1c960a.webp?fit=750%2C355&ssl=1","contentUrl":"https:\/\/i0.wp.com\/blogdobispo.com.br\/wp-content\/uploads\/2025\/08\/0e18c5f3ef45be0c52f992d1bd1c960a.webp?fit=750%2C355&ssl=1","width":750,"height":355},{"@type":"BreadcrumbList","@id":"https:\/\/blogdobispo.com.br\/?p=17266#breadcrumb","itemListElement":[{"@type":"ListItem","position":1,"name":"In\u00edcio","item":"https:\/\/blogdobispo.com.br\/"},{"@type":"ListItem","position":2,"name":"Natal atinge 89,2% de ilumina\u00e7\u00e3o p\u00fablica em LED"}]},{"@type":"WebSite","@id":"https:\/\/blogdobispo.com.br\/#website","url":"https:\/\/blogdobispo.com.br\/","name":"Blog do Bispo","description":"Comprometido apenas com o leitor","publisher":{"@id":"https:\/\/blogdobispo.com.br\/#organization"},"potentialAction":[{"@type":"SearchAction","target":{"@type":"EntryPoint","urlTemplate":"https:\/\/blogdobispo.com.br\/?s={search_term_string}"},"query-input":{"@type":"PropertyValueSpecification","valueRequired":true,"valueName":"search_term_string"}}],"inLanguage":"pt-BR"},{"@type":"Organization","@id":"https:\/\/blogdobispo.com.br\/#organization","name":"Blog do Bispo","url":"https:\/\/blogdobispo.com.br\/","logo":{"@type":"ImageObject","inLanguage":"pt-BR","@id":"https:\/\/blogdobispo.com.br\/#\/schema\/logo\/image\/","url":"http:\/\/blogdobispo.com.br\/wp-content\/uploads\/2023\/05\/cropped-headear.png","contentUrl":"http:\/\/blogdobispo.com.br\/wp-content\/uploads\/2023\/05\/cropped-headear.png","width":1500,"height":399,"caption":"Blog do Bispo"},"image":{"@id":"https:\/\/blogdobispo.com.br\/#\/schema\/logo\/image\/"}},{"@type":"Person","@id":"https:\/\/blogdobispo.com.br\/#\/schema\/person\/e2209cc0e6cea5c5233d033e997b373f","name":"Jefferson Sterfeno","image":{"@type":"ImageObject","inLanguage":"pt-BR","@id":"https:\/\/blogdobispo.com.br\/#\/schema\/person\/image\/","url":"https:\/\/secure.gravatar.com\/avatar\/0534e84764641168a677026b6d57a3f51dc7ac4db0b4f6186d9cb330d4ee1160?s=96&d=mm&r=g","contentUrl":"https:\/\/secure.gravatar.com\/avatar\/0534e84764641168a677026b6d57a3f51dc7ac4db0b4f6186d9cb330d4ee1160?s=96&d=mm&r=g","caption":"Jefferson Sterfeno"},"sameAs":["http:\/\/blogdobispo.com.br"],"url":"https:\/\/blogdobispo.com.br\/?author=1"}]}},"featured_image_urls":{"full":["https:\/\/i0.wp.com\/blogdobispo.com.br\/wp-content\/uploads\/2025\/08\/0e18c5f3ef45be0c52f992d1bd1c960a.webp?fit=750%2C355&ssl=1",750,355,false],"thumbnail":["https:\/\/i0.wp.com\/blogdobispo.com.br\/wp-content\/uploads\/2025\/08\/0e18c5f3ef45be0c52f992d1bd1c960a.webp?resize=150%2C150&ssl=1",150,150,true],"medium":["https:\/\/i0.wp.com\/blogdobispo.com.br\/wp-content\/uploads\/2025\/08\/0e18c5f3ef45be0c52f992d1bd1c960a.webp?fit=300%2C142&ssl=1",300,142,true],"medium_large":["https:\/\/i0.wp.com\/blogdobispo.com.br\/wp-content\/uploads\/2025\/08\/0e18c5f3ef45be0c52f992d1bd1c960a.webp?fit=750%2C355&ssl=1",750,355,true],"large":["https:\/\/i0.wp.com\/blogdobispo.com.br\/wp-content\/uploads\/2025\/08\/0e18c5f3ef45be0c52f992d1bd1c960a.webp?fit=750%2C355&ssl=1",750,355,true],"1536x1536":["https:\/\/i0.wp.com\/blogdobispo.com.br\/wp-content\/uploads\/2025\/08\/0e18c5f3ef45be0c52f992d1bd1c960a.webp?fit=750%2C355&ssl=1",750,355,true],"2048x2048":["https:\/\/i0.wp.com\/blogdobispo.com.br\/wp-content\/uploads\/2025\/08\/0e18c5f3ef45be0c52f992d1bd1c960a.webp?fit=750%2C355&ssl=1",750,355,true]},"author_info":{"display_name":"Jefferson Sterfeno","author_link":"https:\/\/blogdobispo.com.br\/?author=1"},"category_info":"<a href=\"https:\/\/blogdobispo.com.br\/?cat=12\" rel=\"category\">Cidadania<\/a>","tag_info":"Cidadania","comment_count":"0","jetpack_featured_media_url":"https:\/\/i0.wp.com\/blogdobispo.com.br\/wp-content\/uploads\/2025\/08\/0e18c5f3ef45be0c52f992d1bd1c960a.webp?fit=750%2C355&ssl=1","jetpack_sharing_enabled":true,"_links":{"self":[{"href":"https:\/\/blogdobispo.com.br\/index.php?rest_route=\/wp\/v2\/posts\/17266","targetHints":{"allow":["GET"]}}],"collection":[{"href":"https:\/\/blogdobispo.com.br\/index.php?rest_route=\/wp\/v2\/posts"}],"about":[{"href":"https:\/\/blogdobispo.com.br\/index.php?rest_route=\/wp\/v2\/types\/post"}],"author":[{"embeddable":true,"href":"https:\/\/blogdobispo.com.br\/index.php?rest_route=\/wp\/v2\/users\/1"}],"replies":[{"embeddable":true,"href":"https:\/\/blogdobispo.com.br\/index.php?rest_route=%2Fwp%2Fv2%2Fcomments&post=17266"}],"version-history":[{"count":1,"href":"https:\/\/blogdobispo.com.br\/index.php?rest_route=\/wp\/v2\/posts\/17266\/revisions"}],"predecessor-version":[{"id":17268,"href":"https:\/\/blogdobispo.com.br\/index.php?rest_route=\/wp\/v2\/posts\/17266\/revisions\/17268"}],"wp:featuredmedia":[{"embeddable":true,"href":"https:\/\/blogdobispo.com.br\/index.php?rest_route=\/wp\/v2\/media\/17267"}],"wp:attachment":[{"href":"https:\/\/blogdobispo.com.br\/index.php?rest_route=%2Fwp%2Fv2%2Fmedia&parent=17266"}],"wp:term":[{"taxonomy":"category","embeddable":true,"href":"https:\/\/blogdobispo.com.br\/index.php?rest_route=%2Fwp%2Fv2%2Fcategories&post=17266"},{"taxonomy":"post_tag","embeddable":true,"href":"https:\/\/blogdobispo.com.br\/index.php?rest_route=%2Fwp%2Fv2%2Ftags&post=17266"}],"curies":[{"name":"wp","href":"https:\/\/api.w.org\/{rel}","templated":true}]}}