{"id":17263,"date":"2025-08-19T13:53:46","date_gmt":"2025-08-19T13:53:46","guid":{"rendered":"https:\/\/blogdobispo.com.br\/?p=17263"},"modified":"2025-08-19T13:53:46","modified_gmt":"2025-08-19T13:53:46","slug":"projeto-de-lei-da-deputada-federal-erika-hilton-quer-garantir-inss-a-pais-e-maes-de-santo","status":"publish","type":"post","link":"https:\/\/blogdobispo.com.br\/?p=17263","title":{"rendered":"Projeto de lei da deputada federal Erika Hilton quer garantir INSS a pais e m\u00e3es de santo"},"content":{"rendered":"<p>A deputada federal Erika Hilton (PSol) protocolou um projeto de lei com o objetivo de incluir autoridades religiosas de matriz africana como segurados individuais da Previd\u00eancia Social.<\/p>\n<p>O texto prop\u00f5e que l\u00edderes espirituais como yalorix\u00e1s, babalorix\u00e1s, m\u00e3es e pais de santo, mestras e mestres passem a ter os mesmos direitos previdenci\u00e1rios j\u00e1 garantidos a ministros de outras confiss\u00f5es religiosas.<\/p>\n<p>Erika Hilton sustenta que a proposta n\u00e3o cria novos benef\u00edcios, mas \u201ccorrige uma grave e hist\u00f3rica omiss\u00e3o\u201d, ao assegurar isonomia de tratamento entre l\u00edderes religiosos, respeitando \u201ca diversidade que forma a identidade nacional\u201d.<\/p>\n<div class=\"mcsol68a4818615fa5\"><\/div>\n<p>O texto cita ainda dados do IBGE que, entre 2010 e 2022, a popula\u00e7\u00e3o que se declara umbandista ou candomblecista passou de 0,3% para 1%, com predomin\u00e2ncia de pessoas negras (56,4%).<\/p>\n<p>Para a deputada, o reconhecimento previdenci\u00e1rio desses l\u00edderes se trata de uma medida de repara\u00e7\u00e3o hist\u00f3rica frente \u00e0 \u201cdiscrimina\u00e7\u00e3o e \u00e0 marginaliza\u00e7\u00e3o sofridas por essas comunidades\u201d e ao \u201cracismo institucional\u201d.<\/p>\n<p>Fonte: Metr\u00f3poles<\/p>\n<p><img data-recalc-dims=\"1\" fetchpriority=\"high\" decoding=\"async\" class=\"alignnone size-medium wp-image-17264\" src=\"https:\/\/i0.wp.com\/blogdobispo.com.br\/wp-content\/uploads\/2025\/08\/img20250702152439231MED.jpg?resize=300%2C185\" alt=\"\" width=\"300\" height=\"185\" srcset=\"https:\/\/i0.wp.com\/blogdobispo.com.br\/wp-content\/uploads\/2025\/08\/img20250702152439231MED.jpg?resize=300%2C185&amp;ssl=1 300w, https:\/\/i0.wp.com\/blogdobispo.com.br\/wp-content\/uploads\/2025\/08\/img20250702152439231MED.jpg?resize=768%2C473&amp;ssl=1 768w, https:\/\/i0.wp.com\/blogdobispo.com.br\/wp-content\/uploads\/2025\/08\/img20250702152439231MED.jpg?w=1000&amp;ssl=1 1000w\" sizes=\"(max-width: 300px) 100vw, 300px\" \/><\/p>\n","protected":false},"excerpt":{"rendered":"<p>A deputada federal Erika Hilton (PSol) protocolou um projeto de lei com o objetivo de incluir autoridades religiosas de matriz africana como segurados individuais da Previd\u00eancia Social. O texto prop\u00f5e que l\u00edderes espirituais como yalorix\u00e1s, babalorix\u00e1s, m\u00e3es e pais de santo, mestras e mestres passem a ter os mesmos direitos previdenci\u00e1rios j\u00e1 garantidos a ministros [&hellip;]<\/p>\n","protected":false},"author":1,"featured_media":17264,"comment_status":"open","ping_status":"open","sticky":false,"template":"","format":"standard","meta":{"cybocfi_hide_featured_image":"","_jetpack_memberships_contains_paid_content":false,"footnotes":""},"categories":[11],"tags":[],"class_list":["post-17263","post","type-post","status-publish","format-standard","has-post-thumbnail","hentry","category-religiao"],"yoast_head":"<!-- This site is optimized with the Yoast SEO plugin v25.6 - https:\/\/yoast.com\/wordpress\/plugins\/seo\/ -->\n<title>Projeto de lei da deputada federal Erika Hilton quer garantir INSS a pais e m\u00e3es de santo - Blog do Bispo<\/title>\n<meta name=\"robots\" content=\"index, follow, max-snippet:-1, max-image-preview:large, max-video-preview:-1\" \/>\n<link rel=\"canonical\" href=\"https:\/\/blogdobispo.com.br\/?p=17263\" \/>\n<meta property=\"og:locale\" content=\"pt_BR\" \/>\n<meta property=\"og:type\" content=\"article\" \/>\n<meta property=\"og:title\" content=\"Projeto de lei da deputada federal Erika Hilton quer garantir INSS a pais e m\u00e3es de santo - Blog do Bispo\" \/>\n<meta property=\"og:description\" content=\"A deputada federal Erika Hilton (PSol) protocolou um projeto de lei com o objetivo de incluir autoridades religiosas de matriz africana como segurados individuais da Previd\u00eancia Social. O texto prop\u00f5e que l\u00edderes espirituais como yalorix\u00e1s, babalorix\u00e1s, m\u00e3es e pais de santo, mestras e mestres passem a ter os mesmos direitos previdenci\u00e1rios j\u00e1 garantidos a ministros [&hellip;]\" \/>\n<meta property=\"og:url\" content=\"https:\/\/blogdobispo.com.br\/?p=17263\" \/>\n<meta property=\"og:site_name\" content=\"Blog do Bispo\" \/>\n<meta property=\"article:published_time\" content=\"2025-08-19T13:53:46+00:00\" \/>\n<meta property=\"og:image\" content=\"http:\/\/blogdobispo.com.br\/wp-content\/uploads\/2025\/08\/img20250702152439231MED.jpg\" \/>\n\t<meta property=\"og:image:width\" content=\"1000\" \/>\n\t<meta property=\"og:image:height\" content=\"616\" \/>\n\t<meta property=\"og:image:type\" content=\"image\/jpeg\" \/>\n<meta name=\"author\" content=\"Jefferson Sterfeno\" \/>\n<meta name=\"twitter:card\" content=\"summary_large_image\" \/>\n<meta name=\"twitter:label1\" content=\"Escrito por\" \/>\n\t<meta name=\"twitter:data1\" content=\"Jefferson Sterfeno\" \/>\n\t<meta name=\"twitter:label2\" content=\"Est. tempo de leitura\" \/>\n\t<meta name=\"twitter:data2\" content=\"2 minutos\" \/>\n<script type=\"application\/ld+json\" class=\"yoast-schema-graph\">{\"@context\":\"https:\/\/schema.org\",\"@graph\":[{\"@type\":\"Article\",\"@id\":\"https:\/\/blogdobispo.com.br\/?p=17263#article\",\"isPartOf\":{\"@id\":\"https:\/\/blogdobispo.com.br\/?p=17263\"},\"author\":{\"name\":\"Jefferson Sterfeno\",\"@id\":\"https:\/\/blogdobispo.com.br\/#\/schema\/person\/e2209cc0e6cea5c5233d033e997b373f\"},\"headline\":\"Projeto de lei da deputada federal Erika Hilton quer garantir INSS a pais e m\u00e3es de santo\",\"datePublished\":\"2025-08-19T13:53:46+00:00\",\"mainEntityOfPage\":{\"@id\":\"https:\/\/blogdobispo.com.br\/?p=17263\"},\"wordCount\":188,\"commentCount\":0,\"publisher\":{\"@id\":\"https:\/\/blogdobispo.com.br\/#organization\"},\"image\":{\"@id\":\"https:\/\/blogdobispo.com.br\/?p=17263#primaryimage\"},\"thumbnailUrl\":\"https:\/\/i0.wp.com\/blogdobispo.com.br\/wp-content\/uploads\/2025\/08\/img20250702152439231MED.jpg?fit=1000%2C616&ssl=1\",\"articleSection\":[\"Religi\u00e3o\"],\"inLanguage\":\"pt-BR\",\"potentialAction\":[{\"@type\":\"CommentAction\",\"name\":\"Comment\",\"target\":[\"https:\/\/blogdobispo.com.br\/?p=17263#respond\"]}]},{\"@type\":\"WebPage\",\"@id\":\"https:\/\/blogdobispo.com.br\/?p=17263\",\"url\":\"https:\/\/blogdobispo.com.br\/?p=17263\",\"name\":\"Projeto de lei da deputada federal Erika Hilton quer garantir INSS a pais e m\u00e3es de santo - Blog do Bispo\",\"isPartOf\":{\"@id\":\"https:\/\/blogdobispo.com.br\/#website\"},\"primaryImageOfPage\":{\"@id\":\"https:\/\/blogdobispo.com.br\/?p=17263#primaryimage\"},\"image\":{\"@id\":\"https:\/\/blogdobispo.com.br\/?p=17263#primaryimage\"},\"thumbnailUrl\":\"https:\/\/i0.wp.com\/blogdobispo.com.br\/wp-content\/uploads\/2025\/08\/img20250702152439231MED.jpg?fit=1000%2C616&ssl=1\",\"datePublished\":\"2025-08-19T13:53:46+00:00\",\"breadcrumb\":{\"@id\":\"https:\/\/blogdobispo.com.br\/?p=17263#breadcrumb\"},\"inLanguage\":\"pt-BR\",\"potentialAction\":[{\"@type\":\"ReadAction\",\"target\":[\"https:\/\/blogdobispo.com.br\/?p=17263\"]}]},{\"@type\":\"ImageObject\",\"inLanguage\":\"pt-BR\",\"@id\":\"https:\/\/blogdobispo.com.br\/?p=17263#primaryimage\",\"url\":\"https:\/\/i0.wp.com\/blogdobispo.com.br\/wp-content\/uploads\/2025\/08\/img20250702152439231MED.jpg?fit=1000%2C616&ssl=1\",\"contentUrl\":\"https:\/\/i0.wp.com\/blogdobispo.com.br\/wp-content\/uploads\/2025\/08\/img20250702152439231MED.jpg?fit=1000%2C616&ssl=1\",\"width\":1000,\"height\":616},{\"@type\":\"BreadcrumbList\",\"@id\":\"https:\/\/blogdobispo.com.br\/?p=17263#breadcrumb\",\"itemListElement\":[{\"@type\":\"ListItem\",\"position\":1,\"name\":\"In\u00edcio\",\"item\":\"https:\/\/blogdobispo.com.br\/\"},{\"@type\":\"ListItem\",\"position\":2,\"name\":\"Projeto de lei da deputada federal Erika Hilton quer garantir INSS a pais e m\u00e3es de santo\"}]},{\"@type\":\"WebSite\",\"@id\":\"https:\/\/blogdobispo.com.br\/#website\",\"url\":\"https:\/\/blogdobispo.com.br\/\",\"name\":\"Blog do Bispo\",\"description\":\"Comprometido apenas com o leitor\",\"publisher\":{\"@id\":\"https:\/\/blogdobispo.com.br\/#organization\"},\"potentialAction\":[{\"@type\":\"SearchAction\",\"target\":{\"@type\":\"EntryPoint\",\"urlTemplate\":\"https:\/\/blogdobispo.com.br\/?s={search_term_string}\"},\"query-input\":{\"@type\":\"PropertyValueSpecification\",\"valueRequired\":true,\"valueName\":\"search_term_string\"}}],\"inLanguage\":\"pt-BR\"},{\"@type\":\"Organization\",\"@id\":\"https:\/\/blogdobispo.com.br\/#organization\",\"name\":\"Blog do Bispo\",\"url\":\"https:\/\/blogdobispo.com.br\/\",\"logo\":{\"@type\":\"ImageObject\",\"inLanguage\":\"pt-BR\",\"@id\":\"https:\/\/blogdobispo.com.br\/#\/schema\/logo\/image\/\",\"url\":\"http:\/\/blogdobispo.com.br\/wp-content\/uploads\/2023\/05\/cropped-headear.png\",\"contentUrl\":\"http:\/\/blogdobispo.com.br\/wp-content\/uploads\/2023\/05\/cropped-headear.png\",\"width\":1500,\"height\":399,\"caption\":\"Blog do Bispo\"},\"image\":{\"@id\":\"https:\/\/blogdobispo.com.br\/#\/schema\/logo\/image\/\"}},{\"@type\":\"Person\",\"@id\":\"https:\/\/blogdobispo.com.br\/#\/schema\/person\/e2209cc0e6cea5c5233d033e997b373f\",\"name\":\"Jefferson Sterfeno\",\"image\":{\"@type\":\"ImageObject\",\"inLanguage\":\"pt-BR\",\"@id\":\"https:\/\/blogdobispo.com.br\/#\/schema\/person\/image\/\",\"url\":\"https:\/\/secure.gravatar.com\/avatar\/0534e84764641168a677026b6d57a3f51dc7ac4db0b4f6186d9cb330d4ee1160?s=96&d=mm&r=g\",\"contentUrl\":\"https:\/\/secure.gravatar.com\/avatar\/0534e84764641168a677026b6d57a3f51dc7ac4db0b4f6186d9cb330d4ee1160?s=96&d=mm&r=g\",\"caption\":\"Jefferson Sterfeno\"},\"sameAs\":[\"http:\/\/blogdobispo.com.br\"],\"url\":\"https:\/\/blogdobispo.com.br\/?author=1\"}]}<\/script>\n<!-- \/ Yoast SEO plugin. -->","yoast_head_json":{"title":"Projeto de lei da deputada federal Erika Hilton quer garantir INSS a pais e m\u00e3es de santo - Blog do Bispo","robots":{"index":"index","follow":"follow","max-snippet":"max-snippet:-1","max-image-preview":"max-image-preview:large","max-video-preview":"max-video-preview:-1"},"canonical":"https:\/\/blogdobispo.com.br\/?p=17263","og_locale":"pt_BR","og_type":"article","og_title":"Projeto de lei da deputada federal Erika Hilton quer garantir INSS a pais e m\u00e3es de santo - Blog do Bispo","og_description":"A deputada federal Erika Hilton (PSol) protocolou um projeto de lei com o objetivo de incluir autoridades religiosas de matriz africana como segurados individuais da Previd\u00eancia Social. O texto prop\u00f5e que l\u00edderes espirituais como yalorix\u00e1s, babalorix\u00e1s, m\u00e3es e pais de santo, mestras e mestres passem a ter os mesmos direitos previdenci\u00e1rios j\u00e1 garantidos a ministros [&hellip;]","og_url":"https:\/\/blogdobispo.com.br\/?p=17263","og_site_name":"Blog do Bispo","article_published_time":"2025-08-19T13:53:46+00:00","og_image":[{"width":1000,"height":616,"url":"http:\/\/blogdobispo.com.br\/wp-content\/uploads\/2025\/08\/img20250702152439231MED.jpg","type":"image\/jpeg"}],"author":"Jefferson Sterfeno","twitter_card":"summary_large_image","twitter_misc":{"Escrito por":"Jefferson Sterfeno","Est. tempo de leitura":"2 minutos"},"schema":{"@context":"https:\/\/schema.org","@graph":[{"@type":"Article","@id":"https:\/\/blogdobispo.com.br\/?p=17263#article","isPartOf":{"@id":"https:\/\/blogdobispo.com.br\/?p=17263"},"author":{"name":"Jefferson Sterfeno","@id":"https:\/\/blogdobispo.com.br\/#\/schema\/person\/e2209cc0e6cea5c5233d033e997b373f"},"headline":"Projeto de lei da deputada federal Erika Hilton quer garantir INSS a pais e m\u00e3es de santo","datePublished":"2025-08-19T13:53:46+00:00","mainEntityOfPage":{"@id":"https:\/\/blogdobispo.com.br\/?p=17263"},"wordCount":188,"commentCount":0,"publisher":{"@id":"https:\/\/blogdobispo.com.br\/#organization"},"image":{"@id":"https:\/\/blogdobispo.com.br\/?p=17263#primaryimage"},"thumbnailUrl":"https:\/\/i0.wp.com\/blogdobispo.com.br\/wp-content\/uploads\/2025\/08\/img20250702152439231MED.jpg?fit=1000%2C616&ssl=1","articleSection":["Religi\u00e3o"],"inLanguage":"pt-BR","potentialAction":[{"@type":"CommentAction","name":"Comment","target":["https:\/\/blogdobispo.com.br\/?p=17263#respond"]}]},{"@type":"WebPage","@id":"https:\/\/blogdobispo.com.br\/?p=17263","url":"https:\/\/blogdobispo.com.br\/?p=17263","name":"Projeto de lei da deputada federal Erika Hilton quer garantir INSS a pais e m\u00e3es de santo - Blog do Bispo","isPartOf":{"@id":"https:\/\/blogdobispo.com.br\/#website"},"primaryImageOfPage":{"@id":"https:\/\/blogdobispo.com.br\/?p=17263#primaryimage"},"image":{"@id":"https:\/\/blogdobispo.com.br\/?p=17263#primaryimage"},"thumbnailUrl":"https:\/\/i0.wp.com\/blogdobispo.com.br\/wp-content\/uploads\/2025\/08\/img20250702152439231MED.jpg?fit=1000%2C616&ssl=1","datePublished":"2025-08-19T13:53:46+00:00","breadcrumb":{"@id":"https:\/\/blogdobispo.com.br\/?p=17263#breadcrumb"},"inLanguage":"pt-BR","potentialAction":[{"@type":"ReadAction","target":["https:\/\/blogdobispo.com.br\/?p=17263"]}]},{"@type":"ImageObject","inLanguage":"pt-BR","@id":"https:\/\/blogdobispo.com.br\/?p=17263#primaryimage","url":"https:\/\/i0.wp.com\/blogdobispo.com.br\/wp-content\/uploads\/2025\/08\/img20250702152439231MED.jpg?fit=1000%2C616&ssl=1","contentUrl":"https:\/\/i0.wp.com\/blogdobispo.com.br\/wp-content\/uploads\/2025\/08\/img20250702152439231MED.jpg?fit=1000%2C616&ssl=1","width":1000,"height":616},{"@type":"BreadcrumbList","@id":"https:\/\/blogdobispo.com.br\/?p=17263#breadcrumb","itemListElement":[{"@type":"ListItem","position":1,"name":"In\u00edcio","item":"https:\/\/blogdobispo.com.br\/"},{"@type":"ListItem","position":2,"name":"Projeto de lei da deputada federal Erika Hilton quer garantir INSS a pais e m\u00e3es de santo"}]},{"@type":"WebSite","@id":"https:\/\/blogdobispo.com.br\/#website","url":"https:\/\/blogdobispo.com.br\/","name":"Blog do Bispo","description":"Comprometido apenas com o leitor","publisher":{"@id":"https:\/\/blogdobispo.com.br\/#organization"},"potentialAction":[{"@type":"SearchAction","target":{"@type":"EntryPoint","urlTemplate":"https:\/\/blogdobispo.com.br\/?s={search_term_string}"},"query-input":{"@type":"PropertyValueSpecification","valueRequired":true,"valueName":"search_term_string"}}],"inLanguage":"pt-BR"},{"@type":"Organization","@id":"https:\/\/blogdobispo.com.br\/#organization","name":"Blog do Bispo","url":"https:\/\/blogdobispo.com.br\/","logo":{"@type":"ImageObject","inLanguage":"pt-BR","@id":"https:\/\/blogdobispo.com.br\/#\/schema\/logo\/image\/","url":"http:\/\/blogdobispo.com.br\/wp-content\/uploads\/2023\/05\/cropped-headear.png","contentUrl":"http:\/\/blogdobispo.com.br\/wp-content\/uploads\/2023\/05\/cropped-headear.png","width":1500,"height":399,"caption":"Blog do Bispo"},"image":{"@id":"https:\/\/blogdobispo.com.br\/#\/schema\/logo\/image\/"}},{"@type":"Person","@id":"https:\/\/blogdobispo.com.br\/#\/schema\/person\/e2209cc0e6cea5c5233d033e997b373f","name":"Jefferson Sterfeno","image":{"@type":"ImageObject","inLanguage":"pt-BR","@id":"https:\/\/blogdobispo.com.br\/#\/schema\/person\/image\/","url":"https:\/\/secure.gravatar.com\/avatar\/0534e84764641168a677026b6d57a3f51dc7ac4db0b4f6186d9cb330d4ee1160?s=96&d=mm&r=g","contentUrl":"https:\/\/secure.gravatar.com\/avatar\/0534e84764641168a677026b6d57a3f51dc7ac4db0b4f6186d9cb330d4ee1160?s=96&d=mm&r=g","caption":"Jefferson Sterfeno"},"sameAs":["http:\/\/blogdobispo.com.br"],"url":"https:\/\/blogdobispo.com.br\/?author=1"}]}},"featured_image_urls":{"full":["https:\/\/i0.wp.com\/blogdobispo.com.br\/wp-content\/uploads\/2025\/08\/img20250702152439231MED.jpg?fit=1000%2C616&ssl=1",1000,616,false],"thumbnail":["https:\/\/i0.wp.com\/blogdobispo.com.br\/wp-content\/uploads\/2025\/08\/img20250702152439231MED.jpg?resize=150%2C150&ssl=1",150,150,true],"medium":["https:\/\/i0.wp.com\/blogdobispo.com.br\/wp-content\/uploads\/2025\/08\/img20250702152439231MED.jpg?fit=300%2C185&ssl=1",300,185,true],"medium_large":["https:\/\/i0.wp.com\/blogdobispo.com.br\/wp-content\/uploads\/2025\/08\/img20250702152439231MED.jpg?fit=768%2C473&ssl=1",768,473,true],"large":["https:\/\/i0.wp.com\/blogdobispo.com.br\/wp-content\/uploads\/2025\/08\/img20250702152439231MED.jpg?fit=800%2C493&ssl=1",800,493,true],"1536x1536":["https:\/\/i0.wp.com\/blogdobispo.com.br\/wp-content\/uploads\/2025\/08\/img20250702152439231MED.jpg?fit=1000%2C616&ssl=1",1000,616,true],"2048x2048":["https:\/\/i0.wp.com\/blogdobispo.com.br\/wp-content\/uploads\/2025\/08\/img20250702152439231MED.jpg?fit=1000%2C616&ssl=1",1000,616,true]},"author_info":{"display_name":"Jefferson Sterfeno","author_link":"https:\/\/blogdobispo.com.br\/?author=1"},"category_info":"<a href=\"https:\/\/blogdobispo.com.br\/?cat=11\" rel=\"category\">Religi\u00e3o<\/a>","tag_info":"Religi\u00e3o","comment_count":"0","jetpack_featured_media_url":"https:\/\/i0.wp.com\/blogdobispo.com.br\/wp-content\/uploads\/2025\/08\/img20250702152439231MED.jpg?fit=1000%2C616&ssl=1","jetpack_sharing_enabled":true,"_links":{"self":[{"href":"https:\/\/blogdobispo.com.br\/index.php?rest_route=\/wp\/v2\/posts\/17263","targetHints":{"allow":["GET"]}}],"collection":[{"href":"https:\/\/blogdobispo.com.br\/index.php?rest_route=\/wp\/v2\/posts"}],"about":[{"href":"https:\/\/blogdobispo.com.br\/index.php?rest_route=\/wp\/v2\/types\/post"}],"author":[{"embeddable":true,"href":"https:\/\/blogdobispo.com.br\/index.php?rest_route=\/wp\/v2\/users\/1"}],"replies":[{"embeddable":true,"href":"https:\/\/blogdobispo.com.br\/index.php?rest_route=%2Fwp%2Fv2%2Fcomments&post=17263"}],"version-history":[{"count":1,"href":"https:\/\/blogdobispo.com.br\/index.php?rest_route=\/wp\/v2\/posts\/17263\/revisions"}],"predecessor-version":[{"id":17265,"href":"https:\/\/blogdobispo.com.br\/index.php?rest_route=\/wp\/v2\/posts\/17263\/revisions\/17265"}],"wp:featuredmedia":[{"embeddable":true,"href":"https:\/\/blogdobispo.com.br\/index.php?rest_route=\/wp\/v2\/media\/17264"}],"wp:attachment":[{"href":"https:\/\/blogdobispo.com.br\/index.php?rest_route=%2Fwp%2Fv2%2Fmedia&parent=17263"}],"wp:term":[{"taxonomy":"category","embeddable":true,"href":"https:\/\/blogdobispo.com.br\/index.php?rest_route=%2Fwp%2Fv2%2Fcategories&post=17263"},{"taxonomy":"post_tag","embeddable":true,"href":"https:\/\/blogdobispo.com.br\/index.php?rest_route=%2Fwp%2Fv2%2Ftags&post=17263"}],"curies":[{"name":"wp","href":"https:\/\/api.w.org\/{rel}","templated":true}]}}