{"id":17260,"date":"2025-08-19T13:50:51","date_gmt":"2025-08-19T13:50:51","guid":{"rendered":"https:\/\/blogdobispo.com.br\/?p=17260"},"modified":"2025-08-19T13:50:51","modified_gmt":"2025-08-19T13:50:51","slug":"vereador-se-recusa-a-ler-projeto-de-lei-sobre-lgbts-e-e-condenado-por-homofobia","status":"publish","type":"post","link":"https:\/\/blogdobispo.com.br\/?p=17260","title":{"rendered":"Vereador se recusa a ler projeto de lei sobre LGBTs e \u00e9 condenado por homofobia"},"content":{"rendered":"<p>A ju\u00edza Jade Marguti Cidade, da 1\u00aa Vara de Bertioga (SP), condenou o vereador Eduardo Pereira de Abreu (PSD) a 2 anos e 3 meses de reclus\u00e3o, em regime inicial aberto, pelo crime de homofobia (que teve tipifica\u00e7\u00e3o equiparada a racismo pelo Supremo Tribunal Federal), al\u00e9m do pagamento de R$ 25 mil de indeniza\u00e7\u00e3o por dano moral coletivo.<\/p>\n<p>O epis\u00f3dio ocorreu em 21 de maio de 2024, durante sess\u00e3o da C\u00e2mara Municipal. Na ocasi\u00e3o, como 2\u00ba secret\u00e1rio da Mesa Diretora, o parlamentar se recusou a ler projeto de lei voltado \u00e0 promo\u00e7\u00e3o da cidadania LGBTQIA+, de autoria de uma colega. Ele reagiu: \u201cT\u00e1 louco, n\u00e3o faz isso comigo n\u00e3o! Dar um projeto LGBT pra mim ler, n\u00e3o, t\u00f3, pega a\u00ed\u201d, e deixou o plen\u00e1rio. A cena foi registrada pela TV C\u00e2mara e confirmada por testemunhas.<\/p>\n<p>Para a magistrada, o ato representou discrimina\u00e7\u00e3o expl\u00edcita contra a popula\u00e7\u00e3o LGBTQIA+, configurando discurso de \u00f3dio. Ela destacou que a liberdade de express\u00e3o e a imunidade parlamentar n\u00e3o servem de escudo para manifesta\u00e7\u00f5es preconceituosas, conforme entendimento do STF.<\/p>\n<p>O vereador alegou que recusou a leitura por considerar o projeto \u201cinconstitucional\u201d, mas a ju\u00edza rejeitou a vers\u00e3o: \u201cTal alega\u00e7\u00e3o subestima o intelecto deste ju\u00edzo\u201d. Segundo ela, n\u00e3o \u00e9 necess\u00e1rio usar insultos ou incitar viol\u00eancia para caracterizar discurso de \u00f3dio, que pode ser velado, ir\u00f4nico ou dissimulado.<\/p>\n<div class=\"robxc68a48067e9759\"><\/div>\n<p>Na senten\u00e7a, a magistrada ressaltou que o valor da indeniza\u00e7\u00e3o tem car\u00e1ter pedag\u00f3gico, sendo destinado a fundos ou a\u00e7\u00f5es de combate \u00e0 discrimina\u00e7\u00e3o e promo\u00e7\u00e3o da igualdade. Embora prim\u00e1rio, o r\u00e9u n\u00e3o teve a pena substitu\u00edda por restritiva de direitos, j\u00e1 que o crime de racismo \u00e9 inafian\u00e7\u00e1vel e imprescrit\u00edvel.<\/p>\n<p>O Minist\u00e9rio P\u00fablico havia pedido R$ 50 mil de indeniza\u00e7\u00e3o, mas a ju\u00edza fixou R$ 25 mil considerando a gravidade do caso e a situa\u00e7\u00e3o econ\u00f4mica do r\u00e9u. O vereador j\u00e1 anunciou que recorrer\u00e1 ao Tribunal de Justi\u00e7a de S\u00e3o Paulo.<\/p>\n<p>(Processo 1002012-02.2024.8.26.0075)<\/p>\n<p><em>Fonte: Conjur<\/em><\/p>\n<p><img data-recalc-dims=\"1\" fetchpriority=\"high\" decoding=\"async\" class=\"alignnone size-medium wp-image-17261\" src=\"https:\/\/i0.wp.com\/blogdobispo.com.br\/wp-content\/uploads\/2025\/08\/vereador.jpg?resize=300%2C225\" alt=\"\" width=\"300\" height=\"225\" srcset=\"https:\/\/i0.wp.com\/blogdobispo.com.br\/wp-content\/uploads\/2025\/08\/vereador.jpg?resize=300%2C225&amp;ssl=1 300w, https:\/\/i0.wp.com\/blogdobispo.com.br\/wp-content\/uploads\/2025\/08\/vereador.jpg?w=600&amp;ssl=1 600w\" sizes=\"(max-width: 300px) 100vw, 300px\" \/><\/p>\n","protected":false},"excerpt":{"rendered":"<p>A ju\u00edza Jade Marguti Cidade, da 1\u00aa Vara de Bertioga (SP), condenou o vereador Eduardo Pereira de Abreu (PSD) a 2 anos e 3 meses de reclus\u00e3o, em regime inicial aberto, pelo crime de homofobia (que teve tipifica\u00e7\u00e3o equiparada a racismo pelo Supremo Tribunal Federal), al\u00e9m do pagamento de R$ 25 mil de indeniza\u00e7\u00e3o por [&hellip;]<\/p>\n","protected":false},"author":1,"featured_media":17261,"comment_status":"open","ping_status":"open","sticky":false,"template":"","format":"standard","meta":{"cybocfi_hide_featured_image":"","_jetpack_memberships_contains_paid_content":false,"footnotes":""},"categories":[3],"tags":[],"class_list":["post-17260","post","type-post","status-publish","format-standard","has-post-thumbnail","hentry","category-politica"],"yoast_head":"<!-- This site is optimized with the Yoast SEO plugin v25.6 - https:\/\/yoast.com\/wordpress\/plugins\/seo\/ -->\n<title>Vereador se recusa a ler projeto de lei sobre LGBTs e \u00e9 condenado por homofobia - Blog do Bispo<\/title>\n<meta name=\"robots\" content=\"index, follow, max-snippet:-1, max-image-preview:large, max-video-preview:-1\" \/>\n<link rel=\"canonical\" href=\"https:\/\/blogdobispo.com.br\/?p=17260\" \/>\n<meta property=\"og:locale\" content=\"pt_BR\" \/>\n<meta property=\"og:type\" content=\"article\" \/>\n<meta property=\"og:title\" content=\"Vereador se recusa a ler projeto de lei sobre LGBTs e \u00e9 condenado por homofobia - Blog do Bispo\" \/>\n<meta property=\"og:description\" content=\"A ju\u00edza Jade Marguti Cidade, da 1\u00aa Vara de Bertioga (SP), condenou o vereador Eduardo Pereira de Abreu (PSD) a 2 anos e 3 meses de reclus\u00e3o, em regime inicial aberto, pelo crime de homofobia (que teve tipifica\u00e7\u00e3o equiparada a racismo pelo Supremo Tribunal Federal), al\u00e9m do pagamento de R$ 25 mil de indeniza\u00e7\u00e3o por [&hellip;]\" \/>\n<meta property=\"og:url\" content=\"https:\/\/blogdobispo.com.br\/?p=17260\" \/>\n<meta property=\"og:site_name\" content=\"Blog do Bispo\" \/>\n<meta property=\"article:published_time\" content=\"2025-08-19T13:50:51+00:00\" \/>\n<meta property=\"og:image\" content=\"http:\/\/blogdobispo.com.br\/wp-content\/uploads\/2025\/08\/vereador.jpg\" \/>\n\t<meta property=\"og:image:width\" content=\"600\" \/>\n\t<meta property=\"og:image:height\" content=\"450\" \/>\n\t<meta property=\"og:image:type\" content=\"image\/jpeg\" \/>\n<meta name=\"author\" content=\"Jefferson Sterfeno\" \/>\n<meta name=\"twitter:card\" content=\"summary_large_image\" \/>\n<meta name=\"twitter:label1\" content=\"Escrito por\" \/>\n\t<meta name=\"twitter:data1\" content=\"Jefferson Sterfeno\" \/>\n\t<meta name=\"twitter:label2\" content=\"Est. tempo de leitura\" \/>\n\t<meta name=\"twitter:data2\" content=\"3 minutos\" \/>\n<script type=\"application\/ld+json\" class=\"yoast-schema-graph\">{\"@context\":\"https:\/\/schema.org\",\"@graph\":[{\"@type\":\"Article\",\"@id\":\"https:\/\/blogdobispo.com.br\/?p=17260#article\",\"isPartOf\":{\"@id\":\"https:\/\/blogdobispo.com.br\/?p=17260\"},\"author\":{\"name\":\"Jefferson Sterfeno\",\"@id\":\"https:\/\/blogdobispo.com.br\/#\/schema\/person\/e2209cc0e6cea5c5233d033e997b373f\"},\"headline\":\"Vereador se recusa a ler projeto de lei sobre LGBTs e \u00e9 condenado por homofobia\",\"datePublished\":\"2025-08-19T13:50:51+00:00\",\"mainEntityOfPage\":{\"@id\":\"https:\/\/blogdobispo.com.br\/?p=17260\"},\"wordCount\":368,\"commentCount\":0,\"publisher\":{\"@id\":\"https:\/\/blogdobispo.com.br\/#organization\"},\"image\":{\"@id\":\"https:\/\/blogdobispo.com.br\/?p=17260#primaryimage\"},\"thumbnailUrl\":\"https:\/\/i0.wp.com\/blogdobispo.com.br\/wp-content\/uploads\/2025\/08\/vereador.jpg?fit=600%2C450&ssl=1\",\"articleSection\":[\"Pol\u00edtica\"],\"inLanguage\":\"pt-BR\",\"potentialAction\":[{\"@type\":\"CommentAction\",\"name\":\"Comment\",\"target\":[\"https:\/\/blogdobispo.com.br\/?p=17260#respond\"]}]},{\"@type\":\"WebPage\",\"@id\":\"https:\/\/blogdobispo.com.br\/?p=17260\",\"url\":\"https:\/\/blogdobispo.com.br\/?p=17260\",\"name\":\"Vereador se recusa a ler projeto de lei sobre LGBTs e \u00e9 condenado por homofobia - Blog do Bispo\",\"isPartOf\":{\"@id\":\"https:\/\/blogdobispo.com.br\/#website\"},\"primaryImageOfPage\":{\"@id\":\"https:\/\/blogdobispo.com.br\/?p=17260#primaryimage\"},\"image\":{\"@id\":\"https:\/\/blogdobispo.com.br\/?p=17260#primaryimage\"},\"thumbnailUrl\":\"https:\/\/i0.wp.com\/blogdobispo.com.br\/wp-content\/uploads\/2025\/08\/vereador.jpg?fit=600%2C450&ssl=1\",\"datePublished\":\"2025-08-19T13:50:51+00:00\",\"breadcrumb\":{\"@id\":\"https:\/\/blogdobispo.com.br\/?p=17260#breadcrumb\"},\"inLanguage\":\"pt-BR\",\"potentialAction\":[{\"@type\":\"ReadAction\",\"target\":[\"https:\/\/blogdobispo.com.br\/?p=17260\"]}]},{\"@type\":\"ImageObject\",\"inLanguage\":\"pt-BR\",\"@id\":\"https:\/\/blogdobispo.com.br\/?p=17260#primaryimage\",\"url\":\"https:\/\/i0.wp.com\/blogdobispo.com.br\/wp-content\/uploads\/2025\/08\/vereador.jpg?fit=600%2C450&ssl=1\",\"contentUrl\":\"https:\/\/i0.wp.com\/blogdobispo.com.br\/wp-content\/uploads\/2025\/08\/vereador.jpg?fit=600%2C450&ssl=1\",\"width\":600,\"height\":450},{\"@type\":\"BreadcrumbList\",\"@id\":\"https:\/\/blogdobispo.com.br\/?p=17260#breadcrumb\",\"itemListElement\":[{\"@type\":\"ListItem\",\"position\":1,\"name\":\"In\u00edcio\",\"item\":\"https:\/\/blogdobispo.com.br\/\"},{\"@type\":\"ListItem\",\"position\":2,\"name\":\"Vereador se recusa a ler projeto de lei sobre LGBTs e \u00e9 condenado por homofobia\"}]},{\"@type\":\"WebSite\",\"@id\":\"https:\/\/blogdobispo.com.br\/#website\",\"url\":\"https:\/\/blogdobispo.com.br\/\",\"name\":\"Blog do Bispo\",\"description\":\"Comprometido apenas com o leitor\",\"publisher\":{\"@id\":\"https:\/\/blogdobispo.com.br\/#organization\"},\"potentialAction\":[{\"@type\":\"SearchAction\",\"target\":{\"@type\":\"EntryPoint\",\"urlTemplate\":\"https:\/\/blogdobispo.com.br\/?s={search_term_string}\"},\"query-input\":{\"@type\":\"PropertyValueSpecification\",\"valueRequired\":true,\"valueName\":\"search_term_string\"}}],\"inLanguage\":\"pt-BR\"},{\"@type\":\"Organization\",\"@id\":\"https:\/\/blogdobispo.com.br\/#organization\",\"name\":\"Blog do Bispo\",\"url\":\"https:\/\/blogdobispo.com.br\/\",\"logo\":{\"@type\":\"ImageObject\",\"inLanguage\":\"pt-BR\",\"@id\":\"https:\/\/blogdobispo.com.br\/#\/schema\/logo\/image\/\",\"url\":\"http:\/\/blogdobispo.com.br\/wp-content\/uploads\/2023\/05\/cropped-headear.png\",\"contentUrl\":\"http:\/\/blogdobispo.com.br\/wp-content\/uploads\/2023\/05\/cropped-headear.png\",\"width\":1500,\"height\":399,\"caption\":\"Blog do Bispo\"},\"image\":{\"@id\":\"https:\/\/blogdobispo.com.br\/#\/schema\/logo\/image\/\"}},{\"@type\":\"Person\",\"@id\":\"https:\/\/blogdobispo.com.br\/#\/schema\/person\/e2209cc0e6cea5c5233d033e997b373f\",\"name\":\"Jefferson Sterfeno\",\"image\":{\"@type\":\"ImageObject\",\"inLanguage\":\"pt-BR\",\"@id\":\"https:\/\/blogdobispo.com.br\/#\/schema\/person\/image\/\",\"url\":\"https:\/\/secure.gravatar.com\/avatar\/0534e84764641168a677026b6d57a3f51dc7ac4db0b4f6186d9cb330d4ee1160?s=96&d=mm&r=g\",\"contentUrl\":\"https:\/\/secure.gravatar.com\/avatar\/0534e84764641168a677026b6d57a3f51dc7ac4db0b4f6186d9cb330d4ee1160?s=96&d=mm&r=g\",\"caption\":\"Jefferson Sterfeno\"},\"sameAs\":[\"http:\/\/blogdobispo.com.br\"],\"url\":\"https:\/\/blogdobispo.com.br\/?author=1\"}]}<\/script>\n<!-- \/ Yoast SEO plugin. -->","yoast_head_json":{"title":"Vereador se recusa a ler projeto de lei sobre LGBTs e \u00e9 condenado por homofobia - Blog do Bispo","robots":{"index":"index","follow":"follow","max-snippet":"max-snippet:-1","max-image-preview":"max-image-preview:large","max-video-preview":"max-video-preview:-1"},"canonical":"https:\/\/blogdobispo.com.br\/?p=17260","og_locale":"pt_BR","og_type":"article","og_title":"Vereador se recusa a ler projeto de lei sobre LGBTs e \u00e9 condenado por homofobia - Blog do Bispo","og_description":"A ju\u00edza Jade Marguti Cidade, da 1\u00aa Vara de Bertioga (SP), condenou o vereador Eduardo Pereira de Abreu (PSD) a 2 anos e 3 meses de reclus\u00e3o, em regime inicial aberto, pelo crime de homofobia (que teve tipifica\u00e7\u00e3o equiparada a racismo pelo Supremo Tribunal Federal), al\u00e9m do pagamento de R$ 25 mil de indeniza\u00e7\u00e3o por [&hellip;]","og_url":"https:\/\/blogdobispo.com.br\/?p=17260","og_site_name":"Blog do Bispo","article_published_time":"2025-08-19T13:50:51+00:00","og_image":[{"width":600,"height":450,"url":"http:\/\/blogdobispo.com.br\/wp-content\/uploads\/2025\/08\/vereador.jpg","type":"image\/jpeg"}],"author":"Jefferson Sterfeno","twitter_card":"summary_large_image","twitter_misc":{"Escrito por":"Jefferson Sterfeno","Est. tempo de leitura":"3 minutos"},"schema":{"@context":"https:\/\/schema.org","@graph":[{"@type":"Article","@id":"https:\/\/blogdobispo.com.br\/?p=17260#article","isPartOf":{"@id":"https:\/\/blogdobispo.com.br\/?p=17260"},"author":{"name":"Jefferson Sterfeno","@id":"https:\/\/blogdobispo.com.br\/#\/schema\/person\/e2209cc0e6cea5c5233d033e997b373f"},"headline":"Vereador se recusa a ler projeto de lei sobre LGBTs e \u00e9 condenado por homofobia","datePublished":"2025-08-19T13:50:51+00:00","mainEntityOfPage":{"@id":"https:\/\/blogdobispo.com.br\/?p=17260"},"wordCount":368,"commentCount":0,"publisher":{"@id":"https:\/\/blogdobispo.com.br\/#organization"},"image":{"@id":"https:\/\/blogdobispo.com.br\/?p=17260#primaryimage"},"thumbnailUrl":"https:\/\/i0.wp.com\/blogdobispo.com.br\/wp-content\/uploads\/2025\/08\/vereador.jpg?fit=600%2C450&ssl=1","articleSection":["Pol\u00edtica"],"inLanguage":"pt-BR","potentialAction":[{"@type":"CommentAction","name":"Comment","target":["https:\/\/blogdobispo.com.br\/?p=17260#respond"]}]},{"@type":"WebPage","@id":"https:\/\/blogdobispo.com.br\/?p=17260","url":"https:\/\/blogdobispo.com.br\/?p=17260","name":"Vereador se recusa a ler projeto de lei sobre LGBTs e \u00e9 condenado por homofobia - Blog do Bispo","isPartOf":{"@id":"https:\/\/blogdobispo.com.br\/#website"},"primaryImageOfPage":{"@id":"https:\/\/blogdobispo.com.br\/?p=17260#primaryimage"},"image":{"@id":"https:\/\/blogdobispo.com.br\/?p=17260#primaryimage"},"thumbnailUrl":"https:\/\/i0.wp.com\/blogdobispo.com.br\/wp-content\/uploads\/2025\/08\/vereador.jpg?fit=600%2C450&ssl=1","datePublished":"2025-08-19T13:50:51+00:00","breadcrumb":{"@id":"https:\/\/blogdobispo.com.br\/?p=17260#breadcrumb"},"inLanguage":"pt-BR","potentialAction":[{"@type":"ReadAction","target":["https:\/\/blogdobispo.com.br\/?p=17260"]}]},{"@type":"ImageObject","inLanguage":"pt-BR","@id":"https:\/\/blogdobispo.com.br\/?p=17260#primaryimage","url":"https:\/\/i0.wp.com\/blogdobispo.com.br\/wp-content\/uploads\/2025\/08\/vereador.jpg?fit=600%2C450&ssl=1","contentUrl":"https:\/\/i0.wp.com\/blogdobispo.com.br\/wp-content\/uploads\/2025\/08\/vereador.jpg?fit=600%2C450&ssl=1","width":600,"height":450},{"@type":"BreadcrumbList","@id":"https:\/\/blogdobispo.com.br\/?p=17260#breadcrumb","itemListElement":[{"@type":"ListItem","position":1,"name":"In\u00edcio","item":"https:\/\/blogdobispo.com.br\/"},{"@type":"ListItem","position":2,"name":"Vereador se recusa a ler projeto de lei sobre LGBTs e \u00e9 condenado por homofobia"}]},{"@type":"WebSite","@id":"https:\/\/blogdobispo.com.br\/#website","url":"https:\/\/blogdobispo.com.br\/","name":"Blog do Bispo","description":"Comprometido apenas com o leitor","publisher":{"@id":"https:\/\/blogdobispo.com.br\/#organization"},"potentialAction":[{"@type":"SearchAction","target":{"@type":"EntryPoint","urlTemplate":"https:\/\/blogdobispo.com.br\/?s={search_term_string}"},"query-input":{"@type":"PropertyValueSpecification","valueRequired":true,"valueName":"search_term_string"}}],"inLanguage":"pt-BR"},{"@type":"Organization","@id":"https:\/\/blogdobispo.com.br\/#organization","name":"Blog do Bispo","url":"https:\/\/blogdobispo.com.br\/","logo":{"@type":"ImageObject","inLanguage":"pt-BR","@id":"https:\/\/blogdobispo.com.br\/#\/schema\/logo\/image\/","url":"http:\/\/blogdobispo.com.br\/wp-content\/uploads\/2023\/05\/cropped-headear.png","contentUrl":"http:\/\/blogdobispo.com.br\/wp-content\/uploads\/2023\/05\/cropped-headear.png","width":1500,"height":399,"caption":"Blog do Bispo"},"image":{"@id":"https:\/\/blogdobispo.com.br\/#\/schema\/logo\/image\/"}},{"@type":"Person","@id":"https:\/\/blogdobispo.com.br\/#\/schema\/person\/e2209cc0e6cea5c5233d033e997b373f","name":"Jefferson Sterfeno","image":{"@type":"ImageObject","inLanguage":"pt-BR","@id":"https:\/\/blogdobispo.com.br\/#\/schema\/person\/image\/","url":"https:\/\/secure.gravatar.com\/avatar\/0534e84764641168a677026b6d57a3f51dc7ac4db0b4f6186d9cb330d4ee1160?s=96&d=mm&r=g","contentUrl":"https:\/\/secure.gravatar.com\/avatar\/0534e84764641168a677026b6d57a3f51dc7ac4db0b4f6186d9cb330d4ee1160?s=96&d=mm&r=g","caption":"Jefferson Sterfeno"},"sameAs":["http:\/\/blogdobispo.com.br"],"url":"https:\/\/blogdobispo.com.br\/?author=1"}]}},"featured_image_urls":{"full":["https:\/\/i0.wp.com\/blogdobispo.com.br\/wp-content\/uploads\/2025\/08\/vereador.jpg?fit=600%2C450&ssl=1",600,450,false],"thumbnail":["https:\/\/i0.wp.com\/blogdobispo.com.br\/wp-content\/uploads\/2025\/08\/vereador.jpg?resize=150%2C150&ssl=1",150,150,true],"medium":["https:\/\/i0.wp.com\/blogdobispo.com.br\/wp-content\/uploads\/2025\/08\/vereador.jpg?fit=300%2C225&ssl=1",300,225,true],"medium_large":["https:\/\/i0.wp.com\/blogdobispo.com.br\/wp-content\/uploads\/2025\/08\/vereador.jpg?fit=600%2C450&ssl=1",600,450,true],"large":["https:\/\/i0.wp.com\/blogdobispo.com.br\/wp-content\/uploads\/2025\/08\/vereador.jpg?fit=600%2C450&ssl=1",600,450,true],"1536x1536":["https:\/\/i0.wp.com\/blogdobispo.com.br\/wp-content\/uploads\/2025\/08\/vereador.jpg?fit=600%2C450&ssl=1",600,450,true],"2048x2048":["https:\/\/i0.wp.com\/blogdobispo.com.br\/wp-content\/uploads\/2025\/08\/vereador.jpg?fit=600%2C450&ssl=1",600,450,true]},"author_info":{"display_name":"Jefferson Sterfeno","author_link":"https:\/\/blogdobispo.com.br\/?author=1"},"category_info":"<a href=\"https:\/\/blogdobispo.com.br\/?cat=3\" rel=\"category\">Pol\u00edtica<\/a>","tag_info":"Pol\u00edtica","comment_count":"0","jetpack_featured_media_url":"https:\/\/i0.wp.com\/blogdobispo.com.br\/wp-content\/uploads\/2025\/08\/vereador.jpg?fit=600%2C450&ssl=1","jetpack_sharing_enabled":true,"_links":{"self":[{"href":"https:\/\/blogdobispo.com.br\/index.php?rest_route=\/wp\/v2\/posts\/17260","targetHints":{"allow":["GET"]}}],"collection":[{"href":"https:\/\/blogdobispo.com.br\/index.php?rest_route=\/wp\/v2\/posts"}],"about":[{"href":"https:\/\/blogdobispo.com.br\/index.php?rest_route=\/wp\/v2\/types\/post"}],"author":[{"embeddable":true,"href":"https:\/\/blogdobispo.com.br\/index.php?rest_route=\/wp\/v2\/users\/1"}],"replies":[{"embeddable":true,"href":"https:\/\/blogdobispo.com.br\/index.php?rest_route=%2Fwp%2Fv2%2Fcomments&post=17260"}],"version-history":[{"count":1,"href":"https:\/\/blogdobispo.com.br\/index.php?rest_route=\/wp\/v2\/posts\/17260\/revisions"}],"predecessor-version":[{"id":17262,"href":"https:\/\/blogdobispo.com.br\/index.php?rest_route=\/wp\/v2\/posts\/17260\/revisions\/17262"}],"wp:featuredmedia":[{"embeddable":true,"href":"https:\/\/blogdobispo.com.br\/index.php?rest_route=\/wp\/v2\/media\/17261"}],"wp:attachment":[{"href":"https:\/\/blogdobispo.com.br\/index.php?rest_route=%2Fwp%2Fv2%2Fmedia&parent=17260"}],"wp:term":[{"taxonomy":"category","embeddable":true,"href":"https:\/\/blogdobispo.com.br\/index.php?rest_route=%2Fwp%2Fv2%2Fcategories&post=17260"},{"taxonomy":"post_tag","embeddable":true,"href":"https:\/\/blogdobispo.com.br\/index.php?rest_route=%2Fwp%2Fv2%2Ftags&post=17260"}],"curies":[{"name":"wp","href":"https:\/\/api.w.org\/{rel}","templated":true}]}}