{"id":17253,"date":"2025-08-18T13:04:50","date_gmt":"2025-08-18T13:04:50","guid":{"rendered":"https:\/\/blogdobispo.com.br\/?p=17253"},"modified":"2025-08-18T13:04:50","modified_gmt":"2025-08-18T13:04:50","slug":"com-aval-de-rogerio-alvaro-dias-pode-se-filiar-ao-pl-nos-proximos-dias","status":"publish","type":"post","link":"https:\/\/blogdobispo.com.br\/?p=17253","title":{"rendered":"Com aval de Rog\u00e9rio: \u00c1lvaro Dias pode se filiar ao PL nos pr\u00f3ximos dias"},"content":{"rendered":"<p data-start=\"0\" data-end=\"403\">O ex-prefeito de Natal, \u00c1lvaro Dias, pode estar prestes a mudar de legenda e desembarcar no PL, com o aval direto do senador Rog\u00e9rio Marinho, principal l\u00edder da sigla no Rio Grande do Norte. A movimenta\u00e7\u00e3o, ainda em car\u00e1ter especulativo, j\u00e1 provoca expectativa entre aliados e advers\u00e1rios, pois sinaliza uma reorganiza\u00e7\u00e3o do bloco oposicionista ao governo F\u00e1tima Bezerra (PT) para as elei\u00e7\u00f5es de 2026.<\/p>\n<p data-start=\"405\" data-end=\"783\">Atualmente filiado ao Republicanos, \u00c1lvaro avalia deixar o partido diante das dificuldades de estrutura e nominata ap\u00f3s encerrar seu mandato na Prefeitura de Natal. A filia\u00e7\u00e3o ao PL seria um passo estrat\u00e9gico para fortalecer sua pr\u00e9-candidatura ao Governo do Estado ou Senado<\/p>\n<p data-start=\"405\" data-end=\"783\">, anunciada no in\u00edcio deste ano, e garantir um palanque robusto, com capilaridade nacional e maior tempo de TV.<\/p>\n<p data-start=\"785\" data-end=\"1255\">Nos bastidores, o movimento \u00e9 visto como uma jogada que beneficia tanto \u00c1lvaro quanto Rog\u00e9rio. O ex-prefeito se projetaria como o principal nome da oposi\u00e7\u00e3o no pleito estadual, enquanto Marinho consolidaria sua lideran\u00e7a pol\u00edtica no RN, atraindo para o PL uma figura com recall eleitoral e experi\u00eancia administrativa. A eventual sa\u00edda de \u00c1lvaro do Republicanos tamb\u00e9m exp\u00f5e as dificuldades da sigla em manter quadros competitivos sem o respaldo de grandes prefeituras.<\/p>\n<p data-start=\"1257\" data-end=\"1666\">Embora nenhuma das partes tenha oficializado a negocia\u00e7\u00e3o, a expectativa \u00e9 de que a decis\u00e3o seja tomada ainda este ano, a tempo de fortalecer o grupo oposicionista e alinhar as estrat\u00e9gias eleitorais. Se confirmado, o ingresso de \u00c1lvaro Dias no PL pode redefinir o tabuleiro pol\u00edtico potiguar, polarizando ainda mais a disputa com o PT e abrindo caminho para uma campanha de forte apelo conservador em 2026.<\/p>\n<p data-start=\"405\" data-end=\"783\">\n<p data-start=\"405\" data-end=\"783\"><img data-recalc-dims=\"1\" fetchpriority=\"high\" decoding=\"async\" class=\"alignnone size-medium wp-image-17254\" src=\"https:\/\/i0.wp.com\/blogdobispo.com.br\/wp-content\/uploads\/2025\/08\/WhatsApp-Image-2025-06-04-at-19.54.22.webp?resize=300%2C169\" alt=\"\" width=\"300\" height=\"169\" srcset=\"https:\/\/i0.wp.com\/blogdobispo.com.br\/wp-content\/uploads\/2025\/08\/WhatsApp-Image-2025-06-04-at-19.54.22.webp?resize=300%2C169&amp;ssl=1 300w, https:\/\/i0.wp.com\/blogdobispo.com.br\/wp-content\/uploads\/2025\/08\/WhatsApp-Image-2025-06-04-at-19.54.22.webp?resize=768%2C433&amp;ssl=1 768w, https:\/\/i0.wp.com\/blogdobispo.com.br\/wp-content\/uploads\/2025\/08\/WhatsApp-Image-2025-06-04-at-19.54.22.webp?w=830&amp;ssl=1 830w\" sizes=\"(max-width: 300px) 100vw, 300px\" \/><\/p>\n","protected":false},"excerpt":{"rendered":"<p>O ex-prefeito de Natal, \u00c1lvaro Dias, pode estar prestes a mudar de legenda e desembarcar no PL, com o aval direto do senador Rog\u00e9rio Marinho, principal l\u00edder da sigla no Rio Grande do Norte. A movimenta\u00e7\u00e3o, ainda em car\u00e1ter especulativo, j\u00e1 provoca expectativa entre aliados e advers\u00e1rios, pois sinaliza uma reorganiza\u00e7\u00e3o do bloco oposicionista ao [&hellip;]<\/p>\n","protected":false},"author":1,"featured_media":17254,"comment_status":"open","ping_status":"open","sticky":false,"template":"","format":"standard","meta":{"cybocfi_hide_featured_image":"","_jetpack_memberships_contains_paid_content":false,"footnotes":""},"categories":[1],"tags":[],"class_list":["post-17253","post","type-post","status-publish","format-standard","has-post-thumbnail","hentry","category-diversos"],"yoast_head":"<!-- This site is optimized with the Yoast SEO plugin v25.6 - https:\/\/yoast.com\/wordpress\/plugins\/seo\/ -->\n<title>Com aval de Rog\u00e9rio: \u00c1lvaro Dias pode se filiar ao PL nos pr\u00f3ximos dias - Blog do Bispo<\/title>\n<meta name=\"robots\" content=\"index, follow, max-snippet:-1, max-image-preview:large, max-video-preview:-1\" \/>\n<link rel=\"canonical\" href=\"https:\/\/blogdobispo.com.br\/?p=17253\" \/>\n<meta property=\"og:locale\" content=\"pt_BR\" \/>\n<meta property=\"og:type\" content=\"article\" \/>\n<meta property=\"og:title\" content=\"Com aval de Rog\u00e9rio: \u00c1lvaro Dias pode se filiar ao PL nos pr\u00f3ximos dias - Blog do Bispo\" \/>\n<meta property=\"og:description\" content=\"O ex-prefeito de Natal, \u00c1lvaro Dias, pode estar prestes a mudar de legenda e desembarcar no PL, com o aval direto do senador Rog\u00e9rio Marinho, principal l\u00edder da sigla no Rio Grande do Norte. A movimenta\u00e7\u00e3o, ainda em car\u00e1ter especulativo, j\u00e1 provoca expectativa entre aliados e advers\u00e1rios, pois sinaliza uma reorganiza\u00e7\u00e3o do bloco oposicionista ao [&hellip;]\" \/>\n<meta property=\"og:url\" content=\"https:\/\/blogdobispo.com.br\/?p=17253\" \/>\n<meta property=\"og:site_name\" content=\"Blog do Bispo\" \/>\n<meta property=\"article:published_time\" content=\"2025-08-18T13:04:50+00:00\" \/>\n<meta property=\"og:image\" content=\"http:\/\/blogdobispo.com.br\/wp-content\/uploads\/2025\/08\/WhatsApp-Image-2025-06-04-at-19.54.22.webp\" \/>\n\t<meta property=\"og:image:width\" content=\"830\" \/>\n\t<meta property=\"og:image:height\" content=\"468\" \/>\n\t<meta property=\"og:image:type\" content=\"image\/webp\" \/>\n<meta name=\"author\" content=\"Jefferson Sterfeno\" \/>\n<meta name=\"twitter:card\" content=\"summary_large_image\" \/>\n<meta name=\"twitter:label1\" content=\"Escrito por\" \/>\n\t<meta name=\"twitter:data1\" content=\"Jefferson Sterfeno\" \/>\n\t<meta name=\"twitter:label2\" content=\"Est. tempo de leitura\" \/>\n\t<meta name=\"twitter:data2\" content=\"2 minutos\" \/>\n<script type=\"application\/ld+json\" class=\"yoast-schema-graph\">{\"@context\":\"https:\/\/schema.org\",\"@graph\":[{\"@type\":\"Article\",\"@id\":\"https:\/\/blogdobispo.com.br\/?p=17253#article\",\"isPartOf\":{\"@id\":\"https:\/\/blogdobispo.com.br\/?p=17253\"},\"author\":{\"name\":\"Jefferson Sterfeno\",\"@id\":\"https:\/\/blogdobispo.com.br\/#\/schema\/person\/e2209cc0e6cea5c5233d033e997b373f\"},\"headline\":\"Com aval de Rog\u00e9rio: \u00c1lvaro Dias pode se filiar ao PL nos pr\u00f3ximos dias\",\"datePublished\":\"2025-08-18T13:04:50+00:00\",\"mainEntityOfPage\":{\"@id\":\"https:\/\/blogdobispo.com.br\/?p=17253\"},\"wordCount\":299,\"commentCount\":0,\"publisher\":{\"@id\":\"https:\/\/blogdobispo.com.br\/#organization\"},\"image\":{\"@id\":\"https:\/\/blogdobispo.com.br\/?p=17253#primaryimage\"},\"thumbnailUrl\":\"https:\/\/i0.wp.com\/blogdobispo.com.br\/wp-content\/uploads\/2025\/08\/WhatsApp-Image-2025-06-04-at-19.54.22.webp?fit=830%2C468&ssl=1\",\"articleSection\":[\"diversos\"],\"inLanguage\":\"pt-BR\",\"potentialAction\":[{\"@type\":\"CommentAction\",\"name\":\"Comment\",\"target\":[\"https:\/\/blogdobispo.com.br\/?p=17253#respond\"]}]},{\"@type\":\"WebPage\",\"@id\":\"https:\/\/blogdobispo.com.br\/?p=17253\",\"url\":\"https:\/\/blogdobispo.com.br\/?p=17253\",\"name\":\"Com aval de Rog\u00e9rio: \u00c1lvaro Dias pode se filiar ao PL nos pr\u00f3ximos dias - Blog do Bispo\",\"isPartOf\":{\"@id\":\"https:\/\/blogdobispo.com.br\/#website\"},\"primaryImageOfPage\":{\"@id\":\"https:\/\/blogdobispo.com.br\/?p=17253#primaryimage\"},\"image\":{\"@id\":\"https:\/\/blogdobispo.com.br\/?p=17253#primaryimage\"},\"thumbnailUrl\":\"https:\/\/i0.wp.com\/blogdobispo.com.br\/wp-content\/uploads\/2025\/08\/WhatsApp-Image-2025-06-04-at-19.54.22.webp?fit=830%2C468&ssl=1\",\"datePublished\":\"2025-08-18T13:04:50+00:00\",\"breadcrumb\":{\"@id\":\"https:\/\/blogdobispo.com.br\/?p=17253#breadcrumb\"},\"inLanguage\":\"pt-BR\",\"potentialAction\":[{\"@type\":\"ReadAction\",\"target\":[\"https:\/\/blogdobispo.com.br\/?p=17253\"]}]},{\"@type\":\"ImageObject\",\"inLanguage\":\"pt-BR\",\"@id\":\"https:\/\/blogdobispo.com.br\/?p=17253#primaryimage\",\"url\":\"https:\/\/i0.wp.com\/blogdobispo.com.br\/wp-content\/uploads\/2025\/08\/WhatsApp-Image-2025-06-04-at-19.54.22.webp?fit=830%2C468&ssl=1\",\"contentUrl\":\"https:\/\/i0.wp.com\/blogdobispo.com.br\/wp-content\/uploads\/2025\/08\/WhatsApp-Image-2025-06-04-at-19.54.22.webp?fit=830%2C468&ssl=1\",\"width\":830,\"height\":468},{\"@type\":\"BreadcrumbList\",\"@id\":\"https:\/\/blogdobispo.com.br\/?p=17253#breadcrumb\",\"itemListElement\":[{\"@type\":\"ListItem\",\"position\":1,\"name\":\"In\u00edcio\",\"item\":\"https:\/\/blogdobispo.com.br\/\"},{\"@type\":\"ListItem\",\"position\":2,\"name\":\"Com aval de Rog\u00e9rio: \u00c1lvaro Dias pode se filiar ao PL nos pr\u00f3ximos dias\"}]},{\"@type\":\"WebSite\",\"@id\":\"https:\/\/blogdobispo.com.br\/#website\",\"url\":\"https:\/\/blogdobispo.com.br\/\",\"name\":\"Blog do Bispo\",\"description\":\"Comprometido apenas com o leitor\",\"publisher\":{\"@id\":\"https:\/\/blogdobispo.com.br\/#organization\"},\"potentialAction\":[{\"@type\":\"SearchAction\",\"target\":{\"@type\":\"EntryPoint\",\"urlTemplate\":\"https:\/\/blogdobispo.com.br\/?s={search_term_string}\"},\"query-input\":{\"@type\":\"PropertyValueSpecification\",\"valueRequired\":true,\"valueName\":\"search_term_string\"}}],\"inLanguage\":\"pt-BR\"},{\"@type\":\"Organization\",\"@id\":\"https:\/\/blogdobispo.com.br\/#organization\",\"name\":\"Blog do Bispo\",\"url\":\"https:\/\/blogdobispo.com.br\/\",\"logo\":{\"@type\":\"ImageObject\",\"inLanguage\":\"pt-BR\",\"@id\":\"https:\/\/blogdobispo.com.br\/#\/schema\/logo\/image\/\",\"url\":\"http:\/\/blogdobispo.com.br\/wp-content\/uploads\/2023\/05\/cropped-headear.png\",\"contentUrl\":\"http:\/\/blogdobispo.com.br\/wp-content\/uploads\/2023\/05\/cropped-headear.png\",\"width\":1500,\"height\":399,\"caption\":\"Blog do Bispo\"},\"image\":{\"@id\":\"https:\/\/blogdobispo.com.br\/#\/schema\/logo\/image\/\"}},{\"@type\":\"Person\",\"@id\":\"https:\/\/blogdobispo.com.br\/#\/schema\/person\/e2209cc0e6cea5c5233d033e997b373f\",\"name\":\"Jefferson Sterfeno\",\"image\":{\"@type\":\"ImageObject\",\"inLanguage\":\"pt-BR\",\"@id\":\"https:\/\/blogdobispo.com.br\/#\/schema\/person\/image\/\",\"url\":\"https:\/\/secure.gravatar.com\/avatar\/0534e84764641168a677026b6d57a3f51dc7ac4db0b4f6186d9cb330d4ee1160?s=96&d=mm&r=g\",\"contentUrl\":\"https:\/\/secure.gravatar.com\/avatar\/0534e84764641168a677026b6d57a3f51dc7ac4db0b4f6186d9cb330d4ee1160?s=96&d=mm&r=g\",\"caption\":\"Jefferson Sterfeno\"},\"sameAs\":[\"http:\/\/blogdobispo.com.br\"],\"url\":\"https:\/\/blogdobispo.com.br\/?author=1\"}]}<\/script>\n<!-- \/ Yoast SEO plugin. -->","yoast_head_json":{"title":"Com aval de Rog\u00e9rio: \u00c1lvaro Dias pode se filiar ao PL nos pr\u00f3ximos dias - Blog do Bispo","robots":{"index":"index","follow":"follow","max-snippet":"max-snippet:-1","max-image-preview":"max-image-preview:large","max-video-preview":"max-video-preview:-1"},"canonical":"https:\/\/blogdobispo.com.br\/?p=17253","og_locale":"pt_BR","og_type":"article","og_title":"Com aval de Rog\u00e9rio: \u00c1lvaro Dias pode se filiar ao PL nos pr\u00f3ximos dias - Blog do Bispo","og_description":"O ex-prefeito de Natal, \u00c1lvaro Dias, pode estar prestes a mudar de legenda e desembarcar no PL, com o aval direto do senador Rog\u00e9rio Marinho, principal l\u00edder da sigla no Rio Grande do Norte. A movimenta\u00e7\u00e3o, ainda em car\u00e1ter especulativo, j\u00e1 provoca expectativa entre aliados e advers\u00e1rios, pois sinaliza uma reorganiza\u00e7\u00e3o do bloco oposicionista ao [&hellip;]","og_url":"https:\/\/blogdobispo.com.br\/?p=17253","og_site_name":"Blog do Bispo","article_published_time":"2025-08-18T13:04:50+00:00","og_image":[{"width":830,"height":468,"url":"http:\/\/blogdobispo.com.br\/wp-content\/uploads\/2025\/08\/WhatsApp-Image-2025-06-04-at-19.54.22.webp","type":"image\/webp"}],"author":"Jefferson Sterfeno","twitter_card":"summary_large_image","twitter_misc":{"Escrito por":"Jefferson Sterfeno","Est. tempo de leitura":"2 minutos"},"schema":{"@context":"https:\/\/schema.org","@graph":[{"@type":"Article","@id":"https:\/\/blogdobispo.com.br\/?p=17253#article","isPartOf":{"@id":"https:\/\/blogdobispo.com.br\/?p=17253"},"author":{"name":"Jefferson Sterfeno","@id":"https:\/\/blogdobispo.com.br\/#\/schema\/person\/e2209cc0e6cea5c5233d033e997b373f"},"headline":"Com aval de Rog\u00e9rio: \u00c1lvaro Dias pode se filiar ao PL nos pr\u00f3ximos dias","datePublished":"2025-08-18T13:04:50+00:00","mainEntityOfPage":{"@id":"https:\/\/blogdobispo.com.br\/?p=17253"},"wordCount":299,"commentCount":0,"publisher":{"@id":"https:\/\/blogdobispo.com.br\/#organization"},"image":{"@id":"https:\/\/blogdobispo.com.br\/?p=17253#primaryimage"},"thumbnailUrl":"https:\/\/i0.wp.com\/blogdobispo.com.br\/wp-content\/uploads\/2025\/08\/WhatsApp-Image-2025-06-04-at-19.54.22.webp?fit=830%2C468&ssl=1","articleSection":["diversos"],"inLanguage":"pt-BR","potentialAction":[{"@type":"CommentAction","name":"Comment","target":["https:\/\/blogdobispo.com.br\/?p=17253#respond"]}]},{"@type":"WebPage","@id":"https:\/\/blogdobispo.com.br\/?p=17253","url":"https:\/\/blogdobispo.com.br\/?p=17253","name":"Com aval de Rog\u00e9rio: \u00c1lvaro Dias pode se filiar ao PL nos pr\u00f3ximos dias - Blog do Bispo","isPartOf":{"@id":"https:\/\/blogdobispo.com.br\/#website"},"primaryImageOfPage":{"@id":"https:\/\/blogdobispo.com.br\/?p=17253#primaryimage"},"image":{"@id":"https:\/\/blogdobispo.com.br\/?p=17253#primaryimage"},"thumbnailUrl":"https:\/\/i0.wp.com\/blogdobispo.com.br\/wp-content\/uploads\/2025\/08\/WhatsApp-Image-2025-06-04-at-19.54.22.webp?fit=830%2C468&ssl=1","datePublished":"2025-08-18T13:04:50+00:00","breadcrumb":{"@id":"https:\/\/blogdobispo.com.br\/?p=17253#breadcrumb"},"inLanguage":"pt-BR","potentialAction":[{"@type":"ReadAction","target":["https:\/\/blogdobispo.com.br\/?p=17253"]}]},{"@type":"ImageObject","inLanguage":"pt-BR","@id":"https:\/\/blogdobispo.com.br\/?p=17253#primaryimage","url":"https:\/\/i0.wp.com\/blogdobispo.com.br\/wp-content\/uploads\/2025\/08\/WhatsApp-Image-2025-06-04-at-19.54.22.webp?fit=830%2C468&ssl=1","contentUrl":"https:\/\/i0.wp.com\/blogdobispo.com.br\/wp-content\/uploads\/2025\/08\/WhatsApp-Image-2025-06-04-at-19.54.22.webp?fit=830%2C468&ssl=1","width":830,"height":468},{"@type":"BreadcrumbList","@id":"https:\/\/blogdobispo.com.br\/?p=17253#breadcrumb","itemListElement":[{"@type":"ListItem","position":1,"name":"In\u00edcio","item":"https:\/\/blogdobispo.com.br\/"},{"@type":"ListItem","position":2,"name":"Com aval de Rog\u00e9rio: \u00c1lvaro Dias pode se filiar ao PL nos pr\u00f3ximos dias"}]},{"@type":"WebSite","@id":"https:\/\/blogdobispo.com.br\/#website","url":"https:\/\/blogdobispo.com.br\/","name":"Blog do Bispo","description":"Comprometido apenas com o leitor","publisher":{"@id":"https:\/\/blogdobispo.com.br\/#organization"},"potentialAction":[{"@type":"SearchAction","target":{"@type":"EntryPoint","urlTemplate":"https:\/\/blogdobispo.com.br\/?s={search_term_string}"},"query-input":{"@type":"PropertyValueSpecification","valueRequired":true,"valueName":"search_term_string"}}],"inLanguage":"pt-BR"},{"@type":"Organization","@id":"https:\/\/blogdobispo.com.br\/#organization","name":"Blog do Bispo","url":"https:\/\/blogdobispo.com.br\/","logo":{"@type":"ImageObject","inLanguage":"pt-BR","@id":"https:\/\/blogdobispo.com.br\/#\/schema\/logo\/image\/","url":"http:\/\/blogdobispo.com.br\/wp-content\/uploads\/2023\/05\/cropped-headear.png","contentUrl":"http:\/\/blogdobispo.com.br\/wp-content\/uploads\/2023\/05\/cropped-headear.png","width":1500,"height":399,"caption":"Blog do Bispo"},"image":{"@id":"https:\/\/blogdobispo.com.br\/#\/schema\/logo\/image\/"}},{"@type":"Person","@id":"https:\/\/blogdobispo.com.br\/#\/schema\/person\/e2209cc0e6cea5c5233d033e997b373f","name":"Jefferson Sterfeno","image":{"@type":"ImageObject","inLanguage":"pt-BR","@id":"https:\/\/blogdobispo.com.br\/#\/schema\/person\/image\/","url":"https:\/\/secure.gravatar.com\/avatar\/0534e84764641168a677026b6d57a3f51dc7ac4db0b4f6186d9cb330d4ee1160?s=96&d=mm&r=g","contentUrl":"https:\/\/secure.gravatar.com\/avatar\/0534e84764641168a677026b6d57a3f51dc7ac4db0b4f6186d9cb330d4ee1160?s=96&d=mm&r=g","caption":"Jefferson Sterfeno"},"sameAs":["http:\/\/blogdobispo.com.br"],"url":"https:\/\/blogdobispo.com.br\/?author=1"}]}},"featured_image_urls":{"full":["https:\/\/i0.wp.com\/blogdobispo.com.br\/wp-content\/uploads\/2025\/08\/WhatsApp-Image-2025-06-04-at-19.54.22.webp?fit=830%2C468&ssl=1",830,468,false],"thumbnail":["https:\/\/i0.wp.com\/blogdobispo.com.br\/wp-content\/uploads\/2025\/08\/WhatsApp-Image-2025-06-04-at-19.54.22.webp?resize=150%2C150&ssl=1",150,150,true],"medium":["https:\/\/i0.wp.com\/blogdobispo.com.br\/wp-content\/uploads\/2025\/08\/WhatsApp-Image-2025-06-04-at-19.54.22.webp?fit=300%2C169&ssl=1",300,169,true],"medium_large":["https:\/\/i0.wp.com\/blogdobispo.com.br\/wp-content\/uploads\/2025\/08\/WhatsApp-Image-2025-06-04-at-19.54.22.webp?fit=768%2C433&ssl=1",768,433,true],"large":["https:\/\/i0.wp.com\/blogdobispo.com.br\/wp-content\/uploads\/2025\/08\/WhatsApp-Image-2025-06-04-at-19.54.22.webp?fit=800%2C451&ssl=1",800,451,true],"1536x1536":["https:\/\/i0.wp.com\/blogdobispo.com.br\/wp-content\/uploads\/2025\/08\/WhatsApp-Image-2025-06-04-at-19.54.22.webp?fit=830%2C468&ssl=1",830,468,true],"2048x2048":["https:\/\/i0.wp.com\/blogdobispo.com.br\/wp-content\/uploads\/2025\/08\/WhatsApp-Image-2025-06-04-at-19.54.22.webp?fit=830%2C468&ssl=1",830,468,true]},"author_info":{"display_name":"Jefferson Sterfeno","author_link":"https:\/\/blogdobispo.com.br\/?author=1"},"category_info":"<a href=\"https:\/\/blogdobispo.com.br\/?cat=1\" rel=\"category\">diversos<\/a>","tag_info":"diversos","comment_count":"0","jetpack_featured_media_url":"https:\/\/i0.wp.com\/blogdobispo.com.br\/wp-content\/uploads\/2025\/08\/WhatsApp-Image-2025-06-04-at-19.54.22.webp?fit=830%2C468&ssl=1","jetpack_sharing_enabled":true,"_links":{"self":[{"href":"https:\/\/blogdobispo.com.br\/index.php?rest_route=\/wp\/v2\/posts\/17253","targetHints":{"allow":["GET"]}}],"collection":[{"href":"https:\/\/blogdobispo.com.br\/index.php?rest_route=\/wp\/v2\/posts"}],"about":[{"href":"https:\/\/blogdobispo.com.br\/index.php?rest_route=\/wp\/v2\/types\/post"}],"author":[{"embeddable":true,"href":"https:\/\/blogdobispo.com.br\/index.php?rest_route=\/wp\/v2\/users\/1"}],"replies":[{"embeddable":true,"href":"https:\/\/blogdobispo.com.br\/index.php?rest_route=%2Fwp%2Fv2%2Fcomments&post=17253"}],"version-history":[{"count":1,"href":"https:\/\/blogdobispo.com.br\/index.php?rest_route=\/wp\/v2\/posts\/17253\/revisions"}],"predecessor-version":[{"id":17255,"href":"https:\/\/blogdobispo.com.br\/index.php?rest_route=\/wp\/v2\/posts\/17253\/revisions\/17255"}],"wp:featuredmedia":[{"embeddable":true,"href":"https:\/\/blogdobispo.com.br\/index.php?rest_route=\/wp\/v2\/media\/17254"}],"wp:attachment":[{"href":"https:\/\/blogdobispo.com.br\/index.php?rest_route=%2Fwp%2Fv2%2Fmedia&parent=17253"}],"wp:term":[{"taxonomy":"category","embeddable":true,"href":"https:\/\/blogdobispo.com.br\/index.php?rest_route=%2Fwp%2Fv2%2Fcategories&post=17253"},{"taxonomy":"post_tag","embeddable":true,"href":"https:\/\/blogdobispo.com.br\/index.php?rest_route=%2Fwp%2Fv2%2Ftags&post=17253"}],"curies":[{"name":"wp","href":"https:\/\/api.w.org\/{rel}","templated":true}]}}