{"id":17249,"date":"2025-08-18T12:52:06","date_gmt":"2025-08-18T12:52:06","guid":{"rendered":"https:\/\/blogdobispo.com.br\/?p=17249"},"modified":"2025-08-18T12:52:06","modified_gmt":"2025-08-18T12:52:06","slug":"alrn-realiza-sessao-solene-em-homenagem-aos-110-anos-de-clubes-historicos-de-natal","status":"publish","type":"post","link":"https:\/\/blogdobispo.com.br\/?p=17249","title":{"rendered":"ALRN realiza sess\u00e3o solene em homenagem aos 110 anos de clubes hist\u00f3ricos de Natal"},"content":{"rendered":"<p>Na manh\u00e3 desta sexta-feira (15), a Assembleia Legislativa do Rio Grande do Norte promoveu uma sess\u00e3o solene especial em comemora\u00e7\u00e3o aos 110 anos de funda\u00e7\u00e3o de cinco dos mais tradicionais clubes esportivos da capital potiguar: Am\u00e9rica Futebol Clube, ABC Futebol Clube, Alecrim Futebol Clube, Centro N\u00e1utico Potengy e Sport Clube de Natal. Proposta pelo deputado estadual Hermano Morais (PV) e subscrita pelos outros 23 deputados estaduais, a solenidade foi realizada no plen\u00e1rio Deputado Cl\u00f3vis Motta e contou com a presen\u00e7a de diversas autoridades, representantes dos clubes homenageados, familiares e convidados.<\/p>\n<p>\u201cO esporte potiguar tem uma hist\u00f3ria rica e emocionante, moldada pela paix\u00e3o e dedica\u00e7\u00e3o de torcedores e atletas. Al\u00e9m da adrenalina das competi\u00e7\u00f5es, o esporte tem um poder transformador, capaz de mudar vidas, ensinar valores como disciplina e trabalho em equipe, e abrir portas para um futuro melhor. Por tudo isso, essa homenagem do nosso mandato a esses clubes t\u00e3o queridos pelo povo do nosso Estado&#8221;, declarou o parlamentar ao abrir oficialmente a cerim\u00f4nia.<\/p>\n<p>Durante a cerim\u00f4nia, foram entregues placas comemorativas aos representantes de cada clube. Receberam as honrarias o presidente do Am\u00e9rica Futebol Clube, o deputado Hermano Morais, e o ex-presidente Jucier Santos, o presidente do ABC, Lu\u00eds Eduardo Machado Pereira, o presidente do Alecrim, Josenildo Ferreira Lins, e o ex-presidente Luiz Henrique, o presidente do Centro N\u00e1utico Potengy, George Luiz da C\u00e2mara, e o vice-presidente Vald\u00e9rcio Costa, al\u00e9m do presidente do Sport Clube de Natal, Clodoaldo Cabral da Trindade J\u00fanior, acompanhado pelo presidente do conselho deliberativo, Jair Lima.<\/p>\n<p>Em um gesto de cordialidade e reconhecimento, a sess\u00e3o tamb\u00e9m abriu espa\u00e7o para que os presidentes dos clubes pudessem fazer uso da palavra e agradecer pelas homenagens prestadas. O primeiro foi o presidente do ABC Futebol Clube que agradeceu a homenagem. \u201cQue a gente possa, diante da dificuldade que \u00e9 fazer futebol e esporte em nosso Estado, sempre estar mantendo viva a hist\u00f3ria dessas pessoas, desses clubes e desses abnegados que tocam com amor, carinho e com senso de responsabilidade, a hist\u00f3ria desses clubes com tanta hist\u00f3ria em nosso Rio Grande do Norte. Obrigada!\u201d, disse Lu\u00eds Eduardo Machado Pereira. O segundo foi o presidente do Alecrim Josenildo Ferreira Lins \u201cUm momento importante para nosso time\u201d, resumiu. Na sequ\u00eancia, o vice-presidente do Centro N\u00e1utico Potengy, Vald\u00e9rcio Costa fez um breve resumo da hist\u00f3ria do clube e tamb\u00e9m agradeceu \u201cHoje \u00e9 um dia especial para todos n\u00f3s que amamos o futebol potiguar\u201d, agradeceu. Por fim, o presidente do Sport Clube de Natal, Clodoaldo Cabral da Trindade J\u00fanior destacou \u201cReceber essa homenagem para a hist\u00f3ria do RN \u00e9 motivo de emo\u00e7\u00e3o. Um reconhecimento a todos que h\u00e1 mais de um s\u00e9culo, os clubes centen\u00e1rios chegassem aqui com tanta vitalidade e com um grande poder transformador\u201d, finalizou.<\/p>\n<p>A mesa dos trabalhos foi composta por autoridades estaduais e municipais, entre elas o subsecret\u00e1rio da Secretaria Estadual da Educa\u00e7\u00e3o, da Cultura, do Esporte e do Lazer, J\u00falio Cezar Nunes J\u00fanior &#8211; representando a governadora F\u00e1tima Bezerra, a vice-prefeita de Natal &#8211; Joanna Guerra, a desembargadora Isaura Maria Barbalho Simonetti, vice-presidente do TRT da 21\u00aa Regi\u00e3o, o vice-presidente da CBF, Jos\u00e9 Vanildo da Silva, o presidente da Confedera\u00e7\u00e3o Brasileira de Remo (CBR), Luiz Felipe Silva e o vereador de Natal, Pedro Henrique, representando o presidente da C\u00e2mara Municipal de Natal.<\/p>\n<p><strong class=\"title-new\"><a class=\"btn-album-noticia\" href=\"https:\/\/www.al.rn.leg.br\/album\/8095\/al-sessao-solene-em-homenagem-aos-110-anos-do-abc-do-alecrim-do-america-do-centro-nautico-potengy-e-do-sport-clube-de-natal-15082025-ft-joao-gilberto\">\u00c1lbum de fotos<\/a><\/strong><img data-recalc-dims=\"1\" fetchpriority=\"high\" decoding=\"async\" class=\"alignnone size-medium wp-image-17250\" src=\"https:\/\/i0.wp.com\/blogdobispo.com.br\/wp-content\/uploads\/2025\/08\/13qrsuKWP32yyRWrs2BaZlOwuxap9pqc793tiLSv.jpg?resize=300%2C200\" alt=\"\" width=\"300\" height=\"200\" srcset=\"https:\/\/i0.wp.com\/blogdobispo.com.br\/wp-content\/uploads\/2025\/08\/13qrsuKWP32yyRWrs2BaZlOwuxap9pqc793tiLSv-scaled.jpg?resize=300%2C200&amp;ssl=1 300w, https:\/\/i0.wp.com\/blogdobispo.com.br\/wp-content\/uploads\/2025\/08\/13qrsuKWP32yyRWrs2BaZlOwuxap9pqc793tiLSv-scaled.jpg?resize=1024%2C683&amp;ssl=1 1024w, https:\/\/i0.wp.com\/blogdobispo.com.br\/wp-content\/uploads\/2025\/08\/13qrsuKWP32yyRWrs2BaZlOwuxap9pqc793tiLSv-scaled.jpg?resize=768%2C512&amp;ssl=1 768w, https:\/\/i0.wp.com\/blogdobispo.com.br\/wp-content\/uploads\/2025\/08\/13qrsuKWP32yyRWrs2BaZlOwuxap9pqc793tiLSv-scaled.jpg?resize=1536%2C1024&amp;ssl=1 1536w, https:\/\/i0.wp.com\/blogdobispo.com.br\/wp-content\/uploads\/2025\/08\/13qrsuKWP32yyRWrs2BaZlOwuxap9pqc793tiLSv-scaled.jpg?resize=2048%2C1365&amp;ssl=1 2048w, https:\/\/i0.wp.com\/blogdobispo.com.br\/wp-content\/uploads\/2025\/08\/13qrsuKWP32yyRWrs2BaZlOwuxap9pqc793tiLSv-scaled.jpg?w=1600 1600w, https:\/\/i0.wp.com\/blogdobispo.com.br\/wp-content\/uploads\/2025\/08\/13qrsuKWP32yyRWrs2BaZlOwuxap9pqc793tiLSv-scaled.jpg?w=2400 2400w\" sizes=\"(max-width: 300px) 100vw, 300px\" \/><\/p>\n","protected":false},"excerpt":{"rendered":"<p>Na manh\u00e3 desta sexta-feira (15), a Assembleia Legislativa do Rio Grande do Norte promoveu uma sess\u00e3o solene especial em comemora\u00e7\u00e3o aos 110 anos de funda\u00e7\u00e3o de cinco dos mais tradicionais clubes esportivos da capital potiguar: Am\u00e9rica Futebol Clube, ABC Futebol Clube, Alecrim Futebol Clube, Centro N\u00e1utico Potengy e Sport Clube de Natal. Proposta pelo deputado [&hellip;]<\/p>\n","protected":false},"author":1,"featured_media":17250,"comment_status":"open","ping_status":"open","sticky":false,"template":"","format":"standard","meta":{"cybocfi_hide_featured_image":"","_jetpack_memberships_contains_paid_content":false,"footnotes":""},"categories":[107,111],"tags":[],"class_list":["post-17249","post","type-post","status-publish","format-standard","has-post-thumbnail","hentry","category-sports","category-world"],"yoast_head":"<!-- This site is optimized with the Yoast SEO plugin v25.6 - https:\/\/yoast.com\/wordpress\/plugins\/seo\/ -->\n<title>ALRN realiza sess\u00e3o solene em homenagem aos 110 anos de clubes hist\u00f3ricos de Natal - Blog do Bispo<\/title>\n<meta name=\"robots\" content=\"index, follow, max-snippet:-1, max-image-preview:large, max-video-preview:-1\" \/>\n<link rel=\"canonical\" href=\"https:\/\/blogdobispo.com.br\/?p=17249\" \/>\n<meta property=\"og:locale\" content=\"pt_BR\" \/>\n<meta property=\"og:type\" content=\"article\" \/>\n<meta property=\"og:title\" content=\"ALRN realiza sess\u00e3o solene em homenagem aos 110 anos de clubes hist\u00f3ricos de Natal - Blog do Bispo\" \/>\n<meta property=\"og:description\" content=\"Na manh\u00e3 desta sexta-feira (15), a Assembleia Legislativa do Rio Grande do Norte promoveu uma sess\u00e3o solene especial em comemora\u00e7\u00e3o aos 110 anos de funda\u00e7\u00e3o de cinco dos mais tradicionais clubes esportivos da capital potiguar: Am\u00e9rica Futebol Clube, ABC Futebol Clube, Alecrim Futebol Clube, Centro N\u00e1utico Potengy e Sport Clube de Natal. Proposta pelo deputado [&hellip;]\" \/>\n<meta property=\"og:url\" content=\"https:\/\/blogdobispo.com.br\/?p=17249\" \/>\n<meta property=\"og:site_name\" content=\"Blog do Bispo\" \/>\n<meta property=\"article:published_time\" content=\"2025-08-18T12:52:06+00:00\" \/>\n<meta property=\"og:image\" content=\"http:\/\/blogdobispo.com.br\/wp-content\/uploads\/2025\/08\/13qrsuKWP32yyRWrs2BaZlOwuxap9pqc793tiLSv-scaled.jpg\" \/>\n\t<meta property=\"og:image:width\" content=\"2560\" \/>\n\t<meta property=\"og:image:height\" content=\"1707\" \/>\n\t<meta property=\"og:image:type\" content=\"image\/jpeg\" \/>\n<meta name=\"author\" content=\"Jefferson Sterfeno\" \/>\n<meta name=\"twitter:card\" content=\"summary_large_image\" \/>\n<meta name=\"twitter:label1\" content=\"Escrito por\" \/>\n\t<meta name=\"twitter:data1\" content=\"Jefferson Sterfeno\" \/>\n\t<meta name=\"twitter:label2\" content=\"Est. tempo de leitura\" \/>\n\t<meta name=\"twitter:data2\" content=\"4 minutos\" \/>\n<script type=\"application\/ld+json\" class=\"yoast-schema-graph\">{\"@context\":\"https:\/\/schema.org\",\"@graph\":[{\"@type\":\"Article\",\"@id\":\"https:\/\/blogdobispo.com.br\/?p=17249#article\",\"isPartOf\":{\"@id\":\"https:\/\/blogdobispo.com.br\/?p=17249\"},\"author\":{\"name\":\"Jefferson Sterfeno\",\"@id\":\"https:\/\/blogdobispo.com.br\/#\/schema\/person\/e2209cc0e6cea5c5233d033e997b373f\"},\"headline\":\"ALRN realiza sess\u00e3o solene em homenagem aos 110 anos de clubes hist\u00f3ricos de Natal\",\"datePublished\":\"2025-08-18T12:52:06+00:00\",\"mainEntityOfPage\":{\"@id\":\"https:\/\/blogdobispo.com.br\/?p=17249\"},\"wordCount\":603,\"commentCount\":0,\"publisher\":{\"@id\":\"https:\/\/blogdobispo.com.br\/#organization\"},\"image\":{\"@id\":\"https:\/\/blogdobispo.com.br\/?p=17249#primaryimage\"},\"thumbnailUrl\":\"https:\/\/i0.wp.com\/blogdobispo.com.br\/wp-content\/uploads\/2025\/08\/13qrsuKWP32yyRWrs2BaZlOwuxap9pqc793tiLSv-scaled.jpg?fit=2560%2C1707&ssl=1\",\"articleSection\":[\"Sports\",\"World\"],\"inLanguage\":\"pt-BR\",\"potentialAction\":[{\"@type\":\"CommentAction\",\"name\":\"Comment\",\"target\":[\"https:\/\/blogdobispo.com.br\/?p=17249#respond\"]}]},{\"@type\":\"WebPage\",\"@id\":\"https:\/\/blogdobispo.com.br\/?p=17249\",\"url\":\"https:\/\/blogdobispo.com.br\/?p=17249\",\"name\":\"ALRN realiza sess\u00e3o solene em homenagem aos 110 anos de clubes hist\u00f3ricos de Natal - Blog do Bispo\",\"isPartOf\":{\"@id\":\"https:\/\/blogdobispo.com.br\/#website\"},\"primaryImageOfPage\":{\"@id\":\"https:\/\/blogdobispo.com.br\/?p=17249#primaryimage\"},\"image\":{\"@id\":\"https:\/\/blogdobispo.com.br\/?p=17249#primaryimage\"},\"thumbnailUrl\":\"https:\/\/i0.wp.com\/blogdobispo.com.br\/wp-content\/uploads\/2025\/08\/13qrsuKWP32yyRWrs2BaZlOwuxap9pqc793tiLSv-scaled.jpg?fit=2560%2C1707&ssl=1\",\"datePublished\":\"2025-08-18T12:52:06+00:00\",\"breadcrumb\":{\"@id\":\"https:\/\/blogdobispo.com.br\/?p=17249#breadcrumb\"},\"inLanguage\":\"pt-BR\",\"potentialAction\":[{\"@type\":\"ReadAction\",\"target\":[\"https:\/\/blogdobispo.com.br\/?p=17249\"]}]},{\"@type\":\"ImageObject\",\"inLanguage\":\"pt-BR\",\"@id\":\"https:\/\/blogdobispo.com.br\/?p=17249#primaryimage\",\"url\":\"https:\/\/i0.wp.com\/blogdobispo.com.br\/wp-content\/uploads\/2025\/08\/13qrsuKWP32yyRWrs2BaZlOwuxap9pqc793tiLSv-scaled.jpg?fit=2560%2C1707&ssl=1\",\"contentUrl\":\"https:\/\/i0.wp.com\/blogdobispo.com.br\/wp-content\/uploads\/2025\/08\/13qrsuKWP32yyRWrs2BaZlOwuxap9pqc793tiLSv-scaled.jpg?fit=2560%2C1707&ssl=1\",\"width\":2560,\"height\":1707},{\"@type\":\"BreadcrumbList\",\"@id\":\"https:\/\/blogdobispo.com.br\/?p=17249#breadcrumb\",\"itemListElement\":[{\"@type\":\"ListItem\",\"position\":1,\"name\":\"In\u00edcio\",\"item\":\"https:\/\/blogdobispo.com.br\/\"},{\"@type\":\"ListItem\",\"position\":2,\"name\":\"ALRN realiza sess\u00e3o solene em homenagem aos 110 anos de clubes hist\u00f3ricos de Natal\"}]},{\"@type\":\"WebSite\",\"@id\":\"https:\/\/blogdobispo.com.br\/#website\",\"url\":\"https:\/\/blogdobispo.com.br\/\",\"name\":\"Blog do Bispo\",\"description\":\"Comprometido apenas com o leitor\",\"publisher\":{\"@id\":\"https:\/\/blogdobispo.com.br\/#organization\"},\"potentialAction\":[{\"@type\":\"SearchAction\",\"target\":{\"@type\":\"EntryPoint\",\"urlTemplate\":\"https:\/\/blogdobispo.com.br\/?s={search_term_string}\"},\"query-input\":{\"@type\":\"PropertyValueSpecification\",\"valueRequired\":true,\"valueName\":\"search_term_string\"}}],\"inLanguage\":\"pt-BR\"},{\"@type\":\"Organization\",\"@id\":\"https:\/\/blogdobispo.com.br\/#organization\",\"name\":\"Blog do Bispo\",\"url\":\"https:\/\/blogdobispo.com.br\/\",\"logo\":{\"@type\":\"ImageObject\",\"inLanguage\":\"pt-BR\",\"@id\":\"https:\/\/blogdobispo.com.br\/#\/schema\/logo\/image\/\",\"url\":\"http:\/\/blogdobispo.com.br\/wp-content\/uploads\/2023\/05\/cropped-headear.png\",\"contentUrl\":\"http:\/\/blogdobispo.com.br\/wp-content\/uploads\/2023\/05\/cropped-headear.png\",\"width\":1500,\"height\":399,\"caption\":\"Blog do Bispo\"},\"image\":{\"@id\":\"https:\/\/blogdobispo.com.br\/#\/schema\/logo\/image\/\"}},{\"@type\":\"Person\",\"@id\":\"https:\/\/blogdobispo.com.br\/#\/schema\/person\/e2209cc0e6cea5c5233d033e997b373f\",\"name\":\"Jefferson Sterfeno\",\"image\":{\"@type\":\"ImageObject\",\"inLanguage\":\"pt-BR\",\"@id\":\"https:\/\/blogdobispo.com.br\/#\/schema\/person\/image\/\",\"url\":\"https:\/\/secure.gravatar.com\/avatar\/0534e84764641168a677026b6d57a3f51dc7ac4db0b4f6186d9cb330d4ee1160?s=96&d=mm&r=g\",\"contentUrl\":\"https:\/\/secure.gravatar.com\/avatar\/0534e84764641168a677026b6d57a3f51dc7ac4db0b4f6186d9cb330d4ee1160?s=96&d=mm&r=g\",\"caption\":\"Jefferson Sterfeno\"},\"sameAs\":[\"http:\/\/blogdobispo.com.br\"],\"url\":\"https:\/\/blogdobispo.com.br\/?author=1\"}]}<\/script>\n<!-- \/ Yoast SEO plugin. -->","yoast_head_json":{"title":"ALRN realiza sess\u00e3o solene em homenagem aos 110 anos de clubes hist\u00f3ricos de Natal - Blog do Bispo","robots":{"index":"index","follow":"follow","max-snippet":"max-snippet:-1","max-image-preview":"max-image-preview:large","max-video-preview":"max-video-preview:-1"},"canonical":"https:\/\/blogdobispo.com.br\/?p=17249","og_locale":"pt_BR","og_type":"article","og_title":"ALRN realiza sess\u00e3o solene em homenagem aos 110 anos de clubes hist\u00f3ricos de Natal - Blog do Bispo","og_description":"Na manh\u00e3 desta sexta-feira (15), a Assembleia Legislativa do Rio Grande do Norte promoveu uma sess\u00e3o solene especial em comemora\u00e7\u00e3o aos 110 anos de funda\u00e7\u00e3o de cinco dos mais tradicionais clubes esportivos da capital potiguar: Am\u00e9rica Futebol Clube, ABC Futebol Clube, Alecrim Futebol Clube, Centro N\u00e1utico Potengy e Sport Clube de Natal. Proposta pelo deputado [&hellip;]","og_url":"https:\/\/blogdobispo.com.br\/?p=17249","og_site_name":"Blog do Bispo","article_published_time":"2025-08-18T12:52:06+00:00","og_image":[{"width":2560,"height":1707,"url":"http:\/\/blogdobispo.com.br\/wp-content\/uploads\/2025\/08\/13qrsuKWP32yyRWrs2BaZlOwuxap9pqc793tiLSv-scaled.jpg","type":"image\/jpeg"}],"author":"Jefferson Sterfeno","twitter_card":"summary_large_image","twitter_misc":{"Escrito por":"Jefferson Sterfeno","Est. tempo de leitura":"4 minutos"},"schema":{"@context":"https:\/\/schema.org","@graph":[{"@type":"Article","@id":"https:\/\/blogdobispo.com.br\/?p=17249#article","isPartOf":{"@id":"https:\/\/blogdobispo.com.br\/?p=17249"},"author":{"name":"Jefferson Sterfeno","@id":"https:\/\/blogdobispo.com.br\/#\/schema\/person\/e2209cc0e6cea5c5233d033e997b373f"},"headline":"ALRN realiza sess\u00e3o solene em homenagem aos 110 anos de clubes hist\u00f3ricos de Natal","datePublished":"2025-08-18T12:52:06+00:00","mainEntityOfPage":{"@id":"https:\/\/blogdobispo.com.br\/?p=17249"},"wordCount":603,"commentCount":0,"publisher":{"@id":"https:\/\/blogdobispo.com.br\/#organization"},"image":{"@id":"https:\/\/blogdobispo.com.br\/?p=17249#primaryimage"},"thumbnailUrl":"https:\/\/i0.wp.com\/blogdobispo.com.br\/wp-content\/uploads\/2025\/08\/13qrsuKWP32yyRWrs2BaZlOwuxap9pqc793tiLSv-scaled.jpg?fit=2560%2C1707&ssl=1","articleSection":["Sports","World"],"inLanguage":"pt-BR","potentialAction":[{"@type":"CommentAction","name":"Comment","target":["https:\/\/blogdobispo.com.br\/?p=17249#respond"]}]},{"@type":"WebPage","@id":"https:\/\/blogdobispo.com.br\/?p=17249","url":"https:\/\/blogdobispo.com.br\/?p=17249","name":"ALRN realiza sess\u00e3o solene em homenagem aos 110 anos de clubes hist\u00f3ricos de Natal - Blog do Bispo","isPartOf":{"@id":"https:\/\/blogdobispo.com.br\/#website"},"primaryImageOfPage":{"@id":"https:\/\/blogdobispo.com.br\/?p=17249#primaryimage"},"image":{"@id":"https:\/\/blogdobispo.com.br\/?p=17249#primaryimage"},"thumbnailUrl":"https:\/\/i0.wp.com\/blogdobispo.com.br\/wp-content\/uploads\/2025\/08\/13qrsuKWP32yyRWrs2BaZlOwuxap9pqc793tiLSv-scaled.jpg?fit=2560%2C1707&ssl=1","datePublished":"2025-08-18T12:52:06+00:00","breadcrumb":{"@id":"https:\/\/blogdobispo.com.br\/?p=17249#breadcrumb"},"inLanguage":"pt-BR","potentialAction":[{"@type":"ReadAction","target":["https:\/\/blogdobispo.com.br\/?p=17249"]}]},{"@type":"ImageObject","inLanguage":"pt-BR","@id":"https:\/\/blogdobispo.com.br\/?p=17249#primaryimage","url":"https:\/\/i0.wp.com\/blogdobispo.com.br\/wp-content\/uploads\/2025\/08\/13qrsuKWP32yyRWrs2BaZlOwuxap9pqc793tiLSv-scaled.jpg?fit=2560%2C1707&ssl=1","contentUrl":"https:\/\/i0.wp.com\/blogdobispo.com.br\/wp-content\/uploads\/2025\/08\/13qrsuKWP32yyRWrs2BaZlOwuxap9pqc793tiLSv-scaled.jpg?fit=2560%2C1707&ssl=1","width":2560,"height":1707},{"@type":"BreadcrumbList","@id":"https:\/\/blogdobispo.com.br\/?p=17249#breadcrumb","itemListElement":[{"@type":"ListItem","position":1,"name":"In\u00edcio","item":"https:\/\/blogdobispo.com.br\/"},{"@type":"ListItem","position":2,"name":"ALRN realiza sess\u00e3o solene em homenagem aos 110 anos de clubes hist\u00f3ricos de Natal"}]},{"@type":"WebSite","@id":"https:\/\/blogdobispo.com.br\/#website","url":"https:\/\/blogdobispo.com.br\/","name":"Blog do Bispo","description":"Comprometido apenas com o leitor","publisher":{"@id":"https:\/\/blogdobispo.com.br\/#organization"},"potentialAction":[{"@type":"SearchAction","target":{"@type":"EntryPoint","urlTemplate":"https:\/\/blogdobispo.com.br\/?s={search_term_string}"},"query-input":{"@type":"PropertyValueSpecification","valueRequired":true,"valueName":"search_term_string"}}],"inLanguage":"pt-BR"},{"@type":"Organization","@id":"https:\/\/blogdobispo.com.br\/#organization","name":"Blog do Bispo","url":"https:\/\/blogdobispo.com.br\/","logo":{"@type":"ImageObject","inLanguage":"pt-BR","@id":"https:\/\/blogdobispo.com.br\/#\/schema\/logo\/image\/","url":"http:\/\/blogdobispo.com.br\/wp-content\/uploads\/2023\/05\/cropped-headear.png","contentUrl":"http:\/\/blogdobispo.com.br\/wp-content\/uploads\/2023\/05\/cropped-headear.png","width":1500,"height":399,"caption":"Blog do Bispo"},"image":{"@id":"https:\/\/blogdobispo.com.br\/#\/schema\/logo\/image\/"}},{"@type":"Person","@id":"https:\/\/blogdobispo.com.br\/#\/schema\/person\/e2209cc0e6cea5c5233d033e997b373f","name":"Jefferson Sterfeno","image":{"@type":"ImageObject","inLanguage":"pt-BR","@id":"https:\/\/blogdobispo.com.br\/#\/schema\/person\/image\/","url":"https:\/\/secure.gravatar.com\/avatar\/0534e84764641168a677026b6d57a3f51dc7ac4db0b4f6186d9cb330d4ee1160?s=96&d=mm&r=g","contentUrl":"https:\/\/secure.gravatar.com\/avatar\/0534e84764641168a677026b6d57a3f51dc7ac4db0b4f6186d9cb330d4ee1160?s=96&d=mm&r=g","caption":"Jefferson Sterfeno"},"sameAs":["http:\/\/blogdobispo.com.br"],"url":"https:\/\/blogdobispo.com.br\/?author=1"}]}},"featured_image_urls":{"full":["https:\/\/i0.wp.com\/blogdobispo.com.br\/wp-content\/uploads\/2025\/08\/13qrsuKWP32yyRWrs2BaZlOwuxap9pqc793tiLSv-scaled.jpg?fit=2560%2C1707&ssl=1",2560,1707,false],"thumbnail":["https:\/\/i0.wp.com\/blogdobispo.com.br\/wp-content\/uploads\/2025\/08\/13qrsuKWP32yyRWrs2BaZlOwuxap9pqc793tiLSv-scaled.jpg?resize=150%2C150&ssl=1",150,150,true],"medium":["https:\/\/i0.wp.com\/blogdobispo.com.br\/wp-content\/uploads\/2025\/08\/13qrsuKWP32yyRWrs2BaZlOwuxap9pqc793tiLSv-scaled.jpg?fit=300%2C200&ssl=1",300,200,true],"medium_large":["https:\/\/i0.wp.com\/blogdobispo.com.br\/wp-content\/uploads\/2025\/08\/13qrsuKWP32yyRWrs2BaZlOwuxap9pqc793tiLSv-scaled.jpg?fit=768%2C512&ssl=1",768,512,true],"large":["https:\/\/i0.wp.com\/blogdobispo.com.br\/wp-content\/uploads\/2025\/08\/13qrsuKWP32yyRWrs2BaZlOwuxap9pqc793tiLSv-scaled.jpg?fit=800%2C534&ssl=1",800,534,true],"1536x1536":["https:\/\/i0.wp.com\/blogdobispo.com.br\/wp-content\/uploads\/2025\/08\/13qrsuKWP32yyRWrs2BaZlOwuxap9pqc793tiLSv-scaled.jpg?fit=1536%2C1024&ssl=1",1536,1024,true],"2048x2048":["https:\/\/i0.wp.com\/blogdobispo.com.br\/wp-content\/uploads\/2025\/08\/13qrsuKWP32yyRWrs2BaZlOwuxap9pqc793tiLSv-scaled.jpg?fit=2048%2C1365&ssl=1",2048,1365,true]},"author_info":{"display_name":"Jefferson Sterfeno","author_link":"https:\/\/blogdobispo.com.br\/?author=1"},"category_info":"<a href=\"https:\/\/blogdobispo.com.br\/?cat=107\" rel=\"category\">Sports<\/a> <a href=\"https:\/\/blogdobispo.com.br\/?cat=111\" rel=\"category\">World<\/a>","tag_info":"World","comment_count":"0","jetpack_featured_media_url":"https:\/\/i0.wp.com\/blogdobispo.com.br\/wp-content\/uploads\/2025\/08\/13qrsuKWP32yyRWrs2BaZlOwuxap9pqc793tiLSv-scaled.jpg?fit=2560%2C1707&ssl=1","jetpack_sharing_enabled":true,"_links":{"self":[{"href":"https:\/\/blogdobispo.com.br\/index.php?rest_route=\/wp\/v2\/posts\/17249","targetHints":{"allow":["GET"]}}],"collection":[{"href":"https:\/\/blogdobispo.com.br\/index.php?rest_route=\/wp\/v2\/posts"}],"about":[{"href":"https:\/\/blogdobispo.com.br\/index.php?rest_route=\/wp\/v2\/types\/post"}],"author":[{"embeddable":true,"href":"https:\/\/blogdobispo.com.br\/index.php?rest_route=\/wp\/v2\/users\/1"}],"replies":[{"embeddable":true,"href":"https:\/\/blogdobispo.com.br\/index.php?rest_route=%2Fwp%2Fv2%2Fcomments&post=17249"}],"version-history":[{"count":1,"href":"https:\/\/blogdobispo.com.br\/index.php?rest_route=\/wp\/v2\/posts\/17249\/revisions"}],"predecessor-version":[{"id":17252,"href":"https:\/\/blogdobispo.com.br\/index.php?rest_route=\/wp\/v2\/posts\/17249\/revisions\/17252"}],"wp:featuredmedia":[{"embeddable":true,"href":"https:\/\/blogdobispo.com.br\/index.php?rest_route=\/wp\/v2\/media\/17250"}],"wp:attachment":[{"href":"https:\/\/blogdobispo.com.br\/index.php?rest_route=%2Fwp%2Fv2%2Fmedia&parent=17249"}],"wp:term":[{"taxonomy":"category","embeddable":true,"href":"https:\/\/blogdobispo.com.br\/index.php?rest_route=%2Fwp%2Fv2%2Fcategories&post=17249"},{"taxonomy":"post_tag","embeddable":true,"href":"https:\/\/blogdobispo.com.br\/index.php?rest_route=%2Fwp%2Fv2%2Ftags&post=17249"}],"curies":[{"name":"wp","href":"https:\/\/api.w.org\/{rel}","templated":true}]}}