{"id":17246,"date":"2025-08-18T12:50:01","date_gmt":"2025-08-18T12:50:01","guid":{"rendered":"https:\/\/blogdobispo.com.br\/?p=17246"},"modified":"2025-08-18T12:50:01","modified_gmt":"2025-08-18T12:50:01","slug":"bruno-araujo-de-costas-para-a-historia-natal-e-o-descaso-com-sua-propria-memoria","status":"publish","type":"post","link":"https:\/\/blogdobispo.com.br\/?p=17246","title":{"rendered":"Bruno Ara\u00fajo: De costas para a hist\u00f3ria: Natal e o descaso com sua pr\u00f3pria mem\u00f3ria"},"content":{"rendered":"<p>Somos hist\u00f3ria. Do dia que nascemos ao dia que morremos, a \u00fanica coisa que nos une \u00e9 o fato de que constru\u00edmos hist\u00f3ria. Algumas conectam mais pessoas \u2013 por vezes, milh\u00f5es. Outras, apenas um pequeno grupo contado em uma m\u00e3o espalmada. Algo que fortalece a constru\u00e7\u00e3o hist\u00f3rica \u00e9 o cen\u00e1rio em que ela acontece. Um olhar e a mem\u00f3ria ativa a reconex\u00e3o com o fato ali protagonizado. Aqui em Natal, curiosamente, os olhos est\u00e3o permanentemente fechados para a hist\u00f3ria. A luz incandescente do Sol, a areia branca do litoral e o calor das \u00e1guas do Atl\u00e2ntico parecem eclipsar as tentativas de valoriza\u00e7\u00e3o de algo diferente do natural.<\/p>\n<p>Parece que o natalense vive em seu pr\u00f3prio mito da caverna ao virar as costas para hist\u00f3ria que ningu\u00e9m faz esfor\u00e7o em contar, mesmo que ela esteja ao alcance do olhar pela janela do \u00f4nibus, do carro ou do simples gesto de olhar para o lado. A Fortaleza dos Reis Magos, um monumento que resistiu \u00e0 for\u00e7a das batalhas, claudica sua caminhada por aten\u00e7\u00e3o e um acesso digno. A partir dela, abre-se a possibilidade de contar a cidade e seu nascimento. Pelas ruas, ladeiras e vielas de Santos Reis, Rocas, Ribeira e Centro, a Col\u00f4nia poderia ganhar vida aos olhos contempor\u00e2neos. Tempos mais modernos \u2013 e b\u00e9licos \u2013 tamb\u00e9m. A Segunda Guerra Mundial e a conex\u00e3o com o Trampolim da Vit\u00f3ria que veio em outro continente tamb\u00e9m tem seu valor.<\/p>\n<div class=\"contentnotice\">\n<p>Os artistas, a arquitetura, a gastronomia, a m\u00fasica e a literatura gritam e encontram o vazio de iniciativas fugazes, como dunas que mudam de lugar ao sabor do vento. Mesmo o perene Potengi que banha a cidade n\u00e3o \u00e9 capaz de refletir nada al\u00e9m da ignor\u00e2ncia de quem desconhece o passado e a luta de quem veio antes para que viv\u00eassemos hoje. Constrange imaginar que Get\u00falio Vargas e Franklin D. Roosevelt puderam se encontrar em Natal, mas o pr\u00f3prio natalense n\u00e3o consegue se achar em sua pr\u00f3pria hist\u00f3ria. Talvez falte autoestima para enaltecer a si justamente por n\u00e3o reconhecer o valor daquilo que somos e do que nos constitui.<\/p>\n<p>Todos os dias, sa\u00edmos de casa para viver a hist\u00f3ria. Em algum momento do seu dia, em Natal, a \u201cCidade do Sol\u201d, voc\u00ea cruzou com uma pe\u00e7a relevante de um quebra-cabe\u00e7a cuja montagem foi iniciada s\u00e9culos atr\u00e1s e nem se deu conta. O sil\u00eancio impera pela morda\u00e7a da mediocridade atada fortemente pelo descaso com o passado. Mas o presente \u00e9 uma d\u00e1diva e, talvez por isso, tenha esse nome. Ao contr\u00e1rio do passado, imut\u00e1vel, o momento em que se vive permite mudar o rumo das coisas. A incerteza do futuro \u00e9 o que nos d\u00e1 esperan\u00e7a de que, um dia, seremos mais do que Sol e mar, seremos natalenses orgulhosos de contar do que somos feitos, de contar nossa hist\u00f3ria.<\/p>\n<p>Bruno Ara\u00fajo na Coluna AGORA RN<\/p>\n<p>&nbsp;<\/p>\n<\/div>\n<div class=\"row\">\n<div class=\"col-md-12\"><img data-recalc-dims=\"1\" fetchpriority=\"high\" decoding=\"async\" class=\"alignnone size-medium wp-image-17247\" src=\"https:\/\/i0.wp.com\/blogdobispo.com.br\/wp-content\/uploads\/2025\/08\/Fortaleza-dos-Reis-Magos-Forte-15-scaled-e1755225940995-830x468.jpg.webp?resize=300%2C169\" alt=\"\" width=\"300\" height=\"169\" srcset=\"https:\/\/i0.wp.com\/blogdobispo.com.br\/wp-content\/uploads\/2025\/08\/Fortaleza-dos-Reis-Magos-Forte-15-scaled-e1755225940995-830x468.jpg.webp?resize=300%2C169&amp;ssl=1 300w, https:\/\/i0.wp.com\/blogdobispo.com.br\/wp-content\/uploads\/2025\/08\/Fortaleza-dos-Reis-Magos-Forte-15-scaled-e1755225940995-830x468.jpg.webp?resize=768%2C433&amp;ssl=1 768w, https:\/\/i0.wp.com\/blogdobispo.com.br\/wp-content\/uploads\/2025\/08\/Fortaleza-dos-Reis-Magos-Forte-15-scaled-e1755225940995-830x468.jpg.webp?w=830&amp;ssl=1 830w\" sizes=\"(max-width: 300px) 100vw, 300px\" \/><\/div>\n<\/div>\n","protected":false},"excerpt":{"rendered":"<p>Somos hist\u00f3ria. Do dia que nascemos ao dia que morremos, a \u00fanica coisa que nos une \u00e9 o fato de que constru\u00edmos hist\u00f3ria. Algumas conectam mais pessoas \u2013 por vezes, milh\u00f5es. Outras, apenas um pequeno grupo contado em uma m\u00e3o espalmada. Algo que fortalece a constru\u00e7\u00e3o hist\u00f3rica \u00e9 o cen\u00e1rio em que ela acontece. Um [&hellip;]<\/p>\n","protected":false},"author":1,"featured_media":17247,"comment_status":"open","ping_status":"open","sticky":false,"template":"","format":"standard","meta":{"cybocfi_hide_featured_image":"","_jetpack_memberships_contains_paid_content":false,"footnotes":""},"categories":[12],"tags":[],"class_list":["post-17246","post","type-post","status-publish","format-standard","has-post-thumbnail","hentry","category-cidadania"],"yoast_head":"<!-- This site is optimized with the Yoast SEO plugin v25.6 - https:\/\/yoast.com\/wordpress\/plugins\/seo\/ -->\n<title>Bruno Ara\u00fajo: De costas para a hist\u00f3ria: Natal e o descaso com sua pr\u00f3pria mem\u00f3ria - Blog do Bispo<\/title>\n<meta name=\"robots\" content=\"index, follow, max-snippet:-1, max-image-preview:large, max-video-preview:-1\" \/>\n<link rel=\"canonical\" href=\"https:\/\/blogdobispo.com.br\/?p=17246\" \/>\n<meta property=\"og:locale\" content=\"pt_BR\" \/>\n<meta property=\"og:type\" content=\"article\" \/>\n<meta property=\"og:title\" content=\"Bruno Ara\u00fajo: De costas para a hist\u00f3ria: Natal e o descaso com sua pr\u00f3pria mem\u00f3ria - Blog do Bispo\" \/>\n<meta property=\"og:description\" content=\"Somos hist\u00f3ria. Do dia que nascemos ao dia que morremos, a \u00fanica coisa que nos une \u00e9 o fato de que constru\u00edmos hist\u00f3ria. Algumas conectam mais pessoas \u2013 por vezes, milh\u00f5es. Outras, apenas um pequeno grupo contado em uma m\u00e3o espalmada. Algo que fortalece a constru\u00e7\u00e3o hist\u00f3rica \u00e9 o cen\u00e1rio em que ela acontece. Um [&hellip;]\" \/>\n<meta property=\"og:url\" content=\"https:\/\/blogdobispo.com.br\/?p=17246\" \/>\n<meta property=\"og:site_name\" content=\"Blog do Bispo\" \/>\n<meta property=\"article:published_time\" content=\"2025-08-18T12:50:01+00:00\" \/>\n<meta property=\"og:image\" content=\"http:\/\/blogdobispo.com.br\/wp-content\/uploads\/2025\/08\/Fortaleza-dos-Reis-Magos-Forte-15-scaled-e1755225940995-830x468.jpg.webp\" \/>\n\t<meta property=\"og:image:width\" content=\"830\" \/>\n\t<meta property=\"og:image:height\" content=\"468\" \/>\n\t<meta property=\"og:image:type\" content=\"image\/webp\" \/>\n<meta name=\"author\" content=\"Jefferson Sterfeno\" \/>\n<meta name=\"twitter:card\" content=\"summary_large_image\" \/>\n<meta name=\"twitter:label1\" content=\"Escrito por\" \/>\n\t<meta name=\"twitter:data1\" content=\"Jefferson Sterfeno\" \/>\n\t<meta name=\"twitter:label2\" content=\"Est. tempo de leitura\" \/>\n\t<meta name=\"twitter:data2\" content=\"3 minutos\" \/>\n<script type=\"application\/ld+json\" class=\"yoast-schema-graph\">{\"@context\":\"https:\/\/schema.org\",\"@graph\":[{\"@type\":\"Article\",\"@id\":\"https:\/\/blogdobispo.com.br\/?p=17246#article\",\"isPartOf\":{\"@id\":\"https:\/\/blogdobispo.com.br\/?p=17246\"},\"author\":{\"name\":\"Jefferson Sterfeno\",\"@id\":\"https:\/\/blogdobispo.com.br\/#\/schema\/person\/e2209cc0e6cea5c5233d033e997b373f\"},\"headline\":\"Bruno Ara\u00fajo: De costas para a hist\u00f3ria: Natal e o descaso com sua pr\u00f3pria mem\u00f3ria\",\"datePublished\":\"2025-08-18T12:50:01+00:00\",\"mainEntityOfPage\":{\"@id\":\"https:\/\/blogdobispo.com.br\/?p=17246\"},\"wordCount\":535,\"commentCount\":0,\"publisher\":{\"@id\":\"https:\/\/blogdobispo.com.br\/#organization\"},\"image\":{\"@id\":\"https:\/\/blogdobispo.com.br\/?p=17246#primaryimage\"},\"thumbnailUrl\":\"https:\/\/i0.wp.com\/blogdobispo.com.br\/wp-content\/uploads\/2025\/08\/Fortaleza-dos-Reis-Magos-Forte-15-scaled-e1755225940995-830x468.jpg.webp?fit=830%2C468&ssl=1\",\"articleSection\":[\"Cidadania\"],\"inLanguage\":\"pt-BR\",\"potentialAction\":[{\"@type\":\"CommentAction\",\"name\":\"Comment\",\"target\":[\"https:\/\/blogdobispo.com.br\/?p=17246#respond\"]}]},{\"@type\":\"WebPage\",\"@id\":\"https:\/\/blogdobispo.com.br\/?p=17246\",\"url\":\"https:\/\/blogdobispo.com.br\/?p=17246\",\"name\":\"Bruno Ara\u00fajo: De costas para a hist\u00f3ria: Natal e o descaso com sua pr\u00f3pria mem\u00f3ria - Blog do Bispo\",\"isPartOf\":{\"@id\":\"https:\/\/blogdobispo.com.br\/#website\"},\"primaryImageOfPage\":{\"@id\":\"https:\/\/blogdobispo.com.br\/?p=17246#primaryimage\"},\"image\":{\"@id\":\"https:\/\/blogdobispo.com.br\/?p=17246#primaryimage\"},\"thumbnailUrl\":\"https:\/\/i0.wp.com\/blogdobispo.com.br\/wp-content\/uploads\/2025\/08\/Fortaleza-dos-Reis-Magos-Forte-15-scaled-e1755225940995-830x468.jpg.webp?fit=830%2C468&ssl=1\",\"datePublished\":\"2025-08-18T12:50:01+00:00\",\"breadcrumb\":{\"@id\":\"https:\/\/blogdobispo.com.br\/?p=17246#breadcrumb\"},\"inLanguage\":\"pt-BR\",\"potentialAction\":[{\"@type\":\"ReadAction\",\"target\":[\"https:\/\/blogdobispo.com.br\/?p=17246\"]}]},{\"@type\":\"ImageObject\",\"inLanguage\":\"pt-BR\",\"@id\":\"https:\/\/blogdobispo.com.br\/?p=17246#primaryimage\",\"url\":\"https:\/\/i0.wp.com\/blogdobispo.com.br\/wp-content\/uploads\/2025\/08\/Fortaleza-dos-Reis-Magos-Forte-15-scaled-e1755225940995-830x468.jpg.webp?fit=830%2C468&ssl=1\",\"contentUrl\":\"https:\/\/i0.wp.com\/blogdobispo.com.br\/wp-content\/uploads\/2025\/08\/Fortaleza-dos-Reis-Magos-Forte-15-scaled-e1755225940995-830x468.jpg.webp?fit=830%2C468&ssl=1\",\"width\":830,\"height\":468},{\"@type\":\"BreadcrumbList\",\"@id\":\"https:\/\/blogdobispo.com.br\/?p=17246#breadcrumb\",\"itemListElement\":[{\"@type\":\"ListItem\",\"position\":1,\"name\":\"In\u00edcio\",\"item\":\"https:\/\/blogdobispo.com.br\/\"},{\"@type\":\"ListItem\",\"position\":2,\"name\":\"Bruno Ara\u00fajo: De costas para a hist\u00f3ria: Natal e o descaso com sua pr\u00f3pria mem\u00f3ria\"}]},{\"@type\":\"WebSite\",\"@id\":\"https:\/\/blogdobispo.com.br\/#website\",\"url\":\"https:\/\/blogdobispo.com.br\/\",\"name\":\"Blog do Bispo\",\"description\":\"Comprometido apenas com o leitor\",\"publisher\":{\"@id\":\"https:\/\/blogdobispo.com.br\/#organization\"},\"potentialAction\":[{\"@type\":\"SearchAction\",\"target\":{\"@type\":\"EntryPoint\",\"urlTemplate\":\"https:\/\/blogdobispo.com.br\/?s={search_term_string}\"},\"query-input\":{\"@type\":\"PropertyValueSpecification\",\"valueRequired\":true,\"valueName\":\"search_term_string\"}}],\"inLanguage\":\"pt-BR\"},{\"@type\":\"Organization\",\"@id\":\"https:\/\/blogdobispo.com.br\/#organization\",\"name\":\"Blog do Bispo\",\"url\":\"https:\/\/blogdobispo.com.br\/\",\"logo\":{\"@type\":\"ImageObject\",\"inLanguage\":\"pt-BR\",\"@id\":\"https:\/\/blogdobispo.com.br\/#\/schema\/logo\/image\/\",\"url\":\"http:\/\/blogdobispo.com.br\/wp-content\/uploads\/2023\/05\/cropped-headear.png\",\"contentUrl\":\"http:\/\/blogdobispo.com.br\/wp-content\/uploads\/2023\/05\/cropped-headear.png\",\"width\":1500,\"height\":399,\"caption\":\"Blog do Bispo\"},\"image\":{\"@id\":\"https:\/\/blogdobispo.com.br\/#\/schema\/logo\/image\/\"}},{\"@type\":\"Person\",\"@id\":\"https:\/\/blogdobispo.com.br\/#\/schema\/person\/e2209cc0e6cea5c5233d033e997b373f\",\"name\":\"Jefferson Sterfeno\",\"image\":{\"@type\":\"ImageObject\",\"inLanguage\":\"pt-BR\",\"@id\":\"https:\/\/blogdobispo.com.br\/#\/schema\/person\/image\/\",\"url\":\"https:\/\/secure.gravatar.com\/avatar\/0534e84764641168a677026b6d57a3f51dc7ac4db0b4f6186d9cb330d4ee1160?s=96&d=mm&r=g\",\"contentUrl\":\"https:\/\/secure.gravatar.com\/avatar\/0534e84764641168a677026b6d57a3f51dc7ac4db0b4f6186d9cb330d4ee1160?s=96&d=mm&r=g\",\"caption\":\"Jefferson Sterfeno\"},\"sameAs\":[\"http:\/\/blogdobispo.com.br\"],\"url\":\"https:\/\/blogdobispo.com.br\/?author=1\"}]}<\/script>\n<!-- \/ Yoast SEO plugin. -->","yoast_head_json":{"title":"Bruno Ara\u00fajo: De costas para a hist\u00f3ria: Natal e o descaso com sua pr\u00f3pria mem\u00f3ria - Blog do Bispo","robots":{"index":"index","follow":"follow","max-snippet":"max-snippet:-1","max-image-preview":"max-image-preview:large","max-video-preview":"max-video-preview:-1"},"canonical":"https:\/\/blogdobispo.com.br\/?p=17246","og_locale":"pt_BR","og_type":"article","og_title":"Bruno Ara\u00fajo: De costas para a hist\u00f3ria: Natal e o descaso com sua pr\u00f3pria mem\u00f3ria - Blog do Bispo","og_description":"Somos hist\u00f3ria. Do dia que nascemos ao dia que morremos, a \u00fanica coisa que nos une \u00e9 o fato de que constru\u00edmos hist\u00f3ria. Algumas conectam mais pessoas \u2013 por vezes, milh\u00f5es. Outras, apenas um pequeno grupo contado em uma m\u00e3o espalmada. Algo que fortalece a constru\u00e7\u00e3o hist\u00f3rica \u00e9 o cen\u00e1rio em que ela acontece. Um [&hellip;]","og_url":"https:\/\/blogdobispo.com.br\/?p=17246","og_site_name":"Blog do Bispo","article_published_time":"2025-08-18T12:50:01+00:00","og_image":[{"width":830,"height":468,"url":"http:\/\/blogdobispo.com.br\/wp-content\/uploads\/2025\/08\/Fortaleza-dos-Reis-Magos-Forte-15-scaled-e1755225940995-830x468.jpg.webp","type":"image\/webp"}],"author":"Jefferson Sterfeno","twitter_card":"summary_large_image","twitter_misc":{"Escrito por":"Jefferson Sterfeno","Est. tempo de leitura":"3 minutos"},"schema":{"@context":"https:\/\/schema.org","@graph":[{"@type":"Article","@id":"https:\/\/blogdobispo.com.br\/?p=17246#article","isPartOf":{"@id":"https:\/\/blogdobispo.com.br\/?p=17246"},"author":{"name":"Jefferson Sterfeno","@id":"https:\/\/blogdobispo.com.br\/#\/schema\/person\/e2209cc0e6cea5c5233d033e997b373f"},"headline":"Bruno Ara\u00fajo: De costas para a hist\u00f3ria: Natal e o descaso com sua pr\u00f3pria mem\u00f3ria","datePublished":"2025-08-18T12:50:01+00:00","mainEntityOfPage":{"@id":"https:\/\/blogdobispo.com.br\/?p=17246"},"wordCount":535,"commentCount":0,"publisher":{"@id":"https:\/\/blogdobispo.com.br\/#organization"},"image":{"@id":"https:\/\/blogdobispo.com.br\/?p=17246#primaryimage"},"thumbnailUrl":"https:\/\/i0.wp.com\/blogdobispo.com.br\/wp-content\/uploads\/2025\/08\/Fortaleza-dos-Reis-Magos-Forte-15-scaled-e1755225940995-830x468.jpg.webp?fit=830%2C468&ssl=1","articleSection":["Cidadania"],"inLanguage":"pt-BR","potentialAction":[{"@type":"CommentAction","name":"Comment","target":["https:\/\/blogdobispo.com.br\/?p=17246#respond"]}]},{"@type":"WebPage","@id":"https:\/\/blogdobispo.com.br\/?p=17246","url":"https:\/\/blogdobispo.com.br\/?p=17246","name":"Bruno Ara\u00fajo: De costas para a hist\u00f3ria: Natal e o descaso com sua pr\u00f3pria mem\u00f3ria - Blog do Bispo","isPartOf":{"@id":"https:\/\/blogdobispo.com.br\/#website"},"primaryImageOfPage":{"@id":"https:\/\/blogdobispo.com.br\/?p=17246#primaryimage"},"image":{"@id":"https:\/\/blogdobispo.com.br\/?p=17246#primaryimage"},"thumbnailUrl":"https:\/\/i0.wp.com\/blogdobispo.com.br\/wp-content\/uploads\/2025\/08\/Fortaleza-dos-Reis-Magos-Forte-15-scaled-e1755225940995-830x468.jpg.webp?fit=830%2C468&ssl=1","datePublished":"2025-08-18T12:50:01+00:00","breadcrumb":{"@id":"https:\/\/blogdobispo.com.br\/?p=17246#breadcrumb"},"inLanguage":"pt-BR","potentialAction":[{"@type":"ReadAction","target":["https:\/\/blogdobispo.com.br\/?p=17246"]}]},{"@type":"ImageObject","inLanguage":"pt-BR","@id":"https:\/\/blogdobispo.com.br\/?p=17246#primaryimage","url":"https:\/\/i0.wp.com\/blogdobispo.com.br\/wp-content\/uploads\/2025\/08\/Fortaleza-dos-Reis-Magos-Forte-15-scaled-e1755225940995-830x468.jpg.webp?fit=830%2C468&ssl=1","contentUrl":"https:\/\/i0.wp.com\/blogdobispo.com.br\/wp-content\/uploads\/2025\/08\/Fortaleza-dos-Reis-Magos-Forte-15-scaled-e1755225940995-830x468.jpg.webp?fit=830%2C468&ssl=1","width":830,"height":468},{"@type":"BreadcrumbList","@id":"https:\/\/blogdobispo.com.br\/?p=17246#breadcrumb","itemListElement":[{"@type":"ListItem","position":1,"name":"In\u00edcio","item":"https:\/\/blogdobispo.com.br\/"},{"@type":"ListItem","position":2,"name":"Bruno Ara\u00fajo: De costas para a hist\u00f3ria: Natal e o descaso com sua pr\u00f3pria mem\u00f3ria"}]},{"@type":"WebSite","@id":"https:\/\/blogdobispo.com.br\/#website","url":"https:\/\/blogdobispo.com.br\/","name":"Blog do Bispo","description":"Comprometido apenas com o leitor","publisher":{"@id":"https:\/\/blogdobispo.com.br\/#organization"},"potentialAction":[{"@type":"SearchAction","target":{"@type":"EntryPoint","urlTemplate":"https:\/\/blogdobispo.com.br\/?s={search_term_string}"},"query-input":{"@type":"PropertyValueSpecification","valueRequired":true,"valueName":"search_term_string"}}],"inLanguage":"pt-BR"},{"@type":"Organization","@id":"https:\/\/blogdobispo.com.br\/#organization","name":"Blog do Bispo","url":"https:\/\/blogdobispo.com.br\/","logo":{"@type":"ImageObject","inLanguage":"pt-BR","@id":"https:\/\/blogdobispo.com.br\/#\/schema\/logo\/image\/","url":"http:\/\/blogdobispo.com.br\/wp-content\/uploads\/2023\/05\/cropped-headear.png","contentUrl":"http:\/\/blogdobispo.com.br\/wp-content\/uploads\/2023\/05\/cropped-headear.png","width":1500,"height":399,"caption":"Blog do Bispo"},"image":{"@id":"https:\/\/blogdobispo.com.br\/#\/schema\/logo\/image\/"}},{"@type":"Person","@id":"https:\/\/blogdobispo.com.br\/#\/schema\/person\/e2209cc0e6cea5c5233d033e997b373f","name":"Jefferson Sterfeno","image":{"@type":"ImageObject","inLanguage":"pt-BR","@id":"https:\/\/blogdobispo.com.br\/#\/schema\/person\/image\/","url":"https:\/\/secure.gravatar.com\/avatar\/0534e84764641168a677026b6d57a3f51dc7ac4db0b4f6186d9cb330d4ee1160?s=96&d=mm&r=g","contentUrl":"https:\/\/secure.gravatar.com\/avatar\/0534e84764641168a677026b6d57a3f51dc7ac4db0b4f6186d9cb330d4ee1160?s=96&d=mm&r=g","caption":"Jefferson Sterfeno"},"sameAs":["http:\/\/blogdobispo.com.br"],"url":"https:\/\/blogdobispo.com.br\/?author=1"}]}},"featured_image_urls":{"full":["https:\/\/i0.wp.com\/blogdobispo.com.br\/wp-content\/uploads\/2025\/08\/Fortaleza-dos-Reis-Magos-Forte-15-scaled-e1755225940995-830x468.jpg.webp?fit=830%2C468&ssl=1",830,468,false],"thumbnail":["https:\/\/i0.wp.com\/blogdobispo.com.br\/wp-content\/uploads\/2025\/08\/Fortaleza-dos-Reis-Magos-Forte-15-scaled-e1755225940995-830x468.jpg.webp?resize=150%2C150&ssl=1",150,150,true],"medium":["https:\/\/i0.wp.com\/blogdobispo.com.br\/wp-content\/uploads\/2025\/08\/Fortaleza-dos-Reis-Magos-Forte-15-scaled-e1755225940995-830x468.jpg.webp?fit=300%2C169&ssl=1",300,169,true],"medium_large":["https:\/\/i0.wp.com\/blogdobispo.com.br\/wp-content\/uploads\/2025\/08\/Fortaleza-dos-Reis-Magos-Forte-15-scaled-e1755225940995-830x468.jpg.webp?fit=768%2C433&ssl=1",768,433,true],"large":["https:\/\/i0.wp.com\/blogdobispo.com.br\/wp-content\/uploads\/2025\/08\/Fortaleza-dos-Reis-Magos-Forte-15-scaled-e1755225940995-830x468.jpg.webp?fit=800%2C451&ssl=1",800,451,true],"1536x1536":["https:\/\/i0.wp.com\/blogdobispo.com.br\/wp-content\/uploads\/2025\/08\/Fortaleza-dos-Reis-Magos-Forte-15-scaled-e1755225940995-830x468.jpg.webp?fit=830%2C468&ssl=1",830,468,true],"2048x2048":["https:\/\/i0.wp.com\/blogdobispo.com.br\/wp-content\/uploads\/2025\/08\/Fortaleza-dos-Reis-Magos-Forte-15-scaled-e1755225940995-830x468.jpg.webp?fit=830%2C468&ssl=1",830,468,true]},"author_info":{"display_name":"Jefferson Sterfeno","author_link":"https:\/\/blogdobispo.com.br\/?author=1"},"category_info":"<a href=\"https:\/\/blogdobispo.com.br\/?cat=12\" rel=\"category\">Cidadania<\/a>","tag_info":"Cidadania","comment_count":"0","jetpack_featured_media_url":"https:\/\/i0.wp.com\/blogdobispo.com.br\/wp-content\/uploads\/2025\/08\/Fortaleza-dos-Reis-Magos-Forte-15-scaled-e1755225940995-830x468.jpg.webp?fit=830%2C468&ssl=1","jetpack_sharing_enabled":true,"_links":{"self":[{"href":"https:\/\/blogdobispo.com.br\/index.php?rest_route=\/wp\/v2\/posts\/17246","targetHints":{"allow":["GET"]}}],"collection":[{"href":"https:\/\/blogdobispo.com.br\/index.php?rest_route=\/wp\/v2\/posts"}],"about":[{"href":"https:\/\/blogdobispo.com.br\/index.php?rest_route=\/wp\/v2\/types\/post"}],"author":[{"embeddable":true,"href":"https:\/\/blogdobispo.com.br\/index.php?rest_route=\/wp\/v2\/users\/1"}],"replies":[{"embeddable":true,"href":"https:\/\/blogdobispo.com.br\/index.php?rest_route=%2Fwp%2Fv2%2Fcomments&post=17246"}],"version-history":[{"count":1,"href":"https:\/\/blogdobispo.com.br\/index.php?rest_route=\/wp\/v2\/posts\/17246\/revisions"}],"predecessor-version":[{"id":17248,"href":"https:\/\/blogdobispo.com.br\/index.php?rest_route=\/wp\/v2\/posts\/17246\/revisions\/17248"}],"wp:featuredmedia":[{"embeddable":true,"href":"https:\/\/blogdobispo.com.br\/index.php?rest_route=\/wp\/v2\/media\/17247"}],"wp:attachment":[{"href":"https:\/\/blogdobispo.com.br\/index.php?rest_route=%2Fwp%2Fv2%2Fmedia&parent=17246"}],"wp:term":[{"taxonomy":"category","embeddable":true,"href":"https:\/\/blogdobispo.com.br\/index.php?rest_route=%2Fwp%2Fv2%2Fcategories&post=17246"},{"taxonomy":"post_tag","embeddable":true,"href":"https:\/\/blogdobispo.com.br\/index.php?rest_route=%2Fwp%2Fv2%2Ftags&post=17246"}],"curies":[{"name":"wp","href":"https:\/\/api.w.org\/{rel}","templated":true}]}}