{"id":17243,"date":"2025-08-17T20:12:04","date_gmt":"2025-08-17T20:12:04","guid":{"rendered":"https:\/\/blogdobispo.com.br\/?p=17243"},"modified":"2025-08-17T20:12:04","modified_gmt":"2025-08-17T20:12:04","slug":"prefeito-allyson-reforca-parceria-com-senadora-zenaide-durante-mega-evento-em-natal","status":"publish","type":"post","link":"https:\/\/blogdobispo.com.br\/?p=17243","title":{"rendered":"Prefeito Allyson refor\u00e7a parceria com senadora Zenaide durante mega evento em Natal"},"content":{"rendered":"<p>O prefeito de Mossor\u00f3, Allyson Bezerra, refor\u00e7ou a parceria com a senadora Zenaide Maia durante mega evento neste s\u00e1bado (16), em Natal. O encontro contou com a presen\u00e7a de mais de 50 prefeitos, deputados, vereadores e demais lideran\u00e7as pol\u00edticas do estado.<\/p>\n<p>\u2018\u2019O povo do Rio Grande do Norte j\u00e1 conhece o trabalho da nossa amiga e senadora Zenaide e vai conhecer ainda mais porque n\u00f3s fazemos quest\u00e3o de dizer por onde andamos. Em Mossor\u00f3, Zenaide est\u00e1 nos ajudando muito a transformar a sa\u00fade p\u00fablica da nossa cidade\u2019\u2019, pontuou Allyson Bezerra.<\/p>\n<p>Com apoio de Zenaide, o prefeito de Mossor\u00f3 est\u00e1 construindo 15 unidades b\u00e1sicas de sa\u00fade e 4 centros de apoio psicossocial, refor\u00e7ando o compromisso com a sa\u00fade p\u00fablica<\/p>\n<p>.<img data-recalc-dims=\"1\" fetchpriority=\"high\" decoding=\"async\" class=\"alignnone size-medium wp-image-17244\" src=\"https:\/\/i0.wp.com\/blogdobispo.com.br\/wp-content\/uploads\/2025\/08\/5990f6e2-92c4-4e89-bbb2-282d25d657fa.jpeg?resize=300%2C175\" alt=\"\" width=\"300\" height=\"175\" srcset=\"https:\/\/i0.wp.com\/blogdobispo.com.br\/wp-content\/uploads\/2025\/08\/5990f6e2-92c4-4e89-bbb2-282d25d657fa.jpeg?resize=300%2C175&amp;ssl=1 300w, https:\/\/i0.wp.com\/blogdobispo.com.br\/wp-content\/uploads\/2025\/08\/5990f6e2-92c4-4e89-bbb2-282d25d657fa.jpeg?resize=1024%2C598&amp;ssl=1 1024w, https:\/\/i0.wp.com\/blogdobispo.com.br\/wp-content\/uploads\/2025\/08\/5990f6e2-92c4-4e89-bbb2-282d25d657fa.jpeg?resize=768%2C448&amp;ssl=1 768w, https:\/\/i0.wp.com\/blogdobispo.com.br\/wp-content\/uploads\/2025\/08\/5990f6e2-92c4-4e89-bbb2-282d25d657fa.jpeg?resize=1536%2C897&amp;ssl=1 1536w, https:\/\/i0.wp.com\/blogdobispo.com.br\/wp-content\/uploads\/2025\/08\/5990f6e2-92c4-4e89-bbb2-282d25d657fa.jpeg?w=1600&amp;ssl=1 1600w\" sizes=\"(max-width: 300px) 100vw, 300px\" \/><\/p>\n","protected":false},"excerpt":{"rendered":"<p>O prefeito de Mossor\u00f3, Allyson Bezerra, refor\u00e7ou a parceria com a senadora Zenaide Maia durante mega evento neste s\u00e1bado (16), em Natal. O encontro contou com a presen\u00e7a de mais de 50 prefeitos, deputados, vereadores e demais lideran\u00e7as pol\u00edticas do estado. \u2018\u2019O povo do Rio Grande do Norte j\u00e1 conhece o trabalho da nossa amiga [&hellip;]<\/p>\n","protected":false},"author":1,"featured_media":17244,"comment_status":"open","ping_status":"open","sticky":false,"template":"","format":"standard","meta":{"cybocfi_hide_featured_image":"","_jetpack_memberships_contains_paid_content":false,"footnotes":""},"categories":[1],"tags":[],"class_list":["post-17243","post","type-post","status-publish","format-standard","has-post-thumbnail","hentry","category-diversos"],"yoast_head":"<!-- This site is optimized with the Yoast SEO plugin v25.6 - https:\/\/yoast.com\/wordpress\/plugins\/seo\/ -->\n<title>Prefeito Allyson refor\u00e7a parceria com senadora Zenaide durante mega evento em Natal - Blog do Bispo<\/title>\n<meta name=\"robots\" content=\"index, follow, max-snippet:-1, max-image-preview:large, max-video-preview:-1\" \/>\n<link rel=\"canonical\" href=\"https:\/\/blogdobispo.com.br\/?p=17243\" \/>\n<meta property=\"og:locale\" content=\"pt_BR\" \/>\n<meta property=\"og:type\" content=\"article\" \/>\n<meta property=\"og:title\" content=\"Prefeito Allyson refor\u00e7a parceria com senadora Zenaide durante mega evento em Natal - Blog do Bispo\" \/>\n<meta property=\"og:description\" content=\"O prefeito de Mossor\u00f3, Allyson Bezerra, refor\u00e7ou a parceria com a senadora Zenaide Maia durante mega evento neste s\u00e1bado (16), em Natal. O encontro contou com a presen\u00e7a de mais de 50 prefeitos, deputados, vereadores e demais lideran\u00e7as pol\u00edticas do estado. \u2018\u2019O povo do Rio Grande do Norte j\u00e1 conhece o trabalho da nossa amiga [&hellip;]\" \/>\n<meta property=\"og:url\" content=\"https:\/\/blogdobispo.com.br\/?p=17243\" \/>\n<meta property=\"og:site_name\" content=\"Blog do Bispo\" \/>\n<meta property=\"article:published_time\" content=\"2025-08-17T20:12:04+00:00\" \/>\n<meta property=\"og:image\" content=\"http:\/\/blogdobispo.com.br\/wp-content\/uploads\/2025\/08\/5990f6e2-92c4-4e89-bbb2-282d25d657fa.jpeg\" \/>\n\t<meta property=\"og:image:width\" content=\"1600\" \/>\n\t<meta property=\"og:image:height\" content=\"934\" \/>\n\t<meta property=\"og:image:type\" content=\"image\/jpeg\" \/>\n<meta name=\"author\" content=\"Jefferson Sterfeno\" \/>\n<meta name=\"twitter:card\" content=\"summary_large_image\" \/>\n<meta name=\"twitter:label1\" content=\"Escrito por\" \/>\n\t<meta name=\"twitter:data1\" content=\"Jefferson Sterfeno\" \/>\n\t<meta name=\"twitter:label2\" content=\"Est. tempo de leitura\" \/>\n\t<meta name=\"twitter:data2\" content=\"2 minutos\" \/>\n<script type=\"application\/ld+json\" class=\"yoast-schema-graph\">{\"@context\":\"https:\/\/schema.org\",\"@graph\":[{\"@type\":\"Article\",\"@id\":\"https:\/\/blogdobispo.com.br\/?p=17243#article\",\"isPartOf\":{\"@id\":\"https:\/\/blogdobispo.com.br\/?p=17243\"},\"author\":{\"name\":\"Jefferson Sterfeno\",\"@id\":\"https:\/\/blogdobispo.com.br\/#\/schema\/person\/e2209cc0e6cea5c5233d033e997b373f\"},\"headline\":\"Prefeito Allyson refor\u00e7a parceria com senadora Zenaide durante mega evento em Natal\",\"datePublished\":\"2025-08-17T20:12:04+00:00\",\"mainEntityOfPage\":{\"@id\":\"https:\/\/blogdobispo.com.br\/?p=17243\"},\"wordCount\":141,\"commentCount\":0,\"publisher\":{\"@id\":\"https:\/\/blogdobispo.com.br\/#organization\"},\"image\":{\"@id\":\"https:\/\/blogdobispo.com.br\/?p=17243#primaryimage\"},\"thumbnailUrl\":\"https:\/\/i0.wp.com\/blogdobispo.com.br\/wp-content\/uploads\/2025\/08\/5990f6e2-92c4-4e89-bbb2-282d25d657fa.jpeg?fit=1600%2C934&ssl=1\",\"articleSection\":[\"diversos\"],\"inLanguage\":\"pt-BR\",\"potentialAction\":[{\"@type\":\"CommentAction\",\"name\":\"Comment\",\"target\":[\"https:\/\/blogdobispo.com.br\/?p=17243#respond\"]}]},{\"@type\":\"WebPage\",\"@id\":\"https:\/\/blogdobispo.com.br\/?p=17243\",\"url\":\"https:\/\/blogdobispo.com.br\/?p=17243\",\"name\":\"Prefeito Allyson refor\u00e7a parceria com senadora Zenaide durante mega evento em Natal - Blog do Bispo\",\"isPartOf\":{\"@id\":\"https:\/\/blogdobispo.com.br\/#website\"},\"primaryImageOfPage\":{\"@id\":\"https:\/\/blogdobispo.com.br\/?p=17243#primaryimage\"},\"image\":{\"@id\":\"https:\/\/blogdobispo.com.br\/?p=17243#primaryimage\"},\"thumbnailUrl\":\"https:\/\/i0.wp.com\/blogdobispo.com.br\/wp-content\/uploads\/2025\/08\/5990f6e2-92c4-4e89-bbb2-282d25d657fa.jpeg?fit=1600%2C934&ssl=1\",\"datePublished\":\"2025-08-17T20:12:04+00:00\",\"breadcrumb\":{\"@id\":\"https:\/\/blogdobispo.com.br\/?p=17243#breadcrumb\"},\"inLanguage\":\"pt-BR\",\"potentialAction\":[{\"@type\":\"ReadAction\",\"target\":[\"https:\/\/blogdobispo.com.br\/?p=17243\"]}]},{\"@type\":\"ImageObject\",\"inLanguage\":\"pt-BR\",\"@id\":\"https:\/\/blogdobispo.com.br\/?p=17243#primaryimage\",\"url\":\"https:\/\/i0.wp.com\/blogdobispo.com.br\/wp-content\/uploads\/2025\/08\/5990f6e2-92c4-4e89-bbb2-282d25d657fa.jpeg?fit=1600%2C934&ssl=1\",\"contentUrl\":\"https:\/\/i0.wp.com\/blogdobispo.com.br\/wp-content\/uploads\/2025\/08\/5990f6e2-92c4-4e89-bbb2-282d25d657fa.jpeg?fit=1600%2C934&ssl=1\",\"width\":1600,\"height\":934},{\"@type\":\"BreadcrumbList\",\"@id\":\"https:\/\/blogdobispo.com.br\/?p=17243#breadcrumb\",\"itemListElement\":[{\"@type\":\"ListItem\",\"position\":1,\"name\":\"In\u00edcio\",\"item\":\"https:\/\/blogdobispo.com.br\/\"},{\"@type\":\"ListItem\",\"position\":2,\"name\":\"Prefeito Allyson refor\u00e7a parceria com senadora Zenaide durante mega evento em Natal\"}]},{\"@type\":\"WebSite\",\"@id\":\"https:\/\/blogdobispo.com.br\/#website\",\"url\":\"https:\/\/blogdobispo.com.br\/\",\"name\":\"Blog do Bispo\",\"description\":\"Comprometido apenas com o leitor\",\"publisher\":{\"@id\":\"https:\/\/blogdobispo.com.br\/#organization\"},\"potentialAction\":[{\"@type\":\"SearchAction\",\"target\":{\"@type\":\"EntryPoint\",\"urlTemplate\":\"https:\/\/blogdobispo.com.br\/?s={search_term_string}\"},\"query-input\":{\"@type\":\"PropertyValueSpecification\",\"valueRequired\":true,\"valueName\":\"search_term_string\"}}],\"inLanguage\":\"pt-BR\"},{\"@type\":\"Organization\",\"@id\":\"https:\/\/blogdobispo.com.br\/#organization\",\"name\":\"Blog do Bispo\",\"url\":\"https:\/\/blogdobispo.com.br\/\",\"logo\":{\"@type\":\"ImageObject\",\"inLanguage\":\"pt-BR\",\"@id\":\"https:\/\/blogdobispo.com.br\/#\/schema\/logo\/image\/\",\"url\":\"http:\/\/blogdobispo.com.br\/wp-content\/uploads\/2023\/05\/cropped-headear.png\",\"contentUrl\":\"http:\/\/blogdobispo.com.br\/wp-content\/uploads\/2023\/05\/cropped-headear.png\",\"width\":1500,\"height\":399,\"caption\":\"Blog do Bispo\"},\"image\":{\"@id\":\"https:\/\/blogdobispo.com.br\/#\/schema\/logo\/image\/\"}},{\"@type\":\"Person\",\"@id\":\"https:\/\/blogdobispo.com.br\/#\/schema\/person\/e2209cc0e6cea5c5233d033e997b373f\",\"name\":\"Jefferson Sterfeno\",\"image\":{\"@type\":\"ImageObject\",\"inLanguage\":\"pt-BR\",\"@id\":\"https:\/\/blogdobispo.com.br\/#\/schema\/person\/image\/\",\"url\":\"https:\/\/secure.gravatar.com\/avatar\/0534e84764641168a677026b6d57a3f51dc7ac4db0b4f6186d9cb330d4ee1160?s=96&d=mm&r=g\",\"contentUrl\":\"https:\/\/secure.gravatar.com\/avatar\/0534e84764641168a677026b6d57a3f51dc7ac4db0b4f6186d9cb330d4ee1160?s=96&d=mm&r=g\",\"caption\":\"Jefferson Sterfeno\"},\"sameAs\":[\"http:\/\/blogdobispo.com.br\"],\"url\":\"https:\/\/blogdobispo.com.br\/?author=1\"}]}<\/script>\n<!-- \/ Yoast SEO plugin. -->","yoast_head_json":{"title":"Prefeito Allyson refor\u00e7a parceria com senadora Zenaide durante mega evento em Natal - Blog do Bispo","robots":{"index":"index","follow":"follow","max-snippet":"max-snippet:-1","max-image-preview":"max-image-preview:large","max-video-preview":"max-video-preview:-1"},"canonical":"https:\/\/blogdobispo.com.br\/?p=17243","og_locale":"pt_BR","og_type":"article","og_title":"Prefeito Allyson refor\u00e7a parceria com senadora Zenaide durante mega evento em Natal - Blog do Bispo","og_description":"O prefeito de Mossor\u00f3, Allyson Bezerra, refor\u00e7ou a parceria com a senadora Zenaide Maia durante mega evento neste s\u00e1bado (16), em Natal. O encontro contou com a presen\u00e7a de mais de 50 prefeitos, deputados, vereadores e demais lideran\u00e7as pol\u00edticas do estado. \u2018\u2019O povo do Rio Grande do Norte j\u00e1 conhece o trabalho da nossa amiga [&hellip;]","og_url":"https:\/\/blogdobispo.com.br\/?p=17243","og_site_name":"Blog do Bispo","article_published_time":"2025-08-17T20:12:04+00:00","og_image":[{"width":1600,"height":934,"url":"http:\/\/blogdobispo.com.br\/wp-content\/uploads\/2025\/08\/5990f6e2-92c4-4e89-bbb2-282d25d657fa.jpeg","type":"image\/jpeg"}],"author":"Jefferson Sterfeno","twitter_card":"summary_large_image","twitter_misc":{"Escrito por":"Jefferson Sterfeno","Est. tempo de leitura":"2 minutos"},"schema":{"@context":"https:\/\/schema.org","@graph":[{"@type":"Article","@id":"https:\/\/blogdobispo.com.br\/?p=17243#article","isPartOf":{"@id":"https:\/\/blogdobispo.com.br\/?p=17243"},"author":{"name":"Jefferson Sterfeno","@id":"https:\/\/blogdobispo.com.br\/#\/schema\/person\/e2209cc0e6cea5c5233d033e997b373f"},"headline":"Prefeito Allyson refor\u00e7a parceria com senadora Zenaide durante mega evento em Natal","datePublished":"2025-08-17T20:12:04+00:00","mainEntityOfPage":{"@id":"https:\/\/blogdobispo.com.br\/?p=17243"},"wordCount":141,"commentCount":0,"publisher":{"@id":"https:\/\/blogdobispo.com.br\/#organization"},"image":{"@id":"https:\/\/blogdobispo.com.br\/?p=17243#primaryimage"},"thumbnailUrl":"https:\/\/i0.wp.com\/blogdobispo.com.br\/wp-content\/uploads\/2025\/08\/5990f6e2-92c4-4e89-bbb2-282d25d657fa.jpeg?fit=1600%2C934&ssl=1","articleSection":["diversos"],"inLanguage":"pt-BR","potentialAction":[{"@type":"CommentAction","name":"Comment","target":["https:\/\/blogdobispo.com.br\/?p=17243#respond"]}]},{"@type":"WebPage","@id":"https:\/\/blogdobispo.com.br\/?p=17243","url":"https:\/\/blogdobispo.com.br\/?p=17243","name":"Prefeito Allyson refor\u00e7a parceria com senadora Zenaide durante mega evento em Natal - Blog do Bispo","isPartOf":{"@id":"https:\/\/blogdobispo.com.br\/#website"},"primaryImageOfPage":{"@id":"https:\/\/blogdobispo.com.br\/?p=17243#primaryimage"},"image":{"@id":"https:\/\/blogdobispo.com.br\/?p=17243#primaryimage"},"thumbnailUrl":"https:\/\/i0.wp.com\/blogdobispo.com.br\/wp-content\/uploads\/2025\/08\/5990f6e2-92c4-4e89-bbb2-282d25d657fa.jpeg?fit=1600%2C934&ssl=1","datePublished":"2025-08-17T20:12:04+00:00","breadcrumb":{"@id":"https:\/\/blogdobispo.com.br\/?p=17243#breadcrumb"},"inLanguage":"pt-BR","potentialAction":[{"@type":"ReadAction","target":["https:\/\/blogdobispo.com.br\/?p=17243"]}]},{"@type":"ImageObject","inLanguage":"pt-BR","@id":"https:\/\/blogdobispo.com.br\/?p=17243#primaryimage","url":"https:\/\/i0.wp.com\/blogdobispo.com.br\/wp-content\/uploads\/2025\/08\/5990f6e2-92c4-4e89-bbb2-282d25d657fa.jpeg?fit=1600%2C934&ssl=1","contentUrl":"https:\/\/i0.wp.com\/blogdobispo.com.br\/wp-content\/uploads\/2025\/08\/5990f6e2-92c4-4e89-bbb2-282d25d657fa.jpeg?fit=1600%2C934&ssl=1","width":1600,"height":934},{"@type":"BreadcrumbList","@id":"https:\/\/blogdobispo.com.br\/?p=17243#breadcrumb","itemListElement":[{"@type":"ListItem","position":1,"name":"In\u00edcio","item":"https:\/\/blogdobispo.com.br\/"},{"@type":"ListItem","position":2,"name":"Prefeito Allyson refor\u00e7a parceria com senadora Zenaide durante mega evento em Natal"}]},{"@type":"WebSite","@id":"https:\/\/blogdobispo.com.br\/#website","url":"https:\/\/blogdobispo.com.br\/","name":"Blog do Bispo","description":"Comprometido apenas com o leitor","publisher":{"@id":"https:\/\/blogdobispo.com.br\/#organization"},"potentialAction":[{"@type":"SearchAction","target":{"@type":"EntryPoint","urlTemplate":"https:\/\/blogdobispo.com.br\/?s={search_term_string}"},"query-input":{"@type":"PropertyValueSpecification","valueRequired":true,"valueName":"search_term_string"}}],"inLanguage":"pt-BR"},{"@type":"Organization","@id":"https:\/\/blogdobispo.com.br\/#organization","name":"Blog do Bispo","url":"https:\/\/blogdobispo.com.br\/","logo":{"@type":"ImageObject","inLanguage":"pt-BR","@id":"https:\/\/blogdobispo.com.br\/#\/schema\/logo\/image\/","url":"http:\/\/blogdobispo.com.br\/wp-content\/uploads\/2023\/05\/cropped-headear.png","contentUrl":"http:\/\/blogdobispo.com.br\/wp-content\/uploads\/2023\/05\/cropped-headear.png","width":1500,"height":399,"caption":"Blog do Bispo"},"image":{"@id":"https:\/\/blogdobispo.com.br\/#\/schema\/logo\/image\/"}},{"@type":"Person","@id":"https:\/\/blogdobispo.com.br\/#\/schema\/person\/e2209cc0e6cea5c5233d033e997b373f","name":"Jefferson Sterfeno","image":{"@type":"ImageObject","inLanguage":"pt-BR","@id":"https:\/\/blogdobispo.com.br\/#\/schema\/person\/image\/","url":"https:\/\/secure.gravatar.com\/avatar\/0534e84764641168a677026b6d57a3f51dc7ac4db0b4f6186d9cb330d4ee1160?s=96&d=mm&r=g","contentUrl":"https:\/\/secure.gravatar.com\/avatar\/0534e84764641168a677026b6d57a3f51dc7ac4db0b4f6186d9cb330d4ee1160?s=96&d=mm&r=g","caption":"Jefferson Sterfeno"},"sameAs":["http:\/\/blogdobispo.com.br"],"url":"https:\/\/blogdobispo.com.br\/?author=1"}]}},"featured_image_urls":{"full":["https:\/\/i0.wp.com\/blogdobispo.com.br\/wp-content\/uploads\/2025\/08\/5990f6e2-92c4-4e89-bbb2-282d25d657fa.jpeg?fit=1600%2C934&ssl=1",1600,934,false],"thumbnail":["https:\/\/i0.wp.com\/blogdobispo.com.br\/wp-content\/uploads\/2025\/08\/5990f6e2-92c4-4e89-bbb2-282d25d657fa.jpeg?resize=150%2C150&ssl=1",150,150,true],"medium":["https:\/\/i0.wp.com\/blogdobispo.com.br\/wp-content\/uploads\/2025\/08\/5990f6e2-92c4-4e89-bbb2-282d25d657fa.jpeg?fit=300%2C175&ssl=1",300,175,true],"medium_large":["https:\/\/i0.wp.com\/blogdobispo.com.br\/wp-content\/uploads\/2025\/08\/5990f6e2-92c4-4e89-bbb2-282d25d657fa.jpeg?fit=768%2C448&ssl=1",768,448,true],"large":["https:\/\/i0.wp.com\/blogdobispo.com.br\/wp-content\/uploads\/2025\/08\/5990f6e2-92c4-4e89-bbb2-282d25d657fa.jpeg?fit=800%2C467&ssl=1",800,467,true],"1536x1536":["https:\/\/i0.wp.com\/blogdobispo.com.br\/wp-content\/uploads\/2025\/08\/5990f6e2-92c4-4e89-bbb2-282d25d657fa.jpeg?fit=1536%2C897&ssl=1",1536,897,true],"2048x2048":["https:\/\/i0.wp.com\/blogdobispo.com.br\/wp-content\/uploads\/2025\/08\/5990f6e2-92c4-4e89-bbb2-282d25d657fa.jpeg?fit=1600%2C934&ssl=1",1600,934,true]},"author_info":{"display_name":"Jefferson Sterfeno","author_link":"https:\/\/blogdobispo.com.br\/?author=1"},"category_info":"<a href=\"https:\/\/blogdobispo.com.br\/?cat=1\" rel=\"category\">diversos<\/a>","tag_info":"diversos","comment_count":"0","jetpack_featured_media_url":"https:\/\/i0.wp.com\/blogdobispo.com.br\/wp-content\/uploads\/2025\/08\/5990f6e2-92c4-4e89-bbb2-282d25d657fa.jpeg?fit=1600%2C934&ssl=1","jetpack_sharing_enabled":true,"_links":{"self":[{"href":"https:\/\/blogdobispo.com.br\/index.php?rest_route=\/wp\/v2\/posts\/17243","targetHints":{"allow":["GET"]}}],"collection":[{"href":"https:\/\/blogdobispo.com.br\/index.php?rest_route=\/wp\/v2\/posts"}],"about":[{"href":"https:\/\/blogdobispo.com.br\/index.php?rest_route=\/wp\/v2\/types\/post"}],"author":[{"embeddable":true,"href":"https:\/\/blogdobispo.com.br\/index.php?rest_route=\/wp\/v2\/users\/1"}],"replies":[{"embeddable":true,"href":"https:\/\/blogdobispo.com.br\/index.php?rest_route=%2Fwp%2Fv2%2Fcomments&post=17243"}],"version-history":[{"count":1,"href":"https:\/\/blogdobispo.com.br\/index.php?rest_route=\/wp\/v2\/posts\/17243\/revisions"}],"predecessor-version":[{"id":17245,"href":"https:\/\/blogdobispo.com.br\/index.php?rest_route=\/wp\/v2\/posts\/17243\/revisions\/17245"}],"wp:featuredmedia":[{"embeddable":true,"href":"https:\/\/blogdobispo.com.br\/index.php?rest_route=\/wp\/v2\/media\/17244"}],"wp:attachment":[{"href":"https:\/\/blogdobispo.com.br\/index.php?rest_route=%2Fwp%2Fv2%2Fmedia&parent=17243"}],"wp:term":[{"taxonomy":"category","embeddable":true,"href":"https:\/\/blogdobispo.com.br\/index.php?rest_route=%2Fwp%2Fv2%2Fcategories&post=17243"},{"taxonomy":"post_tag","embeddable":true,"href":"https:\/\/blogdobispo.com.br\/index.php?rest_route=%2Fwp%2Fv2%2Ftags&post=17243"}],"curies":[{"name":"wp","href":"https:\/\/api.w.org\/{rel}","templated":true}]}}