{"id":17234,"date":"2025-08-17T20:05:46","date_gmt":"2025-08-17T20:05:46","guid":{"rendered":"https:\/\/blogdobispo.com.br\/?p=17234"},"modified":"2025-08-17T20:05:46","modified_gmt":"2025-08-17T20:05:46","slug":"morre-presidente-do-conselho-estadual-de-saude-do-rn-que-sofreu-avc-durante-reuniao-na-alr","status":"publish","type":"post","link":"https:\/\/blogdobispo.com.br\/?p=17234","title":{"rendered":"Morre presidente do Conselho Estadual de Sa\u00fade do RN que sofreu AVC durante reuni\u00e3o na ALR"},"content":{"rendered":"<p>O presidente do Conselho Estadual de Sa\u00fade do Rio Grande do Norte, Francisco Canind\u00e9 dos Santos, faleceu neste domingo (17) ap\u00f3s sofrer um mal s\u00fabito enquanto participava de uma audi\u00eancia da Comiss\u00e3o de Finan\u00e7as da Assembleia Legislativa.<\/p>\n<p>Durante sua fala, Canind\u00e9 apresentou dificuldades na fala e foi prontamente atendido pelo secret\u00e1rio estadual de Sa\u00fade, Alexandre Motta. Inicialmente levado ao setor m\u00e9dico da pr\u00f3pria Assembleia, recebeu atendimento de um neurologista e, em seguida, foi transferido para a UTI do Hospital Walfredo Gurgel. O diagn\u00f3stico inicial apontou para um Acidente Vascular Cerebral (AVC).<\/p>\n<p>Francisco Canind\u00e9 estava em seu segundo mandato \u00e0 frente do Conselho Estadual de Sa\u00fade, representando os usu\u00e1rios do Sistema \u00danico de Sa\u00fade (SUS) por meio da Pastoral da Crian\u00e7a. Sua atua\u00e7\u00e3o sempre foi marcada pela defesa das pol\u00edticas p\u00fablicas de sa\u00fade e pelo engajamento em projetos voltados \u00e0 melhoria do atendimento \u00e0 popula\u00e7\u00e3o potiguar.<\/p>\n<p>Em nota oficial, a Secretaria de Estado da Sa\u00fade P\u00fablica (Sesap) lamentou profundamente o falecimento, destacando Canind\u00e9 como \u201cum dos militantes mais aguerridos em defesa da sa\u00fade\u201d e prestando solidariedade a familiares, amigos e colegas de Conselho neste momento de luto.<\/p>\n<p>&nbsp;<\/p>\n<p>Gustavo Negreiros<img data-recalc-dims=\"1\" fetchpriority=\"high\" decoding=\"async\" class=\"alignnone size-medium wp-image-17235\" src=\"https:\/\/i0.wp.com\/blogdobispo.com.br\/wp-content\/uploads\/2025\/08\/01K2WSPVHHHM5XZYBSSSTD4C4C.webp?resize=300%2C200\" alt=\"\" width=\"300\" height=\"200\" srcset=\"https:\/\/i0.wp.com\/blogdobispo.com.br\/wp-content\/uploads\/2025\/08\/01K2WSPVHHHM5XZYBSSSTD4C4C.webp?resize=300%2C200&amp;ssl=1 300w, https:\/\/i0.wp.com\/blogdobispo.com.br\/wp-content\/uploads\/2025\/08\/01K2WSPVHHHM5XZYBSSSTD4C4C.webp?resize=1024%2C683&amp;ssl=1 1024w, https:\/\/i0.wp.com\/blogdobispo.com.br\/wp-content\/uploads\/2025\/08\/01K2WSPVHHHM5XZYBSSSTD4C4C.webp?resize=768%2C512&amp;ssl=1 768w, https:\/\/i0.wp.com\/blogdobispo.com.br\/wp-content\/uploads\/2025\/08\/01K2WSPVHHHM5XZYBSSSTD4C4C.webp?resize=1536%2C1024&amp;ssl=1 1536w, https:\/\/i0.wp.com\/blogdobispo.com.br\/wp-content\/uploads\/2025\/08\/01K2WSPVHHHM5XZYBSSSTD4C4C.webp?w=1591&amp;ssl=1 1591w\" sizes=\"(max-width: 300px) 100vw, 300px\" \/><\/p>\n","protected":false},"excerpt":{"rendered":"<p>O presidente do Conselho Estadual de Sa\u00fade do Rio Grande do Norte, Francisco Canind\u00e9 dos Santos, faleceu neste domingo (17) ap\u00f3s sofrer um mal s\u00fabito enquanto participava de uma audi\u00eancia da Comiss\u00e3o de Finan\u00e7as da Assembleia Legislativa. Durante sua fala, Canind\u00e9 apresentou dificuldades na fala e foi prontamente atendido pelo secret\u00e1rio estadual de Sa\u00fade, Alexandre [&hellip;]<\/p>\n","protected":false},"author":1,"featured_media":17235,"comment_status":"open","ping_status":"open","sticky":false,"template":"","format":"standard","meta":{"cybocfi_hide_featured_image":"","_jetpack_memberships_contains_paid_content":false,"footnotes":""},"categories":[1],"tags":[],"class_list":["post-17234","post","type-post","status-publish","format-standard","has-post-thumbnail","hentry","category-diversos"],"yoast_head":"<!-- This site is optimized with the Yoast SEO plugin v25.6 - https:\/\/yoast.com\/wordpress\/plugins\/seo\/ -->\n<title>Morre presidente do Conselho Estadual de Sa\u00fade do RN que sofreu AVC durante reuni\u00e3o na ALR - Blog do Bispo<\/title>\n<meta name=\"robots\" content=\"index, follow, max-snippet:-1, max-image-preview:large, max-video-preview:-1\" \/>\n<link rel=\"canonical\" href=\"https:\/\/blogdobispo.com.br\/?p=17234\" \/>\n<meta property=\"og:locale\" content=\"pt_BR\" \/>\n<meta property=\"og:type\" content=\"article\" \/>\n<meta property=\"og:title\" content=\"Morre presidente do Conselho Estadual de Sa\u00fade do RN que sofreu AVC durante reuni\u00e3o na ALR - Blog do Bispo\" \/>\n<meta property=\"og:description\" content=\"O presidente do Conselho Estadual de Sa\u00fade do Rio Grande do Norte, Francisco Canind\u00e9 dos Santos, faleceu neste domingo (17) ap\u00f3s sofrer um mal s\u00fabito enquanto participava de uma audi\u00eancia da Comiss\u00e3o de Finan\u00e7as da Assembleia Legislativa. Durante sua fala, Canind\u00e9 apresentou dificuldades na fala e foi prontamente atendido pelo secret\u00e1rio estadual de Sa\u00fade, Alexandre [&hellip;]\" \/>\n<meta property=\"og:url\" content=\"https:\/\/blogdobispo.com.br\/?p=17234\" \/>\n<meta property=\"og:site_name\" content=\"Blog do Bispo\" \/>\n<meta property=\"article:published_time\" content=\"2025-08-17T20:05:46+00:00\" \/>\n<meta property=\"og:image\" content=\"http:\/\/blogdobispo.com.br\/wp-content\/uploads\/2025\/08\/01K2WSPVHHHM5XZYBSSSTD4C4C.webp\" \/>\n\t<meta property=\"og:image:width\" content=\"1591\" \/>\n\t<meta property=\"og:image:height\" content=\"1061\" \/>\n\t<meta property=\"og:image:type\" content=\"image\/webp\" \/>\n<meta name=\"author\" content=\"Jefferson Sterfeno\" \/>\n<meta name=\"twitter:card\" content=\"summary_large_image\" \/>\n<meta name=\"twitter:label1\" content=\"Escrito por\" \/>\n\t<meta name=\"twitter:data1\" content=\"Jefferson Sterfeno\" \/>\n\t<meta name=\"twitter:label2\" content=\"Est. tempo de leitura\" \/>\n\t<meta name=\"twitter:data2\" content=\"2 minutos\" \/>\n<script type=\"application\/ld+json\" class=\"yoast-schema-graph\">{\"@context\":\"https:\/\/schema.org\",\"@graph\":[{\"@type\":\"Article\",\"@id\":\"https:\/\/blogdobispo.com.br\/?p=17234#article\",\"isPartOf\":{\"@id\":\"https:\/\/blogdobispo.com.br\/?p=17234\"},\"author\":{\"name\":\"Jefferson Sterfeno\",\"@id\":\"https:\/\/blogdobispo.com.br\/#\/schema\/person\/e2209cc0e6cea5c5233d033e997b373f\"},\"headline\":\"Morre presidente do Conselho Estadual de Sa\u00fade do RN que sofreu AVC durante reuni\u00e3o na ALR\",\"datePublished\":\"2025-08-17T20:05:46+00:00\",\"mainEntityOfPage\":{\"@id\":\"https:\/\/blogdobispo.com.br\/?p=17234\"},\"wordCount\":226,\"commentCount\":0,\"publisher\":{\"@id\":\"https:\/\/blogdobispo.com.br\/#organization\"},\"image\":{\"@id\":\"https:\/\/blogdobispo.com.br\/?p=17234#primaryimage\"},\"thumbnailUrl\":\"https:\/\/i0.wp.com\/blogdobispo.com.br\/wp-content\/uploads\/2025\/08\/01K2WSPVHHHM5XZYBSSSTD4C4C.webp?fit=1591%2C1061&ssl=1\",\"articleSection\":[\"diversos\"],\"inLanguage\":\"pt-BR\",\"potentialAction\":[{\"@type\":\"CommentAction\",\"name\":\"Comment\",\"target\":[\"https:\/\/blogdobispo.com.br\/?p=17234#respond\"]}]},{\"@type\":\"WebPage\",\"@id\":\"https:\/\/blogdobispo.com.br\/?p=17234\",\"url\":\"https:\/\/blogdobispo.com.br\/?p=17234\",\"name\":\"Morre presidente do Conselho Estadual de Sa\u00fade do RN que sofreu AVC durante reuni\u00e3o na ALR - Blog do Bispo\",\"isPartOf\":{\"@id\":\"https:\/\/blogdobispo.com.br\/#website\"},\"primaryImageOfPage\":{\"@id\":\"https:\/\/blogdobispo.com.br\/?p=17234#primaryimage\"},\"image\":{\"@id\":\"https:\/\/blogdobispo.com.br\/?p=17234#primaryimage\"},\"thumbnailUrl\":\"https:\/\/i0.wp.com\/blogdobispo.com.br\/wp-content\/uploads\/2025\/08\/01K2WSPVHHHM5XZYBSSSTD4C4C.webp?fit=1591%2C1061&ssl=1\",\"datePublished\":\"2025-08-17T20:05:46+00:00\",\"breadcrumb\":{\"@id\":\"https:\/\/blogdobispo.com.br\/?p=17234#breadcrumb\"},\"inLanguage\":\"pt-BR\",\"potentialAction\":[{\"@type\":\"ReadAction\",\"target\":[\"https:\/\/blogdobispo.com.br\/?p=17234\"]}]},{\"@type\":\"ImageObject\",\"inLanguage\":\"pt-BR\",\"@id\":\"https:\/\/blogdobispo.com.br\/?p=17234#primaryimage\",\"url\":\"https:\/\/i0.wp.com\/blogdobispo.com.br\/wp-content\/uploads\/2025\/08\/01K2WSPVHHHM5XZYBSSSTD4C4C.webp?fit=1591%2C1061&ssl=1\",\"contentUrl\":\"https:\/\/i0.wp.com\/blogdobispo.com.br\/wp-content\/uploads\/2025\/08\/01K2WSPVHHHM5XZYBSSSTD4C4C.webp?fit=1591%2C1061&ssl=1\",\"width\":1591,\"height\":1061},{\"@type\":\"BreadcrumbList\",\"@id\":\"https:\/\/blogdobispo.com.br\/?p=17234#breadcrumb\",\"itemListElement\":[{\"@type\":\"ListItem\",\"position\":1,\"name\":\"In\u00edcio\",\"item\":\"https:\/\/blogdobispo.com.br\/\"},{\"@type\":\"ListItem\",\"position\":2,\"name\":\"Morre presidente do Conselho Estadual de Sa\u00fade do RN que sofreu AVC durante reuni\u00e3o na ALR\"}]},{\"@type\":\"WebSite\",\"@id\":\"https:\/\/blogdobispo.com.br\/#website\",\"url\":\"https:\/\/blogdobispo.com.br\/\",\"name\":\"Blog do Bispo\",\"description\":\"Comprometido apenas com o leitor\",\"publisher\":{\"@id\":\"https:\/\/blogdobispo.com.br\/#organization\"},\"potentialAction\":[{\"@type\":\"SearchAction\",\"target\":{\"@type\":\"EntryPoint\",\"urlTemplate\":\"https:\/\/blogdobispo.com.br\/?s={search_term_string}\"},\"query-input\":{\"@type\":\"PropertyValueSpecification\",\"valueRequired\":true,\"valueName\":\"search_term_string\"}}],\"inLanguage\":\"pt-BR\"},{\"@type\":\"Organization\",\"@id\":\"https:\/\/blogdobispo.com.br\/#organization\",\"name\":\"Blog do Bispo\",\"url\":\"https:\/\/blogdobispo.com.br\/\",\"logo\":{\"@type\":\"ImageObject\",\"inLanguage\":\"pt-BR\",\"@id\":\"https:\/\/blogdobispo.com.br\/#\/schema\/logo\/image\/\",\"url\":\"http:\/\/blogdobispo.com.br\/wp-content\/uploads\/2023\/05\/cropped-headear.png\",\"contentUrl\":\"http:\/\/blogdobispo.com.br\/wp-content\/uploads\/2023\/05\/cropped-headear.png\",\"width\":1500,\"height\":399,\"caption\":\"Blog do Bispo\"},\"image\":{\"@id\":\"https:\/\/blogdobispo.com.br\/#\/schema\/logo\/image\/\"}},{\"@type\":\"Person\",\"@id\":\"https:\/\/blogdobispo.com.br\/#\/schema\/person\/e2209cc0e6cea5c5233d033e997b373f\",\"name\":\"Jefferson Sterfeno\",\"image\":{\"@type\":\"ImageObject\",\"inLanguage\":\"pt-BR\",\"@id\":\"https:\/\/blogdobispo.com.br\/#\/schema\/person\/image\/\",\"url\":\"https:\/\/secure.gravatar.com\/avatar\/0534e84764641168a677026b6d57a3f51dc7ac4db0b4f6186d9cb330d4ee1160?s=96&d=mm&r=g\",\"contentUrl\":\"https:\/\/secure.gravatar.com\/avatar\/0534e84764641168a677026b6d57a3f51dc7ac4db0b4f6186d9cb330d4ee1160?s=96&d=mm&r=g\",\"caption\":\"Jefferson Sterfeno\"},\"sameAs\":[\"http:\/\/blogdobispo.com.br\"],\"url\":\"https:\/\/blogdobispo.com.br\/?author=1\"}]}<\/script>\n<!-- \/ Yoast SEO plugin. -->","yoast_head_json":{"title":"Morre presidente do Conselho Estadual de Sa\u00fade do RN que sofreu AVC durante reuni\u00e3o na ALR - Blog do Bispo","robots":{"index":"index","follow":"follow","max-snippet":"max-snippet:-1","max-image-preview":"max-image-preview:large","max-video-preview":"max-video-preview:-1"},"canonical":"https:\/\/blogdobispo.com.br\/?p=17234","og_locale":"pt_BR","og_type":"article","og_title":"Morre presidente do Conselho Estadual de Sa\u00fade do RN que sofreu AVC durante reuni\u00e3o na ALR - Blog do Bispo","og_description":"O presidente do Conselho Estadual de Sa\u00fade do Rio Grande do Norte, Francisco Canind\u00e9 dos Santos, faleceu neste domingo (17) ap\u00f3s sofrer um mal s\u00fabito enquanto participava de uma audi\u00eancia da Comiss\u00e3o de Finan\u00e7as da Assembleia Legislativa. Durante sua fala, Canind\u00e9 apresentou dificuldades na fala e foi prontamente atendido pelo secret\u00e1rio estadual de Sa\u00fade, Alexandre [&hellip;]","og_url":"https:\/\/blogdobispo.com.br\/?p=17234","og_site_name":"Blog do Bispo","article_published_time":"2025-08-17T20:05:46+00:00","og_image":[{"width":1591,"height":1061,"url":"http:\/\/blogdobispo.com.br\/wp-content\/uploads\/2025\/08\/01K2WSPVHHHM5XZYBSSSTD4C4C.webp","type":"image\/webp"}],"author":"Jefferson Sterfeno","twitter_card":"summary_large_image","twitter_misc":{"Escrito por":"Jefferson Sterfeno","Est. tempo de leitura":"2 minutos"},"schema":{"@context":"https:\/\/schema.org","@graph":[{"@type":"Article","@id":"https:\/\/blogdobispo.com.br\/?p=17234#article","isPartOf":{"@id":"https:\/\/blogdobispo.com.br\/?p=17234"},"author":{"name":"Jefferson Sterfeno","@id":"https:\/\/blogdobispo.com.br\/#\/schema\/person\/e2209cc0e6cea5c5233d033e997b373f"},"headline":"Morre presidente do Conselho Estadual de Sa\u00fade do RN que sofreu AVC durante reuni\u00e3o na ALR","datePublished":"2025-08-17T20:05:46+00:00","mainEntityOfPage":{"@id":"https:\/\/blogdobispo.com.br\/?p=17234"},"wordCount":226,"commentCount":0,"publisher":{"@id":"https:\/\/blogdobispo.com.br\/#organization"},"image":{"@id":"https:\/\/blogdobispo.com.br\/?p=17234#primaryimage"},"thumbnailUrl":"https:\/\/i0.wp.com\/blogdobispo.com.br\/wp-content\/uploads\/2025\/08\/01K2WSPVHHHM5XZYBSSSTD4C4C.webp?fit=1591%2C1061&ssl=1","articleSection":["diversos"],"inLanguage":"pt-BR","potentialAction":[{"@type":"CommentAction","name":"Comment","target":["https:\/\/blogdobispo.com.br\/?p=17234#respond"]}]},{"@type":"WebPage","@id":"https:\/\/blogdobispo.com.br\/?p=17234","url":"https:\/\/blogdobispo.com.br\/?p=17234","name":"Morre presidente do Conselho Estadual de Sa\u00fade do RN que sofreu AVC durante reuni\u00e3o na ALR - Blog do Bispo","isPartOf":{"@id":"https:\/\/blogdobispo.com.br\/#website"},"primaryImageOfPage":{"@id":"https:\/\/blogdobispo.com.br\/?p=17234#primaryimage"},"image":{"@id":"https:\/\/blogdobispo.com.br\/?p=17234#primaryimage"},"thumbnailUrl":"https:\/\/i0.wp.com\/blogdobispo.com.br\/wp-content\/uploads\/2025\/08\/01K2WSPVHHHM5XZYBSSSTD4C4C.webp?fit=1591%2C1061&ssl=1","datePublished":"2025-08-17T20:05:46+00:00","breadcrumb":{"@id":"https:\/\/blogdobispo.com.br\/?p=17234#breadcrumb"},"inLanguage":"pt-BR","potentialAction":[{"@type":"ReadAction","target":["https:\/\/blogdobispo.com.br\/?p=17234"]}]},{"@type":"ImageObject","inLanguage":"pt-BR","@id":"https:\/\/blogdobispo.com.br\/?p=17234#primaryimage","url":"https:\/\/i0.wp.com\/blogdobispo.com.br\/wp-content\/uploads\/2025\/08\/01K2WSPVHHHM5XZYBSSSTD4C4C.webp?fit=1591%2C1061&ssl=1","contentUrl":"https:\/\/i0.wp.com\/blogdobispo.com.br\/wp-content\/uploads\/2025\/08\/01K2WSPVHHHM5XZYBSSSTD4C4C.webp?fit=1591%2C1061&ssl=1","width":1591,"height":1061},{"@type":"BreadcrumbList","@id":"https:\/\/blogdobispo.com.br\/?p=17234#breadcrumb","itemListElement":[{"@type":"ListItem","position":1,"name":"In\u00edcio","item":"https:\/\/blogdobispo.com.br\/"},{"@type":"ListItem","position":2,"name":"Morre presidente do Conselho Estadual de Sa\u00fade do RN que sofreu AVC durante reuni\u00e3o na ALR"}]},{"@type":"WebSite","@id":"https:\/\/blogdobispo.com.br\/#website","url":"https:\/\/blogdobispo.com.br\/","name":"Blog do Bispo","description":"Comprometido apenas com o leitor","publisher":{"@id":"https:\/\/blogdobispo.com.br\/#organization"},"potentialAction":[{"@type":"SearchAction","target":{"@type":"EntryPoint","urlTemplate":"https:\/\/blogdobispo.com.br\/?s={search_term_string}"},"query-input":{"@type":"PropertyValueSpecification","valueRequired":true,"valueName":"search_term_string"}}],"inLanguage":"pt-BR"},{"@type":"Organization","@id":"https:\/\/blogdobispo.com.br\/#organization","name":"Blog do Bispo","url":"https:\/\/blogdobispo.com.br\/","logo":{"@type":"ImageObject","inLanguage":"pt-BR","@id":"https:\/\/blogdobispo.com.br\/#\/schema\/logo\/image\/","url":"http:\/\/blogdobispo.com.br\/wp-content\/uploads\/2023\/05\/cropped-headear.png","contentUrl":"http:\/\/blogdobispo.com.br\/wp-content\/uploads\/2023\/05\/cropped-headear.png","width":1500,"height":399,"caption":"Blog do Bispo"},"image":{"@id":"https:\/\/blogdobispo.com.br\/#\/schema\/logo\/image\/"}},{"@type":"Person","@id":"https:\/\/blogdobispo.com.br\/#\/schema\/person\/e2209cc0e6cea5c5233d033e997b373f","name":"Jefferson Sterfeno","image":{"@type":"ImageObject","inLanguage":"pt-BR","@id":"https:\/\/blogdobispo.com.br\/#\/schema\/person\/image\/","url":"https:\/\/secure.gravatar.com\/avatar\/0534e84764641168a677026b6d57a3f51dc7ac4db0b4f6186d9cb330d4ee1160?s=96&d=mm&r=g","contentUrl":"https:\/\/secure.gravatar.com\/avatar\/0534e84764641168a677026b6d57a3f51dc7ac4db0b4f6186d9cb330d4ee1160?s=96&d=mm&r=g","caption":"Jefferson Sterfeno"},"sameAs":["http:\/\/blogdobispo.com.br"],"url":"https:\/\/blogdobispo.com.br\/?author=1"}]}},"featured_image_urls":{"full":["https:\/\/i0.wp.com\/blogdobispo.com.br\/wp-content\/uploads\/2025\/08\/01K2WSPVHHHM5XZYBSSSTD4C4C.webp?fit=1591%2C1061&ssl=1",1591,1061,false],"thumbnail":["https:\/\/i0.wp.com\/blogdobispo.com.br\/wp-content\/uploads\/2025\/08\/01K2WSPVHHHM5XZYBSSSTD4C4C.webp?resize=150%2C150&ssl=1",150,150,true],"medium":["https:\/\/i0.wp.com\/blogdobispo.com.br\/wp-content\/uploads\/2025\/08\/01K2WSPVHHHM5XZYBSSSTD4C4C.webp?fit=300%2C200&ssl=1",300,200,true],"medium_large":["https:\/\/i0.wp.com\/blogdobispo.com.br\/wp-content\/uploads\/2025\/08\/01K2WSPVHHHM5XZYBSSSTD4C4C.webp?fit=768%2C512&ssl=1",768,512,true],"large":["https:\/\/i0.wp.com\/blogdobispo.com.br\/wp-content\/uploads\/2025\/08\/01K2WSPVHHHM5XZYBSSSTD4C4C.webp?fit=800%2C534&ssl=1",800,534,true],"1536x1536":["https:\/\/i0.wp.com\/blogdobispo.com.br\/wp-content\/uploads\/2025\/08\/01K2WSPVHHHM5XZYBSSSTD4C4C.webp?fit=1536%2C1024&ssl=1",1536,1024,true],"2048x2048":["https:\/\/i0.wp.com\/blogdobispo.com.br\/wp-content\/uploads\/2025\/08\/01K2WSPVHHHM5XZYBSSSTD4C4C.webp?fit=1591%2C1061&ssl=1",1591,1061,true]},"author_info":{"display_name":"Jefferson Sterfeno","author_link":"https:\/\/blogdobispo.com.br\/?author=1"},"category_info":"<a href=\"https:\/\/blogdobispo.com.br\/?cat=1\" rel=\"category\">diversos<\/a>","tag_info":"diversos","comment_count":"0","jetpack_featured_media_url":"https:\/\/i0.wp.com\/blogdobispo.com.br\/wp-content\/uploads\/2025\/08\/01K2WSPVHHHM5XZYBSSSTD4C4C.webp?fit=1591%2C1061&ssl=1","jetpack_sharing_enabled":true,"_links":{"self":[{"href":"https:\/\/blogdobispo.com.br\/index.php?rest_route=\/wp\/v2\/posts\/17234","targetHints":{"allow":["GET"]}}],"collection":[{"href":"https:\/\/blogdobispo.com.br\/index.php?rest_route=\/wp\/v2\/posts"}],"about":[{"href":"https:\/\/blogdobispo.com.br\/index.php?rest_route=\/wp\/v2\/types\/post"}],"author":[{"embeddable":true,"href":"https:\/\/blogdobispo.com.br\/index.php?rest_route=\/wp\/v2\/users\/1"}],"replies":[{"embeddable":true,"href":"https:\/\/blogdobispo.com.br\/index.php?rest_route=%2Fwp%2Fv2%2Fcomments&post=17234"}],"version-history":[{"count":1,"href":"https:\/\/blogdobispo.com.br\/index.php?rest_route=\/wp\/v2\/posts\/17234\/revisions"}],"predecessor-version":[{"id":17236,"href":"https:\/\/blogdobispo.com.br\/index.php?rest_route=\/wp\/v2\/posts\/17234\/revisions\/17236"}],"wp:featuredmedia":[{"embeddable":true,"href":"https:\/\/blogdobispo.com.br\/index.php?rest_route=\/wp\/v2\/media\/17235"}],"wp:attachment":[{"href":"https:\/\/blogdobispo.com.br\/index.php?rest_route=%2Fwp%2Fv2%2Fmedia&parent=17234"}],"wp:term":[{"taxonomy":"category","embeddable":true,"href":"https:\/\/blogdobispo.com.br\/index.php?rest_route=%2Fwp%2Fv2%2Fcategories&post=17234"},{"taxonomy":"post_tag","embeddable":true,"href":"https:\/\/blogdobispo.com.br\/index.php?rest_route=%2Fwp%2Fv2%2Ftags&post=17234"}],"curies":[{"name":"wp","href":"https:\/\/api.w.org\/{rel}","templated":true}]}}