{"id":17227,"date":"2025-08-17T01:19:36","date_gmt":"2025-08-17T01:19:36","guid":{"rendered":"https:\/\/blogdobispo.com.br\/?p=17227"},"modified":"2025-08-17T02:07:05","modified_gmt":"2025-08-17T02:07:05","slug":"valdemar-da-costa-neto-projeta-crescimento-do-pl-em-2026-e-diz-que-bolsonaro-recebera-a-liberdade","status":"publish","type":"post","link":"https:\/\/blogdobispo.com.br\/?p=17227","title":{"rendered":"Valdemar da Costa Neto projeta crescimento do PL em 2026 e diz que Bolsonaro receber\u00e1 a liberdade"},"content":{"rendered":"\n<figure class=\"wp-block-image size-large\"><img data-recalc-dims=\"1\" fetchpriority=\"high\" decoding=\"async\" width=\"800\" height=\"534\" src=\"https:\/\/i0.wp.com\/blogdobispo.com.br\/wp-content\/uploads\/2025\/08\/a39c772f-0758-43ab-aa1f-15db0d683b1a-1024x683.jpg?resize=800%2C534&#038;ssl=1\" class=\"wp-image-17226\" srcset=\"https:\/\/i0.wp.com\/blogdobispo.com.br\/wp-content\/uploads\/2025\/08\/a39c772f-0758-43ab-aa1f-15db0d683b1a.jpg?resize=1024%2C683&amp;ssl=1 1024w, https:\/\/i0.wp.com\/blogdobispo.com.br\/wp-content\/uploads\/2025\/08\/a39c772f-0758-43ab-aa1f-15db0d683b1a.jpg?resize=300%2C200&amp;ssl=1 300w, https:\/\/i0.wp.com\/blogdobispo.com.br\/wp-content\/uploads\/2025\/08\/a39c772f-0758-43ab-aa1f-15db0d683b1a.jpg?resize=768%2C512&amp;ssl=1 768w, https:\/\/i0.wp.com\/blogdobispo.com.br\/wp-content\/uploads\/2025\/08\/a39c772f-0758-43ab-aa1f-15db0d683b1a.jpg?resize=1536%2C1024&amp;ssl=1 1536w, https:\/\/i0.wp.com\/blogdobispo.com.br\/wp-content\/uploads\/2025\/08\/a39c772f-0758-43ab-aa1f-15db0d683b1a.jpg?w=1600&amp;ssl=1 1600w\" sizes=\"(max-width: 800px) 100vw, 800px\" \/><\/figure>\n\n\n\n<p><\/p>\n\n\n\n<p>O presidente nacional do Partido Liberal (PL), Valdemar da Costa Neto, esteve em Natal neste s\u00e1bado (16) para participar do semin\u00e1rio da Regi\u00e3o Metropolitana do projeto Rota 22, realizado na zona Sul da capital potiguar. Durante seu discurso, Valdemar projetou um crescimento expressivo da legenda nas elei\u00e7\u00f5es de 2026 e defendeu o ex-presidente Jair Bolsonaro, que atualmente cumpre pris\u00e3o domiciliar.<\/p>\n\n\n\n<p>Valdemar afirmou que o PL deve alcan\u00e7ar resultados hist\u00f3ricos nas pr\u00f3ximas elei\u00e7\u00f5es gerais. Segundo ele, a expectativa \u00e9 conquistar maioria na C\u00e2mara dos Deputados, no Senado Federal e, tamb\u00e9m, a Presid\u00eancia da Rep\u00fablica.<\/p>\n\n\n\n<p>\u201cN\u00f3s vamos fazer maioria na C\u00e2mara, vamos fazer maioria no Senado Federal, Rog\u00e9rio, e vamos fazer o Presidente da Rep\u00fablica. N\u00e3o tenho d\u00favida disso, temos tudo para isso\u201d, declarou, em refer\u00eancia ao senador potiguar Rog\u00e9rio Marinho (PL-RN), l\u00edder da legenda no Estado.<\/p>\n\n\n\n<p>O dirigente destacou ainda a possibilidade de crescimento da bancada parlamentar durante a pr\u00f3xima janela partid\u00e1ria, prevista para mar\u00e7o de 2026. Ele disse acreditar que deputados e senadores devem migrar para o PL, ampliando a for\u00e7a pol\u00edtica da sigla.<\/p>\n\n\n\n<p>Em sua fala, Valdemar tamb\u00e9m comentou a situa\u00e7\u00e3o judicial de Jair Bolsonaro. Segundo ele, o ex-presidente, mesmo em pris\u00e3o domiciliar, conta com respaldo internacional e permanece como refer\u00eancia para a legenda. \u201cEssa hist\u00f3ria vai mudar. Porque hoje, n\u00f3s temos o Presidente dos Estados Unidos que se manifesta todo dia a favor do Jair Bolsonaro. N\u00e3o estamos s\u00f3 com o Senado Federal, dif\u00edcil a situa\u00e7\u00e3o, eles t\u00eam maioria, mas n\u00f3s vamos fazer maioria na pr\u00f3xima elei\u00e7\u00e3o\u201d, afirmou.<\/p>\n\n\n\n<p>O presidente do PL ainda exaltou a atua\u00e7\u00e3o da ex-primeira-dama Michelle Bolsonaro \u00e0 frente do PL Mulher, destacando a ades\u00e3o feminina ao projeto pol\u00edtico do partido. \u201cQuando eu vejo aqui as mulheres que est\u00e3o aqui e vejo a simpatia que voc\u00eas sentem pela Michele Bolsonaro, fico orgulhoso disso, de poder presidir o maior partido do Brasil\u201d, disse.<\/p>\n","protected":false},"excerpt":{"rendered":"<p>O presidente nacional do Partido Liberal (PL), Valdemar da Costa Neto, esteve em Natal neste s\u00e1bado (16) para participar do semin\u00e1rio da Regi\u00e3o Metropolitana do projeto Rota 22, realizado na zona Sul da capital potiguar. Durante seu discurso, Valdemar projetou um crescimento expressivo da legenda nas elei\u00e7\u00f5es de 2026 e defendeu o ex-presidente Jair Bolsonaro, [&hellip;]<\/p>\n","protected":false},"author":1,"featured_media":17226,"comment_status":"open","ping_status":"open","sticky":false,"template":"","format":"standard","meta":{"cybocfi_hide_featured_image":"","_jetpack_memberships_contains_paid_content":false,"footnotes":""},"categories":[1],"tags":[],"class_list":["post-17227","post","type-post","status-publish","format-standard","has-post-thumbnail","hentry","category-diversos"],"yoast_head":"<!-- This site is optimized with the Yoast SEO plugin v25.6 - https:\/\/yoast.com\/wordpress\/plugins\/seo\/ -->\n<title>Valdemar da Costa Neto projeta crescimento do PL em 2026 e diz que Bolsonaro receber\u00e1 a liberdade - Blog do Bispo<\/title>\n<meta name=\"robots\" content=\"index, follow, max-snippet:-1, max-image-preview:large, max-video-preview:-1\" \/>\n<link rel=\"canonical\" href=\"https:\/\/blogdobispo.com.br\/?p=17227\" \/>\n<meta property=\"og:locale\" content=\"pt_BR\" \/>\n<meta property=\"og:type\" content=\"article\" \/>\n<meta property=\"og:title\" content=\"Valdemar da Costa Neto projeta crescimento do PL em 2026 e diz que Bolsonaro receber\u00e1 a liberdade - Blog do Bispo\" \/>\n<meta property=\"og:description\" content=\"O presidente nacional do Partido Liberal (PL), Valdemar da Costa Neto, esteve em Natal neste s\u00e1bado (16) para participar do semin\u00e1rio da Regi\u00e3o Metropolitana do projeto Rota 22, realizado na zona Sul da capital potiguar. Durante seu discurso, Valdemar projetou um crescimento expressivo da legenda nas elei\u00e7\u00f5es de 2026 e defendeu o ex-presidente Jair Bolsonaro, [&hellip;]\" \/>\n<meta property=\"og:url\" content=\"https:\/\/blogdobispo.com.br\/?p=17227\" \/>\n<meta property=\"og:site_name\" content=\"Blog do Bispo\" \/>\n<meta property=\"article:published_time\" content=\"2025-08-17T01:19:36+00:00\" \/>\n<meta property=\"article:modified_time\" content=\"2025-08-17T02:07:05+00:00\" \/>\n<meta property=\"og:image\" content=\"https:\/\/blogdobispo.com.br\/wp-content\/uploads\/2025\/08\/a39c772f-0758-43ab-aa1f-15db0d683b1a-1024x683.jpg\" \/>\n<meta name=\"author\" content=\"Jefferson Sterfeno\" \/>\n<meta name=\"twitter:card\" content=\"summary_large_image\" \/>\n<meta name=\"twitter:label1\" content=\"Escrito por\" \/>\n\t<meta name=\"twitter:data1\" content=\"Jefferson Sterfeno\" \/>\n\t<meta name=\"twitter:label2\" content=\"Est. tempo de leitura\" \/>\n\t<meta name=\"twitter:data2\" content=\"2 minutos\" \/>\n<script type=\"application\/ld+json\" class=\"yoast-schema-graph\">{\"@context\":\"https:\/\/schema.org\",\"@graph\":[{\"@type\":\"Article\",\"@id\":\"https:\/\/blogdobispo.com.br\/?p=17227#article\",\"isPartOf\":{\"@id\":\"https:\/\/blogdobispo.com.br\/?p=17227\"},\"author\":{\"name\":\"Jefferson Sterfeno\",\"@id\":\"https:\/\/blogdobispo.com.br\/#\/schema\/person\/e2209cc0e6cea5c5233d033e997b373f\"},\"headline\":\"Valdemar da Costa Neto projeta crescimento do PL em 2026 e diz que Bolsonaro receber\u00e1 a liberdade\",\"datePublished\":\"2025-08-17T01:19:36+00:00\",\"dateModified\":\"2025-08-17T02:07:05+00:00\",\"mainEntityOfPage\":{\"@id\":\"https:\/\/blogdobispo.com.br\/?p=17227\"},\"wordCount\":362,\"commentCount\":0,\"publisher\":{\"@id\":\"https:\/\/blogdobispo.com.br\/#organization\"},\"image\":{\"@id\":\"https:\/\/blogdobispo.com.br\/?p=17227#primaryimage\"},\"thumbnailUrl\":\"https:\/\/i0.wp.com\/blogdobispo.com.br\/wp-content\/uploads\/2025\/08\/a39c772f-0758-43ab-aa1f-15db0d683b1a.jpg?fit=1600%2C1067&ssl=1\",\"articleSection\":[\"diversos\"],\"inLanguage\":\"pt-BR\",\"potentialAction\":[{\"@type\":\"CommentAction\",\"name\":\"Comment\",\"target\":[\"https:\/\/blogdobispo.com.br\/?p=17227#respond\"]}]},{\"@type\":\"WebPage\",\"@id\":\"https:\/\/blogdobispo.com.br\/?p=17227\",\"url\":\"https:\/\/blogdobispo.com.br\/?p=17227\",\"name\":\"Valdemar da Costa Neto projeta crescimento do PL em 2026 e diz que Bolsonaro receber\u00e1 a liberdade - Blog do Bispo\",\"isPartOf\":{\"@id\":\"https:\/\/blogdobispo.com.br\/#website\"},\"primaryImageOfPage\":{\"@id\":\"https:\/\/blogdobispo.com.br\/?p=17227#primaryimage\"},\"image\":{\"@id\":\"https:\/\/blogdobispo.com.br\/?p=17227#primaryimage\"},\"thumbnailUrl\":\"https:\/\/i0.wp.com\/blogdobispo.com.br\/wp-content\/uploads\/2025\/08\/a39c772f-0758-43ab-aa1f-15db0d683b1a.jpg?fit=1600%2C1067&ssl=1\",\"datePublished\":\"2025-08-17T01:19:36+00:00\",\"dateModified\":\"2025-08-17T02:07:05+00:00\",\"breadcrumb\":{\"@id\":\"https:\/\/blogdobispo.com.br\/?p=17227#breadcrumb\"},\"inLanguage\":\"pt-BR\",\"potentialAction\":[{\"@type\":\"ReadAction\",\"target\":[\"https:\/\/blogdobispo.com.br\/?p=17227\"]}]},{\"@type\":\"ImageObject\",\"inLanguage\":\"pt-BR\",\"@id\":\"https:\/\/blogdobispo.com.br\/?p=17227#primaryimage\",\"url\":\"https:\/\/i0.wp.com\/blogdobispo.com.br\/wp-content\/uploads\/2025\/08\/a39c772f-0758-43ab-aa1f-15db0d683b1a.jpg?fit=1600%2C1067&ssl=1\",\"contentUrl\":\"https:\/\/i0.wp.com\/blogdobispo.com.br\/wp-content\/uploads\/2025\/08\/a39c772f-0758-43ab-aa1f-15db0d683b1a.jpg?fit=1600%2C1067&ssl=1\",\"width\":1600,\"height\":1067},{\"@type\":\"BreadcrumbList\",\"@id\":\"https:\/\/blogdobispo.com.br\/?p=17227#breadcrumb\",\"itemListElement\":[{\"@type\":\"ListItem\",\"position\":1,\"name\":\"In\u00edcio\",\"item\":\"https:\/\/blogdobispo.com.br\/\"},{\"@type\":\"ListItem\",\"position\":2,\"name\":\"Valdemar da Costa Neto projeta crescimento do PL em 2026 e diz que Bolsonaro receber\u00e1 a liberdade\"}]},{\"@type\":\"WebSite\",\"@id\":\"https:\/\/blogdobispo.com.br\/#website\",\"url\":\"https:\/\/blogdobispo.com.br\/\",\"name\":\"Blog do Bispo\",\"description\":\"Comprometido apenas com o leitor\",\"publisher\":{\"@id\":\"https:\/\/blogdobispo.com.br\/#organization\"},\"potentialAction\":[{\"@type\":\"SearchAction\",\"target\":{\"@type\":\"EntryPoint\",\"urlTemplate\":\"https:\/\/blogdobispo.com.br\/?s={search_term_string}\"},\"query-input\":{\"@type\":\"PropertyValueSpecification\",\"valueRequired\":true,\"valueName\":\"search_term_string\"}}],\"inLanguage\":\"pt-BR\"},{\"@type\":\"Organization\",\"@id\":\"https:\/\/blogdobispo.com.br\/#organization\",\"name\":\"Blog do Bispo\",\"url\":\"https:\/\/blogdobispo.com.br\/\",\"logo\":{\"@type\":\"ImageObject\",\"inLanguage\":\"pt-BR\",\"@id\":\"https:\/\/blogdobispo.com.br\/#\/schema\/logo\/image\/\",\"url\":\"http:\/\/blogdobispo.com.br\/wp-content\/uploads\/2023\/05\/cropped-headear.png\",\"contentUrl\":\"http:\/\/blogdobispo.com.br\/wp-content\/uploads\/2023\/05\/cropped-headear.png\",\"width\":1500,\"height\":399,\"caption\":\"Blog do Bispo\"},\"image\":{\"@id\":\"https:\/\/blogdobispo.com.br\/#\/schema\/logo\/image\/\"}},{\"@type\":\"Person\",\"@id\":\"https:\/\/blogdobispo.com.br\/#\/schema\/person\/e2209cc0e6cea5c5233d033e997b373f\",\"name\":\"Jefferson Sterfeno\",\"image\":{\"@type\":\"ImageObject\",\"inLanguage\":\"pt-BR\",\"@id\":\"https:\/\/blogdobispo.com.br\/#\/schema\/person\/image\/\",\"url\":\"https:\/\/secure.gravatar.com\/avatar\/0534e84764641168a677026b6d57a3f51dc7ac4db0b4f6186d9cb330d4ee1160?s=96&d=mm&r=g\",\"contentUrl\":\"https:\/\/secure.gravatar.com\/avatar\/0534e84764641168a677026b6d57a3f51dc7ac4db0b4f6186d9cb330d4ee1160?s=96&d=mm&r=g\",\"caption\":\"Jefferson Sterfeno\"},\"sameAs\":[\"http:\/\/blogdobispo.com.br\"],\"url\":\"https:\/\/blogdobispo.com.br\/?author=1\"}]}<\/script>\n<!-- \/ Yoast SEO plugin. -->","yoast_head_json":{"title":"Valdemar da Costa Neto projeta crescimento do PL em 2026 e diz que Bolsonaro receber\u00e1 a liberdade - Blog do Bispo","robots":{"index":"index","follow":"follow","max-snippet":"max-snippet:-1","max-image-preview":"max-image-preview:large","max-video-preview":"max-video-preview:-1"},"canonical":"https:\/\/blogdobispo.com.br\/?p=17227","og_locale":"pt_BR","og_type":"article","og_title":"Valdemar da Costa Neto projeta crescimento do PL em 2026 e diz que Bolsonaro receber\u00e1 a liberdade - Blog do Bispo","og_description":"O presidente nacional do Partido Liberal (PL), Valdemar da Costa Neto, esteve em Natal neste s\u00e1bado (16) para participar do semin\u00e1rio da Regi\u00e3o Metropolitana do projeto Rota 22, realizado na zona Sul da capital potiguar. Durante seu discurso, Valdemar projetou um crescimento expressivo da legenda nas elei\u00e7\u00f5es de 2026 e defendeu o ex-presidente Jair Bolsonaro, [&hellip;]","og_url":"https:\/\/blogdobispo.com.br\/?p=17227","og_site_name":"Blog do Bispo","article_published_time":"2025-08-17T01:19:36+00:00","article_modified_time":"2025-08-17T02:07:05+00:00","og_image":[{"url":"https:\/\/blogdobispo.com.br\/wp-content\/uploads\/2025\/08\/a39c772f-0758-43ab-aa1f-15db0d683b1a-1024x683.jpg","type":"","width":"","height":""}],"author":"Jefferson Sterfeno","twitter_card":"summary_large_image","twitter_misc":{"Escrito por":"Jefferson Sterfeno","Est. tempo de leitura":"2 minutos"},"schema":{"@context":"https:\/\/schema.org","@graph":[{"@type":"Article","@id":"https:\/\/blogdobispo.com.br\/?p=17227#article","isPartOf":{"@id":"https:\/\/blogdobispo.com.br\/?p=17227"},"author":{"name":"Jefferson Sterfeno","@id":"https:\/\/blogdobispo.com.br\/#\/schema\/person\/e2209cc0e6cea5c5233d033e997b373f"},"headline":"Valdemar da Costa Neto projeta crescimento do PL em 2026 e diz que Bolsonaro receber\u00e1 a liberdade","datePublished":"2025-08-17T01:19:36+00:00","dateModified":"2025-08-17T02:07:05+00:00","mainEntityOfPage":{"@id":"https:\/\/blogdobispo.com.br\/?p=17227"},"wordCount":362,"commentCount":0,"publisher":{"@id":"https:\/\/blogdobispo.com.br\/#organization"},"image":{"@id":"https:\/\/blogdobispo.com.br\/?p=17227#primaryimage"},"thumbnailUrl":"https:\/\/i0.wp.com\/blogdobispo.com.br\/wp-content\/uploads\/2025\/08\/a39c772f-0758-43ab-aa1f-15db0d683b1a.jpg?fit=1600%2C1067&ssl=1","articleSection":["diversos"],"inLanguage":"pt-BR","potentialAction":[{"@type":"CommentAction","name":"Comment","target":["https:\/\/blogdobispo.com.br\/?p=17227#respond"]}]},{"@type":"WebPage","@id":"https:\/\/blogdobispo.com.br\/?p=17227","url":"https:\/\/blogdobispo.com.br\/?p=17227","name":"Valdemar da Costa Neto projeta crescimento do PL em 2026 e diz que Bolsonaro receber\u00e1 a liberdade - Blog do Bispo","isPartOf":{"@id":"https:\/\/blogdobispo.com.br\/#website"},"primaryImageOfPage":{"@id":"https:\/\/blogdobispo.com.br\/?p=17227#primaryimage"},"image":{"@id":"https:\/\/blogdobispo.com.br\/?p=17227#primaryimage"},"thumbnailUrl":"https:\/\/i0.wp.com\/blogdobispo.com.br\/wp-content\/uploads\/2025\/08\/a39c772f-0758-43ab-aa1f-15db0d683b1a.jpg?fit=1600%2C1067&ssl=1","datePublished":"2025-08-17T01:19:36+00:00","dateModified":"2025-08-17T02:07:05+00:00","breadcrumb":{"@id":"https:\/\/blogdobispo.com.br\/?p=17227#breadcrumb"},"inLanguage":"pt-BR","potentialAction":[{"@type":"ReadAction","target":["https:\/\/blogdobispo.com.br\/?p=17227"]}]},{"@type":"ImageObject","inLanguage":"pt-BR","@id":"https:\/\/blogdobispo.com.br\/?p=17227#primaryimage","url":"https:\/\/i0.wp.com\/blogdobispo.com.br\/wp-content\/uploads\/2025\/08\/a39c772f-0758-43ab-aa1f-15db0d683b1a.jpg?fit=1600%2C1067&ssl=1","contentUrl":"https:\/\/i0.wp.com\/blogdobispo.com.br\/wp-content\/uploads\/2025\/08\/a39c772f-0758-43ab-aa1f-15db0d683b1a.jpg?fit=1600%2C1067&ssl=1","width":1600,"height":1067},{"@type":"BreadcrumbList","@id":"https:\/\/blogdobispo.com.br\/?p=17227#breadcrumb","itemListElement":[{"@type":"ListItem","position":1,"name":"In\u00edcio","item":"https:\/\/blogdobispo.com.br\/"},{"@type":"ListItem","position":2,"name":"Valdemar da Costa Neto projeta crescimento do PL em 2026 e diz que Bolsonaro receber\u00e1 a liberdade"}]},{"@type":"WebSite","@id":"https:\/\/blogdobispo.com.br\/#website","url":"https:\/\/blogdobispo.com.br\/","name":"Blog do Bispo","description":"Comprometido apenas com o leitor","publisher":{"@id":"https:\/\/blogdobispo.com.br\/#organization"},"potentialAction":[{"@type":"SearchAction","target":{"@type":"EntryPoint","urlTemplate":"https:\/\/blogdobispo.com.br\/?s={search_term_string}"},"query-input":{"@type":"PropertyValueSpecification","valueRequired":true,"valueName":"search_term_string"}}],"inLanguage":"pt-BR"},{"@type":"Organization","@id":"https:\/\/blogdobispo.com.br\/#organization","name":"Blog do Bispo","url":"https:\/\/blogdobispo.com.br\/","logo":{"@type":"ImageObject","inLanguage":"pt-BR","@id":"https:\/\/blogdobispo.com.br\/#\/schema\/logo\/image\/","url":"http:\/\/blogdobispo.com.br\/wp-content\/uploads\/2023\/05\/cropped-headear.png","contentUrl":"http:\/\/blogdobispo.com.br\/wp-content\/uploads\/2023\/05\/cropped-headear.png","width":1500,"height":399,"caption":"Blog do Bispo"},"image":{"@id":"https:\/\/blogdobispo.com.br\/#\/schema\/logo\/image\/"}},{"@type":"Person","@id":"https:\/\/blogdobispo.com.br\/#\/schema\/person\/e2209cc0e6cea5c5233d033e997b373f","name":"Jefferson Sterfeno","image":{"@type":"ImageObject","inLanguage":"pt-BR","@id":"https:\/\/blogdobispo.com.br\/#\/schema\/person\/image\/","url":"https:\/\/secure.gravatar.com\/avatar\/0534e84764641168a677026b6d57a3f51dc7ac4db0b4f6186d9cb330d4ee1160?s=96&d=mm&r=g","contentUrl":"https:\/\/secure.gravatar.com\/avatar\/0534e84764641168a677026b6d57a3f51dc7ac4db0b4f6186d9cb330d4ee1160?s=96&d=mm&r=g","caption":"Jefferson Sterfeno"},"sameAs":["http:\/\/blogdobispo.com.br"],"url":"https:\/\/blogdobispo.com.br\/?author=1"}]}},"featured_image_urls":{"full":["https:\/\/i0.wp.com\/blogdobispo.com.br\/wp-content\/uploads\/2025\/08\/a39c772f-0758-43ab-aa1f-15db0d683b1a.jpg?fit=1600%2C1067&ssl=1",1600,1067,false],"thumbnail":["https:\/\/i0.wp.com\/blogdobispo.com.br\/wp-content\/uploads\/2025\/08\/a39c772f-0758-43ab-aa1f-15db0d683b1a.jpg?resize=150%2C150&ssl=1",150,150,true],"medium":["https:\/\/i0.wp.com\/blogdobispo.com.br\/wp-content\/uploads\/2025\/08\/a39c772f-0758-43ab-aa1f-15db0d683b1a.jpg?fit=300%2C200&ssl=1",300,200,true],"medium_large":["https:\/\/i0.wp.com\/blogdobispo.com.br\/wp-content\/uploads\/2025\/08\/a39c772f-0758-43ab-aa1f-15db0d683b1a.jpg?fit=768%2C512&ssl=1",768,512,true],"large":["https:\/\/i0.wp.com\/blogdobispo.com.br\/wp-content\/uploads\/2025\/08\/a39c772f-0758-43ab-aa1f-15db0d683b1a.jpg?fit=800%2C534&ssl=1",800,534,true],"1536x1536":["https:\/\/i0.wp.com\/blogdobispo.com.br\/wp-content\/uploads\/2025\/08\/a39c772f-0758-43ab-aa1f-15db0d683b1a.jpg?fit=1536%2C1024&ssl=1",1536,1024,true],"2048x2048":["https:\/\/i0.wp.com\/blogdobispo.com.br\/wp-content\/uploads\/2025\/08\/a39c772f-0758-43ab-aa1f-15db0d683b1a.jpg?fit=1600%2C1067&ssl=1",1600,1067,true]},"author_info":{"display_name":"Jefferson Sterfeno","author_link":"https:\/\/blogdobispo.com.br\/?author=1"},"category_info":"<a href=\"https:\/\/blogdobispo.com.br\/?cat=1\" rel=\"category\">diversos<\/a>","tag_info":"diversos","comment_count":"0","jetpack_featured_media_url":"https:\/\/i0.wp.com\/blogdobispo.com.br\/wp-content\/uploads\/2025\/08\/a39c772f-0758-43ab-aa1f-15db0d683b1a.jpg?fit=1600%2C1067&ssl=1","jetpack_sharing_enabled":true,"_links":{"self":[{"href":"https:\/\/blogdobispo.com.br\/index.php?rest_route=\/wp\/v2\/posts\/17227","targetHints":{"allow":["GET"]}}],"collection":[{"href":"https:\/\/blogdobispo.com.br\/index.php?rest_route=\/wp\/v2\/posts"}],"about":[{"href":"https:\/\/blogdobispo.com.br\/index.php?rest_route=\/wp\/v2\/types\/post"}],"author":[{"embeddable":true,"href":"https:\/\/blogdobispo.com.br\/index.php?rest_route=\/wp\/v2\/users\/1"}],"replies":[{"embeddable":true,"href":"https:\/\/blogdobispo.com.br\/index.php?rest_route=%2Fwp%2Fv2%2Fcomments&post=17227"}],"version-history":[{"count":1,"href":"https:\/\/blogdobispo.com.br\/index.php?rest_route=\/wp\/v2\/posts\/17227\/revisions"}],"predecessor-version":[{"id":17231,"href":"https:\/\/blogdobispo.com.br\/index.php?rest_route=\/wp\/v2\/posts\/17227\/revisions\/17231"}],"wp:featuredmedia":[{"embeddable":true,"href":"https:\/\/blogdobispo.com.br\/index.php?rest_route=\/wp\/v2\/media\/17226"}],"wp:attachment":[{"href":"https:\/\/blogdobispo.com.br\/index.php?rest_route=%2Fwp%2Fv2%2Fmedia&parent=17227"}],"wp:term":[{"taxonomy":"category","embeddable":true,"href":"https:\/\/blogdobispo.com.br\/index.php?rest_route=%2Fwp%2Fv2%2Fcategories&post=17227"},{"taxonomy":"post_tag","embeddable":true,"href":"https:\/\/blogdobispo.com.br\/index.php?rest_route=%2Fwp%2Fv2%2Ftags&post=17227"}],"curies":[{"name":"wp","href":"https:\/\/api.w.org\/{rel}","templated":true}]}}