{"id":17223,"date":"2025-08-17T01:13:40","date_gmt":"2025-08-17T01:13:40","guid":{"rendered":"https:\/\/blogdobispo.com.br\/?p=17223"},"modified":"2025-08-17T01:13:40","modified_gmt":"2025-08-17T01:13:40","slug":"rogerio-marinho-critica-gestao-de-fatima-bezerra-e-aponta-desgoverno-no-rn-durante-encerramento-do-rota-22","status":"publish","type":"post","link":"https:\/\/blogdobispo.com.br\/?p=17223","title":{"rendered":"Rog\u00e9rio Marinho critica gest\u00e3o de F\u00e1tima Bezerra e aponta \u201cdesgoverno\u201d no RN durante encerramento do Rota 22"},"content":{"rendered":"\n<figure class=\"wp-block-image size-large\"><img data-recalc-dims=\"1\" fetchpriority=\"high\" decoding=\"async\" width=\"800\" height=\"534\" src=\"https:\/\/i0.wp.com\/blogdobispo.com.br\/wp-content\/uploads\/2025\/08\/1d8f655d-199d-4559-b372-80402bd2e1dc-1024x683.jpg?resize=800%2C534&#038;ssl=1\" class=\"wp-image-17222\" srcset=\"https:\/\/i0.wp.com\/blogdobispo.com.br\/wp-content\/uploads\/2025\/08\/1d8f655d-199d-4559-b372-80402bd2e1dc.jpg?resize=1024%2C683&amp;ssl=1 1024w, https:\/\/i0.wp.com\/blogdobispo.com.br\/wp-content\/uploads\/2025\/08\/1d8f655d-199d-4559-b372-80402bd2e1dc.jpg?resize=300%2C200&amp;ssl=1 300w, https:\/\/i0.wp.com\/blogdobispo.com.br\/wp-content\/uploads\/2025\/08\/1d8f655d-199d-4559-b372-80402bd2e1dc.jpg?resize=768%2C512&amp;ssl=1 768w, https:\/\/i0.wp.com\/blogdobispo.com.br\/wp-content\/uploads\/2025\/08\/1d8f655d-199d-4559-b372-80402bd2e1dc.jpg?resize=1536%2C1024&amp;ssl=1 1536w, https:\/\/i0.wp.com\/blogdobispo.com.br\/wp-content\/uploads\/2025\/08\/1d8f655d-199d-4559-b372-80402bd2e1dc.jpg?w=1600&amp;ssl=1 1600w\" sizes=\"(max-width: 800px) 100vw, 800px\" \/><\/figure>\n\n\n\n<p><\/p>\n\n\n\n<p>O senador Rog\u00e9rio Marinho (PL-RN), pr\u00e9-candidato ao governo do Rio Grande do Norte, fez duras cr\u00edticas \u00e0 administra\u00e7\u00e3o da governadora F\u00e1tima Bezerra (PT) neste s\u00e1bado (16), durante o semin\u00e1rio que marcou o encerramento do projeto Rota 22, realizado na zona Sul de Natal.<\/p>\n\n\n\n<p>Em seu discurso, Marinho afirmou que o Rio Grande do Norte enfrenta um cen\u00e1rio de \u201cdesgoverno\u201d, citando problemas em \u00e1reas como educa\u00e7\u00e3o, sa\u00fade, infraestrutura e gest\u00e3o fiscal. \u201cFazer a cr\u00edtica diante do descalabro, do desgoverno, da forma atabalhoada com que a gest\u00e3o p\u00fablica do estado do Rio Grande do Norte vem sendo conduzida \u00e9 muito f\u00e1cil. Qualquer cidad\u00e3o sabe disso. Como est\u00e3o as nossas estradas, como est\u00e3o os nossos hospitais regionais, o tamanho da fila para cirurgias eletivas e o descaso com a educa\u00e7\u00e3o p\u00fablica\u201d, disse.<\/p>\n\n\n\n<p>O parlamentar criticou o desempenho do Estado nos indicadores de alfabetiza\u00e7\u00e3o e aprendizado, destacando que, apesar de ser governado por uma professora h\u00e1 quase sete anos, o RN ocupa as \u00faltimas posi\u00e7\u00f5es do pa\u00eds. \u201cAs crian\u00e7as n\u00e3o conseguem fazer as quatro opera\u00e7\u00f5es matem\u00e1ticas, n\u00e3o sabem ler, n\u00e3o sabem escrever. Est\u00e3o em est\u00e1gio de analfabetismo ou analfabetismo funcional. Isso significa que, quando forem adultos, n\u00e3o conseguir\u00e3o se integrar de forma produtiva na sociedade. N\u00e3o \u00e9 esse o Rio Grande do Norte que n\u00f3s queremos\u201d, declarou.<\/p>\n\n\n\n<p>O Semin\u00e1rio Rota 22 da Regi\u00e3o Metropolitana de Natal, projeto do Partido Liberal (PL), em parceria com o Instituto \u00c1lvaro Valle, ocorreu no Olimpo Recep\u00e7\u00f5es. Rog\u00e9rio Marinho ressaltou os p\u00e9ssimos indicadores do Rio Grande do Norte. &#8220;Isto n\u00e3o \u00e9 narrativa. S\u00e3o dados do Centro de Lideran\u00e7aa P\u00fablica (CLP). O RN \u00e9 \u00faltimo lugar em solv\u00eancia fsical, \u00faltimo em desenvolvimento sustent\u00e1vel, \u00faltimo no esino m\u00e9dio, \u00e9 o que menos investe or\u00e7amentariamente. N\u00f3s estamos nas m\u00e3os de irrespons\u00e1veis. Este \u00e9 o retrato do Rio Grande do Norte&#8221;, disse Rog\u00e9rio Marinho.<\/p>\n\n\n\n<p>Rog\u00e9rio Marinho tamb\u00e9m atacou a pol\u00edtica fiscal do governo estadual, afirmando que o RN ocupa o \u00faltimo lugar no ranking de solv\u00eancia fiscal, o que, segundo ele, compromete a capacidade de investimentos e de firmar conv\u00eanios com munic\u00edpios. \u201cIsso \u00e9 muito s\u00e9rio, porque significa que o governo n\u00e3o tem capacidade pr\u00f3pria para resolver problemas b\u00e1sicos de manuten\u00e7\u00e3o de estradas, melhoria de hospitais regionais e edifica\u00e7\u00e3o de escolas\u201d, afirmou.<\/p>\n\n\n\n<p>O senador ainda afirmou que a atual gest\u00e3o de travar o desenvolvimento econ\u00f4mico do estado ao dificultar o licenciamento de empreendimentos. \u201cOs nossos \u00f3rg\u00e3os de controle e de concess\u00e3o s\u00e3o absolutamente inserv\u00edveis. Criam dificuldades para quem quer empreender e, por fim, vendem facilidades\u201d, criticou.<\/p>\n\n\n\n<p>Em tom mais duro, Marinho classificou a governadora como uma \u201cp\u00e9ssima professora\u201d e resumiu o governo petista como marcado por \u201cmuita propaganda, pouca gest\u00e3o e muita corrup\u00e7\u00e3o\u201d.<\/p>\n","protected":false},"excerpt":{"rendered":"<p>O senador Rog\u00e9rio Marinho (PL-RN), pr\u00e9-candidato ao governo do Rio Grande do Norte, fez duras cr\u00edticas \u00e0 administra\u00e7\u00e3o da governadora F\u00e1tima Bezerra (PT) neste s\u00e1bado (16), durante o semin\u00e1rio que marcou o encerramento do projeto Rota 22, realizado na zona Sul de Natal. Em seu discurso, Marinho afirmou que o Rio Grande do Norte enfrenta [&hellip;]<\/p>\n","protected":false},"author":1,"featured_media":0,"comment_status":"open","ping_status":"open","sticky":false,"template":"","format":"standard","meta":{"cybocfi_hide_featured_image":"","_jetpack_memberships_contains_paid_content":false,"footnotes":""},"categories":[1],"tags":[],"class_list":["post-17223","post","type-post","status-publish","format-standard","hentry","category-diversos"],"yoast_head":"<!-- This site is optimized with the Yoast SEO plugin v25.6 - https:\/\/yoast.com\/wordpress\/plugins\/seo\/ -->\n<title>Rog\u00e9rio Marinho critica gest\u00e3o de F\u00e1tima Bezerra e aponta \u201cdesgoverno\u201d no RN durante encerramento do Rota 22 - Blog do Bispo<\/title>\n<meta name=\"robots\" content=\"index, follow, max-snippet:-1, max-image-preview:large, max-video-preview:-1\" \/>\n<link rel=\"canonical\" href=\"https:\/\/blogdobispo.com.br\/?p=17223\" \/>\n<meta property=\"og:locale\" content=\"pt_BR\" \/>\n<meta property=\"og:type\" content=\"article\" \/>\n<meta property=\"og:title\" content=\"Rog\u00e9rio Marinho critica gest\u00e3o de F\u00e1tima Bezerra e aponta \u201cdesgoverno\u201d no RN durante encerramento do Rota 22 - Blog do Bispo\" \/>\n<meta property=\"og:description\" content=\"O senador Rog\u00e9rio Marinho (PL-RN), pr\u00e9-candidato ao governo do Rio Grande do Norte, fez duras cr\u00edticas \u00e0 administra\u00e7\u00e3o da governadora F\u00e1tima Bezerra (PT) neste s\u00e1bado (16), durante o semin\u00e1rio que marcou o encerramento do projeto Rota 22, realizado na zona Sul de Natal. Em seu discurso, Marinho afirmou que o Rio Grande do Norte enfrenta [&hellip;]\" \/>\n<meta property=\"og:url\" content=\"https:\/\/blogdobispo.com.br\/?p=17223\" \/>\n<meta property=\"og:site_name\" content=\"Blog do Bispo\" \/>\n<meta property=\"article:published_time\" content=\"2025-08-17T01:13:40+00:00\" \/>\n<meta property=\"og:image\" content=\"https:\/\/blogdobispo.com.br\/wp-content\/uploads\/2025\/08\/1d8f655d-199d-4559-b372-80402bd2e1dc-1024x683.jpg\" \/>\n<meta name=\"author\" content=\"Jefferson Sterfeno\" \/>\n<meta name=\"twitter:card\" content=\"summary_large_image\" \/>\n<meta name=\"twitter:label1\" content=\"Escrito por\" \/>\n\t<meta name=\"twitter:data1\" content=\"Jefferson Sterfeno\" \/>\n\t<meta name=\"twitter:label2\" content=\"Est. tempo de leitura\" \/>\n\t<meta name=\"twitter:data2\" content=\"3 minutos\" \/>\n<script type=\"application\/ld+json\" class=\"yoast-schema-graph\">{\"@context\":\"https:\/\/schema.org\",\"@graph\":[{\"@type\":\"Article\",\"@id\":\"https:\/\/blogdobispo.com.br\/?p=17223#article\",\"isPartOf\":{\"@id\":\"https:\/\/blogdobispo.com.br\/?p=17223\"},\"author\":{\"name\":\"Jefferson Sterfeno\",\"@id\":\"https:\/\/blogdobispo.com.br\/#\/schema\/person\/e2209cc0e6cea5c5233d033e997b373f\"},\"headline\":\"Rog\u00e9rio Marinho critica gest\u00e3o de F\u00e1tima Bezerra e aponta \u201cdesgoverno\u201d no RN durante encerramento do Rota 22\",\"datePublished\":\"2025-08-17T01:13:40+00:00\",\"mainEntityOfPage\":{\"@id\":\"https:\/\/blogdobispo.com.br\/?p=17223\"},\"wordCount\":521,\"commentCount\":0,\"publisher\":{\"@id\":\"https:\/\/blogdobispo.com.br\/#organization\"},\"image\":{\"@id\":\"https:\/\/blogdobispo.com.br\/?p=17223#primaryimage\"},\"thumbnailUrl\":\"https:\/\/blogdobispo.com.br\/wp-content\/uploads\/2025\/08\/1d8f655d-199d-4559-b372-80402bd2e1dc-1024x683.jpg\",\"articleSection\":[\"diversos\"],\"inLanguage\":\"pt-BR\",\"potentialAction\":[{\"@type\":\"CommentAction\",\"name\":\"Comment\",\"target\":[\"https:\/\/blogdobispo.com.br\/?p=17223#respond\"]}]},{\"@type\":\"WebPage\",\"@id\":\"https:\/\/blogdobispo.com.br\/?p=17223\",\"url\":\"https:\/\/blogdobispo.com.br\/?p=17223\",\"name\":\"Rog\u00e9rio Marinho critica gest\u00e3o de F\u00e1tima Bezerra e aponta \u201cdesgoverno\u201d no RN durante encerramento do Rota 22 - Blog do Bispo\",\"isPartOf\":{\"@id\":\"https:\/\/blogdobispo.com.br\/#website\"},\"primaryImageOfPage\":{\"@id\":\"https:\/\/blogdobispo.com.br\/?p=17223#primaryimage\"},\"image\":{\"@id\":\"https:\/\/blogdobispo.com.br\/?p=17223#primaryimage\"},\"thumbnailUrl\":\"https:\/\/blogdobispo.com.br\/wp-content\/uploads\/2025\/08\/1d8f655d-199d-4559-b372-80402bd2e1dc-1024x683.jpg\",\"datePublished\":\"2025-08-17T01:13:40+00:00\",\"breadcrumb\":{\"@id\":\"https:\/\/blogdobispo.com.br\/?p=17223#breadcrumb\"},\"inLanguage\":\"pt-BR\",\"potentialAction\":[{\"@type\":\"ReadAction\",\"target\":[\"https:\/\/blogdobispo.com.br\/?p=17223\"]}]},{\"@type\":\"ImageObject\",\"inLanguage\":\"pt-BR\",\"@id\":\"https:\/\/blogdobispo.com.br\/?p=17223#primaryimage\",\"url\":\"https:\/\/blogdobispo.com.br\/wp-content\/uploads\/2025\/08\/1d8f655d-199d-4559-b372-80402bd2e1dc-1024x683.jpg\",\"contentUrl\":\"https:\/\/blogdobispo.com.br\/wp-content\/uploads\/2025\/08\/1d8f655d-199d-4559-b372-80402bd2e1dc-1024x683.jpg\"},{\"@type\":\"BreadcrumbList\",\"@id\":\"https:\/\/blogdobispo.com.br\/?p=17223#breadcrumb\",\"itemListElement\":[{\"@type\":\"ListItem\",\"position\":1,\"name\":\"In\u00edcio\",\"item\":\"https:\/\/blogdobispo.com.br\/\"},{\"@type\":\"ListItem\",\"position\":2,\"name\":\"Rog\u00e9rio Marinho critica gest\u00e3o de F\u00e1tima Bezerra e aponta \u201cdesgoverno\u201d no RN durante encerramento do Rota 22\"}]},{\"@type\":\"WebSite\",\"@id\":\"https:\/\/blogdobispo.com.br\/#website\",\"url\":\"https:\/\/blogdobispo.com.br\/\",\"name\":\"Blog do Bispo\",\"description\":\"Comprometido apenas com o leitor\",\"publisher\":{\"@id\":\"https:\/\/blogdobispo.com.br\/#organization\"},\"potentialAction\":[{\"@type\":\"SearchAction\",\"target\":{\"@type\":\"EntryPoint\",\"urlTemplate\":\"https:\/\/blogdobispo.com.br\/?s={search_term_string}\"},\"query-input\":{\"@type\":\"PropertyValueSpecification\",\"valueRequired\":true,\"valueName\":\"search_term_string\"}}],\"inLanguage\":\"pt-BR\"},{\"@type\":\"Organization\",\"@id\":\"https:\/\/blogdobispo.com.br\/#organization\",\"name\":\"Blog do Bispo\",\"url\":\"https:\/\/blogdobispo.com.br\/\",\"logo\":{\"@type\":\"ImageObject\",\"inLanguage\":\"pt-BR\",\"@id\":\"https:\/\/blogdobispo.com.br\/#\/schema\/logo\/image\/\",\"url\":\"http:\/\/blogdobispo.com.br\/wp-content\/uploads\/2023\/05\/cropped-headear.png\",\"contentUrl\":\"http:\/\/blogdobispo.com.br\/wp-content\/uploads\/2023\/05\/cropped-headear.png\",\"width\":1500,\"height\":399,\"caption\":\"Blog do Bispo\"},\"image\":{\"@id\":\"https:\/\/blogdobispo.com.br\/#\/schema\/logo\/image\/\"}},{\"@type\":\"Person\",\"@id\":\"https:\/\/blogdobispo.com.br\/#\/schema\/person\/e2209cc0e6cea5c5233d033e997b373f\",\"name\":\"Jefferson Sterfeno\",\"image\":{\"@type\":\"ImageObject\",\"inLanguage\":\"pt-BR\",\"@id\":\"https:\/\/blogdobispo.com.br\/#\/schema\/person\/image\/\",\"url\":\"https:\/\/secure.gravatar.com\/avatar\/0534e84764641168a677026b6d57a3f51dc7ac4db0b4f6186d9cb330d4ee1160?s=96&d=mm&r=g\",\"contentUrl\":\"https:\/\/secure.gravatar.com\/avatar\/0534e84764641168a677026b6d57a3f51dc7ac4db0b4f6186d9cb330d4ee1160?s=96&d=mm&r=g\",\"caption\":\"Jefferson Sterfeno\"},\"sameAs\":[\"http:\/\/blogdobispo.com.br\"],\"url\":\"https:\/\/blogdobispo.com.br\/?author=1\"}]}<\/script>\n<!-- \/ Yoast SEO plugin. -->","yoast_head_json":{"title":"Rog\u00e9rio Marinho critica gest\u00e3o de F\u00e1tima Bezerra e aponta \u201cdesgoverno\u201d no RN durante encerramento do Rota 22 - Blog do Bispo","robots":{"index":"index","follow":"follow","max-snippet":"max-snippet:-1","max-image-preview":"max-image-preview:large","max-video-preview":"max-video-preview:-1"},"canonical":"https:\/\/blogdobispo.com.br\/?p=17223","og_locale":"pt_BR","og_type":"article","og_title":"Rog\u00e9rio Marinho critica gest\u00e3o de F\u00e1tima Bezerra e aponta \u201cdesgoverno\u201d no RN durante encerramento do Rota 22 - Blog do Bispo","og_description":"O senador Rog\u00e9rio Marinho (PL-RN), pr\u00e9-candidato ao governo do Rio Grande do Norte, fez duras cr\u00edticas \u00e0 administra\u00e7\u00e3o da governadora F\u00e1tima Bezerra (PT) neste s\u00e1bado (16), durante o semin\u00e1rio que marcou o encerramento do projeto Rota 22, realizado na zona Sul de Natal. Em seu discurso, Marinho afirmou que o Rio Grande do Norte enfrenta [&hellip;]","og_url":"https:\/\/blogdobispo.com.br\/?p=17223","og_site_name":"Blog do Bispo","article_published_time":"2025-08-17T01:13:40+00:00","og_image":[{"url":"https:\/\/blogdobispo.com.br\/wp-content\/uploads\/2025\/08\/1d8f655d-199d-4559-b372-80402bd2e1dc-1024x683.jpg","type":"","width":"","height":""}],"author":"Jefferson Sterfeno","twitter_card":"summary_large_image","twitter_misc":{"Escrito por":"Jefferson Sterfeno","Est. tempo de leitura":"3 minutos"},"schema":{"@context":"https:\/\/schema.org","@graph":[{"@type":"Article","@id":"https:\/\/blogdobispo.com.br\/?p=17223#article","isPartOf":{"@id":"https:\/\/blogdobispo.com.br\/?p=17223"},"author":{"name":"Jefferson Sterfeno","@id":"https:\/\/blogdobispo.com.br\/#\/schema\/person\/e2209cc0e6cea5c5233d033e997b373f"},"headline":"Rog\u00e9rio Marinho critica gest\u00e3o de F\u00e1tima Bezerra e aponta \u201cdesgoverno\u201d no RN durante encerramento do Rota 22","datePublished":"2025-08-17T01:13:40+00:00","mainEntityOfPage":{"@id":"https:\/\/blogdobispo.com.br\/?p=17223"},"wordCount":521,"commentCount":0,"publisher":{"@id":"https:\/\/blogdobispo.com.br\/#organization"},"image":{"@id":"https:\/\/blogdobispo.com.br\/?p=17223#primaryimage"},"thumbnailUrl":"https:\/\/blogdobispo.com.br\/wp-content\/uploads\/2025\/08\/1d8f655d-199d-4559-b372-80402bd2e1dc-1024x683.jpg","articleSection":["diversos"],"inLanguage":"pt-BR","potentialAction":[{"@type":"CommentAction","name":"Comment","target":["https:\/\/blogdobispo.com.br\/?p=17223#respond"]}]},{"@type":"WebPage","@id":"https:\/\/blogdobispo.com.br\/?p=17223","url":"https:\/\/blogdobispo.com.br\/?p=17223","name":"Rog\u00e9rio Marinho critica gest\u00e3o de F\u00e1tima Bezerra e aponta \u201cdesgoverno\u201d no RN durante encerramento do Rota 22 - Blog do Bispo","isPartOf":{"@id":"https:\/\/blogdobispo.com.br\/#website"},"primaryImageOfPage":{"@id":"https:\/\/blogdobispo.com.br\/?p=17223#primaryimage"},"image":{"@id":"https:\/\/blogdobispo.com.br\/?p=17223#primaryimage"},"thumbnailUrl":"https:\/\/blogdobispo.com.br\/wp-content\/uploads\/2025\/08\/1d8f655d-199d-4559-b372-80402bd2e1dc-1024x683.jpg","datePublished":"2025-08-17T01:13:40+00:00","breadcrumb":{"@id":"https:\/\/blogdobispo.com.br\/?p=17223#breadcrumb"},"inLanguage":"pt-BR","potentialAction":[{"@type":"ReadAction","target":["https:\/\/blogdobispo.com.br\/?p=17223"]}]},{"@type":"ImageObject","inLanguage":"pt-BR","@id":"https:\/\/blogdobispo.com.br\/?p=17223#primaryimage","url":"https:\/\/blogdobispo.com.br\/wp-content\/uploads\/2025\/08\/1d8f655d-199d-4559-b372-80402bd2e1dc-1024x683.jpg","contentUrl":"https:\/\/blogdobispo.com.br\/wp-content\/uploads\/2025\/08\/1d8f655d-199d-4559-b372-80402bd2e1dc-1024x683.jpg"},{"@type":"BreadcrumbList","@id":"https:\/\/blogdobispo.com.br\/?p=17223#breadcrumb","itemListElement":[{"@type":"ListItem","position":1,"name":"In\u00edcio","item":"https:\/\/blogdobispo.com.br\/"},{"@type":"ListItem","position":2,"name":"Rog\u00e9rio Marinho critica gest\u00e3o de F\u00e1tima Bezerra e aponta \u201cdesgoverno\u201d no RN durante encerramento do Rota 22"}]},{"@type":"WebSite","@id":"https:\/\/blogdobispo.com.br\/#website","url":"https:\/\/blogdobispo.com.br\/","name":"Blog do Bispo","description":"Comprometido apenas com o leitor","publisher":{"@id":"https:\/\/blogdobispo.com.br\/#organization"},"potentialAction":[{"@type":"SearchAction","target":{"@type":"EntryPoint","urlTemplate":"https:\/\/blogdobispo.com.br\/?s={search_term_string}"},"query-input":{"@type":"PropertyValueSpecification","valueRequired":true,"valueName":"search_term_string"}}],"inLanguage":"pt-BR"},{"@type":"Organization","@id":"https:\/\/blogdobispo.com.br\/#organization","name":"Blog do Bispo","url":"https:\/\/blogdobispo.com.br\/","logo":{"@type":"ImageObject","inLanguage":"pt-BR","@id":"https:\/\/blogdobispo.com.br\/#\/schema\/logo\/image\/","url":"http:\/\/blogdobispo.com.br\/wp-content\/uploads\/2023\/05\/cropped-headear.png","contentUrl":"http:\/\/blogdobispo.com.br\/wp-content\/uploads\/2023\/05\/cropped-headear.png","width":1500,"height":399,"caption":"Blog do Bispo"},"image":{"@id":"https:\/\/blogdobispo.com.br\/#\/schema\/logo\/image\/"}},{"@type":"Person","@id":"https:\/\/blogdobispo.com.br\/#\/schema\/person\/e2209cc0e6cea5c5233d033e997b373f","name":"Jefferson Sterfeno","image":{"@type":"ImageObject","inLanguage":"pt-BR","@id":"https:\/\/blogdobispo.com.br\/#\/schema\/person\/image\/","url":"https:\/\/secure.gravatar.com\/avatar\/0534e84764641168a677026b6d57a3f51dc7ac4db0b4f6186d9cb330d4ee1160?s=96&d=mm&r=g","contentUrl":"https:\/\/secure.gravatar.com\/avatar\/0534e84764641168a677026b6d57a3f51dc7ac4db0b4f6186d9cb330d4ee1160?s=96&d=mm&r=g","caption":"Jefferson Sterfeno"},"sameAs":["http:\/\/blogdobispo.com.br"],"url":"https:\/\/blogdobispo.com.br\/?author=1"}]}},"featured_image_urls":{"full":"","thumbnail":"","medium":"","medium_large":"","large":"","1536x1536":"","2048x2048":""},"author_info":{"display_name":"Jefferson Sterfeno","author_link":"https:\/\/blogdobispo.com.br\/?author=1"},"category_info":"<a href=\"https:\/\/blogdobispo.com.br\/?cat=1\" rel=\"category\">diversos<\/a>","tag_info":"diversos","comment_count":"0","jetpack_featured_media_url":"","jetpack_sharing_enabled":true,"_links":{"self":[{"href":"https:\/\/blogdobispo.com.br\/index.php?rest_route=\/wp\/v2\/posts\/17223","targetHints":{"allow":["GET"]}}],"collection":[{"href":"https:\/\/blogdobispo.com.br\/index.php?rest_route=\/wp\/v2\/posts"}],"about":[{"href":"https:\/\/blogdobispo.com.br\/index.php?rest_route=\/wp\/v2\/types\/post"}],"author":[{"embeddable":true,"href":"https:\/\/blogdobispo.com.br\/index.php?rest_route=\/wp\/v2\/users\/1"}],"replies":[{"embeddable":true,"href":"https:\/\/blogdobispo.com.br\/index.php?rest_route=%2Fwp%2Fv2%2Fcomments&post=17223"}],"version-history":[{"count":0,"href":"https:\/\/blogdobispo.com.br\/index.php?rest_route=\/wp\/v2\/posts\/17223\/revisions"}],"wp:attachment":[{"href":"https:\/\/blogdobispo.com.br\/index.php?rest_route=%2Fwp%2Fv2%2Fmedia&parent=17223"}],"wp:term":[{"taxonomy":"category","embeddable":true,"href":"https:\/\/blogdobispo.com.br\/index.php?rest_route=%2Fwp%2Fv2%2Fcategories&post=17223"},{"taxonomy":"post_tag","embeddable":true,"href":"https:\/\/blogdobispo.com.br\/index.php?rest_route=%2Fwp%2Fv2%2Ftags&post=17223"}],"curies":[{"name":"wp","href":"https:\/\/api.w.org\/{rel}","templated":true}]}}