{"id":17217,"date":"2025-08-15T17:46:28","date_gmt":"2025-08-15T17:46:28","guid":{"rendered":"https:\/\/blogdobispo.com.br\/?p=17217"},"modified":"2025-08-15T17:46:28","modified_gmt":"2025-08-15T17:46:28","slug":"eribaldo-medeiros-reivindica-acao-da-prefeitura-apos-alagamento-nas-rocas","status":"publish","type":"post","link":"https:\/\/blogdobispo.com.br\/?p=17217","title":{"rendered":"Eribaldo Medeiros reivindica a\u00e7\u00e3o da Prefeitura ap\u00f3s alagamento nas Rocas"},"content":{"rendered":"\n<figure class=\"wp-block-video\"><video controls src=\"https:\/\/blogdobispo.com.br\/wp-content\/uploads\/2025\/08\/b37cc89c-cf6e-4020-b01f-ddd58f6f1c14.mp4\"><\/video><\/figure>\n\n\n\n<figure class=\"wp-block-video\"><video controls src=\"https:\/\/blogdobispo.com.br\/wp-content\/uploads\/2025\/08\/b66b9014-6057-4bd9-b7f5-597d250f208b.mp4\"><\/video><\/figure>\n\n\n\n<figure class=\"wp-block-image size-large\"><img data-recalc-dims=\"1\" fetchpriority=\"high\" decoding=\"async\" width=\"472\" height=\"649\" src=\"https:\/\/i0.wp.com\/blogdobispo.com.br\/wp-content\/uploads\/2025\/08\/image-1.jpg?resize=472%2C649&#038;ssl=1\" class=\"wp-image-17216\" srcset=\"https:\/\/i0.wp.com\/blogdobispo.com.br\/wp-content\/uploads\/2025\/08\/image-1.jpg?w=472&amp;ssl=1 472w, https:\/\/i0.wp.com\/blogdobispo.com.br\/wp-content\/uploads\/2025\/08\/image-1.jpg?resize=218%2C300&amp;ssl=1 218w\" sizes=\"(max-width: 472px) 100vw, 472px\" \/><\/figure>\n\n\n\n<p class=\"p1\"><\/p>\n\n\n\n<p class=\"p1\">Na madrugada desta sexta-feira, Natal registrou uma forte chuva, causando alagamentos em diversos pontos da cidade. Um dos locais mais afetados foi a Rua Vereador Cauby Barroca, no bairro das Rocas, \u00e1rea j\u00e1 conhecida por problemas cr\u00f4nicos de ac\u00famulo de \u00e1gua.<\/p>\n\n\n\n<p class=\"p1\">Al\u00e9m das Rocas, bairros como Areia Preta e Santos Reis tamb\u00e9m sofreram com a situa\u00e7\u00e3o. Atendendo a um chamado da popula\u00e7\u00e3o, o vereador Eribaldo Medeiros esteve no local para verificar o problema de perto e acionou a Secretaria Municipal de Infraestrutura (Seinfra) e a Urbana.<\/p>\n\n\n\n<p class=\"p1\">A secret\u00e1ria da Seinfra, Shirlei Cavalcante, enviou dois caminh\u00f5es de suc\u00e7\u00e3o para desobstruir as galerias, que estavam bloqueadas devido ao ac\u00famulo de areia e entulhos. Segundo informa\u00e7\u00f5es, crateras que se abriram recentemente no bairro e os reparos realizados acabaram permitindo a entrada de materiais nas galerias, agravando o entupimento.<\/p>\n\n\n\n<p class=\"p1\">O presidente da Urbana, Alvamar Vale, tamb\u00e9m mobilizou equipes para dar suporte \u00e0 limpeza da \u00e1rea e \u00e0 retirada de res\u00edduos.<\/p>\n\n\n\n<p class=\"p1\">Como medida emergencial, o vereador garantiu, com recursos pr\u00f3prios, a compra de bombas para ajudar na retirada da \u00e1gua acumulada no local, acelerando o escoamento e reduzindo o impacto para os moradores.<\/p>\n\n\n\n<p class=\"p1\">Eribaldo refor\u00e7ou que seguir\u00e1 acompanhando o caso para garantir que as interven\u00e7\u00f5es resolvam o problema e que novas medidas preventivas sejam estudadas, evitando transtornos \u00e0 popula\u00e7\u00e3o em futuros per\u00edodos de chuva.<\/p>\n","protected":false},"excerpt":{"rendered":"<p>Na madrugada desta sexta-feira, Natal registrou uma forte chuva, causando alagamentos em diversos pontos da cidade. Um dos locais mais afetados foi a Rua Vereador Cauby Barroca, no bairro das Rocas, \u00e1rea j\u00e1 conhecida por problemas cr\u00f4nicos de ac\u00famulo de \u00e1gua. Al\u00e9m das Rocas, bairros como Areia Preta e Santos Reis tamb\u00e9m sofreram com a [&hellip;]<\/p>\n","protected":false},"author":1,"featured_media":0,"comment_status":"open","ping_status":"open","sticky":false,"template":"","format":"standard","meta":{"cybocfi_hide_featured_image":"","_jetpack_memberships_contains_paid_content":false,"footnotes":""},"categories":[1],"tags":[],"class_list":["post-17217","post","type-post","status-publish","format-standard","hentry","category-diversos"],"yoast_head":"<!-- This site is optimized with the Yoast SEO plugin v25.6 - https:\/\/yoast.com\/wordpress\/plugins\/seo\/ -->\n<title>Eribaldo Medeiros reivindica a\u00e7\u00e3o da Prefeitura ap\u00f3s alagamento nas Rocas - Blog do Bispo<\/title>\n<meta name=\"robots\" content=\"index, follow, max-snippet:-1, max-image-preview:large, max-video-preview:-1\" \/>\n<link rel=\"canonical\" href=\"https:\/\/blogdobispo.com.br\/?p=17217\" \/>\n<meta property=\"og:locale\" content=\"pt_BR\" \/>\n<meta property=\"og:type\" content=\"article\" \/>\n<meta property=\"og:title\" content=\"Eribaldo Medeiros reivindica a\u00e7\u00e3o da Prefeitura ap\u00f3s alagamento nas Rocas - Blog do Bispo\" \/>\n<meta property=\"og:description\" content=\"Na madrugada desta sexta-feira, Natal registrou uma forte chuva, causando alagamentos em diversos pontos da cidade. Um dos locais mais afetados foi a Rua Vereador Cauby Barroca, no bairro das Rocas, \u00e1rea j\u00e1 conhecida por problemas cr\u00f4nicos de ac\u00famulo de \u00e1gua. Al\u00e9m das Rocas, bairros como Areia Preta e Santos Reis tamb\u00e9m sofreram com a [&hellip;]\" \/>\n<meta property=\"og:url\" content=\"https:\/\/blogdobispo.com.br\/?p=17217\" \/>\n<meta property=\"og:site_name\" content=\"Blog do Bispo\" \/>\n<meta property=\"article:published_time\" content=\"2025-08-15T17:46:28+00:00\" \/>\n<meta property=\"og:image\" content=\"https:\/\/blogdobispo.com.br\/wp-content\/uploads\/2025\/08\/image-1.jpg\" \/>\n<meta name=\"author\" content=\"Jefferson Sterfeno\" \/>\n<meta name=\"twitter:card\" content=\"summary_large_image\" \/>\n<meta name=\"twitter:label1\" content=\"Escrito por\" \/>\n\t<meta name=\"twitter:data1\" content=\"Jefferson Sterfeno\" \/>\n\t<meta name=\"twitter:label2\" content=\"Est. tempo de leitura\" \/>\n\t<meta name=\"twitter:data2\" content=\"1 minuto\" \/>\n<script type=\"application\/ld+json\" class=\"yoast-schema-graph\">{\"@context\":\"https:\/\/schema.org\",\"@graph\":[{\"@type\":\"Article\",\"@id\":\"https:\/\/blogdobispo.com.br\/?p=17217#article\",\"isPartOf\":{\"@id\":\"https:\/\/blogdobispo.com.br\/?p=17217\"},\"author\":{\"name\":\"Jefferson Sterfeno\",\"@id\":\"https:\/\/blogdobispo.com.br\/#\/schema\/person\/e2209cc0e6cea5c5233d033e997b373f\"},\"headline\":\"Eribaldo Medeiros reivindica a\u00e7\u00e3o da Prefeitura ap\u00f3s alagamento nas Rocas\",\"datePublished\":\"2025-08-15T17:46:28+00:00\",\"mainEntityOfPage\":{\"@id\":\"https:\/\/blogdobispo.com.br\/?p=17217\"},\"wordCount\":246,\"commentCount\":0,\"publisher\":{\"@id\":\"https:\/\/blogdobispo.com.br\/#organization\"},\"image\":{\"@id\":\"https:\/\/blogdobispo.com.br\/?p=17217#primaryimage\"},\"thumbnailUrl\":\"https:\/\/blogdobispo.com.br\/wp-content\/uploads\/2025\/08\/image-1.jpg\",\"articleSection\":[\"diversos\"],\"inLanguage\":\"pt-BR\",\"potentialAction\":[{\"@type\":\"CommentAction\",\"name\":\"Comment\",\"target\":[\"https:\/\/blogdobispo.com.br\/?p=17217#respond\"]}]},{\"@type\":\"WebPage\",\"@id\":\"https:\/\/blogdobispo.com.br\/?p=17217\",\"url\":\"https:\/\/blogdobispo.com.br\/?p=17217\",\"name\":\"Eribaldo Medeiros reivindica a\u00e7\u00e3o da Prefeitura ap\u00f3s alagamento nas Rocas - Blog do Bispo\",\"isPartOf\":{\"@id\":\"https:\/\/blogdobispo.com.br\/#website\"},\"primaryImageOfPage\":{\"@id\":\"https:\/\/blogdobispo.com.br\/?p=17217#primaryimage\"},\"image\":{\"@id\":\"https:\/\/blogdobispo.com.br\/?p=17217#primaryimage\"},\"thumbnailUrl\":\"https:\/\/blogdobispo.com.br\/wp-content\/uploads\/2025\/08\/image-1.jpg\",\"datePublished\":\"2025-08-15T17:46:28+00:00\",\"breadcrumb\":{\"@id\":\"https:\/\/blogdobispo.com.br\/?p=17217#breadcrumb\"},\"inLanguage\":\"pt-BR\",\"potentialAction\":[{\"@type\":\"ReadAction\",\"target\":[\"https:\/\/blogdobispo.com.br\/?p=17217\"]}]},{\"@type\":\"ImageObject\",\"inLanguage\":\"pt-BR\",\"@id\":\"https:\/\/blogdobispo.com.br\/?p=17217#primaryimage\",\"url\":\"https:\/\/blogdobispo.com.br\/wp-content\/uploads\/2025\/08\/image-1.jpg\",\"contentUrl\":\"https:\/\/blogdobispo.com.br\/wp-content\/uploads\/2025\/08\/image-1.jpg\"},{\"@type\":\"BreadcrumbList\",\"@id\":\"https:\/\/blogdobispo.com.br\/?p=17217#breadcrumb\",\"itemListElement\":[{\"@type\":\"ListItem\",\"position\":1,\"name\":\"In\u00edcio\",\"item\":\"https:\/\/blogdobispo.com.br\/\"},{\"@type\":\"ListItem\",\"position\":2,\"name\":\"Eribaldo Medeiros reivindica a\u00e7\u00e3o da Prefeitura ap\u00f3s alagamento nas Rocas\"}]},{\"@type\":\"WebSite\",\"@id\":\"https:\/\/blogdobispo.com.br\/#website\",\"url\":\"https:\/\/blogdobispo.com.br\/\",\"name\":\"Blog do Bispo\",\"description\":\"Comprometido apenas com o leitor\",\"publisher\":{\"@id\":\"https:\/\/blogdobispo.com.br\/#organization\"},\"potentialAction\":[{\"@type\":\"SearchAction\",\"target\":{\"@type\":\"EntryPoint\",\"urlTemplate\":\"https:\/\/blogdobispo.com.br\/?s={search_term_string}\"},\"query-input\":{\"@type\":\"PropertyValueSpecification\",\"valueRequired\":true,\"valueName\":\"search_term_string\"}}],\"inLanguage\":\"pt-BR\"},{\"@type\":\"Organization\",\"@id\":\"https:\/\/blogdobispo.com.br\/#organization\",\"name\":\"Blog do Bispo\",\"url\":\"https:\/\/blogdobispo.com.br\/\",\"logo\":{\"@type\":\"ImageObject\",\"inLanguage\":\"pt-BR\",\"@id\":\"https:\/\/blogdobispo.com.br\/#\/schema\/logo\/image\/\",\"url\":\"http:\/\/blogdobispo.com.br\/wp-content\/uploads\/2023\/05\/cropped-headear.png\",\"contentUrl\":\"http:\/\/blogdobispo.com.br\/wp-content\/uploads\/2023\/05\/cropped-headear.png\",\"width\":1500,\"height\":399,\"caption\":\"Blog do Bispo\"},\"image\":{\"@id\":\"https:\/\/blogdobispo.com.br\/#\/schema\/logo\/image\/\"}},{\"@type\":\"Person\",\"@id\":\"https:\/\/blogdobispo.com.br\/#\/schema\/person\/e2209cc0e6cea5c5233d033e997b373f\",\"name\":\"Jefferson Sterfeno\",\"image\":{\"@type\":\"ImageObject\",\"inLanguage\":\"pt-BR\",\"@id\":\"https:\/\/blogdobispo.com.br\/#\/schema\/person\/image\/\",\"url\":\"https:\/\/secure.gravatar.com\/avatar\/0534e84764641168a677026b6d57a3f51dc7ac4db0b4f6186d9cb330d4ee1160?s=96&d=mm&r=g\",\"contentUrl\":\"https:\/\/secure.gravatar.com\/avatar\/0534e84764641168a677026b6d57a3f51dc7ac4db0b4f6186d9cb330d4ee1160?s=96&d=mm&r=g\",\"caption\":\"Jefferson Sterfeno\"},\"sameAs\":[\"http:\/\/blogdobispo.com.br\"],\"url\":\"https:\/\/blogdobispo.com.br\/?author=1\"}]}<\/script>\n<!-- \/ Yoast SEO plugin. -->","yoast_head_json":{"title":"Eribaldo Medeiros reivindica a\u00e7\u00e3o da Prefeitura ap\u00f3s alagamento nas Rocas - Blog do Bispo","robots":{"index":"index","follow":"follow","max-snippet":"max-snippet:-1","max-image-preview":"max-image-preview:large","max-video-preview":"max-video-preview:-1"},"canonical":"https:\/\/blogdobispo.com.br\/?p=17217","og_locale":"pt_BR","og_type":"article","og_title":"Eribaldo Medeiros reivindica a\u00e7\u00e3o da Prefeitura ap\u00f3s alagamento nas Rocas - Blog do Bispo","og_description":"Na madrugada desta sexta-feira, Natal registrou uma forte chuva, causando alagamentos em diversos pontos da cidade. Um dos locais mais afetados foi a Rua Vereador Cauby Barroca, no bairro das Rocas, \u00e1rea j\u00e1 conhecida por problemas cr\u00f4nicos de ac\u00famulo de \u00e1gua. Al\u00e9m das Rocas, bairros como Areia Preta e Santos Reis tamb\u00e9m sofreram com a [&hellip;]","og_url":"https:\/\/blogdobispo.com.br\/?p=17217","og_site_name":"Blog do Bispo","article_published_time":"2025-08-15T17:46:28+00:00","og_image":[{"url":"https:\/\/blogdobispo.com.br\/wp-content\/uploads\/2025\/08\/image-1.jpg","type":"","width":"","height":""}],"author":"Jefferson Sterfeno","twitter_card":"summary_large_image","twitter_misc":{"Escrito por":"Jefferson Sterfeno","Est. tempo de leitura":"1 minuto"},"schema":{"@context":"https:\/\/schema.org","@graph":[{"@type":"Article","@id":"https:\/\/blogdobispo.com.br\/?p=17217#article","isPartOf":{"@id":"https:\/\/blogdobispo.com.br\/?p=17217"},"author":{"name":"Jefferson Sterfeno","@id":"https:\/\/blogdobispo.com.br\/#\/schema\/person\/e2209cc0e6cea5c5233d033e997b373f"},"headline":"Eribaldo Medeiros reivindica a\u00e7\u00e3o da Prefeitura ap\u00f3s alagamento nas Rocas","datePublished":"2025-08-15T17:46:28+00:00","mainEntityOfPage":{"@id":"https:\/\/blogdobispo.com.br\/?p=17217"},"wordCount":246,"commentCount":0,"publisher":{"@id":"https:\/\/blogdobispo.com.br\/#organization"},"image":{"@id":"https:\/\/blogdobispo.com.br\/?p=17217#primaryimage"},"thumbnailUrl":"https:\/\/blogdobispo.com.br\/wp-content\/uploads\/2025\/08\/image-1.jpg","articleSection":["diversos"],"inLanguage":"pt-BR","potentialAction":[{"@type":"CommentAction","name":"Comment","target":["https:\/\/blogdobispo.com.br\/?p=17217#respond"]}]},{"@type":"WebPage","@id":"https:\/\/blogdobispo.com.br\/?p=17217","url":"https:\/\/blogdobispo.com.br\/?p=17217","name":"Eribaldo Medeiros reivindica a\u00e7\u00e3o da Prefeitura ap\u00f3s alagamento nas Rocas - Blog do Bispo","isPartOf":{"@id":"https:\/\/blogdobispo.com.br\/#website"},"primaryImageOfPage":{"@id":"https:\/\/blogdobispo.com.br\/?p=17217#primaryimage"},"image":{"@id":"https:\/\/blogdobispo.com.br\/?p=17217#primaryimage"},"thumbnailUrl":"https:\/\/blogdobispo.com.br\/wp-content\/uploads\/2025\/08\/image-1.jpg","datePublished":"2025-08-15T17:46:28+00:00","breadcrumb":{"@id":"https:\/\/blogdobispo.com.br\/?p=17217#breadcrumb"},"inLanguage":"pt-BR","potentialAction":[{"@type":"ReadAction","target":["https:\/\/blogdobispo.com.br\/?p=17217"]}]},{"@type":"ImageObject","inLanguage":"pt-BR","@id":"https:\/\/blogdobispo.com.br\/?p=17217#primaryimage","url":"https:\/\/blogdobispo.com.br\/wp-content\/uploads\/2025\/08\/image-1.jpg","contentUrl":"https:\/\/blogdobispo.com.br\/wp-content\/uploads\/2025\/08\/image-1.jpg"},{"@type":"BreadcrumbList","@id":"https:\/\/blogdobispo.com.br\/?p=17217#breadcrumb","itemListElement":[{"@type":"ListItem","position":1,"name":"In\u00edcio","item":"https:\/\/blogdobispo.com.br\/"},{"@type":"ListItem","position":2,"name":"Eribaldo Medeiros reivindica a\u00e7\u00e3o da Prefeitura ap\u00f3s alagamento nas Rocas"}]},{"@type":"WebSite","@id":"https:\/\/blogdobispo.com.br\/#website","url":"https:\/\/blogdobispo.com.br\/","name":"Blog do Bispo","description":"Comprometido apenas com o leitor","publisher":{"@id":"https:\/\/blogdobispo.com.br\/#organization"},"potentialAction":[{"@type":"SearchAction","target":{"@type":"EntryPoint","urlTemplate":"https:\/\/blogdobispo.com.br\/?s={search_term_string}"},"query-input":{"@type":"PropertyValueSpecification","valueRequired":true,"valueName":"search_term_string"}}],"inLanguage":"pt-BR"},{"@type":"Organization","@id":"https:\/\/blogdobispo.com.br\/#organization","name":"Blog do Bispo","url":"https:\/\/blogdobispo.com.br\/","logo":{"@type":"ImageObject","inLanguage":"pt-BR","@id":"https:\/\/blogdobispo.com.br\/#\/schema\/logo\/image\/","url":"http:\/\/blogdobispo.com.br\/wp-content\/uploads\/2023\/05\/cropped-headear.png","contentUrl":"http:\/\/blogdobispo.com.br\/wp-content\/uploads\/2023\/05\/cropped-headear.png","width":1500,"height":399,"caption":"Blog do Bispo"},"image":{"@id":"https:\/\/blogdobispo.com.br\/#\/schema\/logo\/image\/"}},{"@type":"Person","@id":"https:\/\/blogdobispo.com.br\/#\/schema\/person\/e2209cc0e6cea5c5233d033e997b373f","name":"Jefferson Sterfeno","image":{"@type":"ImageObject","inLanguage":"pt-BR","@id":"https:\/\/blogdobispo.com.br\/#\/schema\/person\/image\/","url":"https:\/\/secure.gravatar.com\/avatar\/0534e84764641168a677026b6d57a3f51dc7ac4db0b4f6186d9cb330d4ee1160?s=96&d=mm&r=g","contentUrl":"https:\/\/secure.gravatar.com\/avatar\/0534e84764641168a677026b6d57a3f51dc7ac4db0b4f6186d9cb330d4ee1160?s=96&d=mm&r=g","caption":"Jefferson Sterfeno"},"sameAs":["http:\/\/blogdobispo.com.br"],"url":"https:\/\/blogdobispo.com.br\/?author=1"}]}},"featured_image_urls":{"full":"","thumbnail":"","medium":"","medium_large":"","large":"","1536x1536":"","2048x2048":""},"author_info":{"display_name":"Jefferson Sterfeno","author_link":"https:\/\/blogdobispo.com.br\/?author=1"},"category_info":"<a href=\"https:\/\/blogdobispo.com.br\/?cat=1\" rel=\"category\">diversos<\/a>","tag_info":"diversos","comment_count":"0","jetpack_featured_media_url":"","jetpack_sharing_enabled":true,"_links":{"self":[{"href":"https:\/\/blogdobispo.com.br\/index.php?rest_route=\/wp\/v2\/posts\/17217","targetHints":{"allow":["GET"]}}],"collection":[{"href":"https:\/\/blogdobispo.com.br\/index.php?rest_route=\/wp\/v2\/posts"}],"about":[{"href":"https:\/\/blogdobispo.com.br\/index.php?rest_route=\/wp\/v2\/types\/post"}],"author":[{"embeddable":true,"href":"https:\/\/blogdobispo.com.br\/index.php?rest_route=\/wp\/v2\/users\/1"}],"replies":[{"embeddable":true,"href":"https:\/\/blogdobispo.com.br\/index.php?rest_route=%2Fwp%2Fv2%2Fcomments&post=17217"}],"version-history":[{"count":0,"href":"https:\/\/blogdobispo.com.br\/index.php?rest_route=\/wp\/v2\/posts\/17217\/revisions"}],"wp:attachment":[{"href":"https:\/\/blogdobispo.com.br\/index.php?rest_route=%2Fwp%2Fv2%2Fmedia&parent=17217"}],"wp:term":[{"taxonomy":"category","embeddable":true,"href":"https:\/\/blogdobispo.com.br\/index.php?rest_route=%2Fwp%2Fv2%2Fcategories&post=17217"},{"taxonomy":"post_tag","embeddable":true,"href":"https:\/\/blogdobispo.com.br\/index.php?rest_route=%2Fwp%2Fv2%2Ftags&post=17217"}],"curies":[{"name":"wp","href":"https:\/\/api.w.org\/{rel}","templated":true}]}}