{"id":17204,"date":"2025-08-15T17:02:09","date_gmt":"2025-08-15T17:02:09","guid":{"rendered":"https:\/\/blogdobispo.com.br\/?p=17204"},"modified":"2025-08-15T17:02:09","modified_gmt":"2025-08-15T17:02:09","slug":"nilda-lanca-cartao-educaparnamirim","status":"publish","type":"post","link":"https:\/\/blogdobispo.com.br\/?p=17204","title":{"rendered":"Nilda lan\u00e7a cart\u00e3o EDUCAPARNAMIRIM"},"content":{"rendered":"<p>A prefeita Nilda anunciou a institui\u00e7\u00e3o do cart\u00e3o EDUCAPARNAMIRIM. No ato de renova\u00e7\u00e3o da matr\u00edcula para o ano letivo de 2026, os estudantes da rede p\u00fablica municipal de ensino de Parnamirim receber\u00e3o um cart\u00e3o para adquirirem o fardamento e o material escolar no com\u00e9rcio local. A medida tem o objetivo de garantir dignidade e valorizar a identidade estudantil dos alunos da rede p\u00fablica da cidade, como tamb\u00e9m visa fortalecer a economia local, fazendo o dinheiro circular, refor\u00e7ando que os recursos fiquem onde a popula\u00e7\u00e3o mora e trabalha. O cart\u00e3o EDUCAPARNAMIRIM alcan\u00e7ar\u00e1 todos os mais de 24 mil alunos matriculados na rede p\u00fablica municipal de ensino tanto na educa\u00e7\u00e3o infantil quanto no ensino fundamental.<\/p>\n<p>&nbsp;<\/p>\n<p>&#8220;A nossa gest\u00e3o segue implementando pol\u00edticas p\u00fablicas inovadoras e de grande impacto, pensando sempre no melhor para Parnamirim. Essa \u00e9 uma a\u00e7\u00e3o at\u00e9 certo ponto simples, mas poderosa no aspecto econ\u00f4mico, pois vamos garantir que o dinheiro circule na nossa cadeia produtiva, fortalecendo o com\u00e9rcio local&#8221;, falou Nilda, elencando tamb\u00e9m os benef\u00edcios da garantia do fardamento para os alunos: &#8220;Educa\u00e7\u00e3o \u00e9 prioridade no nosso Governo e n\u00e3o iremos medir esfor\u00e7os para oferecer o melhor para nossos alunos, promovendo economia para as fam\u00edlias, inclus\u00e3o social, organiza\u00e7\u00e3o, equidade e ampliando o v\u00ednculo deles com a rede p\u00fablica de ensino&#8221;, finalizou.<img data-recalc-dims=\"1\" fetchpriority=\"high\" decoding=\"async\" class=\"alignnone size-medium wp-image-17205\" src=\"https:\/\/i0.wp.com\/blogdobispo.com.br\/wp-content\/uploads\/2025\/08\/1407_81cc7c7d-dc95-4dfc-a4c1-d7e48e8bb2b2-jpeg.jpeg?resize=300%2C218\" alt=\"\" width=\"300\" height=\"218\" srcset=\"https:\/\/i0.wp.com\/blogdobispo.com.br\/wp-content\/uploads\/2025\/08\/1407_81cc7c7d-dc95-4dfc-a4c1-d7e48e8bb2b2-jpeg.jpeg?resize=300%2C218&amp;ssl=1 300w, https:\/\/i0.wp.com\/blogdobispo.com.br\/wp-content\/uploads\/2025\/08\/1407_81cc7c7d-dc95-4dfc-a4c1-d7e48e8bb2b2-jpeg.jpeg?resize=1024%2C744&amp;ssl=1 1024w, https:\/\/i0.wp.com\/blogdobispo.com.br\/wp-content\/uploads\/2025\/08\/1407_81cc7c7d-dc95-4dfc-a4c1-d7e48e8bb2b2-jpeg.jpeg?resize=768%2C558&amp;ssl=1 768w, https:\/\/i0.wp.com\/blogdobispo.com.br\/wp-content\/uploads\/2025\/08\/1407_81cc7c7d-dc95-4dfc-a4c1-d7e48e8bb2b2-jpeg.jpeg?w=1486&amp;ssl=1 1486w\" sizes=\"(max-width: 300px) 100vw, 300px\" \/><\/p>\n","protected":false},"excerpt":{"rendered":"<p>A prefeita Nilda anunciou a institui\u00e7\u00e3o do cart\u00e3o EDUCAPARNAMIRIM. No ato de renova\u00e7\u00e3o da matr\u00edcula para o ano letivo de 2026, os estudantes da rede p\u00fablica municipal de ensino de Parnamirim receber\u00e3o um cart\u00e3o para adquirirem o fardamento e o material escolar no com\u00e9rcio local. A medida tem o objetivo de garantir dignidade e valorizar [&hellip;]<\/p>\n","protected":false},"author":1,"featured_media":17205,"comment_status":"open","ping_status":"open","sticky":false,"template":"","format":"standard","meta":{"cybocfi_hide_featured_image":"","_jetpack_memberships_contains_paid_content":false,"footnotes":""},"categories":[12],"tags":[],"class_list":["post-17204","post","type-post","status-publish","format-standard","has-post-thumbnail","hentry","category-cidadania"],"yoast_head":"<!-- This site is optimized with the Yoast SEO plugin v25.6 - https:\/\/yoast.com\/wordpress\/plugins\/seo\/ -->\n<title>Nilda lan\u00e7a cart\u00e3o EDUCAPARNAMIRIM - Blog do Bispo<\/title>\n<meta name=\"robots\" content=\"index, follow, max-snippet:-1, max-image-preview:large, max-video-preview:-1\" \/>\n<link rel=\"canonical\" href=\"https:\/\/blogdobispo.com.br\/?p=17204\" \/>\n<meta property=\"og:locale\" content=\"pt_BR\" \/>\n<meta property=\"og:type\" content=\"article\" \/>\n<meta property=\"og:title\" content=\"Nilda lan\u00e7a cart\u00e3o EDUCAPARNAMIRIM - Blog do Bispo\" \/>\n<meta property=\"og:description\" content=\"A prefeita Nilda anunciou a institui\u00e7\u00e3o do cart\u00e3o EDUCAPARNAMIRIM. No ato de renova\u00e7\u00e3o da matr\u00edcula para o ano letivo de 2026, os estudantes da rede p\u00fablica municipal de ensino de Parnamirim receber\u00e3o um cart\u00e3o para adquirirem o fardamento e o material escolar no com\u00e9rcio local. A medida tem o objetivo de garantir dignidade e valorizar [&hellip;]\" \/>\n<meta property=\"og:url\" content=\"https:\/\/blogdobispo.com.br\/?p=17204\" \/>\n<meta property=\"og:site_name\" content=\"Blog do Bispo\" \/>\n<meta property=\"article:published_time\" content=\"2025-08-15T17:02:09+00:00\" \/>\n<meta property=\"og:image\" content=\"http:\/\/blogdobispo.com.br\/wp-content\/uploads\/2025\/08\/1407_81cc7c7d-dc95-4dfc-a4c1-d7e48e8bb2b2-jpeg.jpeg\" \/>\n\t<meta property=\"og:image:width\" content=\"1486\" \/>\n\t<meta property=\"og:image:height\" content=\"1080\" \/>\n\t<meta property=\"og:image:type\" content=\"image\/jpeg\" \/>\n<meta name=\"author\" content=\"Jefferson Sterfeno\" \/>\n<meta name=\"twitter:card\" content=\"summary_large_image\" \/>\n<meta name=\"twitter:label1\" content=\"Escrito por\" \/>\n\t<meta name=\"twitter:data1\" content=\"Jefferson Sterfeno\" \/>\n\t<meta name=\"twitter:label2\" content=\"Est. tempo de leitura\" \/>\n\t<meta name=\"twitter:data2\" content=\"2 minutos\" \/>\n<script type=\"application\/ld+json\" class=\"yoast-schema-graph\">{\"@context\":\"https:\/\/schema.org\",\"@graph\":[{\"@type\":\"Article\",\"@id\":\"https:\/\/blogdobispo.com.br\/?p=17204#article\",\"isPartOf\":{\"@id\":\"https:\/\/blogdobispo.com.br\/?p=17204\"},\"author\":{\"name\":\"Jefferson Sterfeno\",\"@id\":\"https:\/\/blogdobispo.com.br\/#\/schema\/person\/e2209cc0e6cea5c5233d033e997b373f\"},\"headline\":\"Nilda lan\u00e7a cart\u00e3o EDUCAPARNAMIRIM\",\"datePublished\":\"2025-08-15T17:02:09+00:00\",\"mainEntityOfPage\":{\"@id\":\"https:\/\/blogdobispo.com.br\/?p=17204\"},\"wordCount\":246,\"commentCount\":0,\"publisher\":{\"@id\":\"https:\/\/blogdobispo.com.br\/#organization\"},\"image\":{\"@id\":\"https:\/\/blogdobispo.com.br\/?p=17204#primaryimage\"},\"thumbnailUrl\":\"https:\/\/i0.wp.com\/blogdobispo.com.br\/wp-content\/uploads\/2025\/08\/1407_81cc7c7d-dc95-4dfc-a4c1-d7e48e8bb2b2-jpeg.jpeg?fit=1486%2C1080&ssl=1\",\"articleSection\":[\"Cidadania\"],\"inLanguage\":\"pt-BR\",\"potentialAction\":[{\"@type\":\"CommentAction\",\"name\":\"Comment\",\"target\":[\"https:\/\/blogdobispo.com.br\/?p=17204#respond\"]}]},{\"@type\":\"WebPage\",\"@id\":\"https:\/\/blogdobispo.com.br\/?p=17204\",\"url\":\"https:\/\/blogdobispo.com.br\/?p=17204\",\"name\":\"Nilda lan\u00e7a cart\u00e3o EDUCAPARNAMIRIM - Blog do Bispo\",\"isPartOf\":{\"@id\":\"https:\/\/blogdobispo.com.br\/#website\"},\"primaryImageOfPage\":{\"@id\":\"https:\/\/blogdobispo.com.br\/?p=17204#primaryimage\"},\"image\":{\"@id\":\"https:\/\/blogdobispo.com.br\/?p=17204#primaryimage\"},\"thumbnailUrl\":\"https:\/\/i0.wp.com\/blogdobispo.com.br\/wp-content\/uploads\/2025\/08\/1407_81cc7c7d-dc95-4dfc-a4c1-d7e48e8bb2b2-jpeg.jpeg?fit=1486%2C1080&ssl=1\",\"datePublished\":\"2025-08-15T17:02:09+00:00\",\"breadcrumb\":{\"@id\":\"https:\/\/blogdobispo.com.br\/?p=17204#breadcrumb\"},\"inLanguage\":\"pt-BR\",\"potentialAction\":[{\"@type\":\"ReadAction\",\"target\":[\"https:\/\/blogdobispo.com.br\/?p=17204\"]}]},{\"@type\":\"ImageObject\",\"inLanguage\":\"pt-BR\",\"@id\":\"https:\/\/blogdobispo.com.br\/?p=17204#primaryimage\",\"url\":\"https:\/\/i0.wp.com\/blogdobispo.com.br\/wp-content\/uploads\/2025\/08\/1407_81cc7c7d-dc95-4dfc-a4c1-d7e48e8bb2b2-jpeg.jpeg?fit=1486%2C1080&ssl=1\",\"contentUrl\":\"https:\/\/i0.wp.com\/blogdobispo.com.br\/wp-content\/uploads\/2025\/08\/1407_81cc7c7d-dc95-4dfc-a4c1-d7e48e8bb2b2-jpeg.jpeg?fit=1486%2C1080&ssl=1\",\"width\":1486,\"height\":1080},{\"@type\":\"BreadcrumbList\",\"@id\":\"https:\/\/blogdobispo.com.br\/?p=17204#breadcrumb\",\"itemListElement\":[{\"@type\":\"ListItem\",\"position\":1,\"name\":\"In\u00edcio\",\"item\":\"https:\/\/blogdobispo.com.br\/\"},{\"@type\":\"ListItem\",\"position\":2,\"name\":\"Nilda lan\u00e7a cart\u00e3o EDUCAPARNAMIRIM\"}]},{\"@type\":\"WebSite\",\"@id\":\"https:\/\/blogdobispo.com.br\/#website\",\"url\":\"https:\/\/blogdobispo.com.br\/\",\"name\":\"Blog do Bispo\",\"description\":\"Comprometido apenas com o leitor\",\"publisher\":{\"@id\":\"https:\/\/blogdobispo.com.br\/#organization\"},\"potentialAction\":[{\"@type\":\"SearchAction\",\"target\":{\"@type\":\"EntryPoint\",\"urlTemplate\":\"https:\/\/blogdobispo.com.br\/?s={search_term_string}\"},\"query-input\":{\"@type\":\"PropertyValueSpecification\",\"valueRequired\":true,\"valueName\":\"search_term_string\"}}],\"inLanguage\":\"pt-BR\"},{\"@type\":\"Organization\",\"@id\":\"https:\/\/blogdobispo.com.br\/#organization\",\"name\":\"Blog do Bispo\",\"url\":\"https:\/\/blogdobispo.com.br\/\",\"logo\":{\"@type\":\"ImageObject\",\"inLanguage\":\"pt-BR\",\"@id\":\"https:\/\/blogdobispo.com.br\/#\/schema\/logo\/image\/\",\"url\":\"http:\/\/blogdobispo.com.br\/wp-content\/uploads\/2023\/05\/cropped-headear.png\",\"contentUrl\":\"http:\/\/blogdobispo.com.br\/wp-content\/uploads\/2023\/05\/cropped-headear.png\",\"width\":1500,\"height\":399,\"caption\":\"Blog do Bispo\"},\"image\":{\"@id\":\"https:\/\/blogdobispo.com.br\/#\/schema\/logo\/image\/\"}},{\"@type\":\"Person\",\"@id\":\"https:\/\/blogdobispo.com.br\/#\/schema\/person\/e2209cc0e6cea5c5233d033e997b373f\",\"name\":\"Jefferson Sterfeno\",\"image\":{\"@type\":\"ImageObject\",\"inLanguage\":\"pt-BR\",\"@id\":\"https:\/\/blogdobispo.com.br\/#\/schema\/person\/image\/\",\"url\":\"https:\/\/secure.gravatar.com\/avatar\/0534e84764641168a677026b6d57a3f51dc7ac4db0b4f6186d9cb330d4ee1160?s=96&d=mm&r=g\",\"contentUrl\":\"https:\/\/secure.gravatar.com\/avatar\/0534e84764641168a677026b6d57a3f51dc7ac4db0b4f6186d9cb330d4ee1160?s=96&d=mm&r=g\",\"caption\":\"Jefferson Sterfeno\"},\"sameAs\":[\"http:\/\/blogdobispo.com.br\"],\"url\":\"https:\/\/blogdobispo.com.br\/?author=1\"}]}<\/script>\n<!-- \/ Yoast SEO plugin. -->","yoast_head_json":{"title":"Nilda lan\u00e7a cart\u00e3o EDUCAPARNAMIRIM - Blog do Bispo","robots":{"index":"index","follow":"follow","max-snippet":"max-snippet:-1","max-image-preview":"max-image-preview:large","max-video-preview":"max-video-preview:-1"},"canonical":"https:\/\/blogdobispo.com.br\/?p=17204","og_locale":"pt_BR","og_type":"article","og_title":"Nilda lan\u00e7a cart\u00e3o EDUCAPARNAMIRIM - Blog do Bispo","og_description":"A prefeita Nilda anunciou a institui\u00e7\u00e3o do cart\u00e3o EDUCAPARNAMIRIM. No ato de renova\u00e7\u00e3o da matr\u00edcula para o ano letivo de 2026, os estudantes da rede p\u00fablica municipal de ensino de Parnamirim receber\u00e3o um cart\u00e3o para adquirirem o fardamento e o material escolar no com\u00e9rcio local. A medida tem o objetivo de garantir dignidade e valorizar [&hellip;]","og_url":"https:\/\/blogdobispo.com.br\/?p=17204","og_site_name":"Blog do Bispo","article_published_time":"2025-08-15T17:02:09+00:00","og_image":[{"width":1486,"height":1080,"url":"http:\/\/blogdobispo.com.br\/wp-content\/uploads\/2025\/08\/1407_81cc7c7d-dc95-4dfc-a4c1-d7e48e8bb2b2-jpeg.jpeg","type":"image\/jpeg"}],"author":"Jefferson Sterfeno","twitter_card":"summary_large_image","twitter_misc":{"Escrito por":"Jefferson Sterfeno","Est. tempo de leitura":"2 minutos"},"schema":{"@context":"https:\/\/schema.org","@graph":[{"@type":"Article","@id":"https:\/\/blogdobispo.com.br\/?p=17204#article","isPartOf":{"@id":"https:\/\/blogdobispo.com.br\/?p=17204"},"author":{"name":"Jefferson Sterfeno","@id":"https:\/\/blogdobispo.com.br\/#\/schema\/person\/e2209cc0e6cea5c5233d033e997b373f"},"headline":"Nilda lan\u00e7a cart\u00e3o EDUCAPARNAMIRIM","datePublished":"2025-08-15T17:02:09+00:00","mainEntityOfPage":{"@id":"https:\/\/blogdobispo.com.br\/?p=17204"},"wordCount":246,"commentCount":0,"publisher":{"@id":"https:\/\/blogdobispo.com.br\/#organization"},"image":{"@id":"https:\/\/blogdobispo.com.br\/?p=17204#primaryimage"},"thumbnailUrl":"https:\/\/i0.wp.com\/blogdobispo.com.br\/wp-content\/uploads\/2025\/08\/1407_81cc7c7d-dc95-4dfc-a4c1-d7e48e8bb2b2-jpeg.jpeg?fit=1486%2C1080&ssl=1","articleSection":["Cidadania"],"inLanguage":"pt-BR","potentialAction":[{"@type":"CommentAction","name":"Comment","target":["https:\/\/blogdobispo.com.br\/?p=17204#respond"]}]},{"@type":"WebPage","@id":"https:\/\/blogdobispo.com.br\/?p=17204","url":"https:\/\/blogdobispo.com.br\/?p=17204","name":"Nilda lan\u00e7a cart\u00e3o EDUCAPARNAMIRIM - Blog do Bispo","isPartOf":{"@id":"https:\/\/blogdobispo.com.br\/#website"},"primaryImageOfPage":{"@id":"https:\/\/blogdobispo.com.br\/?p=17204#primaryimage"},"image":{"@id":"https:\/\/blogdobispo.com.br\/?p=17204#primaryimage"},"thumbnailUrl":"https:\/\/i0.wp.com\/blogdobispo.com.br\/wp-content\/uploads\/2025\/08\/1407_81cc7c7d-dc95-4dfc-a4c1-d7e48e8bb2b2-jpeg.jpeg?fit=1486%2C1080&ssl=1","datePublished":"2025-08-15T17:02:09+00:00","breadcrumb":{"@id":"https:\/\/blogdobispo.com.br\/?p=17204#breadcrumb"},"inLanguage":"pt-BR","potentialAction":[{"@type":"ReadAction","target":["https:\/\/blogdobispo.com.br\/?p=17204"]}]},{"@type":"ImageObject","inLanguage":"pt-BR","@id":"https:\/\/blogdobispo.com.br\/?p=17204#primaryimage","url":"https:\/\/i0.wp.com\/blogdobispo.com.br\/wp-content\/uploads\/2025\/08\/1407_81cc7c7d-dc95-4dfc-a4c1-d7e48e8bb2b2-jpeg.jpeg?fit=1486%2C1080&ssl=1","contentUrl":"https:\/\/i0.wp.com\/blogdobispo.com.br\/wp-content\/uploads\/2025\/08\/1407_81cc7c7d-dc95-4dfc-a4c1-d7e48e8bb2b2-jpeg.jpeg?fit=1486%2C1080&ssl=1","width":1486,"height":1080},{"@type":"BreadcrumbList","@id":"https:\/\/blogdobispo.com.br\/?p=17204#breadcrumb","itemListElement":[{"@type":"ListItem","position":1,"name":"In\u00edcio","item":"https:\/\/blogdobispo.com.br\/"},{"@type":"ListItem","position":2,"name":"Nilda lan\u00e7a cart\u00e3o EDUCAPARNAMIRIM"}]},{"@type":"WebSite","@id":"https:\/\/blogdobispo.com.br\/#website","url":"https:\/\/blogdobispo.com.br\/","name":"Blog do Bispo","description":"Comprometido apenas com o leitor","publisher":{"@id":"https:\/\/blogdobispo.com.br\/#organization"},"potentialAction":[{"@type":"SearchAction","target":{"@type":"EntryPoint","urlTemplate":"https:\/\/blogdobispo.com.br\/?s={search_term_string}"},"query-input":{"@type":"PropertyValueSpecification","valueRequired":true,"valueName":"search_term_string"}}],"inLanguage":"pt-BR"},{"@type":"Organization","@id":"https:\/\/blogdobispo.com.br\/#organization","name":"Blog do Bispo","url":"https:\/\/blogdobispo.com.br\/","logo":{"@type":"ImageObject","inLanguage":"pt-BR","@id":"https:\/\/blogdobispo.com.br\/#\/schema\/logo\/image\/","url":"http:\/\/blogdobispo.com.br\/wp-content\/uploads\/2023\/05\/cropped-headear.png","contentUrl":"http:\/\/blogdobispo.com.br\/wp-content\/uploads\/2023\/05\/cropped-headear.png","width":1500,"height":399,"caption":"Blog do Bispo"},"image":{"@id":"https:\/\/blogdobispo.com.br\/#\/schema\/logo\/image\/"}},{"@type":"Person","@id":"https:\/\/blogdobispo.com.br\/#\/schema\/person\/e2209cc0e6cea5c5233d033e997b373f","name":"Jefferson Sterfeno","image":{"@type":"ImageObject","inLanguage":"pt-BR","@id":"https:\/\/blogdobispo.com.br\/#\/schema\/person\/image\/","url":"https:\/\/secure.gravatar.com\/avatar\/0534e84764641168a677026b6d57a3f51dc7ac4db0b4f6186d9cb330d4ee1160?s=96&d=mm&r=g","contentUrl":"https:\/\/secure.gravatar.com\/avatar\/0534e84764641168a677026b6d57a3f51dc7ac4db0b4f6186d9cb330d4ee1160?s=96&d=mm&r=g","caption":"Jefferson Sterfeno"},"sameAs":["http:\/\/blogdobispo.com.br"],"url":"https:\/\/blogdobispo.com.br\/?author=1"}]}},"featured_image_urls":{"full":["https:\/\/i0.wp.com\/blogdobispo.com.br\/wp-content\/uploads\/2025\/08\/1407_81cc7c7d-dc95-4dfc-a4c1-d7e48e8bb2b2-jpeg.jpeg?fit=1486%2C1080&ssl=1",1486,1080,false],"thumbnail":["https:\/\/i0.wp.com\/blogdobispo.com.br\/wp-content\/uploads\/2025\/08\/1407_81cc7c7d-dc95-4dfc-a4c1-d7e48e8bb2b2-jpeg.jpeg?resize=150%2C150&ssl=1",150,150,true],"medium":["https:\/\/i0.wp.com\/blogdobispo.com.br\/wp-content\/uploads\/2025\/08\/1407_81cc7c7d-dc95-4dfc-a4c1-d7e48e8bb2b2-jpeg.jpeg?fit=300%2C218&ssl=1",300,218,true],"medium_large":["https:\/\/i0.wp.com\/blogdobispo.com.br\/wp-content\/uploads\/2025\/08\/1407_81cc7c7d-dc95-4dfc-a4c1-d7e48e8bb2b2-jpeg.jpeg?fit=768%2C558&ssl=1",768,558,true],"large":["https:\/\/i0.wp.com\/blogdobispo.com.br\/wp-content\/uploads\/2025\/08\/1407_81cc7c7d-dc95-4dfc-a4c1-d7e48e8bb2b2-jpeg.jpeg?fit=800%2C581&ssl=1",800,581,true],"1536x1536":["https:\/\/i0.wp.com\/blogdobispo.com.br\/wp-content\/uploads\/2025\/08\/1407_81cc7c7d-dc95-4dfc-a4c1-d7e48e8bb2b2-jpeg.jpeg?fit=1486%2C1080&ssl=1",1486,1080,true],"2048x2048":["https:\/\/i0.wp.com\/blogdobispo.com.br\/wp-content\/uploads\/2025\/08\/1407_81cc7c7d-dc95-4dfc-a4c1-d7e48e8bb2b2-jpeg.jpeg?fit=1486%2C1080&ssl=1",1486,1080,true]},"author_info":{"display_name":"Jefferson Sterfeno","author_link":"https:\/\/blogdobispo.com.br\/?author=1"},"category_info":"<a href=\"https:\/\/blogdobispo.com.br\/?cat=12\" rel=\"category\">Cidadania<\/a>","tag_info":"Cidadania","comment_count":"0","jetpack_featured_media_url":"https:\/\/i0.wp.com\/blogdobispo.com.br\/wp-content\/uploads\/2025\/08\/1407_81cc7c7d-dc95-4dfc-a4c1-d7e48e8bb2b2-jpeg.jpeg?fit=1486%2C1080&ssl=1","jetpack_sharing_enabled":true,"_links":{"self":[{"href":"https:\/\/blogdobispo.com.br\/index.php?rest_route=\/wp\/v2\/posts\/17204","targetHints":{"allow":["GET"]}}],"collection":[{"href":"https:\/\/blogdobispo.com.br\/index.php?rest_route=\/wp\/v2\/posts"}],"about":[{"href":"https:\/\/blogdobispo.com.br\/index.php?rest_route=\/wp\/v2\/types\/post"}],"author":[{"embeddable":true,"href":"https:\/\/blogdobispo.com.br\/index.php?rest_route=\/wp\/v2\/users\/1"}],"replies":[{"embeddable":true,"href":"https:\/\/blogdobispo.com.br\/index.php?rest_route=%2Fwp%2Fv2%2Fcomments&post=17204"}],"version-history":[{"count":1,"href":"https:\/\/blogdobispo.com.br\/index.php?rest_route=\/wp\/v2\/posts\/17204\/revisions"}],"predecessor-version":[{"id":17206,"href":"https:\/\/blogdobispo.com.br\/index.php?rest_route=\/wp\/v2\/posts\/17204\/revisions\/17206"}],"wp:featuredmedia":[{"embeddable":true,"href":"https:\/\/blogdobispo.com.br\/index.php?rest_route=\/wp\/v2\/media\/17205"}],"wp:attachment":[{"href":"https:\/\/blogdobispo.com.br\/index.php?rest_route=%2Fwp%2Fv2%2Fmedia&parent=17204"}],"wp:term":[{"taxonomy":"category","embeddable":true,"href":"https:\/\/blogdobispo.com.br\/index.php?rest_route=%2Fwp%2Fv2%2Fcategories&post=17204"},{"taxonomy":"post_tag","embeddable":true,"href":"https:\/\/blogdobispo.com.br\/index.php?rest_route=%2Fwp%2Fv2%2Ftags&post=17204"}],"curies":[{"name":"wp","href":"https:\/\/api.w.org\/{rel}","templated":true}]}}