{"id":17201,"date":"2025-08-15T16:54:42","date_gmt":"2025-08-15T16:54:42","guid":{"rendered":"https:\/\/blogdobispo.com.br\/?p=17201"},"modified":"2025-08-15T16:54:42","modified_gmt":"2025-08-15T16:54:42","slug":"sessao-solene-da-camara-de-natal-homenageia-os-30-anos-da-casa-durval-paiva","status":"publish","type":"post","link":"https:\/\/blogdobispo.com.br\/?p=17201","title":{"rendered":"Sess\u00e3o solene da C\u00e2mara de Natal homenageia os 30 anos da Casa Durval Paiva"},"content":{"rendered":"<p>A C\u00e2mara Municipal de Natal realizou, nesta quinta-feira (14), uma sess\u00e3o solene em homenagem aos 30 anos da Casa de Apoio \u00e0 Crian\u00e7a com C\u00e2ncer Durval Paiva, por proposi\u00e7\u00e3o do vereador T\u00e9rcio Tinoco (Uni\u00e3o Brasil). A cerim\u00f4nia celebrou a trajet\u00f3ria de acolhimento e transforma\u00e7\u00e3o da institui\u00e7\u00e3o que, h\u00e1 tr\u00eas d\u00e9cadas, atua em defesa da vida de crian\u00e7as e adolescentes em tratamento contra o c\u00e2ncer e doen\u00e7as hematol\u00f3gicas.<\/p>\n<p>Durante a sess\u00e3o, foram conferidas 11 homenagens a profissionais, institui\u00e7\u00f5es e empresas que contribu\u00edram de forma significativa com a miss\u00e3o da Casa ao longo dos anos. O reconhecimento\u00a0 a essses destacou o papel coletivo na constru\u00e7\u00e3o de uma rede de cuidado que vai al\u00e9m da sa\u00fade: abrange educa\u00e7\u00e3o, assist\u00eancia social, dignidade e esperan\u00e7a.<\/p>\n<p>Amor que virou miss\u00e3o<\/p>\n<p>A Casa foi fundada em 1995 por Rilder Campos e Daniela Paiva, ap\u00f3s o diagn\u00f3stico do filho, Fernando Campos, com retinoblastoma, um tipo raro de c\u00e2ncer nos olhos. \u201cFernando \u00e9 o combust\u00edvel da nossa vida. Ele nos move a fazer mais. \u00c0s vezes penso que poder\u00edamos ter feito ainda mais, mas \u00e9 uma responsabilidade que precisamos dividir com toda a sociedade. Precisamos garantir que essas crian\u00e7as cheguem ao tratamento no tempo certo. Porque a moeda aqui \u00e9 a vida\u201d, declarou Rilder.<\/p>\n<p>Ele tamb\u00e9m alertou para a import\u00e2ncia do diagn\u00f3stico precoce e da mobiliza\u00e7\u00e3o social, diante do n\u00famero crescente de mortes evit\u00e1veis. \u201cS\u00f3 no \u00faltimo m\u00eas, perdemos oito crian\u00e7as. Isso n\u00e3o pode ser naturalizado. O c\u00e2ncer infantil tem mais de 80% de chance de cura quando diagnosticado a tempo\u201d, protestou.<\/p>\n<p>A cofundadora e vice-presidente da Casa, Daniela Paiva, m\u00e3e de Fernando, relembrou os primeiros passos da Casa e se emocionou ao receber a homenagem:<br \/>\n\u201cCome\u00e7amos t\u00e3o pequenos. Oferec\u00edamos\u00a0 abrigo e alimenta\u00e7\u00e3o. Depois, vimos que essas crian\u00e7as precisavam de muito mais: escola, dentista, dignidade. Hoje, al\u00e9m de tudo isso, ainda constru\u00edmos casas para fam\u00edlias em situa\u00e7\u00e3o de vulnerabilidade. A miss\u00e3o da Casa \u00e9 oferecer qualidade de vida. Tenho uma gratid\u00e3o enorme por estar aqui hoje, completando 30 anos dessa hist\u00f3ria. Dedico essa homenagem ao meu filho Fernando e a todas as crian\u00e7as que passaram por nossa Casa\u201d, testemunhou.<\/p>\n<p>O propositor da sess\u00e3o solene, vereador T\u00e9rcio Tinoco, tamb\u00e9m foi homenageado pela pr\u00f3pria Casa em reconhecimento ao seu apoio cont\u00ednuo. \u201cTenho muito orgulho de prestar essa homenagem \u00e0 Casa Durval Paiva. S\u00e3o mais de 2 mil crian\u00e7as atendidas, com acolhimento \u00e0s fam\u00edlias e um trabalho feito com amor. Imaginem se a Casa n\u00e3o existisse? Onde estariam essas crian\u00e7as? Ser homenageado tamb\u00e9m me emociona. \u00c9 o reconhecimento de um trabalho s\u00e9rio, comprometido com as causas sociais e com o terceiro setor da nossa cidade\u201d, afirmou.<\/p>\n<p>O superintendente adjunto da Liga Norte-Riograndense contra o C\u00e2ncer, Dr. Ivo Barreto de Medeiros, um dos homenageados, refor\u00e7ou a import\u00e2ncia da parceria com a Casa. \u201cA Casa faz um trabalho complementar ao tratamento: acolhe, cuida, educa. E eu vi de perto essa parceria crescer desde os primeiros leitos pedi\u00e1tricos de oncologia que fundamos no Hospital Luiz Ant\u00f4nio. Hoje, a Casa \u00e9 essencial\u201d, atestou.<\/p>\n<p>Tamb\u00e9m foram homenageados o deputado estadual Adjuto Dias; o procurador regional do Trabalho, Xisto Tiago, e o fot\u00f3grafo Humberto Lopes; as empresas Pura Polpa e Uniodonto, e as TVs Band, Assembleia e C\u00e2mara<\/p>\n<p>A solenidade contou com a presen\u00e7a dos vereadores Pedro Henrique; da vice-prefeita de Natal, Joana Guerra, e da secret\u00e1ria adjunta estadual de Sa\u00fade,\u00a0 Leidiane Fernandes de Queiroz.<\/p>\n<p>Texto: Ilana Albuquerque <img data-recalc-dims=\"1\" fetchpriority=\"high\" decoding=\"async\" class=\"alignnone size-medium wp-image-17202\" src=\"https:\/\/i0.wp.com\/blogdobispo.com.br\/wp-content\/uploads\/2025\/08\/be33a2a90ffecc3245cc61f5b9af9c15.jpg?resize=300%2C221\" alt=\"\" width=\"300\" height=\"221\" srcset=\"https:\/\/i0.wp.com\/blogdobispo.com.br\/wp-content\/uploads\/2025\/08\/be33a2a90ffecc3245cc61f5b9af9c15.jpg?resize=300%2C221&amp;ssl=1 300w, https:\/\/i0.wp.com\/blogdobispo.com.br\/wp-content\/uploads\/2025\/08\/be33a2a90ffecc3245cc61f5b9af9c15.jpg?resize=1024%2C753&amp;ssl=1 1024w, https:\/\/i0.wp.com\/blogdobispo.com.br\/wp-content\/uploads\/2025\/08\/be33a2a90ffecc3245cc61f5b9af9c15.jpg?resize=768%2C564&amp;ssl=1 768w, https:\/\/i0.wp.com\/blogdobispo.com.br\/wp-content\/uploads\/2025\/08\/be33a2a90ffecc3245cc61f5b9af9c15.jpg?resize=1536%2C1129&amp;ssl=1 1536w, https:\/\/i0.wp.com\/blogdobispo.com.br\/wp-content\/uploads\/2025\/08\/be33a2a90ffecc3245cc61f5b9af9c15.jpg?w=1600&amp;ssl=1 1600w\" sizes=\"(max-width: 300px) 100vw, 300px\" \/><\/p>\n","protected":false},"excerpt":{"rendered":"<p>A C\u00e2mara Municipal de Natal realizou, nesta quinta-feira (14), uma sess\u00e3o solene em homenagem aos 30 anos da Casa de Apoio \u00e0 Crian\u00e7a com C\u00e2ncer Durval Paiva, por proposi\u00e7\u00e3o do vereador T\u00e9rcio Tinoco (Uni\u00e3o Brasil). A cerim\u00f4nia celebrou a trajet\u00f3ria de acolhimento e transforma\u00e7\u00e3o da institui\u00e7\u00e3o que, h\u00e1 tr\u00eas d\u00e9cadas, atua em defesa da vida [&hellip;]<\/p>\n","protected":false},"author":1,"featured_media":17202,"comment_status":"open","ping_status":"open","sticky":false,"template":"","format":"standard","meta":{"cybocfi_hide_featured_image":"","_jetpack_memberships_contains_paid_content":false,"footnotes":""},"categories":[12],"tags":[],"class_list":["post-17201","post","type-post","status-publish","format-standard","has-post-thumbnail","hentry","category-cidadania"],"yoast_head":"<!-- This site is optimized with the Yoast SEO plugin v25.6 - https:\/\/yoast.com\/wordpress\/plugins\/seo\/ -->\n<title>Sess\u00e3o solene da C\u00e2mara de Natal homenageia os 30 anos da Casa Durval Paiva - Blog do Bispo<\/title>\n<meta name=\"robots\" content=\"index, follow, max-snippet:-1, max-image-preview:large, max-video-preview:-1\" \/>\n<link rel=\"canonical\" href=\"https:\/\/blogdobispo.com.br\/?p=17201\" \/>\n<meta property=\"og:locale\" content=\"pt_BR\" \/>\n<meta property=\"og:type\" content=\"article\" \/>\n<meta property=\"og:title\" content=\"Sess\u00e3o solene da C\u00e2mara de Natal homenageia os 30 anos da Casa Durval Paiva - Blog do Bispo\" \/>\n<meta property=\"og:description\" content=\"A C\u00e2mara Municipal de Natal realizou, nesta quinta-feira (14), uma sess\u00e3o solene em homenagem aos 30 anos da Casa de Apoio \u00e0 Crian\u00e7a com C\u00e2ncer Durval Paiva, por proposi\u00e7\u00e3o do vereador T\u00e9rcio Tinoco (Uni\u00e3o Brasil). A cerim\u00f4nia celebrou a trajet\u00f3ria de acolhimento e transforma\u00e7\u00e3o da institui\u00e7\u00e3o que, h\u00e1 tr\u00eas d\u00e9cadas, atua em defesa da vida [&hellip;]\" \/>\n<meta property=\"og:url\" content=\"https:\/\/blogdobispo.com.br\/?p=17201\" \/>\n<meta property=\"og:site_name\" content=\"Blog do Bispo\" \/>\n<meta property=\"article:published_time\" content=\"2025-08-15T16:54:42+00:00\" \/>\n<meta property=\"og:image\" content=\"http:\/\/blogdobispo.com.br\/wp-content\/uploads\/2025\/08\/be33a2a90ffecc3245cc61f5b9af9c15.jpg\" \/>\n\t<meta property=\"og:image:width\" content=\"1600\" \/>\n\t<meta property=\"og:image:height\" content=\"1176\" \/>\n\t<meta property=\"og:image:type\" content=\"image\/jpeg\" \/>\n<meta name=\"author\" content=\"Jefferson Sterfeno\" \/>\n<meta name=\"twitter:card\" content=\"summary_large_image\" \/>\n<meta name=\"twitter:label1\" content=\"Escrito por\" \/>\n\t<meta name=\"twitter:data1\" content=\"Jefferson Sterfeno\" \/>\n\t<meta name=\"twitter:label2\" content=\"Est. tempo de leitura\" \/>\n\t<meta name=\"twitter:data2\" content=\"4 minutos\" \/>\n<script type=\"application\/ld+json\" class=\"yoast-schema-graph\">{\"@context\":\"https:\/\/schema.org\",\"@graph\":[{\"@type\":\"Article\",\"@id\":\"https:\/\/blogdobispo.com.br\/?p=17201#article\",\"isPartOf\":{\"@id\":\"https:\/\/blogdobispo.com.br\/?p=17201\"},\"author\":{\"name\":\"Jefferson Sterfeno\",\"@id\":\"https:\/\/blogdobispo.com.br\/#\/schema\/person\/e2209cc0e6cea5c5233d033e997b373f\"},\"headline\":\"Sess\u00e3o solene da C\u00e2mara de Natal homenageia os 30 anos da Casa Durval Paiva\",\"datePublished\":\"2025-08-15T16:54:42+00:00\",\"mainEntityOfPage\":{\"@id\":\"https:\/\/blogdobispo.com.br\/?p=17201\"},\"wordCount\":641,\"commentCount\":0,\"publisher\":{\"@id\":\"https:\/\/blogdobispo.com.br\/#organization\"},\"image\":{\"@id\":\"https:\/\/blogdobispo.com.br\/?p=17201#primaryimage\"},\"thumbnailUrl\":\"https:\/\/i0.wp.com\/blogdobispo.com.br\/wp-content\/uploads\/2025\/08\/be33a2a90ffecc3245cc61f5b9af9c15.jpg?fit=1600%2C1176&ssl=1\",\"articleSection\":[\"Cidadania\"],\"inLanguage\":\"pt-BR\",\"potentialAction\":[{\"@type\":\"CommentAction\",\"name\":\"Comment\",\"target\":[\"https:\/\/blogdobispo.com.br\/?p=17201#respond\"]}]},{\"@type\":\"WebPage\",\"@id\":\"https:\/\/blogdobispo.com.br\/?p=17201\",\"url\":\"https:\/\/blogdobispo.com.br\/?p=17201\",\"name\":\"Sess\u00e3o solene da C\u00e2mara de Natal homenageia os 30 anos da Casa Durval Paiva - Blog do Bispo\",\"isPartOf\":{\"@id\":\"https:\/\/blogdobispo.com.br\/#website\"},\"primaryImageOfPage\":{\"@id\":\"https:\/\/blogdobispo.com.br\/?p=17201#primaryimage\"},\"image\":{\"@id\":\"https:\/\/blogdobispo.com.br\/?p=17201#primaryimage\"},\"thumbnailUrl\":\"https:\/\/i0.wp.com\/blogdobispo.com.br\/wp-content\/uploads\/2025\/08\/be33a2a90ffecc3245cc61f5b9af9c15.jpg?fit=1600%2C1176&ssl=1\",\"datePublished\":\"2025-08-15T16:54:42+00:00\",\"breadcrumb\":{\"@id\":\"https:\/\/blogdobispo.com.br\/?p=17201#breadcrumb\"},\"inLanguage\":\"pt-BR\",\"potentialAction\":[{\"@type\":\"ReadAction\",\"target\":[\"https:\/\/blogdobispo.com.br\/?p=17201\"]}]},{\"@type\":\"ImageObject\",\"inLanguage\":\"pt-BR\",\"@id\":\"https:\/\/blogdobispo.com.br\/?p=17201#primaryimage\",\"url\":\"https:\/\/i0.wp.com\/blogdobispo.com.br\/wp-content\/uploads\/2025\/08\/be33a2a90ffecc3245cc61f5b9af9c15.jpg?fit=1600%2C1176&ssl=1\",\"contentUrl\":\"https:\/\/i0.wp.com\/blogdobispo.com.br\/wp-content\/uploads\/2025\/08\/be33a2a90ffecc3245cc61f5b9af9c15.jpg?fit=1600%2C1176&ssl=1\",\"width\":1600,\"height\":1176},{\"@type\":\"BreadcrumbList\",\"@id\":\"https:\/\/blogdobispo.com.br\/?p=17201#breadcrumb\",\"itemListElement\":[{\"@type\":\"ListItem\",\"position\":1,\"name\":\"In\u00edcio\",\"item\":\"https:\/\/blogdobispo.com.br\/\"},{\"@type\":\"ListItem\",\"position\":2,\"name\":\"Sess\u00e3o solene da C\u00e2mara de Natal homenageia os 30 anos da Casa Durval Paiva\"}]},{\"@type\":\"WebSite\",\"@id\":\"https:\/\/blogdobispo.com.br\/#website\",\"url\":\"https:\/\/blogdobispo.com.br\/\",\"name\":\"Blog do Bispo\",\"description\":\"Comprometido apenas com o leitor\",\"publisher\":{\"@id\":\"https:\/\/blogdobispo.com.br\/#organization\"},\"potentialAction\":[{\"@type\":\"SearchAction\",\"target\":{\"@type\":\"EntryPoint\",\"urlTemplate\":\"https:\/\/blogdobispo.com.br\/?s={search_term_string}\"},\"query-input\":{\"@type\":\"PropertyValueSpecification\",\"valueRequired\":true,\"valueName\":\"search_term_string\"}}],\"inLanguage\":\"pt-BR\"},{\"@type\":\"Organization\",\"@id\":\"https:\/\/blogdobispo.com.br\/#organization\",\"name\":\"Blog do Bispo\",\"url\":\"https:\/\/blogdobispo.com.br\/\",\"logo\":{\"@type\":\"ImageObject\",\"inLanguage\":\"pt-BR\",\"@id\":\"https:\/\/blogdobispo.com.br\/#\/schema\/logo\/image\/\",\"url\":\"http:\/\/blogdobispo.com.br\/wp-content\/uploads\/2023\/05\/cropped-headear.png\",\"contentUrl\":\"http:\/\/blogdobispo.com.br\/wp-content\/uploads\/2023\/05\/cropped-headear.png\",\"width\":1500,\"height\":399,\"caption\":\"Blog do Bispo\"},\"image\":{\"@id\":\"https:\/\/blogdobispo.com.br\/#\/schema\/logo\/image\/\"}},{\"@type\":\"Person\",\"@id\":\"https:\/\/blogdobispo.com.br\/#\/schema\/person\/e2209cc0e6cea5c5233d033e997b373f\",\"name\":\"Jefferson Sterfeno\",\"image\":{\"@type\":\"ImageObject\",\"inLanguage\":\"pt-BR\",\"@id\":\"https:\/\/blogdobispo.com.br\/#\/schema\/person\/image\/\",\"url\":\"https:\/\/secure.gravatar.com\/avatar\/0534e84764641168a677026b6d57a3f51dc7ac4db0b4f6186d9cb330d4ee1160?s=96&d=mm&r=g\",\"contentUrl\":\"https:\/\/secure.gravatar.com\/avatar\/0534e84764641168a677026b6d57a3f51dc7ac4db0b4f6186d9cb330d4ee1160?s=96&d=mm&r=g\",\"caption\":\"Jefferson Sterfeno\"},\"sameAs\":[\"http:\/\/blogdobispo.com.br\"],\"url\":\"https:\/\/blogdobispo.com.br\/?author=1\"}]}<\/script>\n<!-- \/ Yoast SEO plugin. -->","yoast_head_json":{"title":"Sess\u00e3o solene da C\u00e2mara de Natal homenageia os 30 anos da Casa Durval Paiva - Blog do Bispo","robots":{"index":"index","follow":"follow","max-snippet":"max-snippet:-1","max-image-preview":"max-image-preview:large","max-video-preview":"max-video-preview:-1"},"canonical":"https:\/\/blogdobispo.com.br\/?p=17201","og_locale":"pt_BR","og_type":"article","og_title":"Sess\u00e3o solene da C\u00e2mara de Natal homenageia os 30 anos da Casa Durval Paiva - Blog do Bispo","og_description":"A C\u00e2mara Municipal de Natal realizou, nesta quinta-feira (14), uma sess\u00e3o solene em homenagem aos 30 anos da Casa de Apoio \u00e0 Crian\u00e7a com C\u00e2ncer Durval Paiva, por proposi\u00e7\u00e3o do vereador T\u00e9rcio Tinoco (Uni\u00e3o Brasil). A cerim\u00f4nia celebrou a trajet\u00f3ria de acolhimento e transforma\u00e7\u00e3o da institui\u00e7\u00e3o que, h\u00e1 tr\u00eas d\u00e9cadas, atua em defesa da vida [&hellip;]","og_url":"https:\/\/blogdobispo.com.br\/?p=17201","og_site_name":"Blog do Bispo","article_published_time":"2025-08-15T16:54:42+00:00","og_image":[{"width":1600,"height":1176,"url":"http:\/\/blogdobispo.com.br\/wp-content\/uploads\/2025\/08\/be33a2a90ffecc3245cc61f5b9af9c15.jpg","type":"image\/jpeg"}],"author":"Jefferson Sterfeno","twitter_card":"summary_large_image","twitter_misc":{"Escrito por":"Jefferson Sterfeno","Est. tempo de leitura":"4 minutos"},"schema":{"@context":"https:\/\/schema.org","@graph":[{"@type":"Article","@id":"https:\/\/blogdobispo.com.br\/?p=17201#article","isPartOf":{"@id":"https:\/\/blogdobispo.com.br\/?p=17201"},"author":{"name":"Jefferson Sterfeno","@id":"https:\/\/blogdobispo.com.br\/#\/schema\/person\/e2209cc0e6cea5c5233d033e997b373f"},"headline":"Sess\u00e3o solene da C\u00e2mara de Natal homenageia os 30 anos da Casa Durval Paiva","datePublished":"2025-08-15T16:54:42+00:00","mainEntityOfPage":{"@id":"https:\/\/blogdobispo.com.br\/?p=17201"},"wordCount":641,"commentCount":0,"publisher":{"@id":"https:\/\/blogdobispo.com.br\/#organization"},"image":{"@id":"https:\/\/blogdobispo.com.br\/?p=17201#primaryimage"},"thumbnailUrl":"https:\/\/i0.wp.com\/blogdobispo.com.br\/wp-content\/uploads\/2025\/08\/be33a2a90ffecc3245cc61f5b9af9c15.jpg?fit=1600%2C1176&ssl=1","articleSection":["Cidadania"],"inLanguage":"pt-BR","potentialAction":[{"@type":"CommentAction","name":"Comment","target":["https:\/\/blogdobispo.com.br\/?p=17201#respond"]}]},{"@type":"WebPage","@id":"https:\/\/blogdobispo.com.br\/?p=17201","url":"https:\/\/blogdobispo.com.br\/?p=17201","name":"Sess\u00e3o solene da C\u00e2mara de Natal homenageia os 30 anos da Casa Durval Paiva - Blog do Bispo","isPartOf":{"@id":"https:\/\/blogdobispo.com.br\/#website"},"primaryImageOfPage":{"@id":"https:\/\/blogdobispo.com.br\/?p=17201#primaryimage"},"image":{"@id":"https:\/\/blogdobispo.com.br\/?p=17201#primaryimage"},"thumbnailUrl":"https:\/\/i0.wp.com\/blogdobispo.com.br\/wp-content\/uploads\/2025\/08\/be33a2a90ffecc3245cc61f5b9af9c15.jpg?fit=1600%2C1176&ssl=1","datePublished":"2025-08-15T16:54:42+00:00","breadcrumb":{"@id":"https:\/\/blogdobispo.com.br\/?p=17201#breadcrumb"},"inLanguage":"pt-BR","potentialAction":[{"@type":"ReadAction","target":["https:\/\/blogdobispo.com.br\/?p=17201"]}]},{"@type":"ImageObject","inLanguage":"pt-BR","@id":"https:\/\/blogdobispo.com.br\/?p=17201#primaryimage","url":"https:\/\/i0.wp.com\/blogdobispo.com.br\/wp-content\/uploads\/2025\/08\/be33a2a90ffecc3245cc61f5b9af9c15.jpg?fit=1600%2C1176&ssl=1","contentUrl":"https:\/\/i0.wp.com\/blogdobispo.com.br\/wp-content\/uploads\/2025\/08\/be33a2a90ffecc3245cc61f5b9af9c15.jpg?fit=1600%2C1176&ssl=1","width":1600,"height":1176},{"@type":"BreadcrumbList","@id":"https:\/\/blogdobispo.com.br\/?p=17201#breadcrumb","itemListElement":[{"@type":"ListItem","position":1,"name":"In\u00edcio","item":"https:\/\/blogdobispo.com.br\/"},{"@type":"ListItem","position":2,"name":"Sess\u00e3o solene da C\u00e2mara de Natal homenageia os 30 anos da Casa Durval Paiva"}]},{"@type":"WebSite","@id":"https:\/\/blogdobispo.com.br\/#website","url":"https:\/\/blogdobispo.com.br\/","name":"Blog do Bispo","description":"Comprometido apenas com o leitor","publisher":{"@id":"https:\/\/blogdobispo.com.br\/#organization"},"potentialAction":[{"@type":"SearchAction","target":{"@type":"EntryPoint","urlTemplate":"https:\/\/blogdobispo.com.br\/?s={search_term_string}"},"query-input":{"@type":"PropertyValueSpecification","valueRequired":true,"valueName":"search_term_string"}}],"inLanguage":"pt-BR"},{"@type":"Organization","@id":"https:\/\/blogdobispo.com.br\/#organization","name":"Blog do Bispo","url":"https:\/\/blogdobispo.com.br\/","logo":{"@type":"ImageObject","inLanguage":"pt-BR","@id":"https:\/\/blogdobispo.com.br\/#\/schema\/logo\/image\/","url":"http:\/\/blogdobispo.com.br\/wp-content\/uploads\/2023\/05\/cropped-headear.png","contentUrl":"http:\/\/blogdobispo.com.br\/wp-content\/uploads\/2023\/05\/cropped-headear.png","width":1500,"height":399,"caption":"Blog do Bispo"},"image":{"@id":"https:\/\/blogdobispo.com.br\/#\/schema\/logo\/image\/"}},{"@type":"Person","@id":"https:\/\/blogdobispo.com.br\/#\/schema\/person\/e2209cc0e6cea5c5233d033e997b373f","name":"Jefferson Sterfeno","image":{"@type":"ImageObject","inLanguage":"pt-BR","@id":"https:\/\/blogdobispo.com.br\/#\/schema\/person\/image\/","url":"https:\/\/secure.gravatar.com\/avatar\/0534e84764641168a677026b6d57a3f51dc7ac4db0b4f6186d9cb330d4ee1160?s=96&d=mm&r=g","contentUrl":"https:\/\/secure.gravatar.com\/avatar\/0534e84764641168a677026b6d57a3f51dc7ac4db0b4f6186d9cb330d4ee1160?s=96&d=mm&r=g","caption":"Jefferson Sterfeno"},"sameAs":["http:\/\/blogdobispo.com.br"],"url":"https:\/\/blogdobispo.com.br\/?author=1"}]}},"featured_image_urls":{"full":["https:\/\/i0.wp.com\/blogdobispo.com.br\/wp-content\/uploads\/2025\/08\/be33a2a90ffecc3245cc61f5b9af9c15.jpg?fit=1600%2C1176&ssl=1",1600,1176,false],"thumbnail":["https:\/\/i0.wp.com\/blogdobispo.com.br\/wp-content\/uploads\/2025\/08\/be33a2a90ffecc3245cc61f5b9af9c15.jpg?resize=150%2C150&ssl=1",150,150,true],"medium":["https:\/\/i0.wp.com\/blogdobispo.com.br\/wp-content\/uploads\/2025\/08\/be33a2a90ffecc3245cc61f5b9af9c15.jpg?fit=300%2C221&ssl=1",300,221,true],"medium_large":["https:\/\/i0.wp.com\/blogdobispo.com.br\/wp-content\/uploads\/2025\/08\/be33a2a90ffecc3245cc61f5b9af9c15.jpg?fit=768%2C564&ssl=1",768,564,true],"large":["https:\/\/i0.wp.com\/blogdobispo.com.br\/wp-content\/uploads\/2025\/08\/be33a2a90ffecc3245cc61f5b9af9c15.jpg?fit=800%2C588&ssl=1",800,588,true],"1536x1536":["https:\/\/i0.wp.com\/blogdobispo.com.br\/wp-content\/uploads\/2025\/08\/be33a2a90ffecc3245cc61f5b9af9c15.jpg?fit=1536%2C1129&ssl=1",1536,1129,true],"2048x2048":["https:\/\/i0.wp.com\/blogdobispo.com.br\/wp-content\/uploads\/2025\/08\/be33a2a90ffecc3245cc61f5b9af9c15.jpg?fit=1600%2C1176&ssl=1",1600,1176,true]},"author_info":{"display_name":"Jefferson Sterfeno","author_link":"https:\/\/blogdobispo.com.br\/?author=1"},"category_info":"<a href=\"https:\/\/blogdobispo.com.br\/?cat=12\" rel=\"category\">Cidadania<\/a>","tag_info":"Cidadania","comment_count":"0","jetpack_featured_media_url":"https:\/\/i0.wp.com\/blogdobispo.com.br\/wp-content\/uploads\/2025\/08\/be33a2a90ffecc3245cc61f5b9af9c15.jpg?fit=1600%2C1176&ssl=1","jetpack_sharing_enabled":true,"_links":{"self":[{"href":"https:\/\/blogdobispo.com.br\/index.php?rest_route=\/wp\/v2\/posts\/17201","targetHints":{"allow":["GET"]}}],"collection":[{"href":"https:\/\/blogdobispo.com.br\/index.php?rest_route=\/wp\/v2\/posts"}],"about":[{"href":"https:\/\/blogdobispo.com.br\/index.php?rest_route=\/wp\/v2\/types\/post"}],"author":[{"embeddable":true,"href":"https:\/\/blogdobispo.com.br\/index.php?rest_route=\/wp\/v2\/users\/1"}],"replies":[{"embeddable":true,"href":"https:\/\/blogdobispo.com.br\/index.php?rest_route=%2Fwp%2Fv2%2Fcomments&post=17201"}],"version-history":[{"count":1,"href":"https:\/\/blogdobispo.com.br\/index.php?rest_route=\/wp\/v2\/posts\/17201\/revisions"}],"predecessor-version":[{"id":17203,"href":"https:\/\/blogdobispo.com.br\/index.php?rest_route=\/wp\/v2\/posts\/17201\/revisions\/17203"}],"wp:featuredmedia":[{"embeddable":true,"href":"https:\/\/blogdobispo.com.br\/index.php?rest_route=\/wp\/v2\/media\/17202"}],"wp:attachment":[{"href":"https:\/\/blogdobispo.com.br\/index.php?rest_route=%2Fwp%2Fv2%2Fmedia&parent=17201"}],"wp:term":[{"taxonomy":"category","embeddable":true,"href":"https:\/\/blogdobispo.com.br\/index.php?rest_route=%2Fwp%2Fv2%2Fcategories&post=17201"},{"taxonomy":"post_tag","embeddable":true,"href":"https:\/\/blogdobispo.com.br\/index.php?rest_route=%2Fwp%2Fv2%2Ftags&post=17201"}],"curies":[{"name":"wp","href":"https:\/\/api.w.org\/{rel}","templated":true}]}}