{"id":17196,"date":"2025-08-15T15:30:49","date_gmt":"2025-08-15T15:30:49","guid":{"rendered":"https:\/\/blogdobispo.com.br\/?p=17196"},"modified":"2025-08-15T15:36:20","modified_gmt":"2025-08-15T15:36:20","slug":"quem-souvideosfale-comigo-15-ago-2025-governo-do-rn-realiza-etapa-estadual-do-vi-do-concidades-para-discutir-desenvolvimento-urbano","status":"publish","type":"post","link":"https:\/\/blogdobispo.com.br\/?p=17196","title":{"rendered":"Governo do RN realiza etapa estadual do VI do Concidades para discutir desenvolvimento urbano"},"content":{"rendered":"<p>Na manh\u00e3 desta quinta-feira (14), centenas de potiguares se reuniram no audit\u00f3rio do Instituto de Desenvolvimento Sustent\u00e1vel e Meio Ambiente do RN, (Idema) para a solenidade de abertura da VI Confer\u00eancia Estadual das Cidades do Rio Grande do Norte (Concidades RN), um evento organizado pela Secretaria de Estado do Planejamento, do Or\u00e7amento e Gest\u00e3o (Seplan), e que tem o objetivo de debater o desenvolvimento urbano sustent\u00e1vel.<\/p>\n<p>A governadora F\u00e1tima Bezerra participou do encontro chamou a aten\u00e7\u00e3o sobre as atividades propostas em eventos como esse. \u201cQuando pensamos em pol\u00edticas integradas \u2014 de habita\u00e7\u00e3o, saneamento, educa\u00e7\u00e3o, sa\u00fade, assist\u00eancia social, mobilidade \u2014 n\u00e3o estamos apenas desenhando projetos. Estamos garantindo dignidade, bem-estar e oportunidades para todos\u201d, disse F\u00e1tima Bezerra.<\/p>\n<p>A chefe do poder executivo potiguar lembrou do poder de pol\u00edticas p\u00fablicas assistenciais como o Minha Casa, Minha Vida e o programa Periferia Viva \u2013 Urbaniza\u00e7\u00e3o de Favelas, no \u00e2mbito do PAC, destacando que elas \u201cdemonstram o compromisso em priorizar a moradia digna e a transforma\u00e7\u00e3o de territ\u00f3rios vulner\u00e1veis\u201d.<\/p>\n<p>\u201cA habitabilidade \u00e9 o alicerce de qualquer cidade verdadeiramente justa. Ela significa assegurar que todas as pessoas tenham acesso a moradias seguras, confort\u00e1veis, conectadas \u00e0 infraestrutura b\u00e1sica e inseridas em bairros com oportunidades, cultura e pertencimento\u201d, destacou a governadora F\u00e1tima, defendendo que a confer\u00eancia seja capaz de traduzir os anseios da sociedade e de projetar o futuro que desejamos.<\/p>\n<p>Virg\u00ednia Ferreira, secret\u00e1ria de Estado do Planejamento, do Or\u00e7amento e Gest\u00e3o, refletiu sobre a necessidade de discutir cidades mais sustent\u00e1veis, assim como o tema da Concidades: Construindo a Pol\u00edtica Nacional de Desenvolvimento Urbano: Caminhos para cidades inclusivas, democr\u00e1ticas, sustent\u00e1veis e com justi\u00e7a social.<\/p>\n<p>\u201cConstruir uma cidade humana e fraterna \u00e9 mais do que erguer pr\u00e9dios ou abrir avenidas. \u00c9 erguer dignidade, fortalecer os direitos e dar voz a quem constroi a vida no dia a dia. Essa confer\u00eancia nos convoca a um tema que ao mesmo tempo \u00e9 um desafio, mas deve ser um compromisso dos \u00f3rg\u00e3os municipais, estaduais e do governo federal. Hoje, reafirmamos que moradia digna n\u00e3o \u00e9 luxo, \u00e9 direito\u201d, disse Virg\u00ednia Ferreira.<\/p>\n<p>Carlos Eduardo Xavier, secret\u00e1rio de Estado da Fazenda, tamb\u00e9m participou da solenidade e fez quest\u00e3o de destacar a import\u00e2ncia dos debates levantados no Concidades RN.<\/p>\n<p>\u201cDiscutir as cidades do Rio Grande do Norte \u00e9 debater a vida das pessoas. N\u00f3s vivemos um tempo em que as cidades do RN apresentam v\u00e1rias demandas, de habita\u00e7\u00e3o, de seguran\u00e7a p\u00fablica, de desenvolvimento, de gera\u00e7\u00e3o de emprego. Ent\u00e3o, um evento como esse tem toda essa din\u00e2mica de discutir a vida das pessoas que vivem nos 167 munic\u00edpios do nosso estado. Nada \u00e9 mais contempor\u00e2neo do que a gente discutir a sustentabilidade dos nossos munic\u00edpios\u201d, destacou Carlos Xavier.<\/p>\n<p>Al\u00e9m de debater e escolher as propostas priorit\u00e1rias a serem encaminhadas para a etapa nacional da Confer\u00eancia, o evento de hoje tamb\u00e9m contemplou a elei\u00e7\u00e3o dos 44 delegados e delegadas que representar\u00e3o o RN no evento realizado pelo Minist\u00e9rio das Cidades, e que acontece em Bras\u00edlia, no pr\u00f3ximo m\u00eas de outubro.<\/p>\n<p>Wellington Bernardo, coordenador do Movimento de Luta por Moradia Popular (MLMP), falou sobre a necessidade da organiza\u00e7\u00e3o popular na luta por direitos.<\/p>\n<p>\u201cFalar de democracia \u00e9 falar nas pessoas que precisam de acesso \u00e0 mobilidade urbana, que precisam de saneamento b\u00e1sico, das pessoas que precisam de habita\u00e7\u00e3o e, de fato, ter esse direito garantido, porque na verdade, aquilo que tem na nossa Carta Magna n\u00e3o passa de uma perspectiva direitos, e se o povo n\u00e3o lutar e n\u00e3o buscar a perspectiva que est\u00e1 l\u00e1 na Constitui\u00e7\u00e3o, aquele direito n\u00e3o vir\u00e1\u201d, disse Wellington Bernardo, apontando a import\u00e2ncia da popula\u00e7\u00e3o se unir em eventos como o Concidades.<\/p>\n<p>A solenidade contou ainda com a participa\u00e7\u00e3o da secret\u00e1ria Ir\u00eds Oliveira (Sethas), do secret\u00e1rio Luciano Santos (Assuntos Federativos), da secret\u00e1ria Mary Land Brito (Secult), do diretor da FJA, Gilson Matias, e do diretor geral do Idema, Werner Farkatt. Os prefeitos Souza Neto (Areia Branca); Aize Bezerra (Jo\u00e3o C\u00e2mara); Tatiana F\u00e1tima (Santana do Serid\u00f3); e Aldo Fernandes, secret\u00e1rio Municipal de Educa\u00e7\u00e3o representando o Munic\u00edpio de Natal, al\u00e9m Bab\u00e1 Pereira (Femurn), Marta Rebou\u00e7as (Minist\u00e9rio das Cidades); Dem\u00f3stenes Morais (Minist\u00e9rio das Cidades); Pedro Albuquerque, representando a Fiern; Tiago Pereira, superintendente da Caixa Econ\u00f4mica Federal; Dra Jany Lima, representando o MPRN; Erineide S\u00e1, representando a Fecam-RN; Pedro Dam\u00e1sio (CUT), e Cacica Eva Claudino, da Aldeia Sagi Jacu, de Ba\u00eda Formosa, tamb\u00e9m estiveram presentes.<img data-recalc-dims=\"1\" fetchpriority=\"high\" decoding=\"async\" class=\"alignnone size-medium wp-image-17197\" src=\"https:\/\/i0.wp.com\/blogdobispo.com.br\/wp-content\/uploads\/2025\/08\/IMG_1503-630x420-1.jpg?resize=300%2C200\" alt=\"\" width=\"300\" height=\"200\" srcset=\"https:\/\/i0.wp.com\/blogdobispo.com.br\/wp-content\/uploads\/2025\/08\/IMG_1503-630x420-1.jpg?resize=300%2C200&amp;ssl=1 300w, https:\/\/i0.wp.com\/blogdobispo.com.br\/wp-content\/uploads\/2025\/08\/IMG_1503-630x420-1.jpg?w=630&amp;ssl=1 630w\" sizes=\"(max-width: 300px) 100vw, 300px\" \/><\/p>\n","protected":false},"excerpt":{"rendered":"<p>Na manh\u00e3 desta quinta-feira (14), centenas de potiguares se reuniram no audit\u00f3rio do Instituto de Desenvolvimento Sustent\u00e1vel e Meio Ambiente do RN, (Idema) para a solenidade de abertura da VI Confer\u00eancia Estadual das Cidades do Rio Grande do Norte (Concidades RN), um evento organizado pela Secretaria de Estado do Planejamento, do Or\u00e7amento e Gest\u00e3o (Seplan), [&hellip;]<\/p>\n","protected":false},"author":1,"featured_media":17197,"comment_status":"open","ping_status":"open","sticky":false,"template":"","format":"standard","meta":{"cybocfi_hide_featured_image":"","_jetpack_memberships_contains_paid_content":false,"footnotes":""},"categories":[1],"tags":[],"class_list":["post-17196","post","type-post","status-publish","format-standard","has-post-thumbnail","hentry","category-diversos"],"yoast_head":"<!-- This site is optimized with the Yoast SEO plugin v25.6 - https:\/\/yoast.com\/wordpress\/plugins\/seo\/ -->\n<title>Governo do RN realiza etapa estadual do VI do Concidades para discutir desenvolvimento urbano - Blog do Bispo<\/title>\n<meta name=\"robots\" content=\"index, follow, max-snippet:-1, max-image-preview:large, max-video-preview:-1\" \/>\n<link rel=\"canonical\" href=\"https:\/\/blogdobispo.com.br\/?p=17196\" \/>\n<meta property=\"og:locale\" content=\"pt_BR\" \/>\n<meta property=\"og:type\" content=\"article\" \/>\n<meta property=\"og:title\" content=\"Governo do RN realiza etapa estadual do VI do Concidades para discutir desenvolvimento urbano - Blog do Bispo\" \/>\n<meta property=\"og:description\" content=\"Na manh\u00e3 desta quinta-feira (14), centenas de potiguares se reuniram no audit\u00f3rio do Instituto de Desenvolvimento Sustent\u00e1vel e Meio Ambiente do RN, (Idema) para a solenidade de abertura da VI Confer\u00eancia Estadual das Cidades do Rio Grande do Norte (Concidades RN), um evento organizado pela Secretaria de Estado do Planejamento, do Or\u00e7amento e Gest\u00e3o (Seplan), [&hellip;]\" \/>\n<meta property=\"og:url\" content=\"https:\/\/blogdobispo.com.br\/?p=17196\" \/>\n<meta property=\"og:site_name\" content=\"Blog do Bispo\" \/>\n<meta property=\"article:published_time\" content=\"2025-08-15T15:30:49+00:00\" \/>\n<meta property=\"article:modified_time\" content=\"2025-08-15T15:36:20+00:00\" \/>\n<meta property=\"og:image\" content=\"http:\/\/blogdobispo.com.br\/wp-content\/uploads\/2025\/08\/IMG_1503-630x420-1.jpg\" \/>\n\t<meta property=\"og:image:width\" content=\"630\" \/>\n\t<meta property=\"og:image:height\" content=\"420\" \/>\n\t<meta property=\"og:image:type\" content=\"image\/jpeg\" \/>\n<meta name=\"author\" content=\"Jefferson Sterfeno\" \/>\n<meta name=\"twitter:card\" content=\"summary_large_image\" \/>\n<meta name=\"twitter:label1\" content=\"Escrito por\" \/>\n\t<meta name=\"twitter:data1\" content=\"Jefferson Sterfeno\" \/>\n\t<meta name=\"twitter:label2\" content=\"Est. tempo de leitura\" \/>\n\t<meta name=\"twitter:data2\" content=\"5 minutos\" \/>\n<script type=\"application\/ld+json\" class=\"yoast-schema-graph\">{\"@context\":\"https:\/\/schema.org\",\"@graph\":[{\"@type\":\"Article\",\"@id\":\"https:\/\/blogdobispo.com.br\/?p=17196#article\",\"isPartOf\":{\"@id\":\"https:\/\/blogdobispo.com.br\/?p=17196\"},\"author\":{\"name\":\"Jefferson Sterfeno\",\"@id\":\"https:\/\/blogdobispo.com.br\/#\/schema\/person\/e2209cc0e6cea5c5233d033e997b373f\"},\"headline\":\"Governo do RN realiza etapa estadual do VI do Concidades para discutir desenvolvimento urbano\",\"datePublished\":\"2025-08-15T15:30:49+00:00\",\"dateModified\":\"2025-08-15T15:36:20+00:00\",\"mainEntityOfPage\":{\"@id\":\"https:\/\/blogdobispo.com.br\/?p=17196\"},\"wordCount\":808,\"commentCount\":0,\"publisher\":{\"@id\":\"https:\/\/blogdobispo.com.br\/#organization\"},\"image\":{\"@id\":\"https:\/\/blogdobispo.com.br\/?p=17196#primaryimage\"},\"thumbnailUrl\":\"https:\/\/i0.wp.com\/blogdobispo.com.br\/wp-content\/uploads\/2025\/08\/IMG_1503-630x420-1.jpg?fit=630%2C420&ssl=1\",\"articleSection\":[\"diversos\"],\"inLanguage\":\"pt-BR\",\"potentialAction\":[{\"@type\":\"CommentAction\",\"name\":\"Comment\",\"target\":[\"https:\/\/blogdobispo.com.br\/?p=17196#respond\"]}]},{\"@type\":\"WebPage\",\"@id\":\"https:\/\/blogdobispo.com.br\/?p=17196\",\"url\":\"https:\/\/blogdobispo.com.br\/?p=17196\",\"name\":\"Governo do RN realiza etapa estadual do VI do Concidades para discutir desenvolvimento urbano - Blog do Bispo\",\"isPartOf\":{\"@id\":\"https:\/\/blogdobispo.com.br\/#website\"},\"primaryImageOfPage\":{\"@id\":\"https:\/\/blogdobispo.com.br\/?p=17196#primaryimage\"},\"image\":{\"@id\":\"https:\/\/blogdobispo.com.br\/?p=17196#primaryimage\"},\"thumbnailUrl\":\"https:\/\/i0.wp.com\/blogdobispo.com.br\/wp-content\/uploads\/2025\/08\/IMG_1503-630x420-1.jpg?fit=630%2C420&ssl=1\",\"datePublished\":\"2025-08-15T15:30:49+00:00\",\"dateModified\":\"2025-08-15T15:36:20+00:00\",\"breadcrumb\":{\"@id\":\"https:\/\/blogdobispo.com.br\/?p=17196#breadcrumb\"},\"inLanguage\":\"pt-BR\",\"potentialAction\":[{\"@type\":\"ReadAction\",\"target\":[\"https:\/\/blogdobispo.com.br\/?p=17196\"]}]},{\"@type\":\"ImageObject\",\"inLanguage\":\"pt-BR\",\"@id\":\"https:\/\/blogdobispo.com.br\/?p=17196#primaryimage\",\"url\":\"https:\/\/i0.wp.com\/blogdobispo.com.br\/wp-content\/uploads\/2025\/08\/IMG_1503-630x420-1.jpg?fit=630%2C420&ssl=1\",\"contentUrl\":\"https:\/\/i0.wp.com\/blogdobispo.com.br\/wp-content\/uploads\/2025\/08\/IMG_1503-630x420-1.jpg?fit=630%2C420&ssl=1\",\"width\":630,\"height\":420},{\"@type\":\"BreadcrumbList\",\"@id\":\"https:\/\/blogdobispo.com.br\/?p=17196#breadcrumb\",\"itemListElement\":[{\"@type\":\"ListItem\",\"position\":1,\"name\":\"In\u00edcio\",\"item\":\"https:\/\/blogdobispo.com.br\/\"},{\"@type\":\"ListItem\",\"position\":2,\"name\":\"Governo do RN realiza etapa estadual do VI do Concidades para discutir desenvolvimento urbano\"}]},{\"@type\":\"WebSite\",\"@id\":\"https:\/\/blogdobispo.com.br\/#website\",\"url\":\"https:\/\/blogdobispo.com.br\/\",\"name\":\"Blog do Bispo\",\"description\":\"Comprometido apenas com o leitor\",\"publisher\":{\"@id\":\"https:\/\/blogdobispo.com.br\/#organization\"},\"potentialAction\":[{\"@type\":\"SearchAction\",\"target\":{\"@type\":\"EntryPoint\",\"urlTemplate\":\"https:\/\/blogdobispo.com.br\/?s={search_term_string}\"},\"query-input\":{\"@type\":\"PropertyValueSpecification\",\"valueRequired\":true,\"valueName\":\"search_term_string\"}}],\"inLanguage\":\"pt-BR\"},{\"@type\":\"Organization\",\"@id\":\"https:\/\/blogdobispo.com.br\/#organization\",\"name\":\"Blog do Bispo\",\"url\":\"https:\/\/blogdobispo.com.br\/\",\"logo\":{\"@type\":\"ImageObject\",\"inLanguage\":\"pt-BR\",\"@id\":\"https:\/\/blogdobispo.com.br\/#\/schema\/logo\/image\/\",\"url\":\"http:\/\/blogdobispo.com.br\/wp-content\/uploads\/2023\/05\/cropped-headear.png\",\"contentUrl\":\"http:\/\/blogdobispo.com.br\/wp-content\/uploads\/2023\/05\/cropped-headear.png\",\"width\":1500,\"height\":399,\"caption\":\"Blog do Bispo\"},\"image\":{\"@id\":\"https:\/\/blogdobispo.com.br\/#\/schema\/logo\/image\/\"}},{\"@type\":\"Person\",\"@id\":\"https:\/\/blogdobispo.com.br\/#\/schema\/person\/e2209cc0e6cea5c5233d033e997b373f\",\"name\":\"Jefferson Sterfeno\",\"image\":{\"@type\":\"ImageObject\",\"inLanguage\":\"pt-BR\",\"@id\":\"https:\/\/blogdobispo.com.br\/#\/schema\/person\/image\/\",\"url\":\"https:\/\/secure.gravatar.com\/avatar\/0534e84764641168a677026b6d57a3f51dc7ac4db0b4f6186d9cb330d4ee1160?s=96&d=mm&r=g\",\"contentUrl\":\"https:\/\/secure.gravatar.com\/avatar\/0534e84764641168a677026b6d57a3f51dc7ac4db0b4f6186d9cb330d4ee1160?s=96&d=mm&r=g\",\"caption\":\"Jefferson Sterfeno\"},\"sameAs\":[\"http:\/\/blogdobispo.com.br\"],\"url\":\"https:\/\/blogdobispo.com.br\/?author=1\"}]}<\/script>\n<!-- \/ Yoast SEO plugin. -->","yoast_head_json":{"title":"Governo do RN realiza etapa estadual do VI do Concidades para discutir desenvolvimento urbano - Blog do Bispo","robots":{"index":"index","follow":"follow","max-snippet":"max-snippet:-1","max-image-preview":"max-image-preview:large","max-video-preview":"max-video-preview:-1"},"canonical":"https:\/\/blogdobispo.com.br\/?p=17196","og_locale":"pt_BR","og_type":"article","og_title":"Governo do RN realiza etapa estadual do VI do Concidades para discutir desenvolvimento urbano - Blog do Bispo","og_description":"Na manh\u00e3 desta quinta-feira (14), centenas de potiguares se reuniram no audit\u00f3rio do Instituto de Desenvolvimento Sustent\u00e1vel e Meio Ambiente do RN, (Idema) para a solenidade de abertura da VI Confer\u00eancia Estadual das Cidades do Rio Grande do Norte (Concidades RN), um evento organizado pela Secretaria de Estado do Planejamento, do Or\u00e7amento e Gest\u00e3o (Seplan), [&hellip;]","og_url":"https:\/\/blogdobispo.com.br\/?p=17196","og_site_name":"Blog do Bispo","article_published_time":"2025-08-15T15:30:49+00:00","article_modified_time":"2025-08-15T15:36:20+00:00","og_image":[{"width":630,"height":420,"url":"http:\/\/blogdobispo.com.br\/wp-content\/uploads\/2025\/08\/IMG_1503-630x420-1.jpg","type":"image\/jpeg"}],"author":"Jefferson Sterfeno","twitter_card":"summary_large_image","twitter_misc":{"Escrito por":"Jefferson Sterfeno","Est. tempo de leitura":"5 minutos"},"schema":{"@context":"https:\/\/schema.org","@graph":[{"@type":"Article","@id":"https:\/\/blogdobispo.com.br\/?p=17196#article","isPartOf":{"@id":"https:\/\/blogdobispo.com.br\/?p=17196"},"author":{"name":"Jefferson Sterfeno","@id":"https:\/\/blogdobispo.com.br\/#\/schema\/person\/e2209cc0e6cea5c5233d033e997b373f"},"headline":"Governo do RN realiza etapa estadual do VI do Concidades para discutir desenvolvimento urbano","datePublished":"2025-08-15T15:30:49+00:00","dateModified":"2025-08-15T15:36:20+00:00","mainEntityOfPage":{"@id":"https:\/\/blogdobispo.com.br\/?p=17196"},"wordCount":808,"commentCount":0,"publisher":{"@id":"https:\/\/blogdobispo.com.br\/#organization"},"image":{"@id":"https:\/\/blogdobispo.com.br\/?p=17196#primaryimage"},"thumbnailUrl":"https:\/\/i0.wp.com\/blogdobispo.com.br\/wp-content\/uploads\/2025\/08\/IMG_1503-630x420-1.jpg?fit=630%2C420&ssl=1","articleSection":["diversos"],"inLanguage":"pt-BR","potentialAction":[{"@type":"CommentAction","name":"Comment","target":["https:\/\/blogdobispo.com.br\/?p=17196#respond"]}]},{"@type":"WebPage","@id":"https:\/\/blogdobispo.com.br\/?p=17196","url":"https:\/\/blogdobispo.com.br\/?p=17196","name":"Governo do RN realiza etapa estadual do VI do Concidades para discutir desenvolvimento urbano - Blog do Bispo","isPartOf":{"@id":"https:\/\/blogdobispo.com.br\/#website"},"primaryImageOfPage":{"@id":"https:\/\/blogdobispo.com.br\/?p=17196#primaryimage"},"image":{"@id":"https:\/\/blogdobispo.com.br\/?p=17196#primaryimage"},"thumbnailUrl":"https:\/\/i0.wp.com\/blogdobispo.com.br\/wp-content\/uploads\/2025\/08\/IMG_1503-630x420-1.jpg?fit=630%2C420&ssl=1","datePublished":"2025-08-15T15:30:49+00:00","dateModified":"2025-08-15T15:36:20+00:00","breadcrumb":{"@id":"https:\/\/blogdobispo.com.br\/?p=17196#breadcrumb"},"inLanguage":"pt-BR","potentialAction":[{"@type":"ReadAction","target":["https:\/\/blogdobispo.com.br\/?p=17196"]}]},{"@type":"ImageObject","inLanguage":"pt-BR","@id":"https:\/\/blogdobispo.com.br\/?p=17196#primaryimage","url":"https:\/\/i0.wp.com\/blogdobispo.com.br\/wp-content\/uploads\/2025\/08\/IMG_1503-630x420-1.jpg?fit=630%2C420&ssl=1","contentUrl":"https:\/\/i0.wp.com\/blogdobispo.com.br\/wp-content\/uploads\/2025\/08\/IMG_1503-630x420-1.jpg?fit=630%2C420&ssl=1","width":630,"height":420},{"@type":"BreadcrumbList","@id":"https:\/\/blogdobispo.com.br\/?p=17196#breadcrumb","itemListElement":[{"@type":"ListItem","position":1,"name":"In\u00edcio","item":"https:\/\/blogdobispo.com.br\/"},{"@type":"ListItem","position":2,"name":"Governo do RN realiza etapa estadual do VI do Concidades para discutir desenvolvimento urbano"}]},{"@type":"WebSite","@id":"https:\/\/blogdobispo.com.br\/#website","url":"https:\/\/blogdobispo.com.br\/","name":"Blog do Bispo","description":"Comprometido apenas com o leitor","publisher":{"@id":"https:\/\/blogdobispo.com.br\/#organization"},"potentialAction":[{"@type":"SearchAction","target":{"@type":"EntryPoint","urlTemplate":"https:\/\/blogdobispo.com.br\/?s={search_term_string}"},"query-input":{"@type":"PropertyValueSpecification","valueRequired":true,"valueName":"search_term_string"}}],"inLanguage":"pt-BR"},{"@type":"Organization","@id":"https:\/\/blogdobispo.com.br\/#organization","name":"Blog do Bispo","url":"https:\/\/blogdobispo.com.br\/","logo":{"@type":"ImageObject","inLanguage":"pt-BR","@id":"https:\/\/blogdobispo.com.br\/#\/schema\/logo\/image\/","url":"http:\/\/blogdobispo.com.br\/wp-content\/uploads\/2023\/05\/cropped-headear.png","contentUrl":"http:\/\/blogdobispo.com.br\/wp-content\/uploads\/2023\/05\/cropped-headear.png","width":1500,"height":399,"caption":"Blog do Bispo"},"image":{"@id":"https:\/\/blogdobispo.com.br\/#\/schema\/logo\/image\/"}},{"@type":"Person","@id":"https:\/\/blogdobispo.com.br\/#\/schema\/person\/e2209cc0e6cea5c5233d033e997b373f","name":"Jefferson Sterfeno","image":{"@type":"ImageObject","inLanguage":"pt-BR","@id":"https:\/\/blogdobispo.com.br\/#\/schema\/person\/image\/","url":"https:\/\/secure.gravatar.com\/avatar\/0534e84764641168a677026b6d57a3f51dc7ac4db0b4f6186d9cb330d4ee1160?s=96&d=mm&r=g","contentUrl":"https:\/\/secure.gravatar.com\/avatar\/0534e84764641168a677026b6d57a3f51dc7ac4db0b4f6186d9cb330d4ee1160?s=96&d=mm&r=g","caption":"Jefferson Sterfeno"},"sameAs":["http:\/\/blogdobispo.com.br"],"url":"https:\/\/blogdobispo.com.br\/?author=1"}]}},"featured_image_urls":{"full":["https:\/\/i0.wp.com\/blogdobispo.com.br\/wp-content\/uploads\/2025\/08\/IMG_1503-630x420-1.jpg?fit=630%2C420&ssl=1",630,420,false],"thumbnail":["https:\/\/i0.wp.com\/blogdobispo.com.br\/wp-content\/uploads\/2025\/08\/IMG_1503-630x420-1.jpg?resize=150%2C150&ssl=1",150,150,true],"medium":["https:\/\/i0.wp.com\/blogdobispo.com.br\/wp-content\/uploads\/2025\/08\/IMG_1503-630x420-1.jpg?fit=300%2C200&ssl=1",300,200,true],"medium_large":["https:\/\/i0.wp.com\/blogdobispo.com.br\/wp-content\/uploads\/2025\/08\/IMG_1503-630x420-1.jpg?fit=630%2C420&ssl=1",630,420,true],"large":["https:\/\/i0.wp.com\/blogdobispo.com.br\/wp-content\/uploads\/2025\/08\/IMG_1503-630x420-1.jpg?fit=630%2C420&ssl=1",630,420,true],"1536x1536":["https:\/\/i0.wp.com\/blogdobispo.com.br\/wp-content\/uploads\/2025\/08\/IMG_1503-630x420-1.jpg?fit=630%2C420&ssl=1",630,420,true],"2048x2048":["https:\/\/i0.wp.com\/blogdobispo.com.br\/wp-content\/uploads\/2025\/08\/IMG_1503-630x420-1.jpg?fit=630%2C420&ssl=1",630,420,true]},"author_info":{"display_name":"Jefferson Sterfeno","author_link":"https:\/\/blogdobispo.com.br\/?author=1"},"category_info":"<a href=\"https:\/\/blogdobispo.com.br\/?cat=1\" rel=\"category\">diversos<\/a>","tag_info":"diversos","comment_count":"0","jetpack_featured_media_url":"https:\/\/i0.wp.com\/blogdobispo.com.br\/wp-content\/uploads\/2025\/08\/IMG_1503-630x420-1.jpg?fit=630%2C420&ssl=1","jetpack_sharing_enabled":true,"_links":{"self":[{"href":"https:\/\/blogdobispo.com.br\/index.php?rest_route=\/wp\/v2\/posts\/17196","targetHints":{"allow":["GET"]}}],"collection":[{"href":"https:\/\/blogdobispo.com.br\/index.php?rest_route=\/wp\/v2\/posts"}],"about":[{"href":"https:\/\/blogdobispo.com.br\/index.php?rest_route=\/wp\/v2\/types\/post"}],"author":[{"embeddable":true,"href":"https:\/\/blogdobispo.com.br\/index.php?rest_route=\/wp\/v2\/users\/1"}],"replies":[{"embeddable":true,"href":"https:\/\/blogdobispo.com.br\/index.php?rest_route=%2Fwp%2Fv2%2Fcomments&post=17196"}],"version-history":[{"count":3,"href":"https:\/\/blogdobispo.com.br\/index.php?rest_route=\/wp\/v2\/posts\/17196\/revisions"}],"predecessor-version":[{"id":17200,"href":"https:\/\/blogdobispo.com.br\/index.php?rest_route=\/wp\/v2\/posts\/17196\/revisions\/17200"}],"wp:featuredmedia":[{"embeddable":true,"href":"https:\/\/blogdobispo.com.br\/index.php?rest_route=\/wp\/v2\/media\/17197"}],"wp:attachment":[{"href":"https:\/\/blogdobispo.com.br\/index.php?rest_route=%2Fwp%2Fv2%2Fmedia&parent=17196"}],"wp:term":[{"taxonomy":"category","embeddable":true,"href":"https:\/\/blogdobispo.com.br\/index.php?rest_route=%2Fwp%2Fv2%2Fcategories&post=17196"},{"taxonomy":"post_tag","embeddable":true,"href":"https:\/\/blogdobispo.com.br\/index.php?rest_route=%2Fwp%2Fv2%2Ftags&post=17196"}],"curies":[{"name":"wp","href":"https:\/\/api.w.org\/{rel}","templated":true}]}}