{"id":17189,"date":"2025-08-15T15:26:34","date_gmt":"2025-08-15T15:26:34","guid":{"rendered":"https:\/\/blogdobispo.com.br\/?p=17189"},"modified":"2025-08-15T15:26:34","modified_gmt":"2025-08-15T15:26:34","slug":"jornalista-rudimar-ramon-e-ameacado-por-filho-de-prefeito-de-canguaretama-apos-denuncias","status":"publish","type":"post","link":"https:\/\/blogdobispo.com.br\/?p=17189","title":{"rendered":"Jornalista Rudimar Ramon \u00e9 amea\u00e7ado por filho de Prefeito de Canguaretama ap\u00f3s den\u00fancias"},"content":{"rendered":"<div>O jornalista Rudmar Ramon foi amea\u00e7ado de persegui\u00e7\u00e3o judicial para tentar intimidar e evitar as publica\u00e7\u00f5es feitas pelo jornalista.<\/div>\n<div><\/div>\n<div>As amea\u00e7as partiram do filho do Prefeito de Canguaretama, Lu\u00eds Fernando, atual secret\u00e1rio de financas, filho do prefeito Leandro Varela, ap\u00f3s as den\u00fancias de a\u00e7\u00e3o de cassa\u00e7\u00e3o das transfer\u00eancias PIX de caixa 2 na campanha e do jornalista ter divulgado o trator do PAC em terreno privado de forma irregular.<\/div>\n<div><\/div>\n<div>Conforme dito pelo jornalista, o profissional registrou um boletim de ocorr\u00eancia contra as amea\u00e7as. O caso dever\u00e1 ser investigado.<\/div>\n<div><\/div>\n<div>*s den\u00fancias<\/div>\n<div><\/div>\n<div>Conforme apurado por Rudimar Ramon, uma m\u00e1quina do Programa de Acelera\u00e7\u00e3o do Crescimento (PAC), vinculada ao Governo Federal, foi utilizada pela gest\u00e3o municipal de Canguaretama para abrir vias em \u00e1rea privada, sem o devido licenciamento ambiental.<\/div>\n<div><\/div>\n<div>Segundo den\u00fancias, a a\u00e7\u00e3o teria sido solicitada por supostos invasores que tiveram seus pleitos \u201catendidos\u201d pelo filho do Prefeito Leandro Varela, Luiz Fernando, que ocupa a titularidade da secretaria de Finan\u00e7as, \u2013 O que a execu\u00e7\u00e3o de servi\u00e7os rurais tem a ver com os pagamentos de um munic\u00edpio eu tamb\u00e9m n\u00e3o sei, mas l\u00e1 estava o Secret\u00e1rio\u2026 \u2013 que chegou a ser visto por populares \u201cfiscalizando o servi\u00e7o\u201d irregular em flagrante desrespeito a uma ordem judicial liminar que pro\u00edbe qualquer interven\u00e7\u00e3o no local.<\/div>\n<div><\/div>\n<div>As den\u00fancias j\u00e1 foram registradas junto aos \u00f3rg\u00e3os ambientais competentes, al\u00e9m do MPF, que agora acompanham o caso. At\u00e9 o momento, a Prefeitura de Canguaretama n\u00e3o se pronunciou oficialmente sobre o uso irregular do equipamento.<\/div>\n<div><\/div>\n<div>A outra not\u00edcia consiste em uma A\u00e7\u00e3o de Investiga\u00e7\u00e3o Judicial Eleitoral (AIJE) movida contra o prefeito de Canguaretama, Leandro Varela, o vice-prefeito Erivan de Souza Lima e outras pessoas ligadas \u00e0 gest\u00e3o municipal. A acusa\u00e7\u00e3o aponta a pr\u00e1tica de abuso de poder econ\u00f4mico e arrecada\u00e7\u00e3o ilegal de recursos para a campanha eleitoral por meio de doa\u00e7\u00f5es via Pix que n\u00e3o teriam sido declaradas \u00e0 Justi\u00e7a Eleitoral.<\/div>\n<div><\/div>\n<div>Segundo a den\u00fancia, durante a campanha teriam sido promovidos eventos de grande porte, com trios el\u00e9tricos, pared\u00f5es de som, fornecimento de combust\u00edvel e outras estruturas, sem que esses gastos fossem registrados oficialmente na presta\u00e7\u00e3o de contas. O documento apresentado \u00e0 Justi\u00e7a Eleitoral indicaria valores muito inferiores ao que, segundo a coliga\u00e7\u00e3o, foi efetivamente gasto.<\/div>\n<div><\/div>\n<div>Ainda conforme a acusa\u00e7\u00e3o, o dinheiro teria sido enviado por eleitores para a conta de uma suposta empresa de fachada, utilizando uma chave Pix ligada ao operador financeiro da campanha, que atualmente ocupa o cargo de secret\u00e1rio no munic\u00edpio. A a\u00e7\u00e3o sustenta que houve tentativa de ocultar a origem dos recursos, com participa\u00e7\u00e3o de pessoas pr\u00f3ximas ao candidato, integrantes de sua equipe de campanha e hoje ocupantes de fun\u00e7\u00f5es estrat\u00e9gicas na administra\u00e7\u00e3o municipal.<\/div>\n<div><\/div>\n<div>A coliga\u00e7\u00e3o Unidos pelo Trabalho pede \u00e0 Justi\u00e7a Eleitoral a cassa\u00e7\u00e3o dos mandatos do prefeito e do vice, al\u00e9m da declara\u00e7\u00e3o de inelegibilidade de todos os envolvidos por um per\u00edodo de oito anos. Tamb\u00e9m foi solicitada, em car\u00e1ter liminar (pedido de urg\u00eancia), a quebra dos sigilos banc\u00e1rio e fiscal dos acusados, bem como busca e apreens\u00e3o de documentos e aparelhos eletr\u00f4nicos, para comprovar a suposta pr\u00e1tica de caixa dois, termo usado para designar movimenta\u00e7\u00e3o de recursos sem registro oficial, e a oculta\u00e7\u00e3o de despesas de campanha.<\/div>\n<div><\/div>\n<div>O processo tramita na 11\u00aa Zona Eleitoral do Rio Grande do Norte, respons\u00e1vel por analisar as provas e decidir sobre a proced\u00eancia ou n\u00e3o das acusa\u00e7\u00f5es.<\/div>\n<div><\/div>\n<div>Fonte: Portal da 98 FM<img data-recalc-dims=\"1\" fetchpriority=\"high\" decoding=\"async\" class=\"alignnone size-medium wp-image-17190\" src=\"https:\/\/i0.wp.com\/blogdobispo.com.br\/wp-content\/uploads\/2025\/08\/41af7af1-8a56-4958-82b7-d31dea3fec48.jpeg?resize=300%2C197\" alt=\"\" width=\"300\" height=\"197\" srcset=\"https:\/\/i0.wp.com\/blogdobispo.com.br\/wp-content\/uploads\/2025\/08\/41af7af1-8a56-4958-82b7-d31dea3fec48.jpeg?resize=300%2C197&amp;ssl=1 300w, https:\/\/i0.wp.com\/blogdobispo.com.br\/wp-content\/uploads\/2025\/08\/41af7af1-8a56-4958-82b7-d31dea3fec48.jpeg?w=320&amp;ssl=1 320w\" sizes=\"(max-width: 300px) 100vw, 300px\" \/><\/div>\n","protected":false},"excerpt":{"rendered":"<p>O jornalista Rudmar Ramon foi amea\u00e7ado de persegui\u00e7\u00e3o judicial para tentar intimidar e evitar as publica\u00e7\u00f5es feitas pelo jornalista. As amea\u00e7as partiram do filho do Prefeito de Canguaretama, Lu\u00eds Fernando, atual secret\u00e1rio de financas, filho do prefeito Leandro Varela, ap\u00f3s as den\u00fancias de a\u00e7\u00e3o de cassa\u00e7\u00e3o das transfer\u00eancias PIX de caixa 2 na campanha e [&hellip;]<\/p>\n","protected":false},"author":1,"featured_media":17190,"comment_status":"open","ping_status":"open","sticky":false,"template":"","format":"standard","meta":{"cybocfi_hide_featured_image":"","_jetpack_memberships_contains_paid_content":false,"footnotes":""},"categories":[1],"tags":[],"class_list":["post-17189","post","type-post","status-publish","format-standard","has-post-thumbnail","hentry","category-diversos"],"yoast_head":"<!-- This site is optimized with the Yoast SEO plugin v25.6 - https:\/\/yoast.com\/wordpress\/plugins\/seo\/ -->\n<title>Jornalista Rudimar Ramon \u00e9 amea\u00e7ado por filho de Prefeito de Canguaretama ap\u00f3s den\u00fancias - Blog do Bispo<\/title>\n<meta name=\"robots\" content=\"index, follow, max-snippet:-1, max-image-preview:large, max-video-preview:-1\" \/>\n<link rel=\"canonical\" href=\"https:\/\/blogdobispo.com.br\/?p=17189\" \/>\n<meta property=\"og:locale\" content=\"pt_BR\" \/>\n<meta property=\"og:type\" content=\"article\" \/>\n<meta property=\"og:title\" content=\"Jornalista Rudimar Ramon \u00e9 amea\u00e7ado por filho de Prefeito de Canguaretama ap\u00f3s den\u00fancias - Blog do Bispo\" \/>\n<meta property=\"og:description\" content=\"O jornalista Rudmar Ramon foi amea\u00e7ado de persegui\u00e7\u00e3o judicial para tentar intimidar e evitar as publica\u00e7\u00f5es feitas pelo jornalista. As amea\u00e7as partiram do filho do Prefeito de Canguaretama, Lu\u00eds Fernando, atual secret\u00e1rio de financas, filho do prefeito Leandro Varela, ap\u00f3s as den\u00fancias de a\u00e7\u00e3o de cassa\u00e7\u00e3o das transfer\u00eancias PIX de caixa 2 na campanha e [&hellip;]\" \/>\n<meta property=\"og:url\" content=\"https:\/\/blogdobispo.com.br\/?p=17189\" \/>\n<meta property=\"og:site_name\" content=\"Blog do Bispo\" \/>\n<meta property=\"article:published_time\" content=\"2025-08-15T15:26:34+00:00\" \/>\n<meta property=\"og:image\" content=\"http:\/\/blogdobispo.com.br\/wp-content\/uploads\/2025\/08\/41af7af1-8a56-4958-82b7-d31dea3fec48.jpeg\" \/>\n\t<meta property=\"og:image:width\" content=\"320\" \/>\n\t<meta property=\"og:image:height\" content=\"210\" \/>\n\t<meta property=\"og:image:type\" content=\"image\/jpeg\" \/>\n<meta name=\"author\" content=\"Jefferson Sterfeno\" \/>\n<meta name=\"twitter:card\" content=\"summary_large_image\" \/>\n<meta name=\"twitter:label1\" content=\"Escrito por\" \/>\n\t<meta name=\"twitter:data1\" content=\"Jefferson Sterfeno\" \/>\n\t<meta name=\"twitter:label2\" content=\"Est. tempo de leitura\" \/>\n\t<meta name=\"twitter:data2\" content=\"4 minutos\" \/>\n<script type=\"application\/ld+json\" class=\"yoast-schema-graph\">{\"@context\":\"https:\/\/schema.org\",\"@graph\":[{\"@type\":\"Article\",\"@id\":\"https:\/\/blogdobispo.com.br\/?p=17189#article\",\"isPartOf\":{\"@id\":\"https:\/\/blogdobispo.com.br\/?p=17189\"},\"author\":{\"name\":\"Jefferson Sterfeno\",\"@id\":\"https:\/\/blogdobispo.com.br\/#\/schema\/person\/e2209cc0e6cea5c5233d033e997b373f\"},\"headline\":\"Jornalista Rudimar Ramon \u00e9 amea\u00e7ado por filho de Prefeito de Canguaretama ap\u00f3s den\u00fancias\",\"datePublished\":\"2025-08-15T15:26:34+00:00\",\"mainEntityOfPage\":{\"@id\":\"https:\/\/blogdobispo.com.br\/?p=17189\"},\"wordCount\":639,\"commentCount\":0,\"publisher\":{\"@id\":\"https:\/\/blogdobispo.com.br\/#organization\"},\"image\":{\"@id\":\"https:\/\/blogdobispo.com.br\/?p=17189#primaryimage\"},\"thumbnailUrl\":\"https:\/\/i0.wp.com\/blogdobispo.com.br\/wp-content\/uploads\/2025\/08\/41af7af1-8a56-4958-82b7-d31dea3fec48.jpeg?fit=320%2C210&ssl=1\",\"articleSection\":[\"diversos\"],\"inLanguage\":\"pt-BR\",\"potentialAction\":[{\"@type\":\"CommentAction\",\"name\":\"Comment\",\"target\":[\"https:\/\/blogdobispo.com.br\/?p=17189#respond\"]}]},{\"@type\":\"WebPage\",\"@id\":\"https:\/\/blogdobispo.com.br\/?p=17189\",\"url\":\"https:\/\/blogdobispo.com.br\/?p=17189\",\"name\":\"Jornalista Rudimar Ramon \u00e9 amea\u00e7ado por filho de Prefeito de Canguaretama ap\u00f3s den\u00fancias - Blog do Bispo\",\"isPartOf\":{\"@id\":\"https:\/\/blogdobispo.com.br\/#website\"},\"primaryImageOfPage\":{\"@id\":\"https:\/\/blogdobispo.com.br\/?p=17189#primaryimage\"},\"image\":{\"@id\":\"https:\/\/blogdobispo.com.br\/?p=17189#primaryimage\"},\"thumbnailUrl\":\"https:\/\/i0.wp.com\/blogdobispo.com.br\/wp-content\/uploads\/2025\/08\/41af7af1-8a56-4958-82b7-d31dea3fec48.jpeg?fit=320%2C210&ssl=1\",\"datePublished\":\"2025-08-15T15:26:34+00:00\",\"breadcrumb\":{\"@id\":\"https:\/\/blogdobispo.com.br\/?p=17189#breadcrumb\"},\"inLanguage\":\"pt-BR\",\"potentialAction\":[{\"@type\":\"ReadAction\",\"target\":[\"https:\/\/blogdobispo.com.br\/?p=17189\"]}]},{\"@type\":\"ImageObject\",\"inLanguage\":\"pt-BR\",\"@id\":\"https:\/\/blogdobispo.com.br\/?p=17189#primaryimage\",\"url\":\"https:\/\/i0.wp.com\/blogdobispo.com.br\/wp-content\/uploads\/2025\/08\/41af7af1-8a56-4958-82b7-d31dea3fec48.jpeg?fit=320%2C210&ssl=1\",\"contentUrl\":\"https:\/\/i0.wp.com\/blogdobispo.com.br\/wp-content\/uploads\/2025\/08\/41af7af1-8a56-4958-82b7-d31dea3fec48.jpeg?fit=320%2C210&ssl=1\",\"width\":320,\"height\":210},{\"@type\":\"BreadcrumbList\",\"@id\":\"https:\/\/blogdobispo.com.br\/?p=17189#breadcrumb\",\"itemListElement\":[{\"@type\":\"ListItem\",\"position\":1,\"name\":\"In\u00edcio\",\"item\":\"https:\/\/blogdobispo.com.br\/\"},{\"@type\":\"ListItem\",\"position\":2,\"name\":\"Jornalista Rudimar Ramon \u00e9 amea\u00e7ado por filho de Prefeito de Canguaretama ap\u00f3s den\u00fancias\"}]},{\"@type\":\"WebSite\",\"@id\":\"https:\/\/blogdobispo.com.br\/#website\",\"url\":\"https:\/\/blogdobispo.com.br\/\",\"name\":\"Blog do Bispo\",\"description\":\"Comprometido apenas com o leitor\",\"publisher\":{\"@id\":\"https:\/\/blogdobispo.com.br\/#organization\"},\"potentialAction\":[{\"@type\":\"SearchAction\",\"target\":{\"@type\":\"EntryPoint\",\"urlTemplate\":\"https:\/\/blogdobispo.com.br\/?s={search_term_string}\"},\"query-input\":{\"@type\":\"PropertyValueSpecification\",\"valueRequired\":true,\"valueName\":\"search_term_string\"}}],\"inLanguage\":\"pt-BR\"},{\"@type\":\"Organization\",\"@id\":\"https:\/\/blogdobispo.com.br\/#organization\",\"name\":\"Blog do Bispo\",\"url\":\"https:\/\/blogdobispo.com.br\/\",\"logo\":{\"@type\":\"ImageObject\",\"inLanguage\":\"pt-BR\",\"@id\":\"https:\/\/blogdobispo.com.br\/#\/schema\/logo\/image\/\",\"url\":\"http:\/\/blogdobispo.com.br\/wp-content\/uploads\/2023\/05\/cropped-headear.png\",\"contentUrl\":\"http:\/\/blogdobispo.com.br\/wp-content\/uploads\/2023\/05\/cropped-headear.png\",\"width\":1500,\"height\":399,\"caption\":\"Blog do Bispo\"},\"image\":{\"@id\":\"https:\/\/blogdobispo.com.br\/#\/schema\/logo\/image\/\"}},{\"@type\":\"Person\",\"@id\":\"https:\/\/blogdobispo.com.br\/#\/schema\/person\/e2209cc0e6cea5c5233d033e997b373f\",\"name\":\"Jefferson Sterfeno\",\"image\":{\"@type\":\"ImageObject\",\"inLanguage\":\"pt-BR\",\"@id\":\"https:\/\/blogdobispo.com.br\/#\/schema\/person\/image\/\",\"url\":\"https:\/\/secure.gravatar.com\/avatar\/0534e84764641168a677026b6d57a3f51dc7ac4db0b4f6186d9cb330d4ee1160?s=96&d=mm&r=g\",\"contentUrl\":\"https:\/\/secure.gravatar.com\/avatar\/0534e84764641168a677026b6d57a3f51dc7ac4db0b4f6186d9cb330d4ee1160?s=96&d=mm&r=g\",\"caption\":\"Jefferson Sterfeno\"},\"sameAs\":[\"http:\/\/blogdobispo.com.br\"],\"url\":\"https:\/\/blogdobispo.com.br\/?author=1\"}]}<\/script>\n<!-- \/ Yoast SEO plugin. -->","yoast_head_json":{"title":"Jornalista Rudimar Ramon \u00e9 amea\u00e7ado por filho de Prefeito de Canguaretama ap\u00f3s den\u00fancias - Blog do Bispo","robots":{"index":"index","follow":"follow","max-snippet":"max-snippet:-1","max-image-preview":"max-image-preview:large","max-video-preview":"max-video-preview:-1"},"canonical":"https:\/\/blogdobispo.com.br\/?p=17189","og_locale":"pt_BR","og_type":"article","og_title":"Jornalista Rudimar Ramon \u00e9 amea\u00e7ado por filho de Prefeito de Canguaretama ap\u00f3s den\u00fancias - Blog do Bispo","og_description":"O jornalista Rudmar Ramon foi amea\u00e7ado de persegui\u00e7\u00e3o judicial para tentar intimidar e evitar as publica\u00e7\u00f5es feitas pelo jornalista. As amea\u00e7as partiram do filho do Prefeito de Canguaretama, Lu\u00eds Fernando, atual secret\u00e1rio de financas, filho do prefeito Leandro Varela, ap\u00f3s as den\u00fancias de a\u00e7\u00e3o de cassa\u00e7\u00e3o das transfer\u00eancias PIX de caixa 2 na campanha e [&hellip;]","og_url":"https:\/\/blogdobispo.com.br\/?p=17189","og_site_name":"Blog do Bispo","article_published_time":"2025-08-15T15:26:34+00:00","og_image":[{"width":320,"height":210,"url":"http:\/\/blogdobispo.com.br\/wp-content\/uploads\/2025\/08\/41af7af1-8a56-4958-82b7-d31dea3fec48.jpeg","type":"image\/jpeg"}],"author":"Jefferson Sterfeno","twitter_card":"summary_large_image","twitter_misc":{"Escrito por":"Jefferson Sterfeno","Est. tempo de leitura":"4 minutos"},"schema":{"@context":"https:\/\/schema.org","@graph":[{"@type":"Article","@id":"https:\/\/blogdobispo.com.br\/?p=17189#article","isPartOf":{"@id":"https:\/\/blogdobispo.com.br\/?p=17189"},"author":{"name":"Jefferson Sterfeno","@id":"https:\/\/blogdobispo.com.br\/#\/schema\/person\/e2209cc0e6cea5c5233d033e997b373f"},"headline":"Jornalista Rudimar Ramon \u00e9 amea\u00e7ado por filho de Prefeito de Canguaretama ap\u00f3s den\u00fancias","datePublished":"2025-08-15T15:26:34+00:00","mainEntityOfPage":{"@id":"https:\/\/blogdobispo.com.br\/?p=17189"},"wordCount":639,"commentCount":0,"publisher":{"@id":"https:\/\/blogdobispo.com.br\/#organization"},"image":{"@id":"https:\/\/blogdobispo.com.br\/?p=17189#primaryimage"},"thumbnailUrl":"https:\/\/i0.wp.com\/blogdobispo.com.br\/wp-content\/uploads\/2025\/08\/41af7af1-8a56-4958-82b7-d31dea3fec48.jpeg?fit=320%2C210&ssl=1","articleSection":["diversos"],"inLanguage":"pt-BR","potentialAction":[{"@type":"CommentAction","name":"Comment","target":["https:\/\/blogdobispo.com.br\/?p=17189#respond"]}]},{"@type":"WebPage","@id":"https:\/\/blogdobispo.com.br\/?p=17189","url":"https:\/\/blogdobispo.com.br\/?p=17189","name":"Jornalista Rudimar Ramon \u00e9 amea\u00e7ado por filho de Prefeito de Canguaretama ap\u00f3s den\u00fancias - Blog do Bispo","isPartOf":{"@id":"https:\/\/blogdobispo.com.br\/#website"},"primaryImageOfPage":{"@id":"https:\/\/blogdobispo.com.br\/?p=17189#primaryimage"},"image":{"@id":"https:\/\/blogdobispo.com.br\/?p=17189#primaryimage"},"thumbnailUrl":"https:\/\/i0.wp.com\/blogdobispo.com.br\/wp-content\/uploads\/2025\/08\/41af7af1-8a56-4958-82b7-d31dea3fec48.jpeg?fit=320%2C210&ssl=1","datePublished":"2025-08-15T15:26:34+00:00","breadcrumb":{"@id":"https:\/\/blogdobispo.com.br\/?p=17189#breadcrumb"},"inLanguage":"pt-BR","potentialAction":[{"@type":"ReadAction","target":["https:\/\/blogdobispo.com.br\/?p=17189"]}]},{"@type":"ImageObject","inLanguage":"pt-BR","@id":"https:\/\/blogdobispo.com.br\/?p=17189#primaryimage","url":"https:\/\/i0.wp.com\/blogdobispo.com.br\/wp-content\/uploads\/2025\/08\/41af7af1-8a56-4958-82b7-d31dea3fec48.jpeg?fit=320%2C210&ssl=1","contentUrl":"https:\/\/i0.wp.com\/blogdobispo.com.br\/wp-content\/uploads\/2025\/08\/41af7af1-8a56-4958-82b7-d31dea3fec48.jpeg?fit=320%2C210&ssl=1","width":320,"height":210},{"@type":"BreadcrumbList","@id":"https:\/\/blogdobispo.com.br\/?p=17189#breadcrumb","itemListElement":[{"@type":"ListItem","position":1,"name":"In\u00edcio","item":"https:\/\/blogdobispo.com.br\/"},{"@type":"ListItem","position":2,"name":"Jornalista Rudimar Ramon \u00e9 amea\u00e7ado por filho de Prefeito de Canguaretama ap\u00f3s den\u00fancias"}]},{"@type":"WebSite","@id":"https:\/\/blogdobispo.com.br\/#website","url":"https:\/\/blogdobispo.com.br\/","name":"Blog do Bispo","description":"Comprometido apenas com o leitor","publisher":{"@id":"https:\/\/blogdobispo.com.br\/#organization"},"potentialAction":[{"@type":"SearchAction","target":{"@type":"EntryPoint","urlTemplate":"https:\/\/blogdobispo.com.br\/?s={search_term_string}"},"query-input":{"@type":"PropertyValueSpecification","valueRequired":true,"valueName":"search_term_string"}}],"inLanguage":"pt-BR"},{"@type":"Organization","@id":"https:\/\/blogdobispo.com.br\/#organization","name":"Blog do Bispo","url":"https:\/\/blogdobispo.com.br\/","logo":{"@type":"ImageObject","inLanguage":"pt-BR","@id":"https:\/\/blogdobispo.com.br\/#\/schema\/logo\/image\/","url":"http:\/\/blogdobispo.com.br\/wp-content\/uploads\/2023\/05\/cropped-headear.png","contentUrl":"http:\/\/blogdobispo.com.br\/wp-content\/uploads\/2023\/05\/cropped-headear.png","width":1500,"height":399,"caption":"Blog do Bispo"},"image":{"@id":"https:\/\/blogdobispo.com.br\/#\/schema\/logo\/image\/"}},{"@type":"Person","@id":"https:\/\/blogdobispo.com.br\/#\/schema\/person\/e2209cc0e6cea5c5233d033e997b373f","name":"Jefferson Sterfeno","image":{"@type":"ImageObject","inLanguage":"pt-BR","@id":"https:\/\/blogdobispo.com.br\/#\/schema\/person\/image\/","url":"https:\/\/secure.gravatar.com\/avatar\/0534e84764641168a677026b6d57a3f51dc7ac4db0b4f6186d9cb330d4ee1160?s=96&d=mm&r=g","contentUrl":"https:\/\/secure.gravatar.com\/avatar\/0534e84764641168a677026b6d57a3f51dc7ac4db0b4f6186d9cb330d4ee1160?s=96&d=mm&r=g","caption":"Jefferson Sterfeno"},"sameAs":["http:\/\/blogdobispo.com.br"],"url":"https:\/\/blogdobispo.com.br\/?author=1"}]}},"featured_image_urls":{"full":["https:\/\/i0.wp.com\/blogdobispo.com.br\/wp-content\/uploads\/2025\/08\/41af7af1-8a56-4958-82b7-d31dea3fec48.jpeg?fit=320%2C210&ssl=1",320,210,false],"thumbnail":["https:\/\/i0.wp.com\/blogdobispo.com.br\/wp-content\/uploads\/2025\/08\/41af7af1-8a56-4958-82b7-d31dea3fec48.jpeg?resize=150%2C150&ssl=1",150,150,true],"medium":["https:\/\/i0.wp.com\/blogdobispo.com.br\/wp-content\/uploads\/2025\/08\/41af7af1-8a56-4958-82b7-d31dea3fec48.jpeg?fit=300%2C197&ssl=1",300,197,true],"medium_large":["https:\/\/i0.wp.com\/blogdobispo.com.br\/wp-content\/uploads\/2025\/08\/41af7af1-8a56-4958-82b7-d31dea3fec48.jpeg?fit=320%2C210&ssl=1",320,210,true],"large":["https:\/\/i0.wp.com\/blogdobispo.com.br\/wp-content\/uploads\/2025\/08\/41af7af1-8a56-4958-82b7-d31dea3fec48.jpeg?fit=320%2C210&ssl=1",320,210,true],"1536x1536":["https:\/\/i0.wp.com\/blogdobispo.com.br\/wp-content\/uploads\/2025\/08\/41af7af1-8a56-4958-82b7-d31dea3fec48.jpeg?fit=320%2C210&ssl=1",320,210,true],"2048x2048":["https:\/\/i0.wp.com\/blogdobispo.com.br\/wp-content\/uploads\/2025\/08\/41af7af1-8a56-4958-82b7-d31dea3fec48.jpeg?fit=320%2C210&ssl=1",320,210,true]},"author_info":{"display_name":"Jefferson Sterfeno","author_link":"https:\/\/blogdobispo.com.br\/?author=1"},"category_info":"<a href=\"https:\/\/blogdobispo.com.br\/?cat=1\" rel=\"category\">diversos<\/a>","tag_info":"diversos","comment_count":"0","jetpack_featured_media_url":"https:\/\/i0.wp.com\/blogdobispo.com.br\/wp-content\/uploads\/2025\/08\/41af7af1-8a56-4958-82b7-d31dea3fec48.jpeg?fit=320%2C210&ssl=1","jetpack_sharing_enabled":true,"_links":{"self":[{"href":"https:\/\/blogdobispo.com.br\/index.php?rest_route=\/wp\/v2\/posts\/17189","targetHints":{"allow":["GET"]}}],"collection":[{"href":"https:\/\/blogdobispo.com.br\/index.php?rest_route=\/wp\/v2\/posts"}],"about":[{"href":"https:\/\/blogdobispo.com.br\/index.php?rest_route=\/wp\/v2\/types\/post"}],"author":[{"embeddable":true,"href":"https:\/\/blogdobispo.com.br\/index.php?rest_route=\/wp\/v2\/users\/1"}],"replies":[{"embeddable":true,"href":"https:\/\/blogdobispo.com.br\/index.php?rest_route=%2Fwp%2Fv2%2Fcomments&post=17189"}],"version-history":[{"count":1,"href":"https:\/\/blogdobispo.com.br\/index.php?rest_route=\/wp\/v2\/posts\/17189\/revisions"}],"predecessor-version":[{"id":17191,"href":"https:\/\/blogdobispo.com.br\/index.php?rest_route=\/wp\/v2\/posts\/17189\/revisions\/17191"}],"wp:featuredmedia":[{"embeddable":true,"href":"https:\/\/blogdobispo.com.br\/index.php?rest_route=\/wp\/v2\/media\/17190"}],"wp:attachment":[{"href":"https:\/\/blogdobispo.com.br\/index.php?rest_route=%2Fwp%2Fv2%2Fmedia&parent=17189"}],"wp:term":[{"taxonomy":"category","embeddable":true,"href":"https:\/\/blogdobispo.com.br\/index.php?rest_route=%2Fwp%2Fv2%2Fcategories&post=17189"},{"taxonomy":"post_tag","embeddable":true,"href":"https:\/\/blogdobispo.com.br\/index.php?rest_route=%2Fwp%2Fv2%2Ftags&post=17189"}],"curies":[{"name":"wp","href":"https:\/\/api.w.org\/{rel}","templated":true}]}}