{"id":17176,"date":"2025-08-15T13:30:58","date_gmt":"2025-08-15T13:30:58","guid":{"rendered":"https:\/\/blogdobispo.com.br\/?p=17176"},"modified":"2025-08-15T13:30:58","modified_gmt":"2025-08-15T13:30:58","slug":"alvaro-dias-lidera-o-segundo-voto-para-o-senado-o-primeiro-e-de-styvenson-aponta-pesquisa","status":"publish","type":"post","link":"https:\/\/blogdobispo.com.br\/?p=17176","title":{"rendered":"\u00c1lvaro Dias lidera o segundo voto para o senado; o primeiro \u00e9 de Styvenson, aponta pesquisa"},"content":{"rendered":"<p>Com 42,39% das inten\u00e7\u00f5es de votos, o senador\u00a0<strong>Styvenson Valentim<\/strong>\u00a0(PSDB) \u00e9 o pr\u00e9-candidato preferido por 460 eleitores de Extremoz para voltar ao Senado Federal no chamado primeiro voto, segundo pesquisa estimulada do Instituto Consult.<\/p>\n<p>A uma dist\u00e2ncia consider\u00e1vel do primeiro colocado, a governadora F\u00e1tima Bezerra (PT), que intenciona renunciar ao mandato em abril parra a disputa do pleito majorit\u00e1rio em 2026, aparece em segundo lugar com 11,74%.<\/p>\n<p>O presidente estadual do partido Republicanos e ex-prefeito de Natal, \u00c1lvaro Dias, \u00e9 o terceiro colocado, 6,52%, empatado com a senadora Zenaide Maia (PSD), 6,3%.<\/p>\n<p>Entre os oito nomes apresentados aos eleitores como op\u00e7\u00f5es de pr\u00e9-candidaturas a senador, tamb\u00e9m pontuou o Coronel H\u00e9lio, com 1,52%.<\/p>\n<p>N\u00e3o pontuaram Nina Souza, secret\u00e1ria municipal do Trabalho e Habita\u00e7\u00e3o Social em Natal; o presidente da Federa\u00e7\u00e3o dos Munic\u00edpios do Rio Grande do Norte (Femurn), Bab\u00e1 Pereira e Luizinho Cavalcante.<\/p>\n<p>Em rela\u00e7\u00e3o a sondagem de primeiro voto, n\u00e3o souberam dizer 17,17% e n\u00e3o votariam em nenhum, 14,35%.<\/p>\n<p><strong>\u00c1lvaro lidera no 2\u00ba voto<\/strong><\/p>\n<p>O resultado da pesquisa eleitoral para o segundo voto de senador apontou na lideran\u00e7a o ex-prefeito \u00c1lvaro Dias, com 16,74% e sem segundo lugar a senadora Zenaide Maia, 13,7%.<\/p>\n<p>mbolados na sequ\u00eancia, aparecem Styvenson Valentim, 5,65%; F\u00e1tima Bezerra, 5,43% e Coronel H\u00e9lio, 5,22%.<br \/>\nDepois aparecem Nina Souza, com 3,26%; Bab\u00e1, 1,74% e Luizinho Cavalcante, 0,87%.<\/p>\n<p>J\u00e1 27,17% dos eleitores n\u00e3o souberam dizer e 20,22% n\u00e3o votariam em ningu\u00e9m para senador.<\/p>\n<p>Na sondagem de campo foi utilizada uma amostra probabil\u00edstica casual simples de 460 entrevistas, distribu\u00edda em 17 bairros\/localidades.<\/p>\n<p><strong>Soma<\/strong><\/p>\n<p>No somat\u00f3rio dos primeiro e segundo votos, a pesquisa Consult mostra a lideran\u00e7a de Styvenson Valentim, com 24,02% e em segundo lugar, \u00c1lvaro Dias, 11,63%. Logo atr\u00e1s vem Zenaide Maia e em quarto lugar F\u00e1tima Bezerra, 8,59%.<\/p>\n<p>Outros pr\u00e9-candidatos listados: Coronel H\u00e9lio, 3,37%; Nina Souza, 1,63%; Bab\u00e1, 0,87% e Luizinho Cavalcante, 0,43%.<br \/>\nOs chamados indecisos s\u00e3o 22,17% e n\u00e3o votariam em nenhum, 17,29%.<\/p>\n<p>Em sua etapa de campo, a pesquisa ocorreu no dia 09 de agosto. Quanto ao erro amostral, os resultados est\u00e3o sujeitos a um erro m\u00e1ximo permiss\u00edvel de 4.5%, com confiabilidade de 95%.<img data-recalc-dims=\"1\" fetchpriority=\"high\" decoding=\"async\" class=\"alignnone size-medium wp-image-17177\" src=\"https:\/\/i0.wp.com\/blogdobispo.com.br\/wp-content\/uploads\/2025\/08\/WhatsApp-Image-2025-08-14-at-19.webp?resize=300%2C168\" alt=\"\" width=\"300\" height=\"168\" srcset=\"https:\/\/i0.wp.com\/blogdobispo.com.br\/wp-content\/uploads\/2025\/08\/WhatsApp-Image-2025-08-14-at-19.webp?resize=300%2C168&amp;ssl=1 300w, https:\/\/i0.wp.com\/blogdobispo.com.br\/wp-content\/uploads\/2025\/08\/WhatsApp-Image-2025-08-14-at-19.webp?w=682&amp;ssl=1 682w\" sizes=\"(max-width: 300px) 100vw, 300px\" \/> <img data-recalc-dims=\"1\" decoding=\"async\" class=\"alignnone size-medium wp-image-17178\" src=\"https:\/\/i0.wp.com\/blogdobispo.com.br\/wp-content\/uploads\/2025\/08\/Senador-Styvenson-Valentim-Podemos-RN-apresentou-proposta-de-tratamento-quimico-hormonal-1.jpg?resize=300%2C200\" alt=\"\" width=\"300\" height=\"200\" srcset=\"https:\/\/i0.wp.com\/blogdobispo.com.br\/wp-content\/uploads\/2025\/08\/Senador-Styvenson-Valentim-Podemos-RN-apresentou-proposta-de-tratamento-quimico-hormonal-1.jpg?resize=300%2C200&amp;ssl=1 300w, https:\/\/i0.wp.com\/blogdobispo.com.br\/wp-content\/uploads\/2025\/08\/Senador-Styvenson-Valentim-Podemos-RN-apresentou-proposta-de-tratamento-quimico-hormonal-1.jpg?w=600&amp;ssl=1 600w\" sizes=\"(max-width: 300px) 100vw, 300px\" \/> <img data-recalc-dims=\"1\" decoding=\"async\" class=\"alignnone size-medium wp-image-17179\" src=\"https:\/\/i0.wp.com\/blogdobispo.com.br\/wp-content\/uploads\/2025\/08\/WhatsApp-Image-2025-08-14-at-19-2.webp?resize=300%2C172\" alt=\"\" width=\"300\" height=\"172\" srcset=\"https:\/\/i0.wp.com\/blogdobispo.com.br\/wp-content\/uploads\/2025\/08\/WhatsApp-Image-2025-08-14-at-19-2.webp?resize=300%2C172&amp;ssl=1 300w, https:\/\/i0.wp.com\/blogdobispo.com.br\/wp-content\/uploads\/2025\/08\/WhatsApp-Image-2025-08-14-at-19-2.webp?w=694&amp;ssl=1 694w\" sizes=\"(max-width: 300px) 100vw, 300px\" \/> <img data-recalc-dims=\"1\" loading=\"lazy\" decoding=\"async\" class=\"alignnone size-medium wp-image-17180\" src=\"https:\/\/i0.wp.com\/blogdobispo.com.br\/wp-content\/uploads\/2025\/08\/WhatsApp-Image-2025-08-14-at-19-1.webp?resize=300%2C169\" alt=\"\" width=\"300\" height=\"169\" srcset=\"https:\/\/i0.wp.com\/blogdobispo.com.br\/wp-content\/uploads\/2025\/08\/WhatsApp-Image-2025-08-14-at-19-1.webp?resize=300%2C169&amp;ssl=1 300w, https:\/\/i0.wp.com\/blogdobispo.com.br\/wp-content\/uploads\/2025\/08\/WhatsApp-Image-2025-08-14-at-19-1.webp?w=694&amp;ssl=1 694w\" sizes=\"(max-width: 300px) 100vw, 300px\" \/><\/p>\n","protected":false},"excerpt":{"rendered":"<p>Com 42,39% das inten\u00e7\u00f5es de votos, o senador\u00a0Styvenson Valentim\u00a0(PSDB) \u00e9 o pr\u00e9-candidato preferido por 460 eleitores de Extremoz para voltar ao Senado Federal no chamado primeiro voto, segundo pesquisa estimulada do Instituto Consult. A uma dist\u00e2ncia consider\u00e1vel do primeiro colocado, a governadora F\u00e1tima Bezerra (PT), que intenciona renunciar ao mandato em abril parra a disputa [&hellip;]<\/p>\n","protected":false},"author":1,"featured_media":17178,"comment_status":"open","ping_status":"open","sticky":false,"template":"","format":"standard","meta":{"cybocfi_hide_featured_image":"","_jetpack_memberships_contains_paid_content":false,"footnotes":""},"categories":[1],"tags":[],"class_list":["post-17176","post","type-post","status-publish","format-standard","has-post-thumbnail","hentry","category-diversos"],"yoast_head":"<!-- This site is optimized with the Yoast SEO plugin v25.6 - https:\/\/yoast.com\/wordpress\/plugins\/seo\/ -->\n<title>\u00c1lvaro Dias lidera o segundo voto para o senado; o primeiro \u00e9 de Styvenson, aponta pesquisa - Blog do Bispo<\/title>\n<meta name=\"robots\" content=\"index, follow, max-snippet:-1, max-image-preview:large, max-video-preview:-1\" \/>\n<link rel=\"canonical\" href=\"https:\/\/blogdobispo.com.br\/?p=17176\" \/>\n<meta property=\"og:locale\" content=\"pt_BR\" \/>\n<meta property=\"og:type\" content=\"article\" \/>\n<meta property=\"og:title\" content=\"\u00c1lvaro Dias lidera o segundo voto para o senado; o primeiro \u00e9 de Styvenson, aponta pesquisa - Blog do Bispo\" \/>\n<meta property=\"og:description\" content=\"Com 42,39% das inten\u00e7\u00f5es de votos, o senador\u00a0Styvenson Valentim\u00a0(PSDB) \u00e9 o pr\u00e9-candidato preferido por 460 eleitores de Extremoz para voltar ao Senado Federal no chamado primeiro voto, segundo pesquisa estimulada do Instituto Consult. A uma dist\u00e2ncia consider\u00e1vel do primeiro colocado, a governadora F\u00e1tima Bezerra (PT), que intenciona renunciar ao mandato em abril parra a disputa [&hellip;]\" \/>\n<meta property=\"og:url\" content=\"https:\/\/blogdobispo.com.br\/?p=17176\" \/>\n<meta property=\"og:site_name\" content=\"Blog do Bispo\" \/>\n<meta property=\"article:published_time\" content=\"2025-08-15T13:30:58+00:00\" \/>\n<meta property=\"og:image\" content=\"http:\/\/blogdobispo.com.br\/wp-content\/uploads\/2025\/08\/Senador-Styvenson-Valentim-Podemos-RN-apresentou-proposta-de-tratamento-quimico-hormonal-1.jpg\" \/>\n\t<meta property=\"og:image:width\" content=\"600\" \/>\n\t<meta property=\"og:image:height\" content=\"400\" \/>\n\t<meta property=\"og:image:type\" content=\"image\/jpeg\" \/>\n<meta name=\"author\" content=\"Jefferson Sterfeno\" \/>\n<meta name=\"twitter:card\" content=\"summary_large_image\" \/>\n<meta name=\"twitter:label1\" content=\"Escrito por\" \/>\n\t<meta name=\"twitter:data1\" content=\"Jefferson Sterfeno\" \/>\n\t<meta name=\"twitter:label2\" content=\"Est. tempo de leitura\" \/>\n\t<meta name=\"twitter:data2\" content=\"3 minutos\" \/>\n<script type=\"application\/ld+json\" class=\"yoast-schema-graph\">{\"@context\":\"https:\/\/schema.org\",\"@graph\":[{\"@type\":\"Article\",\"@id\":\"https:\/\/blogdobispo.com.br\/?p=17176#article\",\"isPartOf\":{\"@id\":\"https:\/\/blogdobispo.com.br\/?p=17176\"},\"author\":{\"name\":\"Jefferson Sterfeno\",\"@id\":\"https:\/\/blogdobispo.com.br\/#\/schema\/person\/e2209cc0e6cea5c5233d033e997b373f\"},\"headline\":\"\u00c1lvaro Dias lidera o segundo voto para o senado; o primeiro \u00e9 de Styvenson, aponta pesquisa\",\"datePublished\":\"2025-08-15T13:30:58+00:00\",\"mainEntityOfPage\":{\"@id\":\"https:\/\/blogdobispo.com.br\/?p=17176\"},\"wordCount\":367,\"commentCount\":0,\"publisher\":{\"@id\":\"https:\/\/blogdobispo.com.br\/#organization\"},\"image\":{\"@id\":\"https:\/\/blogdobispo.com.br\/?p=17176#primaryimage\"},\"thumbnailUrl\":\"https:\/\/i0.wp.com\/blogdobispo.com.br\/wp-content\/uploads\/2025\/08\/Senador-Styvenson-Valentim-Podemos-RN-apresentou-proposta-de-tratamento-quimico-hormonal-1.jpg?fit=600%2C400&ssl=1\",\"articleSection\":[\"diversos\"],\"inLanguage\":\"pt-BR\",\"potentialAction\":[{\"@type\":\"CommentAction\",\"name\":\"Comment\",\"target\":[\"https:\/\/blogdobispo.com.br\/?p=17176#respond\"]}]},{\"@type\":\"WebPage\",\"@id\":\"https:\/\/blogdobispo.com.br\/?p=17176\",\"url\":\"https:\/\/blogdobispo.com.br\/?p=17176\",\"name\":\"\u00c1lvaro Dias lidera o segundo voto para o senado; o primeiro \u00e9 de Styvenson, aponta pesquisa - Blog do Bispo\",\"isPartOf\":{\"@id\":\"https:\/\/blogdobispo.com.br\/#website\"},\"primaryImageOfPage\":{\"@id\":\"https:\/\/blogdobispo.com.br\/?p=17176#primaryimage\"},\"image\":{\"@id\":\"https:\/\/blogdobispo.com.br\/?p=17176#primaryimage\"},\"thumbnailUrl\":\"https:\/\/i0.wp.com\/blogdobispo.com.br\/wp-content\/uploads\/2025\/08\/Senador-Styvenson-Valentim-Podemos-RN-apresentou-proposta-de-tratamento-quimico-hormonal-1.jpg?fit=600%2C400&ssl=1\",\"datePublished\":\"2025-08-15T13:30:58+00:00\",\"breadcrumb\":{\"@id\":\"https:\/\/blogdobispo.com.br\/?p=17176#breadcrumb\"},\"inLanguage\":\"pt-BR\",\"potentialAction\":[{\"@type\":\"ReadAction\",\"target\":[\"https:\/\/blogdobispo.com.br\/?p=17176\"]}]},{\"@type\":\"ImageObject\",\"inLanguage\":\"pt-BR\",\"@id\":\"https:\/\/blogdobispo.com.br\/?p=17176#primaryimage\",\"url\":\"https:\/\/i0.wp.com\/blogdobispo.com.br\/wp-content\/uploads\/2025\/08\/Senador-Styvenson-Valentim-Podemos-RN-apresentou-proposta-de-tratamento-quimico-hormonal-1.jpg?fit=600%2C400&ssl=1\",\"contentUrl\":\"https:\/\/i0.wp.com\/blogdobispo.com.br\/wp-content\/uploads\/2025\/08\/Senador-Styvenson-Valentim-Podemos-RN-apresentou-proposta-de-tratamento-quimico-hormonal-1.jpg?fit=600%2C400&ssl=1\",\"width\":600,\"height\":400},{\"@type\":\"BreadcrumbList\",\"@id\":\"https:\/\/blogdobispo.com.br\/?p=17176#breadcrumb\",\"itemListElement\":[{\"@type\":\"ListItem\",\"position\":1,\"name\":\"In\u00edcio\",\"item\":\"https:\/\/blogdobispo.com.br\/\"},{\"@type\":\"ListItem\",\"position\":2,\"name\":\"\u00c1lvaro Dias lidera o segundo voto para o senado; o primeiro \u00e9 de Styvenson, aponta pesquisa\"}]},{\"@type\":\"WebSite\",\"@id\":\"https:\/\/blogdobispo.com.br\/#website\",\"url\":\"https:\/\/blogdobispo.com.br\/\",\"name\":\"Blog do Bispo\",\"description\":\"Comprometido apenas com o leitor\",\"publisher\":{\"@id\":\"https:\/\/blogdobispo.com.br\/#organization\"},\"potentialAction\":[{\"@type\":\"SearchAction\",\"target\":{\"@type\":\"EntryPoint\",\"urlTemplate\":\"https:\/\/blogdobispo.com.br\/?s={search_term_string}\"},\"query-input\":{\"@type\":\"PropertyValueSpecification\",\"valueRequired\":true,\"valueName\":\"search_term_string\"}}],\"inLanguage\":\"pt-BR\"},{\"@type\":\"Organization\",\"@id\":\"https:\/\/blogdobispo.com.br\/#organization\",\"name\":\"Blog do Bispo\",\"url\":\"https:\/\/blogdobispo.com.br\/\",\"logo\":{\"@type\":\"ImageObject\",\"inLanguage\":\"pt-BR\",\"@id\":\"https:\/\/blogdobispo.com.br\/#\/schema\/logo\/image\/\",\"url\":\"http:\/\/blogdobispo.com.br\/wp-content\/uploads\/2023\/05\/cropped-headear.png\",\"contentUrl\":\"http:\/\/blogdobispo.com.br\/wp-content\/uploads\/2023\/05\/cropped-headear.png\",\"width\":1500,\"height\":399,\"caption\":\"Blog do Bispo\"},\"image\":{\"@id\":\"https:\/\/blogdobispo.com.br\/#\/schema\/logo\/image\/\"}},{\"@type\":\"Person\",\"@id\":\"https:\/\/blogdobispo.com.br\/#\/schema\/person\/e2209cc0e6cea5c5233d033e997b373f\",\"name\":\"Jefferson Sterfeno\",\"image\":{\"@type\":\"ImageObject\",\"inLanguage\":\"pt-BR\",\"@id\":\"https:\/\/blogdobispo.com.br\/#\/schema\/person\/image\/\",\"url\":\"https:\/\/secure.gravatar.com\/avatar\/0534e84764641168a677026b6d57a3f51dc7ac4db0b4f6186d9cb330d4ee1160?s=96&d=mm&r=g\",\"contentUrl\":\"https:\/\/secure.gravatar.com\/avatar\/0534e84764641168a677026b6d57a3f51dc7ac4db0b4f6186d9cb330d4ee1160?s=96&d=mm&r=g\",\"caption\":\"Jefferson Sterfeno\"},\"sameAs\":[\"http:\/\/blogdobispo.com.br\"],\"url\":\"https:\/\/blogdobispo.com.br\/?author=1\"}]}<\/script>\n<!-- \/ Yoast SEO plugin. -->","yoast_head_json":{"title":"\u00c1lvaro Dias lidera o segundo voto para o senado; o primeiro \u00e9 de Styvenson, aponta pesquisa - Blog do Bispo","robots":{"index":"index","follow":"follow","max-snippet":"max-snippet:-1","max-image-preview":"max-image-preview:large","max-video-preview":"max-video-preview:-1"},"canonical":"https:\/\/blogdobispo.com.br\/?p=17176","og_locale":"pt_BR","og_type":"article","og_title":"\u00c1lvaro Dias lidera o segundo voto para o senado; o primeiro \u00e9 de Styvenson, aponta pesquisa - Blog do Bispo","og_description":"Com 42,39% das inten\u00e7\u00f5es de votos, o senador\u00a0Styvenson Valentim\u00a0(PSDB) \u00e9 o pr\u00e9-candidato preferido por 460 eleitores de Extremoz para voltar ao Senado Federal no chamado primeiro voto, segundo pesquisa estimulada do Instituto Consult. A uma dist\u00e2ncia consider\u00e1vel do primeiro colocado, a governadora F\u00e1tima Bezerra (PT), que intenciona renunciar ao mandato em abril parra a disputa [&hellip;]","og_url":"https:\/\/blogdobispo.com.br\/?p=17176","og_site_name":"Blog do Bispo","article_published_time":"2025-08-15T13:30:58+00:00","og_image":[{"width":600,"height":400,"url":"http:\/\/blogdobispo.com.br\/wp-content\/uploads\/2025\/08\/Senador-Styvenson-Valentim-Podemos-RN-apresentou-proposta-de-tratamento-quimico-hormonal-1.jpg","type":"image\/jpeg"}],"author":"Jefferson Sterfeno","twitter_card":"summary_large_image","twitter_misc":{"Escrito por":"Jefferson Sterfeno","Est. tempo de leitura":"3 minutos"},"schema":{"@context":"https:\/\/schema.org","@graph":[{"@type":"Article","@id":"https:\/\/blogdobispo.com.br\/?p=17176#article","isPartOf":{"@id":"https:\/\/blogdobispo.com.br\/?p=17176"},"author":{"name":"Jefferson Sterfeno","@id":"https:\/\/blogdobispo.com.br\/#\/schema\/person\/e2209cc0e6cea5c5233d033e997b373f"},"headline":"\u00c1lvaro Dias lidera o segundo voto para o senado; o primeiro \u00e9 de Styvenson, aponta pesquisa","datePublished":"2025-08-15T13:30:58+00:00","mainEntityOfPage":{"@id":"https:\/\/blogdobispo.com.br\/?p=17176"},"wordCount":367,"commentCount":0,"publisher":{"@id":"https:\/\/blogdobispo.com.br\/#organization"},"image":{"@id":"https:\/\/blogdobispo.com.br\/?p=17176#primaryimage"},"thumbnailUrl":"https:\/\/i0.wp.com\/blogdobispo.com.br\/wp-content\/uploads\/2025\/08\/Senador-Styvenson-Valentim-Podemos-RN-apresentou-proposta-de-tratamento-quimico-hormonal-1.jpg?fit=600%2C400&ssl=1","articleSection":["diversos"],"inLanguage":"pt-BR","potentialAction":[{"@type":"CommentAction","name":"Comment","target":["https:\/\/blogdobispo.com.br\/?p=17176#respond"]}]},{"@type":"WebPage","@id":"https:\/\/blogdobispo.com.br\/?p=17176","url":"https:\/\/blogdobispo.com.br\/?p=17176","name":"\u00c1lvaro Dias lidera o segundo voto para o senado; o primeiro \u00e9 de Styvenson, aponta pesquisa - Blog do Bispo","isPartOf":{"@id":"https:\/\/blogdobispo.com.br\/#website"},"primaryImageOfPage":{"@id":"https:\/\/blogdobispo.com.br\/?p=17176#primaryimage"},"image":{"@id":"https:\/\/blogdobispo.com.br\/?p=17176#primaryimage"},"thumbnailUrl":"https:\/\/i0.wp.com\/blogdobispo.com.br\/wp-content\/uploads\/2025\/08\/Senador-Styvenson-Valentim-Podemos-RN-apresentou-proposta-de-tratamento-quimico-hormonal-1.jpg?fit=600%2C400&ssl=1","datePublished":"2025-08-15T13:30:58+00:00","breadcrumb":{"@id":"https:\/\/blogdobispo.com.br\/?p=17176#breadcrumb"},"inLanguage":"pt-BR","potentialAction":[{"@type":"ReadAction","target":["https:\/\/blogdobispo.com.br\/?p=17176"]}]},{"@type":"ImageObject","inLanguage":"pt-BR","@id":"https:\/\/blogdobispo.com.br\/?p=17176#primaryimage","url":"https:\/\/i0.wp.com\/blogdobispo.com.br\/wp-content\/uploads\/2025\/08\/Senador-Styvenson-Valentim-Podemos-RN-apresentou-proposta-de-tratamento-quimico-hormonal-1.jpg?fit=600%2C400&ssl=1","contentUrl":"https:\/\/i0.wp.com\/blogdobispo.com.br\/wp-content\/uploads\/2025\/08\/Senador-Styvenson-Valentim-Podemos-RN-apresentou-proposta-de-tratamento-quimico-hormonal-1.jpg?fit=600%2C400&ssl=1","width":600,"height":400},{"@type":"BreadcrumbList","@id":"https:\/\/blogdobispo.com.br\/?p=17176#breadcrumb","itemListElement":[{"@type":"ListItem","position":1,"name":"In\u00edcio","item":"https:\/\/blogdobispo.com.br\/"},{"@type":"ListItem","position":2,"name":"\u00c1lvaro Dias lidera o segundo voto para o senado; o primeiro \u00e9 de Styvenson, aponta pesquisa"}]},{"@type":"WebSite","@id":"https:\/\/blogdobispo.com.br\/#website","url":"https:\/\/blogdobispo.com.br\/","name":"Blog do Bispo","description":"Comprometido apenas com o leitor","publisher":{"@id":"https:\/\/blogdobispo.com.br\/#organization"},"potentialAction":[{"@type":"SearchAction","target":{"@type":"EntryPoint","urlTemplate":"https:\/\/blogdobispo.com.br\/?s={search_term_string}"},"query-input":{"@type":"PropertyValueSpecification","valueRequired":true,"valueName":"search_term_string"}}],"inLanguage":"pt-BR"},{"@type":"Organization","@id":"https:\/\/blogdobispo.com.br\/#organization","name":"Blog do Bispo","url":"https:\/\/blogdobispo.com.br\/","logo":{"@type":"ImageObject","inLanguage":"pt-BR","@id":"https:\/\/blogdobispo.com.br\/#\/schema\/logo\/image\/","url":"http:\/\/blogdobispo.com.br\/wp-content\/uploads\/2023\/05\/cropped-headear.png","contentUrl":"http:\/\/blogdobispo.com.br\/wp-content\/uploads\/2023\/05\/cropped-headear.png","width":1500,"height":399,"caption":"Blog do Bispo"},"image":{"@id":"https:\/\/blogdobispo.com.br\/#\/schema\/logo\/image\/"}},{"@type":"Person","@id":"https:\/\/blogdobispo.com.br\/#\/schema\/person\/e2209cc0e6cea5c5233d033e997b373f","name":"Jefferson Sterfeno","image":{"@type":"ImageObject","inLanguage":"pt-BR","@id":"https:\/\/blogdobispo.com.br\/#\/schema\/person\/image\/","url":"https:\/\/secure.gravatar.com\/avatar\/0534e84764641168a677026b6d57a3f51dc7ac4db0b4f6186d9cb330d4ee1160?s=96&d=mm&r=g","contentUrl":"https:\/\/secure.gravatar.com\/avatar\/0534e84764641168a677026b6d57a3f51dc7ac4db0b4f6186d9cb330d4ee1160?s=96&d=mm&r=g","caption":"Jefferson Sterfeno"},"sameAs":["http:\/\/blogdobispo.com.br"],"url":"https:\/\/blogdobispo.com.br\/?author=1"}]}},"featured_image_urls":{"full":["https:\/\/i0.wp.com\/blogdobispo.com.br\/wp-content\/uploads\/2025\/08\/Senador-Styvenson-Valentim-Podemos-RN-apresentou-proposta-de-tratamento-quimico-hormonal-1.jpg?fit=600%2C400&ssl=1",600,400,false],"thumbnail":["https:\/\/i0.wp.com\/blogdobispo.com.br\/wp-content\/uploads\/2025\/08\/Senador-Styvenson-Valentim-Podemos-RN-apresentou-proposta-de-tratamento-quimico-hormonal-1.jpg?resize=150%2C150&ssl=1",150,150,true],"medium":["https:\/\/i0.wp.com\/blogdobispo.com.br\/wp-content\/uploads\/2025\/08\/Senador-Styvenson-Valentim-Podemos-RN-apresentou-proposta-de-tratamento-quimico-hormonal-1.jpg?fit=300%2C200&ssl=1",300,200,true],"medium_large":["https:\/\/i0.wp.com\/blogdobispo.com.br\/wp-content\/uploads\/2025\/08\/Senador-Styvenson-Valentim-Podemos-RN-apresentou-proposta-de-tratamento-quimico-hormonal-1.jpg?fit=600%2C400&ssl=1",600,400,true],"large":["https:\/\/i0.wp.com\/blogdobispo.com.br\/wp-content\/uploads\/2025\/08\/Senador-Styvenson-Valentim-Podemos-RN-apresentou-proposta-de-tratamento-quimico-hormonal-1.jpg?fit=600%2C400&ssl=1",600,400,true],"1536x1536":["https:\/\/i0.wp.com\/blogdobispo.com.br\/wp-content\/uploads\/2025\/08\/Senador-Styvenson-Valentim-Podemos-RN-apresentou-proposta-de-tratamento-quimico-hormonal-1.jpg?fit=600%2C400&ssl=1",600,400,true],"2048x2048":["https:\/\/i0.wp.com\/blogdobispo.com.br\/wp-content\/uploads\/2025\/08\/Senador-Styvenson-Valentim-Podemos-RN-apresentou-proposta-de-tratamento-quimico-hormonal-1.jpg?fit=600%2C400&ssl=1",600,400,true]},"author_info":{"display_name":"Jefferson Sterfeno","author_link":"https:\/\/blogdobispo.com.br\/?author=1"},"category_info":"<a href=\"https:\/\/blogdobispo.com.br\/?cat=1\" rel=\"category\">diversos<\/a>","tag_info":"diversos","comment_count":"0","jetpack_featured_media_url":"https:\/\/i0.wp.com\/blogdobispo.com.br\/wp-content\/uploads\/2025\/08\/Senador-Styvenson-Valentim-Podemos-RN-apresentou-proposta-de-tratamento-quimico-hormonal-1.jpg?fit=600%2C400&ssl=1","jetpack_sharing_enabled":true,"_links":{"self":[{"href":"https:\/\/blogdobispo.com.br\/index.php?rest_route=\/wp\/v2\/posts\/17176","targetHints":{"allow":["GET"]}}],"collection":[{"href":"https:\/\/blogdobispo.com.br\/index.php?rest_route=\/wp\/v2\/posts"}],"about":[{"href":"https:\/\/blogdobispo.com.br\/index.php?rest_route=\/wp\/v2\/types\/post"}],"author":[{"embeddable":true,"href":"https:\/\/blogdobispo.com.br\/index.php?rest_route=\/wp\/v2\/users\/1"}],"replies":[{"embeddable":true,"href":"https:\/\/blogdobispo.com.br\/index.php?rest_route=%2Fwp%2Fv2%2Fcomments&post=17176"}],"version-history":[{"count":1,"href":"https:\/\/blogdobispo.com.br\/index.php?rest_route=\/wp\/v2\/posts\/17176\/revisions"}],"predecessor-version":[{"id":17181,"href":"https:\/\/blogdobispo.com.br\/index.php?rest_route=\/wp\/v2\/posts\/17176\/revisions\/17181"}],"wp:featuredmedia":[{"embeddable":true,"href":"https:\/\/blogdobispo.com.br\/index.php?rest_route=\/wp\/v2\/media\/17178"}],"wp:attachment":[{"href":"https:\/\/blogdobispo.com.br\/index.php?rest_route=%2Fwp%2Fv2%2Fmedia&parent=17176"}],"wp:term":[{"taxonomy":"category","embeddable":true,"href":"https:\/\/blogdobispo.com.br\/index.php?rest_route=%2Fwp%2Fv2%2Fcategories&post=17176"},{"taxonomy":"post_tag","embeddable":true,"href":"https:\/\/blogdobispo.com.br\/index.php?rest_route=%2Fwp%2Fv2%2Ftags&post=17176"}],"curies":[{"name":"wp","href":"https:\/\/api.w.org\/{rel}","templated":true}]}}