{"id":17165,"date":"2025-08-14T21:24:06","date_gmt":"2025-08-14T21:24:06","guid":{"rendered":"https:\/\/blogdobispo.com.br\/?p=17165"},"modified":"2025-08-14T21:24:06","modified_gmt":"2025-08-14T21:24:06","slug":"cmn-homenageia-30-anos-da-radio-nordeste-e-29-anos-do-culto-da-restauracao","status":"publish","type":"post","link":"https:\/\/blogdobispo.com.br\/?p=17165","title":{"rendered":"CMN homenageia 30 anos da R\u00e1dio Nordeste e 29 anos do Culto da Restaura\u00e7\u00e3o"},"content":{"rendered":"\n<figure class=\"wp-block-image foto-noticia\"><img data-recalc-dims=\"1\" decoding=\"async\" src=\"https:\/\/i0.wp.com\/www.cmnat.rn.gov.br\/_ups\/noticias\/2025\/08\/14\/15d84b6fc4a9223b4913556338976cf5.jpg?w=800&#038;ssl=1\" alt=\"\"\/><\/figure>\n\n\n\n<p>A C\u00e2mara Municipal de Natal realizou, nesta quarta-feira (13), uma sess\u00e3o solene em homenagem aos 30 anos da R\u00e1dio Nordeste Evang\u00e9lica e aos 29 anos do Culto da Restaura\u00e7\u00e3o. A cerim\u00f4nia foi proposta pela vereadora Camila Ara\u00fajo (Uni\u00e3o Brasil) e contou com a participa\u00e7\u00e3o de autoridades civis, religiosas, funcion\u00e1rios da emissora e fi\u00e9is da Assembleia de Deus no RN.<\/p>\n\n\n\n<p>Ao todo, 41 pessoas foram homenageadas, entre pastores, diretores, ex-diretores e profissionais que contribu\u00edram com a trajet\u00f3ria da r\u00e1dio e do culto ao longo das \u00faltimas d\u00e9cadas. O evento reconheceu a import\u00e2ncia desses espa\u00e7os de evangeliza\u00e7\u00e3o para a sociedade potiguar.<\/p>\n\n\n\n<p>A vereadora Camila Ara\u00fajo, autora da proposi\u00e7\u00e3o, destacou a dimens\u00e3o espiritual e social da homenagem. \u201cTrinta anos da nossa R\u00e1dio Nordeste, a nossa emissora mission\u00e1ria no ar, levando as boas novas, a palavra de Deus, que tem edificado muitas vidas em todo o nosso estado. E tamb\u00e9m os 29 anos do nosso Culto da Restaura\u00e7\u00e3o, que acontece o dia inteiro, de forma ininterrupta. Eu mesma sou fruto desse culto: ap\u00f3s um acidente, recebi ali a cura. \u00c9 uma noite de louvor, gratid\u00e3o e reconhecimento pelo trabalho da igreja e dos homens e mulheres que mant\u00eam viva a chama do Evangelho\u201d, pontuou.<\/p>\n\n\n\n<p>Fundada em 1995, a R\u00e1dio Nordeste Evang\u00e9lica transmite atualmente na frequ\u00eancia FM 92.5 e \u00e9 considerada um dos principais canais de comunica\u00e7\u00e3o da Igreja Evang\u00e9lica Assembleia de Deus do RN (IEADERN). Seu alcance se estende por toda a Grande Natal e tamb\u00e9m pelo mundo, por de plataformas digitais.<\/p>\n\n\n\n<p>J\u00e1 o Culto da Restaura\u00e7\u00e3o foi criado um ano ap\u00f3s a funda\u00e7\u00e3o da emissora e ocorre na \u00faltima quarta-feira de cada m\u00eas, das 9h \u00e0s 21h, com transmiss\u00e3o ao vivo diretamente do Templo Central da Assembleia de Deus, localizado na Pra\u00e7a Gentil Ferreira, no Alecrim. A celebra\u00e7\u00e3o se tornou refer\u00eancia no calend\u00e1rio evang\u00e9lico, atraindo fi\u00e9is de diferentes bairros e munic\u00edpios.<\/p>\n\n\n\n<p>O pastor Oaldo Raninho, diretor da r\u00e1dio, lembrou que o culto nasceu gra\u00e7as \u00e0 emissora. \u201cA R\u00e1dio Nordeste d\u00e1 in\u00edcio ao culto, que veio um ano depois. Tornou-se um trabalho de grande alcance entre a popula\u00e7\u00e3o natalense, com gente vindo inclusive do interior. A r\u00e1dio propaga esse trabalho de 12 horas e tem trazido grande contribui\u00e7\u00e3o ao p\u00fablico evang\u00e9lico\u201d, contou.<\/p>\n\n\n\n<p>O primeiro vice-presidente da IEADERN, pastor Jos\u00e9 Arimaldo Fernandes, tamb\u00e9m destacou o impacto da emissora. \u201cEla \u00e9 um marco para a nossa igreja. Al\u00e9m de evangelizar, cumpre um papel social. Hoje, com o aplicativo e a internet, a R\u00e1dio Nordeste chega ao Brasil e ao mundo. Pessoas em casa, hospitais, pres\u00eddios, que n\u00e3o podem ir aos templos, t\u00eam nela uma fonte de esperan\u00e7a e consolo\u201d, destacou.<\/p>\n\n\n\n<p>A solenidade contou ainda com a presen\u00e7a do secret\u00e1rio adjunto municipal de Comunica\u00e7\u00e3o, Marcos Alexandre de Oliveira Ara\u00fajo, que representou a Prefeitura de Natal. E tamb\u00e9m participou o vereadore Jo\u00e3o Batista Torres (DC).<\/p>\n\n\n\n<figure class=\"wp-block-image size-large\"><img data-recalc-dims=\"1\" fetchpriority=\"high\" decoding=\"async\" width=\"800\" height=\"591\" src=\"https:\/\/i0.wp.com\/blogdobispo.com.br\/wp-content\/uploads\/2025\/08\/img_6093-1024x757.jpg?resize=800%2C591&#038;ssl=1\" class=\"wp-image-17164\" srcset=\"https:\/\/i0.wp.com\/blogdobispo.com.br\/wp-content\/uploads\/2025\/08\/img_6093.jpg?resize=1024%2C757&amp;ssl=1 1024w, https:\/\/i0.wp.com\/blogdobispo.com.br\/wp-content\/uploads\/2025\/08\/img_6093.jpg?resize=300%2C222&amp;ssl=1 300w, https:\/\/i0.wp.com\/blogdobispo.com.br\/wp-content\/uploads\/2025\/08\/img_6093.jpg?resize=768%2C568&amp;ssl=1 768w, https:\/\/i0.wp.com\/blogdobispo.com.br\/wp-content\/uploads\/2025\/08\/img_6093.jpg?resize=1536%2C1136&amp;ssl=1 1536w, https:\/\/i0.wp.com\/blogdobispo.com.br\/wp-content\/uploads\/2025\/08\/img_6093.jpg?w=1600&amp;ssl=1 1600w\" sizes=\"(max-width: 800px) 100vw, 800px\" \/><\/figure>\n","protected":false},"excerpt":{"rendered":"<p>A C\u00e2mara Municipal de Natal realizou, nesta quarta-feira (13), uma sess\u00e3o solene em homenagem aos 30 anos da R\u00e1dio Nordeste Evang\u00e9lica e aos 29 anos do Culto da Restaura\u00e7\u00e3o. A cerim\u00f4nia foi proposta pela vereadora Camila Ara\u00fajo (Uni\u00e3o Brasil) e contou com a participa\u00e7\u00e3o de autoridades civis, religiosas, funcion\u00e1rios da emissora e fi\u00e9is da Assembleia [&hellip;]<\/p>\n","protected":false},"author":1,"featured_media":17164,"comment_status":"open","ping_status":"open","sticky":false,"template":"","format":"standard","meta":{"cybocfi_hide_featured_image":"","_jetpack_memberships_contains_paid_content":false,"footnotes":""},"categories":[1],"tags":[],"class_list":["post-17165","post","type-post","status-publish","format-standard","has-post-thumbnail","hentry","category-diversos"],"yoast_head":"<!-- This site is optimized with the Yoast SEO plugin v25.6 - https:\/\/yoast.com\/wordpress\/plugins\/seo\/ -->\n<title>CMN homenageia 30 anos da R\u00e1dio Nordeste e 29 anos do Culto da Restaura\u00e7\u00e3o - Blog do Bispo<\/title>\n<meta name=\"robots\" content=\"index, follow, max-snippet:-1, max-image-preview:large, max-video-preview:-1\" \/>\n<link rel=\"canonical\" href=\"https:\/\/blogdobispo.com.br\/?p=17165\" \/>\n<meta property=\"og:locale\" content=\"pt_BR\" \/>\n<meta property=\"og:type\" content=\"article\" \/>\n<meta property=\"og:title\" content=\"CMN homenageia 30 anos da R\u00e1dio Nordeste e 29 anos do Culto da Restaura\u00e7\u00e3o - Blog do Bispo\" \/>\n<meta property=\"og:description\" content=\"A C\u00e2mara Municipal de Natal realizou, nesta quarta-feira (13), uma sess\u00e3o solene em homenagem aos 30 anos da R\u00e1dio Nordeste Evang\u00e9lica e aos 29 anos do Culto da Restaura\u00e7\u00e3o. A cerim\u00f4nia foi proposta pela vereadora Camila Ara\u00fajo (Uni\u00e3o Brasil) e contou com a participa\u00e7\u00e3o de autoridades civis, religiosas, funcion\u00e1rios da emissora e fi\u00e9is da Assembleia [&hellip;]\" \/>\n<meta property=\"og:url\" content=\"https:\/\/blogdobispo.com.br\/?p=17165\" \/>\n<meta property=\"og:site_name\" content=\"Blog do Bispo\" \/>\n<meta property=\"article:published_time\" content=\"2025-08-14T21:24:06+00:00\" \/>\n<meta property=\"og:image\" content=\"https:\/\/www.cmnat.rn.gov.br\/_ups\/noticias\/2025\/08\/14\/15d84b6fc4a9223b4913556338976cf5.jpg\" \/>\n<meta name=\"author\" content=\"Jefferson Sterfeno\" \/>\n<meta name=\"twitter:card\" content=\"summary_large_image\" \/>\n<meta name=\"twitter:label1\" content=\"Escrito por\" \/>\n\t<meta name=\"twitter:data1\" content=\"Jefferson Sterfeno\" \/>\n\t<meta name=\"twitter:label2\" content=\"Est. tempo de leitura\" \/>\n\t<meta name=\"twitter:data2\" content=\"3 minutos\" \/>\n<script type=\"application\/ld+json\" class=\"yoast-schema-graph\">{\"@context\":\"https:\/\/schema.org\",\"@graph\":[{\"@type\":\"Article\",\"@id\":\"https:\/\/blogdobispo.com.br\/?p=17165#article\",\"isPartOf\":{\"@id\":\"https:\/\/blogdobispo.com.br\/?p=17165\"},\"author\":{\"name\":\"Jefferson Sterfeno\",\"@id\":\"https:\/\/blogdobispo.com.br\/#\/schema\/person\/e2209cc0e6cea5c5233d033e997b373f\"},\"headline\":\"CMN homenageia 30 anos da R\u00e1dio Nordeste e 29 anos do Culto da Restaura\u00e7\u00e3o\",\"datePublished\":\"2025-08-14T21:24:06+00:00\",\"mainEntityOfPage\":{\"@id\":\"https:\/\/blogdobispo.com.br\/?p=17165\"},\"wordCount\":537,\"commentCount\":0,\"publisher\":{\"@id\":\"https:\/\/blogdobispo.com.br\/#organization\"},\"image\":{\"@id\":\"https:\/\/blogdobispo.com.br\/?p=17165#primaryimage\"},\"thumbnailUrl\":\"https:\/\/i0.wp.com\/blogdobispo.com.br\/wp-content\/uploads\/2025\/08\/img_6093.jpg?fit=1600%2C1183&ssl=1\",\"articleSection\":[\"diversos\"],\"inLanguage\":\"pt-BR\",\"potentialAction\":[{\"@type\":\"CommentAction\",\"name\":\"Comment\",\"target\":[\"https:\/\/blogdobispo.com.br\/?p=17165#respond\"]}]},{\"@type\":\"WebPage\",\"@id\":\"https:\/\/blogdobispo.com.br\/?p=17165\",\"url\":\"https:\/\/blogdobispo.com.br\/?p=17165\",\"name\":\"CMN homenageia 30 anos da R\u00e1dio Nordeste e 29 anos do Culto da Restaura\u00e7\u00e3o - Blog do Bispo\",\"isPartOf\":{\"@id\":\"https:\/\/blogdobispo.com.br\/#website\"},\"primaryImageOfPage\":{\"@id\":\"https:\/\/blogdobispo.com.br\/?p=17165#primaryimage\"},\"image\":{\"@id\":\"https:\/\/blogdobispo.com.br\/?p=17165#primaryimage\"},\"thumbnailUrl\":\"https:\/\/i0.wp.com\/blogdobispo.com.br\/wp-content\/uploads\/2025\/08\/img_6093.jpg?fit=1600%2C1183&ssl=1\",\"datePublished\":\"2025-08-14T21:24:06+00:00\",\"breadcrumb\":{\"@id\":\"https:\/\/blogdobispo.com.br\/?p=17165#breadcrumb\"},\"inLanguage\":\"pt-BR\",\"potentialAction\":[{\"@type\":\"ReadAction\",\"target\":[\"https:\/\/blogdobispo.com.br\/?p=17165\"]}]},{\"@type\":\"ImageObject\",\"inLanguage\":\"pt-BR\",\"@id\":\"https:\/\/blogdobispo.com.br\/?p=17165#primaryimage\",\"url\":\"https:\/\/i0.wp.com\/blogdobispo.com.br\/wp-content\/uploads\/2025\/08\/img_6093.jpg?fit=1600%2C1183&ssl=1\",\"contentUrl\":\"https:\/\/i0.wp.com\/blogdobispo.com.br\/wp-content\/uploads\/2025\/08\/img_6093.jpg?fit=1600%2C1183&ssl=1\",\"width\":1600,\"height\":1183},{\"@type\":\"BreadcrumbList\",\"@id\":\"https:\/\/blogdobispo.com.br\/?p=17165#breadcrumb\",\"itemListElement\":[{\"@type\":\"ListItem\",\"position\":1,\"name\":\"In\u00edcio\",\"item\":\"https:\/\/blogdobispo.com.br\/\"},{\"@type\":\"ListItem\",\"position\":2,\"name\":\"CMN homenageia 30 anos da R\u00e1dio Nordeste e 29 anos do Culto da Restaura\u00e7\u00e3o\"}]},{\"@type\":\"WebSite\",\"@id\":\"https:\/\/blogdobispo.com.br\/#website\",\"url\":\"https:\/\/blogdobispo.com.br\/\",\"name\":\"Blog do Bispo\",\"description\":\"Comprometido apenas com o leitor\",\"publisher\":{\"@id\":\"https:\/\/blogdobispo.com.br\/#organization\"},\"potentialAction\":[{\"@type\":\"SearchAction\",\"target\":{\"@type\":\"EntryPoint\",\"urlTemplate\":\"https:\/\/blogdobispo.com.br\/?s={search_term_string}\"},\"query-input\":{\"@type\":\"PropertyValueSpecification\",\"valueRequired\":true,\"valueName\":\"search_term_string\"}}],\"inLanguage\":\"pt-BR\"},{\"@type\":\"Organization\",\"@id\":\"https:\/\/blogdobispo.com.br\/#organization\",\"name\":\"Blog do Bispo\",\"url\":\"https:\/\/blogdobispo.com.br\/\",\"logo\":{\"@type\":\"ImageObject\",\"inLanguage\":\"pt-BR\",\"@id\":\"https:\/\/blogdobispo.com.br\/#\/schema\/logo\/image\/\",\"url\":\"http:\/\/blogdobispo.com.br\/wp-content\/uploads\/2023\/05\/cropped-headear.png\",\"contentUrl\":\"http:\/\/blogdobispo.com.br\/wp-content\/uploads\/2023\/05\/cropped-headear.png\",\"width\":1500,\"height\":399,\"caption\":\"Blog do Bispo\"},\"image\":{\"@id\":\"https:\/\/blogdobispo.com.br\/#\/schema\/logo\/image\/\"}},{\"@type\":\"Person\",\"@id\":\"https:\/\/blogdobispo.com.br\/#\/schema\/person\/e2209cc0e6cea5c5233d033e997b373f\",\"name\":\"Jefferson Sterfeno\",\"image\":{\"@type\":\"ImageObject\",\"inLanguage\":\"pt-BR\",\"@id\":\"https:\/\/blogdobispo.com.br\/#\/schema\/person\/image\/\",\"url\":\"https:\/\/secure.gravatar.com\/avatar\/0534e84764641168a677026b6d57a3f51dc7ac4db0b4f6186d9cb330d4ee1160?s=96&d=mm&r=g\",\"contentUrl\":\"https:\/\/secure.gravatar.com\/avatar\/0534e84764641168a677026b6d57a3f51dc7ac4db0b4f6186d9cb330d4ee1160?s=96&d=mm&r=g\",\"caption\":\"Jefferson Sterfeno\"},\"sameAs\":[\"http:\/\/blogdobispo.com.br\"],\"url\":\"https:\/\/blogdobispo.com.br\/?author=1\"}]}<\/script>\n<!-- \/ Yoast SEO plugin. -->","yoast_head_json":{"title":"CMN homenageia 30 anos da R\u00e1dio Nordeste e 29 anos do Culto da Restaura\u00e7\u00e3o - Blog do Bispo","robots":{"index":"index","follow":"follow","max-snippet":"max-snippet:-1","max-image-preview":"max-image-preview:large","max-video-preview":"max-video-preview:-1"},"canonical":"https:\/\/blogdobispo.com.br\/?p=17165","og_locale":"pt_BR","og_type":"article","og_title":"CMN homenageia 30 anos da R\u00e1dio Nordeste e 29 anos do Culto da Restaura\u00e7\u00e3o - Blog do Bispo","og_description":"A C\u00e2mara Municipal de Natal realizou, nesta quarta-feira (13), uma sess\u00e3o solene em homenagem aos 30 anos da R\u00e1dio Nordeste Evang\u00e9lica e aos 29 anos do Culto da Restaura\u00e7\u00e3o. A cerim\u00f4nia foi proposta pela vereadora Camila Ara\u00fajo (Uni\u00e3o Brasil) e contou com a participa\u00e7\u00e3o de autoridades civis, religiosas, funcion\u00e1rios da emissora e fi\u00e9is da Assembleia [&hellip;]","og_url":"https:\/\/blogdobispo.com.br\/?p=17165","og_site_name":"Blog do Bispo","article_published_time":"2025-08-14T21:24:06+00:00","og_image":[{"url":"https:\/\/www.cmnat.rn.gov.br\/_ups\/noticias\/2025\/08\/14\/15d84b6fc4a9223b4913556338976cf5.jpg","type":"","width":"","height":""}],"author":"Jefferson Sterfeno","twitter_card":"summary_large_image","twitter_misc":{"Escrito por":"Jefferson Sterfeno","Est. tempo de leitura":"3 minutos"},"schema":{"@context":"https:\/\/schema.org","@graph":[{"@type":"Article","@id":"https:\/\/blogdobispo.com.br\/?p=17165#article","isPartOf":{"@id":"https:\/\/blogdobispo.com.br\/?p=17165"},"author":{"name":"Jefferson Sterfeno","@id":"https:\/\/blogdobispo.com.br\/#\/schema\/person\/e2209cc0e6cea5c5233d033e997b373f"},"headline":"CMN homenageia 30 anos da R\u00e1dio Nordeste e 29 anos do Culto da Restaura\u00e7\u00e3o","datePublished":"2025-08-14T21:24:06+00:00","mainEntityOfPage":{"@id":"https:\/\/blogdobispo.com.br\/?p=17165"},"wordCount":537,"commentCount":0,"publisher":{"@id":"https:\/\/blogdobispo.com.br\/#organization"},"image":{"@id":"https:\/\/blogdobispo.com.br\/?p=17165#primaryimage"},"thumbnailUrl":"https:\/\/i0.wp.com\/blogdobispo.com.br\/wp-content\/uploads\/2025\/08\/img_6093.jpg?fit=1600%2C1183&ssl=1","articleSection":["diversos"],"inLanguage":"pt-BR","potentialAction":[{"@type":"CommentAction","name":"Comment","target":["https:\/\/blogdobispo.com.br\/?p=17165#respond"]}]},{"@type":"WebPage","@id":"https:\/\/blogdobispo.com.br\/?p=17165","url":"https:\/\/blogdobispo.com.br\/?p=17165","name":"CMN homenageia 30 anos da R\u00e1dio Nordeste e 29 anos do Culto da Restaura\u00e7\u00e3o - Blog do Bispo","isPartOf":{"@id":"https:\/\/blogdobispo.com.br\/#website"},"primaryImageOfPage":{"@id":"https:\/\/blogdobispo.com.br\/?p=17165#primaryimage"},"image":{"@id":"https:\/\/blogdobispo.com.br\/?p=17165#primaryimage"},"thumbnailUrl":"https:\/\/i0.wp.com\/blogdobispo.com.br\/wp-content\/uploads\/2025\/08\/img_6093.jpg?fit=1600%2C1183&ssl=1","datePublished":"2025-08-14T21:24:06+00:00","breadcrumb":{"@id":"https:\/\/blogdobispo.com.br\/?p=17165#breadcrumb"},"inLanguage":"pt-BR","potentialAction":[{"@type":"ReadAction","target":["https:\/\/blogdobispo.com.br\/?p=17165"]}]},{"@type":"ImageObject","inLanguage":"pt-BR","@id":"https:\/\/blogdobispo.com.br\/?p=17165#primaryimage","url":"https:\/\/i0.wp.com\/blogdobispo.com.br\/wp-content\/uploads\/2025\/08\/img_6093.jpg?fit=1600%2C1183&ssl=1","contentUrl":"https:\/\/i0.wp.com\/blogdobispo.com.br\/wp-content\/uploads\/2025\/08\/img_6093.jpg?fit=1600%2C1183&ssl=1","width":1600,"height":1183},{"@type":"BreadcrumbList","@id":"https:\/\/blogdobispo.com.br\/?p=17165#breadcrumb","itemListElement":[{"@type":"ListItem","position":1,"name":"In\u00edcio","item":"https:\/\/blogdobispo.com.br\/"},{"@type":"ListItem","position":2,"name":"CMN homenageia 30 anos da R\u00e1dio Nordeste e 29 anos do Culto da Restaura\u00e7\u00e3o"}]},{"@type":"WebSite","@id":"https:\/\/blogdobispo.com.br\/#website","url":"https:\/\/blogdobispo.com.br\/","name":"Blog do Bispo","description":"Comprometido apenas com o leitor","publisher":{"@id":"https:\/\/blogdobispo.com.br\/#organization"},"potentialAction":[{"@type":"SearchAction","target":{"@type":"EntryPoint","urlTemplate":"https:\/\/blogdobispo.com.br\/?s={search_term_string}"},"query-input":{"@type":"PropertyValueSpecification","valueRequired":true,"valueName":"search_term_string"}}],"inLanguage":"pt-BR"},{"@type":"Organization","@id":"https:\/\/blogdobispo.com.br\/#organization","name":"Blog do Bispo","url":"https:\/\/blogdobispo.com.br\/","logo":{"@type":"ImageObject","inLanguage":"pt-BR","@id":"https:\/\/blogdobispo.com.br\/#\/schema\/logo\/image\/","url":"http:\/\/blogdobispo.com.br\/wp-content\/uploads\/2023\/05\/cropped-headear.png","contentUrl":"http:\/\/blogdobispo.com.br\/wp-content\/uploads\/2023\/05\/cropped-headear.png","width":1500,"height":399,"caption":"Blog do Bispo"},"image":{"@id":"https:\/\/blogdobispo.com.br\/#\/schema\/logo\/image\/"}},{"@type":"Person","@id":"https:\/\/blogdobispo.com.br\/#\/schema\/person\/e2209cc0e6cea5c5233d033e997b373f","name":"Jefferson Sterfeno","image":{"@type":"ImageObject","inLanguage":"pt-BR","@id":"https:\/\/blogdobispo.com.br\/#\/schema\/person\/image\/","url":"https:\/\/secure.gravatar.com\/avatar\/0534e84764641168a677026b6d57a3f51dc7ac4db0b4f6186d9cb330d4ee1160?s=96&d=mm&r=g","contentUrl":"https:\/\/secure.gravatar.com\/avatar\/0534e84764641168a677026b6d57a3f51dc7ac4db0b4f6186d9cb330d4ee1160?s=96&d=mm&r=g","caption":"Jefferson Sterfeno"},"sameAs":["http:\/\/blogdobispo.com.br"],"url":"https:\/\/blogdobispo.com.br\/?author=1"}]}},"featured_image_urls":{"full":["https:\/\/i0.wp.com\/blogdobispo.com.br\/wp-content\/uploads\/2025\/08\/img_6093.jpg?fit=1600%2C1183&ssl=1",1600,1183,false],"thumbnail":["https:\/\/i0.wp.com\/blogdobispo.com.br\/wp-content\/uploads\/2025\/08\/img_6093.jpg?resize=150%2C150&ssl=1",150,150,true],"medium":["https:\/\/i0.wp.com\/blogdobispo.com.br\/wp-content\/uploads\/2025\/08\/img_6093.jpg?fit=300%2C222&ssl=1",300,222,true],"medium_large":["https:\/\/i0.wp.com\/blogdobispo.com.br\/wp-content\/uploads\/2025\/08\/img_6093.jpg?fit=768%2C568&ssl=1",768,568,true],"large":["https:\/\/i0.wp.com\/blogdobispo.com.br\/wp-content\/uploads\/2025\/08\/img_6093.jpg?fit=800%2C591&ssl=1",800,591,true],"1536x1536":["https:\/\/i0.wp.com\/blogdobispo.com.br\/wp-content\/uploads\/2025\/08\/img_6093.jpg?fit=1536%2C1136&ssl=1",1536,1136,true],"2048x2048":["https:\/\/i0.wp.com\/blogdobispo.com.br\/wp-content\/uploads\/2025\/08\/img_6093.jpg?fit=1600%2C1183&ssl=1",1600,1183,true]},"author_info":{"display_name":"Jefferson Sterfeno","author_link":"https:\/\/blogdobispo.com.br\/?author=1"},"category_info":"<a href=\"https:\/\/blogdobispo.com.br\/?cat=1\" rel=\"category\">diversos<\/a>","tag_info":"diversos","comment_count":"0","jetpack_featured_media_url":"https:\/\/i0.wp.com\/blogdobispo.com.br\/wp-content\/uploads\/2025\/08\/img_6093.jpg?fit=1600%2C1183&ssl=1","jetpack_sharing_enabled":true,"_links":{"self":[{"href":"https:\/\/blogdobispo.com.br\/index.php?rest_route=\/wp\/v2\/posts\/17165","targetHints":{"allow":["GET"]}}],"collection":[{"href":"https:\/\/blogdobispo.com.br\/index.php?rest_route=\/wp\/v2\/posts"}],"about":[{"href":"https:\/\/blogdobispo.com.br\/index.php?rest_route=\/wp\/v2\/types\/post"}],"author":[{"embeddable":true,"href":"https:\/\/blogdobispo.com.br\/index.php?rest_route=\/wp\/v2\/users\/1"}],"replies":[{"embeddable":true,"href":"https:\/\/blogdobispo.com.br\/index.php?rest_route=%2Fwp%2Fv2%2Fcomments&post=17165"}],"version-history":[{"count":0,"href":"https:\/\/blogdobispo.com.br\/index.php?rest_route=\/wp\/v2\/posts\/17165\/revisions"}],"wp:featuredmedia":[{"embeddable":true,"href":"https:\/\/blogdobispo.com.br\/index.php?rest_route=\/wp\/v2\/media\/17164"}],"wp:attachment":[{"href":"https:\/\/blogdobispo.com.br\/index.php?rest_route=%2Fwp%2Fv2%2Fmedia&parent=17165"}],"wp:term":[{"taxonomy":"category","embeddable":true,"href":"https:\/\/blogdobispo.com.br\/index.php?rest_route=%2Fwp%2Fv2%2Fcategories&post=17165"},{"taxonomy":"post_tag","embeddable":true,"href":"https:\/\/blogdobispo.com.br\/index.php?rest_route=%2Fwp%2Fv2%2Ftags&post=17165"}],"curies":[{"name":"wp","href":"https:\/\/api.w.org\/{rel}","templated":true}]}}