{"id":17161,"date":"2025-08-14T21:11:30","date_gmt":"2025-08-14T21:11:30","guid":{"rendered":"https:\/\/blogdobispo.com.br\/?p=17161"},"modified":"2025-08-14T21:11:30","modified_gmt":"2025-08-14T21:11:30","slug":"9o-encontro-mulheres-que-marcam-promove-imersao-em-marca-pessoal-e-lideranca-feminina-em-natal","status":"publish","type":"post","link":"https:\/\/blogdobispo.com.br\/?p=17161","title":{"rendered":"9\u00ba encontro Mulheres que Marcam promove imers\u00e3o em marca pessoal e lideran\u00e7a feminina em Natal"},"content":{"rendered":"\n<figure class=\"wp-block-image size-large\"><img data-recalc-dims=\"1\" fetchpriority=\"high\" decoding=\"async\" width=\"577\" height=\"1024\" src=\"https:\/\/i0.wp.com\/blogdobispo.com.br\/wp-content\/uploads\/2025\/08\/73d15dbc-ae0a-42ee-8141-a5d5dddc9ee3-577x1024.jpg?resize=577%2C1024&#038;ssl=1\" class=\"wp-image-17160\" srcset=\"https:\/\/i0.wp.com\/blogdobispo.com.br\/wp-content\/uploads\/2025\/08\/73d15dbc-ae0a-42ee-8141-a5d5dddc9ee3.jpg?resize=577%2C1024&amp;ssl=1 577w, https:\/\/i0.wp.com\/blogdobispo.com.br\/wp-content\/uploads\/2025\/08\/73d15dbc-ae0a-42ee-8141-a5d5dddc9ee3.jpg?resize=169%2C300&amp;ssl=1 169w, https:\/\/i0.wp.com\/blogdobispo.com.br\/wp-content\/uploads\/2025\/08\/73d15dbc-ae0a-42ee-8141-a5d5dddc9ee3.jpg?resize=768%2C1363&amp;ssl=1 768w, https:\/\/i0.wp.com\/blogdobispo.com.br\/wp-content\/uploads\/2025\/08\/73d15dbc-ae0a-42ee-8141-a5d5dddc9ee3.jpg?resize=866%2C1536&amp;ssl=1 866w, https:\/\/i0.wp.com\/blogdobispo.com.br\/wp-content\/uploads\/2025\/08\/73d15dbc-ae0a-42ee-8141-a5d5dddc9ee3.jpg?w=1127&amp;ssl=1 1127w\" sizes=\"(max-width: 577px) 100vw, 577px\" \/><\/figure>\n\n\n\n<p><\/p>\n\n\n\n<p><em>Com o tema \u2018O real valor da sua marca\u2019, o maior movimento feminino do Nordeste realiza, no dia 17 de agosto, no Teatro Riachuelo, em Natal, uma programa\u00e7\u00e3o intensa voltada ao fortalecimento da marca pessoal e da lideran\u00e7a feminina.<\/em><\/p>\n\n\n\n<p>No dia 17 de agosto, o Teatro Riachuelo, em Natal, receber\u00e1 o 9\u00ba Encontro Mulheres que Marcam, considerado o maior movimento feminino do Nordeste. Este ano, o evento tem como tema \u201cO Real Valor da Sua Marca\u201d e reunir\u00e1 mulheres de diferentes \u00e1reas para um dia de palestras, treinamentos e conex\u00f5es estrat\u00e9gicas<\/p>\n\n\n\n<p>Entre as convidadas est\u00e1 a estrategista de marketing digital Duda Vieira, com mais de 700 mil seguidoras, conhecida por transformar marcas pessoais em neg\u00f3cios de alto impacto. Ela apresentar\u00e1 a palestra Poder da comunidade para criar autoridade e diferencia\u00e7\u00e3o de marca pessoal, trazendo dicas pr\u00e1ticas para criar conex\u00f5es genu\u00ednas e ampliar a relev\u00e2ncia no mercado.<\/p>\n\n\n\n<p>No dia seguinte, 18 de agosto, Duda participar\u00e1 de um Almo\u00e7o de Neg\u00f3cios Exclusivo com a fundadora K\u00eania Raissa e executivas da Rede Mulheres que Marcam. A experi\u00eancia \u00e9 restrita \u00e0s 100 primeiras inscritas na categoria \u00c1rea Nobre com Almo\u00e7o.<\/p>\n\n\n\n<p><em>A imers\u00e3o ser\u00e1 dividida em tr\u00eas pilares que guiar\u00e3o as participantes:<\/em><\/p>\n\n\n\n<ul class=\"wp-block-list\">\n<li>Identificar \u2013 reconhecer for\u00e7as, valores e singularidades da marca pessoal<\/li>\n\n\n\n<li>Posicionar \u2013 alinhar imagem e mensagem com clareza estrat\u00e9gica<\/li>\n\n\n\n<li>Comunicar \u2013 transmitir valor de forma aut\u00eantica e impactante para ampliar alcance e relev\u00e2ncia no mercado<\/li>\n<\/ul>\n\n\n\n<p><em>Confira a programa\u00e7\u00e3o completa do evento Mulheres que Marcam:<\/em><\/p>\n\n\n\n<p>No primeiro pilar, Anna Paula aborda os \u201cVazios emocionais que roubam o valor percebido de marcas pessoais\u201d; Patricia VanKok fala sobre \u201cImagem real: uma express\u00e3o aut\u00eantica e intencional da sua marca\u201d; e K\u00eania Ra\u00edssa apresenta \u201cReconstru\u00e7\u00e3o de identidade e proje\u00e7\u00e3o estrat\u00e9gica de marca pessoal\u201d.<\/p>\n\n\n\n<p>O segundo pilar traz Daniele Mafra com o tema \u201cInflu\u00eancia e impacto: o real princ\u00edpio da lideran\u00e7a feminina\u201d; Helena Duarte discute \u201cGest\u00e3o de neg\u00f3cios e inova\u00e7\u00e3o\u201d; e Rafaela Sales compartilha insights sobre \u201cSoft Living: um novo jeito de viver e produzir\u201d.<\/p>\n\n\n\n<p>No terceiro e \u00faltimo pilar, Katarina Alc\u00e2ntara explica \u201cExpress\u00e3o de marca: como alinhar ser, parecer e aparecer para construir um posicionamento irrefut\u00e1vel\u201d; Priscila Barros fala sobre \u201cComo criar uma presen\u00e7a digital que conecta e vende\u201d; Daniele Ismael detalha \u201cA era das experi\u00eancias: como conquistar, encantar e fidelizar clientes\u201d; e Duda Vieira encerra com \u201cO poder da comunidade para criar autoridade e diferencia\u00e7\u00e3o de marca pessoal\u201d.<\/p>\n\n\n\n<p>Segundo a fundadora e organizadora do evento, K\u00eania Ra\u00edssa, o encontro vai muito al\u00e9m de palestras. \u201cNosso objetivo \u00e9 que cada mulher saia daqui com clareza sobre seu valor e com ferramentas para projetar uma marca pessoal aut\u00eantica e respeitada. \u00c9 um dia para aprender, se conectar e transformar\u201d, afirma.<\/p>\n\n\n\n<p>As inscri\u00e7\u00f5es j\u00e1 est\u00e3o abertas no site: https:\/\/mulheresquemarcam.com.br\/mqm25, com vagas limitadas para a \u00c1rea Nobre com almo\u00e7o. O evento acontece das 10h \u00e0s 19h e promete uma experi\u00eancia \u00e0 altura da realeza, com ambienta\u00e7\u00e3o tem\u00e1tica, networking qualificado e conte\u00fado estrat\u00e9gico.<\/p>\n\n\n\n<p><em>Servi\u00e7o:<\/em><br>Evento: 9\u00ba Encontro Mulheres que Marcam<br>Tema: O Real Valor da Sua Marca<br>Data: 17 de agosto de 2025<br>Hor\u00e1rio: 10h \u00e0s 19h<br>Local: Teatro Riachuelo \u2013 Shopping Midway Mall, Natal (RN)<br>Ingressos: https:\/\/mulheresquemarcam.com.br\/mqm25<br>Instagram: @redemulheresquemarcam<\/p>\n","protected":false},"excerpt":{"rendered":"<p>Com o tema \u2018O real valor da sua marca\u2019, o maior movimento feminino do Nordeste realiza, no dia 17 de agosto, no Teatro Riachuelo, em Natal, uma programa\u00e7\u00e3o intensa voltada ao fortalecimento da marca pessoal e da lideran\u00e7a feminina. No dia 17 de agosto, o Teatro Riachuelo, em Natal, receber\u00e1 o 9\u00ba Encontro Mulheres que [&hellip;]<\/p>\n","protected":false},"author":1,"featured_media":17160,"comment_status":"open","ping_status":"open","sticky":false,"template":"","format":"standard","meta":{"cybocfi_hide_featured_image":"","_jetpack_memberships_contains_paid_content":false,"footnotes":""},"categories":[1],"tags":[],"class_list":["post-17161","post","type-post","status-publish","format-standard","has-post-thumbnail","hentry","category-diversos"],"yoast_head":"<!-- This site is optimized with the Yoast SEO plugin v25.6 - https:\/\/yoast.com\/wordpress\/plugins\/seo\/ -->\n<title>9\u00ba encontro Mulheres que Marcam promove imers\u00e3o em marca pessoal e lideran\u00e7a feminina em Natal - Blog do Bispo<\/title>\n<meta name=\"robots\" content=\"index, follow, max-snippet:-1, max-image-preview:large, max-video-preview:-1\" \/>\n<link rel=\"canonical\" href=\"https:\/\/blogdobispo.com.br\/?p=17161\" \/>\n<meta property=\"og:locale\" content=\"pt_BR\" \/>\n<meta property=\"og:type\" content=\"article\" \/>\n<meta property=\"og:title\" content=\"9\u00ba encontro Mulheres que Marcam promove imers\u00e3o em marca pessoal e lideran\u00e7a feminina em Natal - Blog do Bispo\" \/>\n<meta property=\"og:description\" content=\"Com o tema \u2018O real valor da sua marca\u2019, o maior movimento feminino do Nordeste realiza, no dia 17 de agosto, no Teatro Riachuelo, em Natal, uma programa\u00e7\u00e3o intensa voltada ao fortalecimento da marca pessoal e da lideran\u00e7a feminina. No dia 17 de agosto, o Teatro Riachuelo, em Natal, receber\u00e1 o 9\u00ba Encontro Mulheres que [&hellip;]\" \/>\n<meta property=\"og:url\" content=\"https:\/\/blogdobispo.com.br\/?p=17161\" \/>\n<meta property=\"og:site_name\" content=\"Blog do Bispo\" \/>\n<meta property=\"article:published_time\" content=\"2025-08-14T21:11:30+00:00\" \/>\n<meta property=\"og:image\" content=\"https:\/\/blogdobispo.com.br\/wp-content\/uploads\/2025\/08\/73d15dbc-ae0a-42ee-8141-a5d5dddc9ee3-577x1024.jpg\" \/>\n<meta name=\"author\" content=\"Jefferson Sterfeno\" \/>\n<meta name=\"twitter:card\" content=\"summary_large_image\" \/>\n<meta name=\"twitter:label1\" content=\"Escrito por\" \/>\n\t<meta name=\"twitter:data1\" content=\"Jefferson Sterfeno\" \/>\n\t<meta name=\"twitter:label2\" content=\"Est. tempo de leitura\" \/>\n\t<meta name=\"twitter:data2\" content=\"3 minutos\" \/>\n<script type=\"application\/ld+json\" class=\"yoast-schema-graph\">{\"@context\":\"https:\/\/schema.org\",\"@graph\":[{\"@type\":\"Article\",\"@id\":\"https:\/\/blogdobispo.com.br\/?p=17161#article\",\"isPartOf\":{\"@id\":\"https:\/\/blogdobispo.com.br\/?p=17161\"},\"author\":{\"name\":\"Jefferson Sterfeno\",\"@id\":\"https:\/\/blogdobispo.com.br\/#\/schema\/person\/e2209cc0e6cea5c5233d033e997b373f\"},\"headline\":\"9\u00ba encontro Mulheres que Marcam promove imers\u00e3o em marca pessoal e lideran\u00e7a feminina em Natal\",\"datePublished\":\"2025-08-14T21:11:30+00:00\",\"mainEntityOfPage\":{\"@id\":\"https:\/\/blogdobispo.com.br\/?p=17161\"},\"wordCount\":578,\"commentCount\":0,\"publisher\":{\"@id\":\"https:\/\/blogdobispo.com.br\/#organization\"},\"image\":{\"@id\":\"https:\/\/blogdobispo.com.br\/?p=17161#primaryimage\"},\"thumbnailUrl\":\"https:\/\/i0.wp.com\/blogdobispo.com.br\/wp-content\/uploads\/2025\/08\/73d15dbc-ae0a-42ee-8141-a5d5dddc9ee3.jpg?fit=1127%2C2000&ssl=1\",\"articleSection\":[\"diversos\"],\"inLanguage\":\"pt-BR\",\"potentialAction\":[{\"@type\":\"CommentAction\",\"name\":\"Comment\",\"target\":[\"https:\/\/blogdobispo.com.br\/?p=17161#respond\"]}]},{\"@type\":\"WebPage\",\"@id\":\"https:\/\/blogdobispo.com.br\/?p=17161\",\"url\":\"https:\/\/blogdobispo.com.br\/?p=17161\",\"name\":\"9\u00ba encontro Mulheres que Marcam promove imers\u00e3o em marca pessoal e lideran\u00e7a feminina em Natal - Blog do Bispo\",\"isPartOf\":{\"@id\":\"https:\/\/blogdobispo.com.br\/#website\"},\"primaryImageOfPage\":{\"@id\":\"https:\/\/blogdobispo.com.br\/?p=17161#primaryimage\"},\"image\":{\"@id\":\"https:\/\/blogdobispo.com.br\/?p=17161#primaryimage\"},\"thumbnailUrl\":\"https:\/\/i0.wp.com\/blogdobispo.com.br\/wp-content\/uploads\/2025\/08\/73d15dbc-ae0a-42ee-8141-a5d5dddc9ee3.jpg?fit=1127%2C2000&ssl=1\",\"datePublished\":\"2025-08-14T21:11:30+00:00\",\"breadcrumb\":{\"@id\":\"https:\/\/blogdobispo.com.br\/?p=17161#breadcrumb\"},\"inLanguage\":\"pt-BR\",\"potentialAction\":[{\"@type\":\"ReadAction\",\"target\":[\"https:\/\/blogdobispo.com.br\/?p=17161\"]}]},{\"@type\":\"ImageObject\",\"inLanguage\":\"pt-BR\",\"@id\":\"https:\/\/blogdobispo.com.br\/?p=17161#primaryimage\",\"url\":\"https:\/\/i0.wp.com\/blogdobispo.com.br\/wp-content\/uploads\/2025\/08\/73d15dbc-ae0a-42ee-8141-a5d5dddc9ee3.jpg?fit=1127%2C2000&ssl=1\",\"contentUrl\":\"https:\/\/i0.wp.com\/blogdobispo.com.br\/wp-content\/uploads\/2025\/08\/73d15dbc-ae0a-42ee-8141-a5d5dddc9ee3.jpg?fit=1127%2C2000&ssl=1\",\"width\":1127,\"height\":2000},{\"@type\":\"BreadcrumbList\",\"@id\":\"https:\/\/blogdobispo.com.br\/?p=17161#breadcrumb\",\"itemListElement\":[{\"@type\":\"ListItem\",\"position\":1,\"name\":\"In\u00edcio\",\"item\":\"https:\/\/blogdobispo.com.br\/\"},{\"@type\":\"ListItem\",\"position\":2,\"name\":\"9\u00ba encontro Mulheres que Marcam promove imers\u00e3o em marca pessoal e lideran\u00e7a feminina em Natal\"}]},{\"@type\":\"WebSite\",\"@id\":\"https:\/\/blogdobispo.com.br\/#website\",\"url\":\"https:\/\/blogdobispo.com.br\/\",\"name\":\"Blog do Bispo\",\"description\":\"Comprometido apenas com o leitor\",\"publisher\":{\"@id\":\"https:\/\/blogdobispo.com.br\/#organization\"},\"potentialAction\":[{\"@type\":\"SearchAction\",\"target\":{\"@type\":\"EntryPoint\",\"urlTemplate\":\"https:\/\/blogdobispo.com.br\/?s={search_term_string}\"},\"query-input\":{\"@type\":\"PropertyValueSpecification\",\"valueRequired\":true,\"valueName\":\"search_term_string\"}}],\"inLanguage\":\"pt-BR\"},{\"@type\":\"Organization\",\"@id\":\"https:\/\/blogdobispo.com.br\/#organization\",\"name\":\"Blog do Bispo\",\"url\":\"https:\/\/blogdobispo.com.br\/\",\"logo\":{\"@type\":\"ImageObject\",\"inLanguage\":\"pt-BR\",\"@id\":\"https:\/\/blogdobispo.com.br\/#\/schema\/logo\/image\/\",\"url\":\"http:\/\/blogdobispo.com.br\/wp-content\/uploads\/2023\/05\/cropped-headear.png\",\"contentUrl\":\"http:\/\/blogdobispo.com.br\/wp-content\/uploads\/2023\/05\/cropped-headear.png\",\"width\":1500,\"height\":399,\"caption\":\"Blog do Bispo\"},\"image\":{\"@id\":\"https:\/\/blogdobispo.com.br\/#\/schema\/logo\/image\/\"}},{\"@type\":\"Person\",\"@id\":\"https:\/\/blogdobispo.com.br\/#\/schema\/person\/e2209cc0e6cea5c5233d033e997b373f\",\"name\":\"Jefferson Sterfeno\",\"image\":{\"@type\":\"ImageObject\",\"inLanguage\":\"pt-BR\",\"@id\":\"https:\/\/blogdobispo.com.br\/#\/schema\/person\/image\/\",\"url\":\"https:\/\/secure.gravatar.com\/avatar\/0534e84764641168a677026b6d57a3f51dc7ac4db0b4f6186d9cb330d4ee1160?s=96&d=mm&r=g\",\"contentUrl\":\"https:\/\/secure.gravatar.com\/avatar\/0534e84764641168a677026b6d57a3f51dc7ac4db0b4f6186d9cb330d4ee1160?s=96&d=mm&r=g\",\"caption\":\"Jefferson Sterfeno\"},\"sameAs\":[\"http:\/\/blogdobispo.com.br\"],\"url\":\"https:\/\/blogdobispo.com.br\/?author=1\"}]}<\/script>\n<!-- \/ Yoast SEO plugin. -->","yoast_head_json":{"title":"9\u00ba encontro Mulheres que Marcam promove imers\u00e3o em marca pessoal e lideran\u00e7a feminina em Natal - Blog do Bispo","robots":{"index":"index","follow":"follow","max-snippet":"max-snippet:-1","max-image-preview":"max-image-preview:large","max-video-preview":"max-video-preview:-1"},"canonical":"https:\/\/blogdobispo.com.br\/?p=17161","og_locale":"pt_BR","og_type":"article","og_title":"9\u00ba encontro Mulheres que Marcam promove imers\u00e3o em marca pessoal e lideran\u00e7a feminina em Natal - Blog do Bispo","og_description":"Com o tema \u2018O real valor da sua marca\u2019, o maior movimento feminino do Nordeste realiza, no dia 17 de agosto, no Teatro Riachuelo, em Natal, uma programa\u00e7\u00e3o intensa voltada ao fortalecimento da marca pessoal e da lideran\u00e7a feminina. No dia 17 de agosto, o Teatro Riachuelo, em Natal, receber\u00e1 o 9\u00ba Encontro Mulheres que [&hellip;]","og_url":"https:\/\/blogdobispo.com.br\/?p=17161","og_site_name":"Blog do Bispo","article_published_time":"2025-08-14T21:11:30+00:00","og_image":[{"url":"https:\/\/blogdobispo.com.br\/wp-content\/uploads\/2025\/08\/73d15dbc-ae0a-42ee-8141-a5d5dddc9ee3-577x1024.jpg","type":"","width":"","height":""}],"author":"Jefferson Sterfeno","twitter_card":"summary_large_image","twitter_misc":{"Escrito por":"Jefferson Sterfeno","Est. tempo de leitura":"3 minutos"},"schema":{"@context":"https:\/\/schema.org","@graph":[{"@type":"Article","@id":"https:\/\/blogdobispo.com.br\/?p=17161#article","isPartOf":{"@id":"https:\/\/blogdobispo.com.br\/?p=17161"},"author":{"name":"Jefferson Sterfeno","@id":"https:\/\/blogdobispo.com.br\/#\/schema\/person\/e2209cc0e6cea5c5233d033e997b373f"},"headline":"9\u00ba encontro Mulheres que Marcam promove imers\u00e3o em marca pessoal e lideran\u00e7a feminina em Natal","datePublished":"2025-08-14T21:11:30+00:00","mainEntityOfPage":{"@id":"https:\/\/blogdobispo.com.br\/?p=17161"},"wordCount":578,"commentCount":0,"publisher":{"@id":"https:\/\/blogdobispo.com.br\/#organization"},"image":{"@id":"https:\/\/blogdobispo.com.br\/?p=17161#primaryimage"},"thumbnailUrl":"https:\/\/i0.wp.com\/blogdobispo.com.br\/wp-content\/uploads\/2025\/08\/73d15dbc-ae0a-42ee-8141-a5d5dddc9ee3.jpg?fit=1127%2C2000&ssl=1","articleSection":["diversos"],"inLanguage":"pt-BR","potentialAction":[{"@type":"CommentAction","name":"Comment","target":["https:\/\/blogdobispo.com.br\/?p=17161#respond"]}]},{"@type":"WebPage","@id":"https:\/\/blogdobispo.com.br\/?p=17161","url":"https:\/\/blogdobispo.com.br\/?p=17161","name":"9\u00ba encontro Mulheres que Marcam promove imers\u00e3o em marca pessoal e lideran\u00e7a feminina em Natal - Blog do Bispo","isPartOf":{"@id":"https:\/\/blogdobispo.com.br\/#website"},"primaryImageOfPage":{"@id":"https:\/\/blogdobispo.com.br\/?p=17161#primaryimage"},"image":{"@id":"https:\/\/blogdobispo.com.br\/?p=17161#primaryimage"},"thumbnailUrl":"https:\/\/i0.wp.com\/blogdobispo.com.br\/wp-content\/uploads\/2025\/08\/73d15dbc-ae0a-42ee-8141-a5d5dddc9ee3.jpg?fit=1127%2C2000&ssl=1","datePublished":"2025-08-14T21:11:30+00:00","breadcrumb":{"@id":"https:\/\/blogdobispo.com.br\/?p=17161#breadcrumb"},"inLanguage":"pt-BR","potentialAction":[{"@type":"ReadAction","target":["https:\/\/blogdobispo.com.br\/?p=17161"]}]},{"@type":"ImageObject","inLanguage":"pt-BR","@id":"https:\/\/blogdobispo.com.br\/?p=17161#primaryimage","url":"https:\/\/i0.wp.com\/blogdobispo.com.br\/wp-content\/uploads\/2025\/08\/73d15dbc-ae0a-42ee-8141-a5d5dddc9ee3.jpg?fit=1127%2C2000&ssl=1","contentUrl":"https:\/\/i0.wp.com\/blogdobispo.com.br\/wp-content\/uploads\/2025\/08\/73d15dbc-ae0a-42ee-8141-a5d5dddc9ee3.jpg?fit=1127%2C2000&ssl=1","width":1127,"height":2000},{"@type":"BreadcrumbList","@id":"https:\/\/blogdobispo.com.br\/?p=17161#breadcrumb","itemListElement":[{"@type":"ListItem","position":1,"name":"In\u00edcio","item":"https:\/\/blogdobispo.com.br\/"},{"@type":"ListItem","position":2,"name":"9\u00ba encontro Mulheres que Marcam promove imers\u00e3o em marca pessoal e lideran\u00e7a feminina em Natal"}]},{"@type":"WebSite","@id":"https:\/\/blogdobispo.com.br\/#website","url":"https:\/\/blogdobispo.com.br\/","name":"Blog do Bispo","description":"Comprometido apenas com o leitor","publisher":{"@id":"https:\/\/blogdobispo.com.br\/#organization"},"potentialAction":[{"@type":"SearchAction","target":{"@type":"EntryPoint","urlTemplate":"https:\/\/blogdobispo.com.br\/?s={search_term_string}"},"query-input":{"@type":"PropertyValueSpecification","valueRequired":true,"valueName":"search_term_string"}}],"inLanguage":"pt-BR"},{"@type":"Organization","@id":"https:\/\/blogdobispo.com.br\/#organization","name":"Blog do Bispo","url":"https:\/\/blogdobispo.com.br\/","logo":{"@type":"ImageObject","inLanguage":"pt-BR","@id":"https:\/\/blogdobispo.com.br\/#\/schema\/logo\/image\/","url":"http:\/\/blogdobispo.com.br\/wp-content\/uploads\/2023\/05\/cropped-headear.png","contentUrl":"http:\/\/blogdobispo.com.br\/wp-content\/uploads\/2023\/05\/cropped-headear.png","width":1500,"height":399,"caption":"Blog do Bispo"},"image":{"@id":"https:\/\/blogdobispo.com.br\/#\/schema\/logo\/image\/"}},{"@type":"Person","@id":"https:\/\/blogdobispo.com.br\/#\/schema\/person\/e2209cc0e6cea5c5233d033e997b373f","name":"Jefferson Sterfeno","image":{"@type":"ImageObject","inLanguage":"pt-BR","@id":"https:\/\/blogdobispo.com.br\/#\/schema\/person\/image\/","url":"https:\/\/secure.gravatar.com\/avatar\/0534e84764641168a677026b6d57a3f51dc7ac4db0b4f6186d9cb330d4ee1160?s=96&d=mm&r=g","contentUrl":"https:\/\/secure.gravatar.com\/avatar\/0534e84764641168a677026b6d57a3f51dc7ac4db0b4f6186d9cb330d4ee1160?s=96&d=mm&r=g","caption":"Jefferson Sterfeno"},"sameAs":["http:\/\/blogdobispo.com.br"],"url":"https:\/\/blogdobispo.com.br\/?author=1"}]}},"featured_image_urls":{"full":["https:\/\/i0.wp.com\/blogdobispo.com.br\/wp-content\/uploads\/2025\/08\/73d15dbc-ae0a-42ee-8141-a5d5dddc9ee3.jpg?fit=1127%2C2000&ssl=1",1127,2000,false],"thumbnail":["https:\/\/i0.wp.com\/blogdobispo.com.br\/wp-content\/uploads\/2025\/08\/73d15dbc-ae0a-42ee-8141-a5d5dddc9ee3.jpg?resize=150%2C150&ssl=1",150,150,true],"medium":["https:\/\/i0.wp.com\/blogdobispo.com.br\/wp-content\/uploads\/2025\/08\/73d15dbc-ae0a-42ee-8141-a5d5dddc9ee3.jpg?fit=169%2C300&ssl=1",169,300,true],"medium_large":["https:\/\/i0.wp.com\/blogdobispo.com.br\/wp-content\/uploads\/2025\/08\/73d15dbc-ae0a-42ee-8141-a5d5dddc9ee3.jpg?fit=768%2C1363&ssl=1",768,1363,true],"large":["https:\/\/i0.wp.com\/blogdobispo.com.br\/wp-content\/uploads\/2025\/08\/73d15dbc-ae0a-42ee-8141-a5d5dddc9ee3.jpg?fit=577%2C1024&ssl=1",577,1024,true],"1536x1536":["https:\/\/i0.wp.com\/blogdobispo.com.br\/wp-content\/uploads\/2025\/08\/73d15dbc-ae0a-42ee-8141-a5d5dddc9ee3.jpg?fit=866%2C1536&ssl=1",866,1536,true],"2048x2048":["https:\/\/i0.wp.com\/blogdobispo.com.br\/wp-content\/uploads\/2025\/08\/73d15dbc-ae0a-42ee-8141-a5d5dddc9ee3.jpg?fit=1127%2C2000&ssl=1",1127,2000,true]},"author_info":{"display_name":"Jefferson Sterfeno","author_link":"https:\/\/blogdobispo.com.br\/?author=1"},"category_info":"<a href=\"https:\/\/blogdobispo.com.br\/?cat=1\" rel=\"category\">diversos<\/a>","tag_info":"diversos","comment_count":"0","jetpack_featured_media_url":"https:\/\/i0.wp.com\/blogdobispo.com.br\/wp-content\/uploads\/2025\/08\/73d15dbc-ae0a-42ee-8141-a5d5dddc9ee3.jpg?fit=1127%2C2000&ssl=1","jetpack_sharing_enabled":true,"_links":{"self":[{"href":"https:\/\/blogdobispo.com.br\/index.php?rest_route=\/wp\/v2\/posts\/17161","targetHints":{"allow":["GET"]}}],"collection":[{"href":"https:\/\/blogdobispo.com.br\/index.php?rest_route=\/wp\/v2\/posts"}],"about":[{"href":"https:\/\/blogdobispo.com.br\/index.php?rest_route=\/wp\/v2\/types\/post"}],"author":[{"embeddable":true,"href":"https:\/\/blogdobispo.com.br\/index.php?rest_route=\/wp\/v2\/users\/1"}],"replies":[{"embeddable":true,"href":"https:\/\/blogdobispo.com.br\/index.php?rest_route=%2Fwp%2Fv2%2Fcomments&post=17161"}],"version-history":[{"count":0,"href":"https:\/\/blogdobispo.com.br\/index.php?rest_route=\/wp\/v2\/posts\/17161\/revisions"}],"wp:featuredmedia":[{"embeddable":true,"href":"https:\/\/blogdobispo.com.br\/index.php?rest_route=\/wp\/v2\/media\/17160"}],"wp:attachment":[{"href":"https:\/\/blogdobispo.com.br\/index.php?rest_route=%2Fwp%2Fv2%2Fmedia&parent=17161"}],"wp:term":[{"taxonomy":"category","embeddable":true,"href":"https:\/\/blogdobispo.com.br\/index.php?rest_route=%2Fwp%2Fv2%2Fcategories&post=17161"},{"taxonomy":"post_tag","embeddable":true,"href":"https:\/\/blogdobispo.com.br\/index.php?rest_route=%2Fwp%2Fv2%2Ftags&post=17161"}],"curies":[{"name":"wp","href":"https:\/\/api.w.org\/{rel}","templated":true}]}}