{"id":17157,"date":"2025-08-13T20:26:21","date_gmt":"2025-08-13T20:26:21","guid":{"rendered":"https:\/\/blogdobispo.com.br\/?p=17157"},"modified":"2025-08-13T20:26:21","modified_gmt":"2025-08-13T20:26:21","slug":"daniel-santiago-conhece-servico-modelo-de-autismo-em-joao-pessoa-e-quer-iniciativa-semelhante-em-natal","status":"publish","type":"post","link":"https:\/\/blogdobispo.com.br\/?p=17157","title":{"rendered":"Daniel Santiago conhece servi\u00e7o modelo de autismo em Jo\u00e3o Pessoa e quer iniciativa semelhante em Natal"},"content":{"rendered":"\n<figure class=\"wp-block-image size-large\"><img data-recalc-dims=\"1\" fetchpriority=\"high\" decoding=\"async\" width=\"768\" height=\"1024\" src=\"https:\/\/i0.wp.com\/blogdobispo.com.br\/wp-content\/uploads\/2025\/08\/008f7992-16ca-462d-9a3d-9ef30dab2953-768x1024.jpg?resize=768%2C1024&#038;ssl=1\" class=\"wp-image-17156\" srcset=\"https:\/\/i0.wp.com\/blogdobispo.com.br\/wp-content\/uploads\/2025\/08\/008f7992-16ca-462d-9a3d-9ef30dab2953.jpg?resize=768%2C1024&amp;ssl=1 768w, https:\/\/i0.wp.com\/blogdobispo.com.br\/wp-content\/uploads\/2025\/08\/008f7992-16ca-462d-9a3d-9ef30dab2953.jpg?resize=225%2C300&amp;ssl=1 225w, https:\/\/i0.wp.com\/blogdobispo.com.br\/wp-content\/uploads\/2025\/08\/008f7992-16ca-462d-9a3d-9ef30dab2953.jpg?w=960&amp;ssl=1 960w\" sizes=\"(max-width: 768px) 100vw, 768px\" \/><\/figure>\n\n\n\n<p><\/p>\n\n\n\n<p>O vereador Daniel Santiago (PP), conhecido por sua atua\u00e7\u00e3o em defesa da causa autista na capital potiguar, esteve nesta quarta-feira (13) em Jo\u00e3o Pessoa (PB) para conhecer o funcionamento do Centro de Atendimento ao Autista, equipamento p\u00fablico que j\u00e1 beneficia mais de 400 crian\u00e7as e adolescentes com Transtorno do Espectro Autista (TEA).<\/p>\n\n\n\n<p>O espa\u00e7o \u00e9 refer\u00eancia no atendimento especializado e conta com uma equipe multidisciplinar formada por profissionais de fonoaudiologia, fisioterapia, psicologia, psicomotricidade, terapia ocupacional, nutri\u00e7\u00e3o e servi\u00e7o social. O objetivo \u00e9 oferecer um acompanhamento completo, visando o desenvolvimento integral de cada paciente.<\/p>\n\n\n\n<p>Al\u00e9m do atendimento cl\u00ednico, o centro tamb\u00e9m desenvolve a\u00e7\u00f5es voltadas \u00e0s fam\u00edlias. Enquanto as crian\u00e7as participam das sess\u00f5es terap\u00eauticas, as m\u00e3es e respons\u00e1veis t\u00eam acesso a oficinas de gastronomia, artesanato e biscuit, incentivando o empreendedorismo, a gera\u00e7\u00e3o de renda e a autonomia.<\/p>\n\n\n\n<p>Um dos destaques \u00e9 a sala multisensorial interativa, projetada para estimular os sentidos, o desenvolvimento cognitivo e as habilidades socioemocionais das crian\u00e7as.<\/p>\n\n\n\n<p>Para Daniel Santiago, essa \u00e9 uma experi\u00eancia positiva e inspiradora que pode servir de base para pol\u00edticas p\u00fablicas em Natal. \u201cSa\u00edmos encantados com o trabalho que vimos aqui. \u00c9 um atendimento que une cuidado, inclus\u00e3o e acolhimento, garantindo n\u00e3o s\u00f3 o desenvolvimento das crian\u00e7as, mas tamb\u00e9m o fortalecimento das fam\u00edlias. Vamos lutar para trazer esse modelo para a nossa cidade\u201d, destacou.<\/p>\n","protected":false},"excerpt":{"rendered":"<p>O vereador Daniel Santiago (PP), conhecido por sua atua\u00e7\u00e3o em defesa da causa autista na capital potiguar, esteve nesta quarta-feira (13) em Jo\u00e3o Pessoa (PB) para conhecer o funcionamento do Centro de Atendimento ao Autista, equipamento p\u00fablico que j\u00e1 beneficia mais de 400 crian\u00e7as e adolescentes com Transtorno do Espectro Autista (TEA). O espa\u00e7o \u00e9 [&hellip;]<\/p>\n","protected":false},"author":1,"featured_media":17156,"comment_status":"open","ping_status":"open","sticky":false,"template":"","format":"standard","meta":{"cybocfi_hide_featured_image":"","_jetpack_memberships_contains_paid_content":false,"footnotes":""},"categories":[1],"tags":[],"class_list":["post-17157","post","type-post","status-publish","format-standard","has-post-thumbnail","hentry","category-diversos"],"yoast_head":"<!-- This site is optimized with the Yoast SEO plugin v25.6 - https:\/\/yoast.com\/wordpress\/plugins\/seo\/ -->\n<title>Daniel Santiago conhece servi\u00e7o modelo de autismo em Jo\u00e3o Pessoa e quer iniciativa semelhante em Natal - Blog do Bispo<\/title>\n<meta name=\"robots\" content=\"index, follow, max-snippet:-1, max-image-preview:large, max-video-preview:-1\" \/>\n<link rel=\"canonical\" href=\"https:\/\/blogdobispo.com.br\/?p=17157\" \/>\n<meta property=\"og:locale\" content=\"pt_BR\" \/>\n<meta property=\"og:type\" content=\"article\" \/>\n<meta property=\"og:title\" content=\"Daniel Santiago conhece servi\u00e7o modelo de autismo em Jo\u00e3o Pessoa e quer iniciativa semelhante em Natal - Blog do Bispo\" \/>\n<meta property=\"og:description\" content=\"O vereador Daniel Santiago (PP), conhecido por sua atua\u00e7\u00e3o em defesa da causa autista na capital potiguar, esteve nesta quarta-feira (13) em Jo\u00e3o Pessoa (PB) para conhecer o funcionamento do Centro de Atendimento ao Autista, equipamento p\u00fablico que j\u00e1 beneficia mais de 400 crian\u00e7as e adolescentes com Transtorno do Espectro Autista (TEA). O espa\u00e7o \u00e9 [&hellip;]\" \/>\n<meta property=\"og:url\" content=\"https:\/\/blogdobispo.com.br\/?p=17157\" \/>\n<meta property=\"og:site_name\" content=\"Blog do Bispo\" \/>\n<meta property=\"article:published_time\" content=\"2025-08-13T20:26:21+00:00\" \/>\n<meta property=\"og:image\" content=\"https:\/\/blogdobispo.com.br\/wp-content\/uploads\/2025\/08\/008f7992-16ca-462d-9a3d-9ef30dab2953-768x1024.jpg\" \/>\n<meta name=\"author\" content=\"Jefferson Sterfeno\" \/>\n<meta name=\"twitter:card\" content=\"summary_large_image\" \/>\n<meta name=\"twitter:label1\" content=\"Escrito por\" \/>\n\t<meta name=\"twitter:data1\" content=\"Jefferson Sterfeno\" \/>\n\t<meta name=\"twitter:label2\" content=\"Est. tempo de leitura\" \/>\n\t<meta name=\"twitter:data2\" content=\"1 minuto\" \/>\n<script type=\"application\/ld+json\" class=\"yoast-schema-graph\">{\"@context\":\"https:\/\/schema.org\",\"@graph\":[{\"@type\":\"Article\",\"@id\":\"https:\/\/blogdobispo.com.br\/?p=17157#article\",\"isPartOf\":{\"@id\":\"https:\/\/blogdobispo.com.br\/?p=17157\"},\"author\":{\"name\":\"Jefferson Sterfeno\",\"@id\":\"https:\/\/blogdobispo.com.br\/#\/schema\/person\/e2209cc0e6cea5c5233d033e997b373f\"},\"headline\":\"Daniel Santiago conhece servi\u00e7o modelo de autismo em Jo\u00e3o Pessoa e quer iniciativa semelhante em Natal\",\"datePublished\":\"2025-08-13T20:26:21+00:00\",\"mainEntityOfPage\":{\"@id\":\"https:\/\/blogdobispo.com.br\/?p=17157\"},\"wordCount\":259,\"commentCount\":0,\"publisher\":{\"@id\":\"https:\/\/blogdobispo.com.br\/#organization\"},\"image\":{\"@id\":\"https:\/\/blogdobispo.com.br\/?p=17157#primaryimage\"},\"thumbnailUrl\":\"https:\/\/i0.wp.com\/blogdobispo.com.br\/wp-content\/uploads\/2025\/08\/008f7992-16ca-462d-9a3d-9ef30dab2953.jpg?fit=960%2C1280&ssl=1\",\"articleSection\":[\"diversos\"],\"inLanguage\":\"pt-BR\",\"potentialAction\":[{\"@type\":\"CommentAction\",\"name\":\"Comment\",\"target\":[\"https:\/\/blogdobispo.com.br\/?p=17157#respond\"]}]},{\"@type\":\"WebPage\",\"@id\":\"https:\/\/blogdobispo.com.br\/?p=17157\",\"url\":\"https:\/\/blogdobispo.com.br\/?p=17157\",\"name\":\"Daniel Santiago conhece servi\u00e7o modelo de autismo em Jo\u00e3o Pessoa e quer iniciativa semelhante em Natal - Blog do Bispo\",\"isPartOf\":{\"@id\":\"https:\/\/blogdobispo.com.br\/#website\"},\"primaryImageOfPage\":{\"@id\":\"https:\/\/blogdobispo.com.br\/?p=17157#primaryimage\"},\"image\":{\"@id\":\"https:\/\/blogdobispo.com.br\/?p=17157#primaryimage\"},\"thumbnailUrl\":\"https:\/\/i0.wp.com\/blogdobispo.com.br\/wp-content\/uploads\/2025\/08\/008f7992-16ca-462d-9a3d-9ef30dab2953.jpg?fit=960%2C1280&ssl=1\",\"datePublished\":\"2025-08-13T20:26:21+00:00\",\"breadcrumb\":{\"@id\":\"https:\/\/blogdobispo.com.br\/?p=17157#breadcrumb\"},\"inLanguage\":\"pt-BR\",\"potentialAction\":[{\"@type\":\"ReadAction\",\"target\":[\"https:\/\/blogdobispo.com.br\/?p=17157\"]}]},{\"@type\":\"ImageObject\",\"inLanguage\":\"pt-BR\",\"@id\":\"https:\/\/blogdobispo.com.br\/?p=17157#primaryimage\",\"url\":\"https:\/\/i0.wp.com\/blogdobispo.com.br\/wp-content\/uploads\/2025\/08\/008f7992-16ca-462d-9a3d-9ef30dab2953.jpg?fit=960%2C1280&ssl=1\",\"contentUrl\":\"https:\/\/i0.wp.com\/blogdobispo.com.br\/wp-content\/uploads\/2025\/08\/008f7992-16ca-462d-9a3d-9ef30dab2953.jpg?fit=960%2C1280&ssl=1\",\"width\":960,\"height\":1280},{\"@type\":\"BreadcrumbList\",\"@id\":\"https:\/\/blogdobispo.com.br\/?p=17157#breadcrumb\",\"itemListElement\":[{\"@type\":\"ListItem\",\"position\":1,\"name\":\"In\u00edcio\",\"item\":\"https:\/\/blogdobispo.com.br\/\"},{\"@type\":\"ListItem\",\"position\":2,\"name\":\"Daniel Santiago conhece servi\u00e7o modelo de autismo em Jo\u00e3o Pessoa e quer iniciativa semelhante em Natal\"}]},{\"@type\":\"WebSite\",\"@id\":\"https:\/\/blogdobispo.com.br\/#website\",\"url\":\"https:\/\/blogdobispo.com.br\/\",\"name\":\"Blog do Bispo\",\"description\":\"Comprometido apenas com o leitor\",\"publisher\":{\"@id\":\"https:\/\/blogdobispo.com.br\/#organization\"},\"potentialAction\":[{\"@type\":\"SearchAction\",\"target\":{\"@type\":\"EntryPoint\",\"urlTemplate\":\"https:\/\/blogdobispo.com.br\/?s={search_term_string}\"},\"query-input\":{\"@type\":\"PropertyValueSpecification\",\"valueRequired\":true,\"valueName\":\"search_term_string\"}}],\"inLanguage\":\"pt-BR\"},{\"@type\":\"Organization\",\"@id\":\"https:\/\/blogdobispo.com.br\/#organization\",\"name\":\"Blog do Bispo\",\"url\":\"https:\/\/blogdobispo.com.br\/\",\"logo\":{\"@type\":\"ImageObject\",\"inLanguage\":\"pt-BR\",\"@id\":\"https:\/\/blogdobispo.com.br\/#\/schema\/logo\/image\/\",\"url\":\"http:\/\/blogdobispo.com.br\/wp-content\/uploads\/2023\/05\/cropped-headear.png\",\"contentUrl\":\"http:\/\/blogdobispo.com.br\/wp-content\/uploads\/2023\/05\/cropped-headear.png\",\"width\":1500,\"height\":399,\"caption\":\"Blog do Bispo\"},\"image\":{\"@id\":\"https:\/\/blogdobispo.com.br\/#\/schema\/logo\/image\/\"}},{\"@type\":\"Person\",\"@id\":\"https:\/\/blogdobispo.com.br\/#\/schema\/person\/e2209cc0e6cea5c5233d033e997b373f\",\"name\":\"Jefferson Sterfeno\",\"image\":{\"@type\":\"ImageObject\",\"inLanguage\":\"pt-BR\",\"@id\":\"https:\/\/blogdobispo.com.br\/#\/schema\/person\/image\/\",\"url\":\"https:\/\/secure.gravatar.com\/avatar\/0534e84764641168a677026b6d57a3f51dc7ac4db0b4f6186d9cb330d4ee1160?s=96&d=mm&r=g\",\"contentUrl\":\"https:\/\/secure.gravatar.com\/avatar\/0534e84764641168a677026b6d57a3f51dc7ac4db0b4f6186d9cb330d4ee1160?s=96&d=mm&r=g\",\"caption\":\"Jefferson Sterfeno\"},\"sameAs\":[\"http:\/\/blogdobispo.com.br\"],\"url\":\"https:\/\/blogdobispo.com.br\/?author=1\"}]}<\/script>\n<!-- \/ Yoast SEO plugin. -->","yoast_head_json":{"title":"Daniel Santiago conhece servi\u00e7o modelo de autismo em Jo\u00e3o Pessoa e quer iniciativa semelhante em Natal - Blog do Bispo","robots":{"index":"index","follow":"follow","max-snippet":"max-snippet:-1","max-image-preview":"max-image-preview:large","max-video-preview":"max-video-preview:-1"},"canonical":"https:\/\/blogdobispo.com.br\/?p=17157","og_locale":"pt_BR","og_type":"article","og_title":"Daniel Santiago conhece servi\u00e7o modelo de autismo em Jo\u00e3o Pessoa e quer iniciativa semelhante em Natal - Blog do Bispo","og_description":"O vereador Daniel Santiago (PP), conhecido por sua atua\u00e7\u00e3o em defesa da causa autista na capital potiguar, esteve nesta quarta-feira (13) em Jo\u00e3o Pessoa (PB) para conhecer o funcionamento do Centro de Atendimento ao Autista, equipamento p\u00fablico que j\u00e1 beneficia mais de 400 crian\u00e7as e adolescentes com Transtorno do Espectro Autista (TEA). O espa\u00e7o \u00e9 [&hellip;]","og_url":"https:\/\/blogdobispo.com.br\/?p=17157","og_site_name":"Blog do Bispo","article_published_time":"2025-08-13T20:26:21+00:00","og_image":[{"url":"https:\/\/blogdobispo.com.br\/wp-content\/uploads\/2025\/08\/008f7992-16ca-462d-9a3d-9ef30dab2953-768x1024.jpg","type":"","width":"","height":""}],"author":"Jefferson Sterfeno","twitter_card":"summary_large_image","twitter_misc":{"Escrito por":"Jefferson Sterfeno","Est. tempo de leitura":"1 minuto"},"schema":{"@context":"https:\/\/schema.org","@graph":[{"@type":"Article","@id":"https:\/\/blogdobispo.com.br\/?p=17157#article","isPartOf":{"@id":"https:\/\/blogdobispo.com.br\/?p=17157"},"author":{"name":"Jefferson Sterfeno","@id":"https:\/\/blogdobispo.com.br\/#\/schema\/person\/e2209cc0e6cea5c5233d033e997b373f"},"headline":"Daniel Santiago conhece servi\u00e7o modelo de autismo em Jo\u00e3o Pessoa e quer iniciativa semelhante em Natal","datePublished":"2025-08-13T20:26:21+00:00","mainEntityOfPage":{"@id":"https:\/\/blogdobispo.com.br\/?p=17157"},"wordCount":259,"commentCount":0,"publisher":{"@id":"https:\/\/blogdobispo.com.br\/#organization"},"image":{"@id":"https:\/\/blogdobispo.com.br\/?p=17157#primaryimage"},"thumbnailUrl":"https:\/\/i0.wp.com\/blogdobispo.com.br\/wp-content\/uploads\/2025\/08\/008f7992-16ca-462d-9a3d-9ef30dab2953.jpg?fit=960%2C1280&ssl=1","articleSection":["diversos"],"inLanguage":"pt-BR","potentialAction":[{"@type":"CommentAction","name":"Comment","target":["https:\/\/blogdobispo.com.br\/?p=17157#respond"]}]},{"@type":"WebPage","@id":"https:\/\/blogdobispo.com.br\/?p=17157","url":"https:\/\/blogdobispo.com.br\/?p=17157","name":"Daniel Santiago conhece servi\u00e7o modelo de autismo em Jo\u00e3o Pessoa e quer iniciativa semelhante em Natal - Blog do Bispo","isPartOf":{"@id":"https:\/\/blogdobispo.com.br\/#website"},"primaryImageOfPage":{"@id":"https:\/\/blogdobispo.com.br\/?p=17157#primaryimage"},"image":{"@id":"https:\/\/blogdobispo.com.br\/?p=17157#primaryimage"},"thumbnailUrl":"https:\/\/i0.wp.com\/blogdobispo.com.br\/wp-content\/uploads\/2025\/08\/008f7992-16ca-462d-9a3d-9ef30dab2953.jpg?fit=960%2C1280&ssl=1","datePublished":"2025-08-13T20:26:21+00:00","breadcrumb":{"@id":"https:\/\/blogdobispo.com.br\/?p=17157#breadcrumb"},"inLanguage":"pt-BR","potentialAction":[{"@type":"ReadAction","target":["https:\/\/blogdobispo.com.br\/?p=17157"]}]},{"@type":"ImageObject","inLanguage":"pt-BR","@id":"https:\/\/blogdobispo.com.br\/?p=17157#primaryimage","url":"https:\/\/i0.wp.com\/blogdobispo.com.br\/wp-content\/uploads\/2025\/08\/008f7992-16ca-462d-9a3d-9ef30dab2953.jpg?fit=960%2C1280&ssl=1","contentUrl":"https:\/\/i0.wp.com\/blogdobispo.com.br\/wp-content\/uploads\/2025\/08\/008f7992-16ca-462d-9a3d-9ef30dab2953.jpg?fit=960%2C1280&ssl=1","width":960,"height":1280},{"@type":"BreadcrumbList","@id":"https:\/\/blogdobispo.com.br\/?p=17157#breadcrumb","itemListElement":[{"@type":"ListItem","position":1,"name":"In\u00edcio","item":"https:\/\/blogdobispo.com.br\/"},{"@type":"ListItem","position":2,"name":"Daniel Santiago conhece servi\u00e7o modelo de autismo em Jo\u00e3o Pessoa e quer iniciativa semelhante em Natal"}]},{"@type":"WebSite","@id":"https:\/\/blogdobispo.com.br\/#website","url":"https:\/\/blogdobispo.com.br\/","name":"Blog do Bispo","description":"Comprometido apenas com o leitor","publisher":{"@id":"https:\/\/blogdobispo.com.br\/#organization"},"potentialAction":[{"@type":"SearchAction","target":{"@type":"EntryPoint","urlTemplate":"https:\/\/blogdobispo.com.br\/?s={search_term_string}"},"query-input":{"@type":"PropertyValueSpecification","valueRequired":true,"valueName":"search_term_string"}}],"inLanguage":"pt-BR"},{"@type":"Organization","@id":"https:\/\/blogdobispo.com.br\/#organization","name":"Blog do Bispo","url":"https:\/\/blogdobispo.com.br\/","logo":{"@type":"ImageObject","inLanguage":"pt-BR","@id":"https:\/\/blogdobispo.com.br\/#\/schema\/logo\/image\/","url":"http:\/\/blogdobispo.com.br\/wp-content\/uploads\/2023\/05\/cropped-headear.png","contentUrl":"http:\/\/blogdobispo.com.br\/wp-content\/uploads\/2023\/05\/cropped-headear.png","width":1500,"height":399,"caption":"Blog do Bispo"},"image":{"@id":"https:\/\/blogdobispo.com.br\/#\/schema\/logo\/image\/"}},{"@type":"Person","@id":"https:\/\/blogdobispo.com.br\/#\/schema\/person\/e2209cc0e6cea5c5233d033e997b373f","name":"Jefferson Sterfeno","image":{"@type":"ImageObject","inLanguage":"pt-BR","@id":"https:\/\/blogdobispo.com.br\/#\/schema\/person\/image\/","url":"https:\/\/secure.gravatar.com\/avatar\/0534e84764641168a677026b6d57a3f51dc7ac4db0b4f6186d9cb330d4ee1160?s=96&d=mm&r=g","contentUrl":"https:\/\/secure.gravatar.com\/avatar\/0534e84764641168a677026b6d57a3f51dc7ac4db0b4f6186d9cb330d4ee1160?s=96&d=mm&r=g","caption":"Jefferson Sterfeno"},"sameAs":["http:\/\/blogdobispo.com.br"],"url":"https:\/\/blogdobispo.com.br\/?author=1"}]}},"featured_image_urls":{"full":["https:\/\/i0.wp.com\/blogdobispo.com.br\/wp-content\/uploads\/2025\/08\/008f7992-16ca-462d-9a3d-9ef30dab2953.jpg?fit=960%2C1280&ssl=1",960,1280,false],"thumbnail":["https:\/\/i0.wp.com\/blogdobispo.com.br\/wp-content\/uploads\/2025\/08\/008f7992-16ca-462d-9a3d-9ef30dab2953.jpg?resize=150%2C150&ssl=1",150,150,true],"medium":["https:\/\/i0.wp.com\/blogdobispo.com.br\/wp-content\/uploads\/2025\/08\/008f7992-16ca-462d-9a3d-9ef30dab2953.jpg?fit=225%2C300&ssl=1",225,300,true],"medium_large":["https:\/\/i0.wp.com\/blogdobispo.com.br\/wp-content\/uploads\/2025\/08\/008f7992-16ca-462d-9a3d-9ef30dab2953.jpg?fit=768%2C1024&ssl=1",768,1024,true],"large":["https:\/\/i0.wp.com\/blogdobispo.com.br\/wp-content\/uploads\/2025\/08\/008f7992-16ca-462d-9a3d-9ef30dab2953.jpg?fit=768%2C1024&ssl=1",768,1024,true],"1536x1536":["https:\/\/i0.wp.com\/blogdobispo.com.br\/wp-content\/uploads\/2025\/08\/008f7992-16ca-462d-9a3d-9ef30dab2953.jpg?fit=960%2C1280&ssl=1",960,1280,true],"2048x2048":["https:\/\/i0.wp.com\/blogdobispo.com.br\/wp-content\/uploads\/2025\/08\/008f7992-16ca-462d-9a3d-9ef30dab2953.jpg?fit=960%2C1280&ssl=1",960,1280,true]},"author_info":{"display_name":"Jefferson Sterfeno","author_link":"https:\/\/blogdobispo.com.br\/?author=1"},"category_info":"<a href=\"https:\/\/blogdobispo.com.br\/?cat=1\" rel=\"category\">diversos<\/a>","tag_info":"diversos","comment_count":"0","jetpack_featured_media_url":"https:\/\/i0.wp.com\/blogdobispo.com.br\/wp-content\/uploads\/2025\/08\/008f7992-16ca-462d-9a3d-9ef30dab2953.jpg?fit=960%2C1280&ssl=1","jetpack_sharing_enabled":true,"_links":{"self":[{"href":"https:\/\/blogdobispo.com.br\/index.php?rest_route=\/wp\/v2\/posts\/17157","targetHints":{"allow":["GET"]}}],"collection":[{"href":"https:\/\/blogdobispo.com.br\/index.php?rest_route=\/wp\/v2\/posts"}],"about":[{"href":"https:\/\/blogdobispo.com.br\/index.php?rest_route=\/wp\/v2\/types\/post"}],"author":[{"embeddable":true,"href":"https:\/\/blogdobispo.com.br\/index.php?rest_route=\/wp\/v2\/users\/1"}],"replies":[{"embeddable":true,"href":"https:\/\/blogdobispo.com.br\/index.php?rest_route=%2Fwp%2Fv2%2Fcomments&post=17157"}],"version-history":[{"count":0,"href":"https:\/\/blogdobispo.com.br\/index.php?rest_route=\/wp\/v2\/posts\/17157\/revisions"}],"wp:featuredmedia":[{"embeddable":true,"href":"https:\/\/blogdobispo.com.br\/index.php?rest_route=\/wp\/v2\/media\/17156"}],"wp:attachment":[{"href":"https:\/\/blogdobispo.com.br\/index.php?rest_route=%2Fwp%2Fv2%2Fmedia&parent=17157"}],"wp:term":[{"taxonomy":"category","embeddable":true,"href":"https:\/\/blogdobispo.com.br\/index.php?rest_route=%2Fwp%2Fv2%2Fcategories&post=17157"},{"taxonomy":"post_tag","embeddable":true,"href":"https:\/\/blogdobispo.com.br\/index.php?rest_route=%2Fwp%2Fv2%2Ftags&post=17157"}],"curies":[{"name":"wp","href":"https:\/\/api.w.org\/{rel}","templated":true}]}}