{"id":17154,"date":"2025-08-13T20:19:51","date_gmt":"2025-08-13T20:19:51","guid":{"rendered":"https:\/\/blogdobispo.com.br\/?p=17154"},"modified":"2025-08-13T20:22:04","modified_gmt":"2025-08-13T20:22:04","slug":"17154","status":"publish","type":"post","link":"https:\/\/blogdobispo.com.br\/?p=17154","title":{"rendered":"Controladoria de Natal une for\u00e7as em Bras\u00edlia por mais efici\u00eancia e transpar\u00eancia"},"content":{"rendered":"\n<p><\/p>\n\n\n\n<p>O Controlador-Geral do Munic\u00edpio de Natal, Rozelildo Silva, e o Controlador-Geral Adjunto, Leonardo Ximenes, est\u00e3o em Bras\u00edlia\/DF participando de um encontro nacional promovido pelo Tribunal de Contas da Uni\u00e3o (TCU) e pela Controladoria-Geral da Uni\u00e3o (CGU), que re\u00fane autoridades e especialistas de todo o pa\u00eds para debater tecnologia, inova\u00e7\u00e3o e moderniza\u00e7\u00e3o no controle interno.<\/p>\n\n\n\n<p>O alinhamento entre os dois dirigentes tem sido fundamental para consolidar projetos e estrat\u00e9gias que ampliam a capacidade t\u00e9cnica da Controladoria-Geral, fortalecendo a governan\u00e7a e a transpar\u00eancia na administra\u00e7\u00e3o municipal.<\/p>\n\n\n\n<p>A atual gest\u00e3o do prefeito Paulinho Freire mant\u00e9m como prioridade a moderniza\u00e7\u00e3o das pr\u00e1ticas de controle, investindo em solu\u00e7\u00f5es tecnol\u00f3gicas e no interc\u00e2mbio de experi\u00eancias com outras institui\u00e7\u00f5es de todo o Brasil. A participa\u00e7\u00e3o no evento integra essa agenda, refor\u00e7ando o compromisso com efici\u00eancia, integridade e aprimoramento da gest\u00e3o p\u00fablica.<\/p>\n\n\n\n<p>Durante a programa\u00e7\u00e3o, Roselildo Silva e Leonardo Ximenes tamb\u00e9m registraram presen\u00e7a ao lado do ex-ministro da Advocacia-Geral da Uni\u00e3o (AGU), F\u00e1bio Medina Os\u00f3rio, que participa como palestrante e conduz debates sobre as responsabilidades dos agentes p\u00fablicos e o impacto da intelig\u00eancia artificial na gest\u00e3o.<\/p>\n\n\n\n<figure class=\"wp-block-image size-large\"><img data-recalc-dims=\"1\" fetchpriority=\"high\" decoding=\"async\" width=\"689\" height=\"1024\" src=\"https:\/\/i0.wp.com\/blogdobispo.com.br\/wp-content\/uploads\/2025\/08\/7cb1c517-99a8-44a9-bcb7-eacc0885a639-689x1024.jpg?resize=689%2C1024&#038;ssl=1\" alt=\"\" class=\"wp-image-17153\" srcset=\"https:\/\/i0.wp.com\/blogdobispo.com.br\/wp-content\/uploads\/2025\/08\/7cb1c517-99a8-44a9-bcb7-eacc0885a639.jpg?resize=689%2C1024&amp;ssl=1 689w, https:\/\/i0.wp.com\/blogdobispo.com.br\/wp-content\/uploads\/2025\/08\/7cb1c517-99a8-44a9-bcb7-eacc0885a639.jpg?resize=202%2C300&amp;ssl=1 202w, https:\/\/i0.wp.com\/blogdobispo.com.br\/wp-content\/uploads\/2025\/08\/7cb1c517-99a8-44a9-bcb7-eacc0885a639.jpg?resize=768%2C1141&amp;ssl=1 768w, https:\/\/i0.wp.com\/blogdobispo.com.br\/wp-content\/uploads\/2025\/08\/7cb1c517-99a8-44a9-bcb7-eacc0885a639.jpg?w=942&amp;ssl=1 942w\" sizes=\"(max-width: 689px) 100vw, 689px\" \/><\/figure>\n","protected":false},"excerpt":{"rendered":"<p>O Controlador-Geral do Munic\u00edpio de Natal, Rozelildo Silva, e o Controlador-Geral Adjunto, Leonardo Ximenes, est\u00e3o em Bras\u00edlia\/DF participando de um encontro nacional promovido pelo Tribunal de Contas da Uni\u00e3o (TCU) e pela Controladoria-Geral da Uni\u00e3o (CGU), que re\u00fane autoridades e especialistas de todo o pa\u00eds para debater tecnologia, inova\u00e7\u00e3o e moderniza\u00e7\u00e3o no controle interno. O [&hellip;]<\/p>\n","protected":false},"author":1,"featured_media":17153,"comment_status":"open","ping_status":"open","sticky":false,"template":"","format":"standard","meta":{"cybocfi_hide_featured_image":"","_jetpack_memberships_contains_paid_content":false,"footnotes":""},"categories":[1],"tags":[],"class_list":["post-17154","post","type-post","status-publish","format-standard","has-post-thumbnail","hentry","category-diversos"],"yoast_head":"<!-- This site is optimized with the Yoast SEO plugin v25.6 - https:\/\/yoast.com\/wordpress\/plugins\/seo\/ -->\n<title>Controladoria de Natal une for\u00e7as em Bras\u00edlia por mais efici\u00eancia e transpar\u00eancia - Blog do Bispo<\/title>\n<meta name=\"robots\" content=\"index, follow, max-snippet:-1, max-image-preview:large, max-video-preview:-1\" \/>\n<link rel=\"canonical\" href=\"https:\/\/blogdobispo.com.br\/?p=17154\" \/>\n<meta property=\"og:locale\" content=\"pt_BR\" \/>\n<meta property=\"og:type\" content=\"article\" \/>\n<meta property=\"og:title\" content=\"Controladoria de Natal une for\u00e7as em Bras\u00edlia por mais efici\u00eancia e transpar\u00eancia - Blog do Bispo\" \/>\n<meta property=\"og:description\" content=\"O Controlador-Geral do Munic\u00edpio de Natal, Rozelildo Silva, e o Controlador-Geral Adjunto, Leonardo Ximenes, est\u00e3o em Bras\u00edlia\/DF participando de um encontro nacional promovido pelo Tribunal de Contas da Uni\u00e3o (TCU) e pela Controladoria-Geral da Uni\u00e3o (CGU), que re\u00fane autoridades e especialistas de todo o pa\u00eds para debater tecnologia, inova\u00e7\u00e3o e moderniza\u00e7\u00e3o no controle interno. O [&hellip;]\" \/>\n<meta property=\"og:url\" content=\"https:\/\/blogdobispo.com.br\/?p=17154\" \/>\n<meta property=\"og:site_name\" content=\"Blog do Bispo\" \/>\n<meta property=\"article:published_time\" content=\"2025-08-13T20:19:51+00:00\" \/>\n<meta property=\"article:modified_time\" content=\"2025-08-13T20:22:04+00:00\" \/>\n<meta property=\"og:image\" content=\"https:\/\/i0.wp.com\/blogdobispo.com.br\/wp-content\/uploads\/2025\/08\/7cb1c517-99a8-44a9-bcb7-eacc0885a639.jpg?fit=942%2C1399&ssl=1\" \/>\n\t<meta property=\"og:image:width\" content=\"942\" \/>\n\t<meta property=\"og:image:height\" content=\"1399\" \/>\n\t<meta property=\"og:image:type\" content=\"image\/jpeg\" \/>\n<meta name=\"author\" content=\"Jefferson Sterfeno\" \/>\n<meta name=\"twitter:card\" content=\"summary_large_image\" \/>\n<meta name=\"twitter:label1\" content=\"Escrito por\" \/>\n\t<meta name=\"twitter:data1\" content=\"Jefferson Sterfeno\" \/>\n\t<meta name=\"twitter:label2\" content=\"Est. tempo de leitura\" \/>\n\t<meta name=\"twitter:data2\" content=\"1 minuto\" \/>\n<script type=\"application\/ld+json\" class=\"yoast-schema-graph\">{\"@context\":\"https:\/\/schema.org\",\"@graph\":[{\"@type\":\"Article\",\"@id\":\"https:\/\/blogdobispo.com.br\/?p=17154#article\",\"isPartOf\":{\"@id\":\"https:\/\/blogdobispo.com.br\/?p=17154\"},\"author\":{\"name\":\"Jefferson Sterfeno\",\"@id\":\"https:\/\/blogdobispo.com.br\/#\/schema\/person\/e2209cc0e6cea5c5233d033e997b373f\"},\"headline\":\"Controladoria de Natal une for\u00e7as em Bras\u00edlia por mais efici\u00eancia e transpar\u00eancia\",\"datePublished\":\"2025-08-13T20:19:51+00:00\",\"dateModified\":\"2025-08-13T20:22:04+00:00\",\"mainEntityOfPage\":{\"@id\":\"https:\/\/blogdobispo.com.br\/?p=17154\"},\"wordCount\":232,\"commentCount\":0,\"publisher\":{\"@id\":\"https:\/\/blogdobispo.com.br\/#organization\"},\"image\":{\"@id\":\"https:\/\/blogdobispo.com.br\/?p=17154#primaryimage\"},\"thumbnailUrl\":\"https:\/\/i0.wp.com\/blogdobispo.com.br\/wp-content\/uploads\/2025\/08\/7cb1c517-99a8-44a9-bcb7-eacc0885a639.jpg?fit=942%2C1399&ssl=1\",\"articleSection\":[\"diversos\"],\"inLanguage\":\"pt-BR\",\"potentialAction\":[{\"@type\":\"CommentAction\",\"name\":\"Comment\",\"target\":[\"https:\/\/blogdobispo.com.br\/?p=17154#respond\"]}]},{\"@type\":\"WebPage\",\"@id\":\"https:\/\/blogdobispo.com.br\/?p=17154\",\"url\":\"https:\/\/blogdobispo.com.br\/?p=17154\",\"name\":\"Controladoria de Natal une for\u00e7as em Bras\u00edlia por mais efici\u00eancia e transpar\u00eancia - Blog do Bispo\",\"isPartOf\":{\"@id\":\"https:\/\/blogdobispo.com.br\/#website\"},\"primaryImageOfPage\":{\"@id\":\"https:\/\/blogdobispo.com.br\/?p=17154#primaryimage\"},\"image\":{\"@id\":\"https:\/\/blogdobispo.com.br\/?p=17154#primaryimage\"},\"thumbnailUrl\":\"https:\/\/i0.wp.com\/blogdobispo.com.br\/wp-content\/uploads\/2025\/08\/7cb1c517-99a8-44a9-bcb7-eacc0885a639.jpg?fit=942%2C1399&ssl=1\",\"datePublished\":\"2025-08-13T20:19:51+00:00\",\"dateModified\":\"2025-08-13T20:22:04+00:00\",\"breadcrumb\":{\"@id\":\"https:\/\/blogdobispo.com.br\/?p=17154#breadcrumb\"},\"inLanguage\":\"pt-BR\",\"potentialAction\":[{\"@type\":\"ReadAction\",\"target\":[\"https:\/\/blogdobispo.com.br\/?p=17154\"]}]},{\"@type\":\"ImageObject\",\"inLanguage\":\"pt-BR\",\"@id\":\"https:\/\/blogdobispo.com.br\/?p=17154#primaryimage\",\"url\":\"https:\/\/i0.wp.com\/blogdobispo.com.br\/wp-content\/uploads\/2025\/08\/7cb1c517-99a8-44a9-bcb7-eacc0885a639.jpg?fit=942%2C1399&ssl=1\",\"contentUrl\":\"https:\/\/i0.wp.com\/blogdobispo.com.br\/wp-content\/uploads\/2025\/08\/7cb1c517-99a8-44a9-bcb7-eacc0885a639.jpg?fit=942%2C1399&ssl=1\",\"width\":942,\"height\":1399},{\"@type\":\"BreadcrumbList\",\"@id\":\"https:\/\/blogdobispo.com.br\/?p=17154#breadcrumb\",\"itemListElement\":[{\"@type\":\"ListItem\",\"position\":1,\"name\":\"In\u00edcio\",\"item\":\"https:\/\/blogdobispo.com.br\/\"},{\"@type\":\"ListItem\",\"position\":2,\"name\":\"Controladoria de Natal une for\u00e7as em Bras\u00edlia por mais efici\u00eancia e transpar\u00eancia\"}]},{\"@type\":\"WebSite\",\"@id\":\"https:\/\/blogdobispo.com.br\/#website\",\"url\":\"https:\/\/blogdobispo.com.br\/\",\"name\":\"Blog do Bispo\",\"description\":\"Comprometido apenas com o leitor\",\"publisher\":{\"@id\":\"https:\/\/blogdobispo.com.br\/#organization\"},\"potentialAction\":[{\"@type\":\"SearchAction\",\"target\":{\"@type\":\"EntryPoint\",\"urlTemplate\":\"https:\/\/blogdobispo.com.br\/?s={search_term_string}\"},\"query-input\":{\"@type\":\"PropertyValueSpecification\",\"valueRequired\":true,\"valueName\":\"search_term_string\"}}],\"inLanguage\":\"pt-BR\"},{\"@type\":\"Organization\",\"@id\":\"https:\/\/blogdobispo.com.br\/#organization\",\"name\":\"Blog do Bispo\",\"url\":\"https:\/\/blogdobispo.com.br\/\",\"logo\":{\"@type\":\"ImageObject\",\"inLanguage\":\"pt-BR\",\"@id\":\"https:\/\/blogdobispo.com.br\/#\/schema\/logo\/image\/\",\"url\":\"http:\/\/blogdobispo.com.br\/wp-content\/uploads\/2023\/05\/cropped-headear.png\",\"contentUrl\":\"http:\/\/blogdobispo.com.br\/wp-content\/uploads\/2023\/05\/cropped-headear.png\",\"width\":1500,\"height\":399,\"caption\":\"Blog do Bispo\"},\"image\":{\"@id\":\"https:\/\/blogdobispo.com.br\/#\/schema\/logo\/image\/\"}},{\"@type\":\"Person\",\"@id\":\"https:\/\/blogdobispo.com.br\/#\/schema\/person\/e2209cc0e6cea5c5233d033e997b373f\",\"name\":\"Jefferson Sterfeno\",\"image\":{\"@type\":\"ImageObject\",\"inLanguage\":\"pt-BR\",\"@id\":\"https:\/\/blogdobispo.com.br\/#\/schema\/person\/image\/\",\"url\":\"https:\/\/secure.gravatar.com\/avatar\/0534e84764641168a677026b6d57a3f51dc7ac4db0b4f6186d9cb330d4ee1160?s=96&d=mm&r=g\",\"contentUrl\":\"https:\/\/secure.gravatar.com\/avatar\/0534e84764641168a677026b6d57a3f51dc7ac4db0b4f6186d9cb330d4ee1160?s=96&d=mm&r=g\",\"caption\":\"Jefferson Sterfeno\"},\"sameAs\":[\"http:\/\/blogdobispo.com.br\"],\"url\":\"https:\/\/blogdobispo.com.br\/?author=1\"}]}<\/script>\n<!-- \/ Yoast SEO plugin. -->","yoast_head_json":{"title":"Controladoria de Natal une for\u00e7as em Bras\u00edlia por mais efici\u00eancia e transpar\u00eancia - Blog do Bispo","robots":{"index":"index","follow":"follow","max-snippet":"max-snippet:-1","max-image-preview":"max-image-preview:large","max-video-preview":"max-video-preview:-1"},"canonical":"https:\/\/blogdobispo.com.br\/?p=17154","og_locale":"pt_BR","og_type":"article","og_title":"Controladoria de Natal une for\u00e7as em Bras\u00edlia por mais efici\u00eancia e transpar\u00eancia - Blog do Bispo","og_description":"O Controlador-Geral do Munic\u00edpio de Natal, Rozelildo Silva, e o Controlador-Geral Adjunto, Leonardo Ximenes, est\u00e3o em Bras\u00edlia\/DF participando de um encontro nacional promovido pelo Tribunal de Contas da Uni\u00e3o (TCU) e pela Controladoria-Geral da Uni\u00e3o (CGU), que re\u00fane autoridades e especialistas de todo o pa\u00eds para debater tecnologia, inova\u00e7\u00e3o e moderniza\u00e7\u00e3o no controle interno. O [&hellip;]","og_url":"https:\/\/blogdobispo.com.br\/?p=17154","og_site_name":"Blog do Bispo","article_published_time":"2025-08-13T20:19:51+00:00","article_modified_time":"2025-08-13T20:22:04+00:00","og_image":[{"width":942,"height":1399,"url":"https:\/\/i0.wp.com\/blogdobispo.com.br\/wp-content\/uploads\/2025\/08\/7cb1c517-99a8-44a9-bcb7-eacc0885a639.jpg?fit=942%2C1399&ssl=1","type":"image\/jpeg"}],"author":"Jefferson Sterfeno","twitter_card":"summary_large_image","twitter_misc":{"Escrito por":"Jefferson Sterfeno","Est. tempo de leitura":"1 minuto"},"schema":{"@context":"https:\/\/schema.org","@graph":[{"@type":"Article","@id":"https:\/\/blogdobispo.com.br\/?p=17154#article","isPartOf":{"@id":"https:\/\/blogdobispo.com.br\/?p=17154"},"author":{"name":"Jefferson Sterfeno","@id":"https:\/\/blogdobispo.com.br\/#\/schema\/person\/e2209cc0e6cea5c5233d033e997b373f"},"headline":"Controladoria de Natal une for\u00e7as em Bras\u00edlia por mais efici\u00eancia e transpar\u00eancia","datePublished":"2025-08-13T20:19:51+00:00","dateModified":"2025-08-13T20:22:04+00:00","mainEntityOfPage":{"@id":"https:\/\/blogdobispo.com.br\/?p=17154"},"wordCount":232,"commentCount":0,"publisher":{"@id":"https:\/\/blogdobispo.com.br\/#organization"},"image":{"@id":"https:\/\/blogdobispo.com.br\/?p=17154#primaryimage"},"thumbnailUrl":"https:\/\/i0.wp.com\/blogdobispo.com.br\/wp-content\/uploads\/2025\/08\/7cb1c517-99a8-44a9-bcb7-eacc0885a639.jpg?fit=942%2C1399&ssl=1","articleSection":["diversos"],"inLanguage":"pt-BR","potentialAction":[{"@type":"CommentAction","name":"Comment","target":["https:\/\/blogdobispo.com.br\/?p=17154#respond"]}]},{"@type":"WebPage","@id":"https:\/\/blogdobispo.com.br\/?p=17154","url":"https:\/\/blogdobispo.com.br\/?p=17154","name":"Controladoria de Natal une for\u00e7as em Bras\u00edlia por mais efici\u00eancia e transpar\u00eancia - Blog do Bispo","isPartOf":{"@id":"https:\/\/blogdobispo.com.br\/#website"},"primaryImageOfPage":{"@id":"https:\/\/blogdobispo.com.br\/?p=17154#primaryimage"},"image":{"@id":"https:\/\/blogdobispo.com.br\/?p=17154#primaryimage"},"thumbnailUrl":"https:\/\/i0.wp.com\/blogdobispo.com.br\/wp-content\/uploads\/2025\/08\/7cb1c517-99a8-44a9-bcb7-eacc0885a639.jpg?fit=942%2C1399&ssl=1","datePublished":"2025-08-13T20:19:51+00:00","dateModified":"2025-08-13T20:22:04+00:00","breadcrumb":{"@id":"https:\/\/blogdobispo.com.br\/?p=17154#breadcrumb"},"inLanguage":"pt-BR","potentialAction":[{"@type":"ReadAction","target":["https:\/\/blogdobispo.com.br\/?p=17154"]}]},{"@type":"ImageObject","inLanguage":"pt-BR","@id":"https:\/\/blogdobispo.com.br\/?p=17154#primaryimage","url":"https:\/\/i0.wp.com\/blogdobispo.com.br\/wp-content\/uploads\/2025\/08\/7cb1c517-99a8-44a9-bcb7-eacc0885a639.jpg?fit=942%2C1399&ssl=1","contentUrl":"https:\/\/i0.wp.com\/blogdobispo.com.br\/wp-content\/uploads\/2025\/08\/7cb1c517-99a8-44a9-bcb7-eacc0885a639.jpg?fit=942%2C1399&ssl=1","width":942,"height":1399},{"@type":"BreadcrumbList","@id":"https:\/\/blogdobispo.com.br\/?p=17154#breadcrumb","itemListElement":[{"@type":"ListItem","position":1,"name":"In\u00edcio","item":"https:\/\/blogdobispo.com.br\/"},{"@type":"ListItem","position":2,"name":"Controladoria de Natal une for\u00e7as em Bras\u00edlia por mais efici\u00eancia e transpar\u00eancia"}]},{"@type":"WebSite","@id":"https:\/\/blogdobispo.com.br\/#website","url":"https:\/\/blogdobispo.com.br\/","name":"Blog do Bispo","description":"Comprometido apenas com o leitor","publisher":{"@id":"https:\/\/blogdobispo.com.br\/#organization"},"potentialAction":[{"@type":"SearchAction","target":{"@type":"EntryPoint","urlTemplate":"https:\/\/blogdobispo.com.br\/?s={search_term_string}"},"query-input":{"@type":"PropertyValueSpecification","valueRequired":true,"valueName":"search_term_string"}}],"inLanguage":"pt-BR"},{"@type":"Organization","@id":"https:\/\/blogdobispo.com.br\/#organization","name":"Blog do Bispo","url":"https:\/\/blogdobispo.com.br\/","logo":{"@type":"ImageObject","inLanguage":"pt-BR","@id":"https:\/\/blogdobispo.com.br\/#\/schema\/logo\/image\/","url":"http:\/\/blogdobispo.com.br\/wp-content\/uploads\/2023\/05\/cropped-headear.png","contentUrl":"http:\/\/blogdobispo.com.br\/wp-content\/uploads\/2023\/05\/cropped-headear.png","width":1500,"height":399,"caption":"Blog do Bispo"},"image":{"@id":"https:\/\/blogdobispo.com.br\/#\/schema\/logo\/image\/"}},{"@type":"Person","@id":"https:\/\/blogdobispo.com.br\/#\/schema\/person\/e2209cc0e6cea5c5233d033e997b373f","name":"Jefferson Sterfeno","image":{"@type":"ImageObject","inLanguage":"pt-BR","@id":"https:\/\/blogdobispo.com.br\/#\/schema\/person\/image\/","url":"https:\/\/secure.gravatar.com\/avatar\/0534e84764641168a677026b6d57a3f51dc7ac4db0b4f6186d9cb330d4ee1160?s=96&d=mm&r=g","contentUrl":"https:\/\/secure.gravatar.com\/avatar\/0534e84764641168a677026b6d57a3f51dc7ac4db0b4f6186d9cb330d4ee1160?s=96&d=mm&r=g","caption":"Jefferson Sterfeno"},"sameAs":["http:\/\/blogdobispo.com.br"],"url":"https:\/\/blogdobispo.com.br\/?author=1"}]}},"featured_image_urls":{"full":["https:\/\/i0.wp.com\/blogdobispo.com.br\/wp-content\/uploads\/2025\/08\/7cb1c517-99a8-44a9-bcb7-eacc0885a639.jpg?fit=942%2C1399&ssl=1",942,1399,false],"thumbnail":["https:\/\/i0.wp.com\/blogdobispo.com.br\/wp-content\/uploads\/2025\/08\/7cb1c517-99a8-44a9-bcb7-eacc0885a639.jpg?resize=150%2C150&ssl=1",150,150,true],"medium":["https:\/\/i0.wp.com\/blogdobispo.com.br\/wp-content\/uploads\/2025\/08\/7cb1c517-99a8-44a9-bcb7-eacc0885a639.jpg?fit=202%2C300&ssl=1",202,300,true],"medium_large":["https:\/\/i0.wp.com\/blogdobispo.com.br\/wp-content\/uploads\/2025\/08\/7cb1c517-99a8-44a9-bcb7-eacc0885a639.jpg?fit=768%2C1141&ssl=1",768,1141,true],"large":["https:\/\/i0.wp.com\/blogdobispo.com.br\/wp-content\/uploads\/2025\/08\/7cb1c517-99a8-44a9-bcb7-eacc0885a639.jpg?fit=689%2C1024&ssl=1",689,1024,true],"1536x1536":["https:\/\/i0.wp.com\/blogdobispo.com.br\/wp-content\/uploads\/2025\/08\/7cb1c517-99a8-44a9-bcb7-eacc0885a639.jpg?fit=942%2C1399&ssl=1",942,1399,true],"2048x2048":["https:\/\/i0.wp.com\/blogdobispo.com.br\/wp-content\/uploads\/2025\/08\/7cb1c517-99a8-44a9-bcb7-eacc0885a639.jpg?fit=942%2C1399&ssl=1",942,1399,true]},"author_info":{"display_name":"Jefferson Sterfeno","author_link":"https:\/\/blogdobispo.com.br\/?author=1"},"category_info":"<a href=\"https:\/\/blogdobispo.com.br\/?cat=1\" rel=\"category\">diversos<\/a>","tag_info":"diversos","comment_count":"0","jetpack_featured_media_url":"https:\/\/i0.wp.com\/blogdobispo.com.br\/wp-content\/uploads\/2025\/08\/7cb1c517-99a8-44a9-bcb7-eacc0885a639.jpg?fit=942%2C1399&ssl=1","jetpack_sharing_enabled":true,"_links":{"self":[{"href":"https:\/\/blogdobispo.com.br\/index.php?rest_route=\/wp\/v2\/posts\/17154","targetHints":{"allow":["GET"]}}],"collection":[{"href":"https:\/\/blogdobispo.com.br\/index.php?rest_route=\/wp\/v2\/posts"}],"about":[{"href":"https:\/\/blogdobispo.com.br\/index.php?rest_route=\/wp\/v2\/types\/post"}],"author":[{"embeddable":true,"href":"https:\/\/blogdobispo.com.br\/index.php?rest_route=\/wp\/v2\/users\/1"}],"replies":[{"embeddable":true,"href":"https:\/\/blogdobispo.com.br\/index.php?rest_route=%2Fwp%2Fv2%2Fcomments&post=17154"}],"version-history":[{"count":1,"href":"https:\/\/blogdobispo.com.br\/index.php?rest_route=\/wp\/v2\/posts\/17154\/revisions"}],"predecessor-version":[{"id":17155,"href":"https:\/\/blogdobispo.com.br\/index.php?rest_route=\/wp\/v2\/posts\/17154\/revisions\/17155"}],"wp:featuredmedia":[{"embeddable":true,"href":"https:\/\/blogdobispo.com.br\/index.php?rest_route=\/wp\/v2\/media\/17153"}],"wp:attachment":[{"href":"https:\/\/blogdobispo.com.br\/index.php?rest_route=%2Fwp%2Fv2%2Fmedia&parent=17154"}],"wp:term":[{"taxonomy":"category","embeddable":true,"href":"https:\/\/blogdobispo.com.br\/index.php?rest_route=%2Fwp%2Fv2%2Fcategories&post=17154"},{"taxonomy":"post_tag","embeddable":true,"href":"https:\/\/blogdobispo.com.br\/index.php?rest_route=%2Fwp%2Fv2%2Ftags&post=17154"}],"curies":[{"name":"wp","href":"https:\/\/api.w.org\/{rel}","templated":true}]}}