{"id":17140,"date":"2025-08-13T17:26:33","date_gmt":"2025-08-13T17:26:33","guid":{"rendered":"https:\/\/blogdobispo.com.br\/?p=17140"},"modified":"2025-08-13T17:57:30","modified_gmt":"2025-08-13T17:57:30","slug":"cartao-educa-parnamirim-vai-modernizar-aquisicao-de-fardamento-e-material-escolar-na-cidade","status":"publish","type":"post","link":"https:\/\/blogdobispo.com.br\/?p=17140","title":{"rendered":"Cart\u00e3o Educa Parnamirim vai modernizar aquisi\u00e7\u00e3o de fardamento e material escolar na cidade"},"content":{"rendered":"<p>A Prefeitura de Parnamirim apresentou nesta semana uma solu\u00e7\u00e3o que vai resolver os desafios da aquisi\u00e7\u00e3o e distribui\u00e7\u00e3o de fardamento e material escolar para os quase 25 mil alunos na cidade, o cart\u00e3o Educa Parnamirim. No final do ano letivo, ao renovar a matr\u00edcula para 2026, cada aluno vai receber um cart\u00e3o para aquisi\u00e7\u00e3o do fardamento e material escolar na loja de sua prefer\u00eancia na pr\u00f3pria cidade.<\/p>\n<p>&nbsp;<\/p>\n<p>Para a prefeita Nilda Cruz, o cart\u00e3o Educa Parnamirim vai fazer o dinheiro circular na pr\u00f3pria cidade, fortalecendo empresas parnamirinenses e beneficiando as fam\u00edlias residentes. \u201cO investimento vai ficar aqui mesmo em Parnamirim, tanto em forma de cr\u00e9dito para as fam\u00edlias adquirirem seus itens, como vai retornar aos cofres p\u00fablicos em forma de tributo. Dignidade para as fam\u00edlias e mais movimento no com\u00e9rcio significam uma Parnamirim cada vez mais pr\u00f3spera\u201d, disse.<\/p>\n<p>&nbsp;<\/p>\n<p><img data-recalc-dims=\"1\" fetchpriority=\"high\" decoding=\"async\" src=\"https:\/\/i0.wp.com\/blogdobispo.com.br\/wp-content\/uploads\/2025\/08\/img_6080.jpg?resize=679%2C452&#038;ssl=1\" class=\"size-full wp-image-17146\" width=\"679\" height=\"452\" srcset=\"https:\/\/i0.wp.com\/blogdobispo.com.br\/wp-content\/uploads\/2025\/08\/img_6080.jpg?w=679&amp;ssl=1 679w, https:\/\/i0.wp.com\/blogdobispo.com.br\/wp-content\/uploads\/2025\/08\/img_6080.jpg?resize=300%2C200&amp;ssl=1 300w\" sizes=\"(max-width: 679px) 100vw, 679px\" \/>Diversas cidades de Santa Catarina, Rio de Janeiro, Goi\u00e1s, S\u00e3o Paulo e Distrito Federal j\u00e1 utilizam a estrat\u00e9gia para superar as dificuldades da entrega de materiais, que geralmente acontece em larga escala. No sistema tradicional, as prefeituras licitam a aquisi\u00e7\u00e3o do fardamento e ficam respons\u00e1veis por receber e distribuir o material aos alunos. A compra \u00e9 centralizada em uma s\u00f3 empresa, que geralmente n\u00e3o \u00e9 da cidade. At\u00e9 que a entrega seja conclu\u00edda (ou at\u00e9 depois disso), s\u00e3o muitos os entraves que podem acontecer, como atrasos por parte do fornecedor e diverg\u00eancia nos tamanhos do uniforme.<\/p>\n<p>&nbsp;<\/p>\n<p>Com o cart\u00e3o Educa Parnamirim, a aquisi\u00e7\u00e3o de materiais escolares e fardamentos vai se dar de forma r\u00e1pida, pr\u00e1tica e adequada \u00e0s necessidades de cada estudante. A iniciativa vai promover mais cidadania, combater a evas\u00e3o escolar, conferir autonomia \u00e0s fam\u00edlias e fortalecer o com\u00e9rcio local. A Prefeitura espera um aquecimento dos setores t\u00eaxtil e de papelarias, com o aumento da circula\u00e7\u00e3o de clientes que devem comprar os itens escolares na pr\u00f3pria cidade.<\/p>\n","protected":false},"excerpt":{"rendered":"<p>A Prefeitura de Parnamirim apresentou nesta semana uma solu\u00e7\u00e3o que vai resolver os desafios da aquisi\u00e7\u00e3o e distribui\u00e7\u00e3o de fardamento e material escolar para os quase 25 mil alunos na cidade, o cart\u00e3o Educa Parnamirim. No final do ano letivo, ao renovar a matr\u00edcula para 2026, cada aluno vai receber um cart\u00e3o para aquisi\u00e7\u00e3o do [&hellip;]<\/p>\n","protected":false},"author":1,"featured_media":17146,"comment_status":"open","ping_status":"open","sticky":false,"template":"","format":"standard","meta":{"cybocfi_hide_featured_image":"","_jetpack_memberships_contains_paid_content":false,"footnotes":""},"categories":[1],"tags":[],"class_list":["post-17140","post","type-post","status-publish","format-standard","has-post-thumbnail","hentry","category-diversos"],"yoast_head":"<!-- This site is optimized with the Yoast SEO plugin v25.6 - https:\/\/yoast.com\/wordpress\/plugins\/seo\/ -->\n<title>Cart\u00e3o Educa Parnamirim vai modernizar aquisi\u00e7\u00e3o de fardamento e material escolar na cidade - Blog do Bispo<\/title>\n<meta name=\"robots\" content=\"index, follow, max-snippet:-1, max-image-preview:large, max-video-preview:-1\" \/>\n<link rel=\"canonical\" href=\"https:\/\/blogdobispo.com.br\/?p=17140\" \/>\n<meta property=\"og:locale\" content=\"pt_BR\" \/>\n<meta property=\"og:type\" content=\"article\" \/>\n<meta property=\"og:title\" content=\"Cart\u00e3o Educa Parnamirim vai modernizar aquisi\u00e7\u00e3o de fardamento e material escolar na cidade - Blog do Bispo\" \/>\n<meta property=\"og:description\" content=\"A Prefeitura de Parnamirim apresentou nesta semana uma solu\u00e7\u00e3o que vai resolver os desafios da aquisi\u00e7\u00e3o e distribui\u00e7\u00e3o de fardamento e material escolar para os quase 25 mil alunos na cidade, o cart\u00e3o Educa Parnamirim. No final do ano letivo, ao renovar a matr\u00edcula para 2026, cada aluno vai receber um cart\u00e3o para aquisi\u00e7\u00e3o do [&hellip;]\" \/>\n<meta property=\"og:url\" content=\"https:\/\/blogdobispo.com.br\/?p=17140\" \/>\n<meta property=\"og:site_name\" content=\"Blog do Bispo\" \/>\n<meta property=\"article:published_time\" content=\"2025-08-13T17:26:33+00:00\" \/>\n<meta property=\"article:modified_time\" content=\"2025-08-13T17:57:30+00:00\" \/>\n<meta property=\"og:image\" content=\"https:\/\/blogdobispo.com.br\/wp-content\/uploads\/2025\/08\/img_6080.jpg\" \/>\n<meta name=\"author\" content=\"Jefferson Sterfeno\" \/>\n<meta name=\"twitter:card\" content=\"summary_large_image\" \/>\n<meta name=\"twitter:label1\" content=\"Escrito por\" \/>\n\t<meta name=\"twitter:data1\" content=\"Jefferson Sterfeno\" \/>\n\t<meta name=\"twitter:label2\" content=\"Est. tempo de leitura\" \/>\n\t<meta name=\"twitter:data2\" content=\"2 minutos\" \/>\n<script type=\"application\/ld+json\" class=\"yoast-schema-graph\">{\"@context\":\"https:\/\/schema.org\",\"@graph\":[{\"@type\":\"Article\",\"@id\":\"https:\/\/blogdobispo.com.br\/?p=17140#article\",\"isPartOf\":{\"@id\":\"https:\/\/blogdobispo.com.br\/?p=17140\"},\"author\":{\"name\":\"Jefferson Sterfeno\",\"@id\":\"https:\/\/blogdobispo.com.br\/#\/schema\/person\/e2209cc0e6cea5c5233d033e997b373f\"},\"headline\":\"Cart\u00e3o Educa Parnamirim vai modernizar aquisi\u00e7\u00e3o de fardamento e material escolar na cidade\",\"datePublished\":\"2025-08-13T17:26:33+00:00\",\"dateModified\":\"2025-08-13T17:57:30+00:00\",\"mainEntityOfPage\":{\"@id\":\"https:\/\/blogdobispo.com.br\/?p=17140\"},\"wordCount\":357,\"commentCount\":0,\"publisher\":{\"@id\":\"https:\/\/blogdobispo.com.br\/#organization\"},\"image\":{\"@id\":\"https:\/\/blogdobispo.com.br\/?p=17140#primaryimage\"},\"thumbnailUrl\":\"https:\/\/i0.wp.com\/blogdobispo.com.br\/wp-content\/uploads\/2025\/08\/img_6080.jpg?fit=679%2C452&ssl=1\",\"articleSection\":[\"diversos\"],\"inLanguage\":\"pt-BR\",\"potentialAction\":[{\"@type\":\"CommentAction\",\"name\":\"Comment\",\"target\":[\"https:\/\/blogdobispo.com.br\/?p=17140#respond\"]}]},{\"@type\":\"WebPage\",\"@id\":\"https:\/\/blogdobispo.com.br\/?p=17140\",\"url\":\"https:\/\/blogdobispo.com.br\/?p=17140\",\"name\":\"Cart\u00e3o Educa Parnamirim vai modernizar aquisi\u00e7\u00e3o de fardamento e material escolar na cidade - Blog do Bispo\",\"isPartOf\":{\"@id\":\"https:\/\/blogdobispo.com.br\/#website\"},\"primaryImageOfPage\":{\"@id\":\"https:\/\/blogdobispo.com.br\/?p=17140#primaryimage\"},\"image\":{\"@id\":\"https:\/\/blogdobispo.com.br\/?p=17140#primaryimage\"},\"thumbnailUrl\":\"https:\/\/i0.wp.com\/blogdobispo.com.br\/wp-content\/uploads\/2025\/08\/img_6080.jpg?fit=679%2C452&ssl=1\",\"datePublished\":\"2025-08-13T17:26:33+00:00\",\"dateModified\":\"2025-08-13T17:57:30+00:00\",\"breadcrumb\":{\"@id\":\"https:\/\/blogdobispo.com.br\/?p=17140#breadcrumb\"},\"inLanguage\":\"pt-BR\",\"potentialAction\":[{\"@type\":\"ReadAction\",\"target\":[\"https:\/\/blogdobispo.com.br\/?p=17140\"]}]},{\"@type\":\"ImageObject\",\"inLanguage\":\"pt-BR\",\"@id\":\"https:\/\/blogdobispo.com.br\/?p=17140#primaryimage\",\"url\":\"https:\/\/i0.wp.com\/blogdobispo.com.br\/wp-content\/uploads\/2025\/08\/img_6080.jpg?fit=679%2C452&ssl=1\",\"contentUrl\":\"https:\/\/i0.wp.com\/blogdobispo.com.br\/wp-content\/uploads\/2025\/08\/img_6080.jpg?fit=679%2C452&ssl=1\",\"width\":679,\"height\":452},{\"@type\":\"BreadcrumbList\",\"@id\":\"https:\/\/blogdobispo.com.br\/?p=17140#breadcrumb\",\"itemListElement\":[{\"@type\":\"ListItem\",\"position\":1,\"name\":\"In\u00edcio\",\"item\":\"https:\/\/blogdobispo.com.br\/\"},{\"@type\":\"ListItem\",\"position\":2,\"name\":\"Cart\u00e3o Educa Parnamirim vai modernizar aquisi\u00e7\u00e3o de fardamento e material escolar na cidade\"}]},{\"@type\":\"WebSite\",\"@id\":\"https:\/\/blogdobispo.com.br\/#website\",\"url\":\"https:\/\/blogdobispo.com.br\/\",\"name\":\"Blog do Bispo\",\"description\":\"Comprometido apenas com o leitor\",\"publisher\":{\"@id\":\"https:\/\/blogdobispo.com.br\/#organization\"},\"potentialAction\":[{\"@type\":\"SearchAction\",\"target\":{\"@type\":\"EntryPoint\",\"urlTemplate\":\"https:\/\/blogdobispo.com.br\/?s={search_term_string}\"},\"query-input\":{\"@type\":\"PropertyValueSpecification\",\"valueRequired\":true,\"valueName\":\"search_term_string\"}}],\"inLanguage\":\"pt-BR\"},{\"@type\":\"Organization\",\"@id\":\"https:\/\/blogdobispo.com.br\/#organization\",\"name\":\"Blog do Bispo\",\"url\":\"https:\/\/blogdobispo.com.br\/\",\"logo\":{\"@type\":\"ImageObject\",\"inLanguage\":\"pt-BR\",\"@id\":\"https:\/\/blogdobispo.com.br\/#\/schema\/logo\/image\/\",\"url\":\"http:\/\/blogdobispo.com.br\/wp-content\/uploads\/2023\/05\/cropped-headear.png\",\"contentUrl\":\"http:\/\/blogdobispo.com.br\/wp-content\/uploads\/2023\/05\/cropped-headear.png\",\"width\":1500,\"height\":399,\"caption\":\"Blog do Bispo\"},\"image\":{\"@id\":\"https:\/\/blogdobispo.com.br\/#\/schema\/logo\/image\/\"}},{\"@type\":\"Person\",\"@id\":\"https:\/\/blogdobispo.com.br\/#\/schema\/person\/e2209cc0e6cea5c5233d033e997b373f\",\"name\":\"Jefferson Sterfeno\",\"image\":{\"@type\":\"ImageObject\",\"inLanguage\":\"pt-BR\",\"@id\":\"https:\/\/blogdobispo.com.br\/#\/schema\/person\/image\/\",\"url\":\"https:\/\/secure.gravatar.com\/avatar\/0534e84764641168a677026b6d57a3f51dc7ac4db0b4f6186d9cb330d4ee1160?s=96&d=mm&r=g\",\"contentUrl\":\"https:\/\/secure.gravatar.com\/avatar\/0534e84764641168a677026b6d57a3f51dc7ac4db0b4f6186d9cb330d4ee1160?s=96&d=mm&r=g\",\"caption\":\"Jefferson Sterfeno\"},\"sameAs\":[\"http:\/\/blogdobispo.com.br\"],\"url\":\"https:\/\/blogdobispo.com.br\/?author=1\"}]}<\/script>\n<!-- \/ Yoast SEO plugin. -->","yoast_head_json":{"title":"Cart\u00e3o Educa Parnamirim vai modernizar aquisi\u00e7\u00e3o de fardamento e material escolar na cidade - Blog do Bispo","robots":{"index":"index","follow":"follow","max-snippet":"max-snippet:-1","max-image-preview":"max-image-preview:large","max-video-preview":"max-video-preview:-1"},"canonical":"https:\/\/blogdobispo.com.br\/?p=17140","og_locale":"pt_BR","og_type":"article","og_title":"Cart\u00e3o Educa Parnamirim vai modernizar aquisi\u00e7\u00e3o de fardamento e material escolar na cidade - Blog do Bispo","og_description":"A Prefeitura de Parnamirim apresentou nesta semana uma solu\u00e7\u00e3o que vai resolver os desafios da aquisi\u00e7\u00e3o e distribui\u00e7\u00e3o de fardamento e material escolar para os quase 25 mil alunos na cidade, o cart\u00e3o Educa Parnamirim. No final do ano letivo, ao renovar a matr\u00edcula para 2026, cada aluno vai receber um cart\u00e3o para aquisi\u00e7\u00e3o do [&hellip;]","og_url":"https:\/\/blogdobispo.com.br\/?p=17140","og_site_name":"Blog do Bispo","article_published_time":"2025-08-13T17:26:33+00:00","article_modified_time":"2025-08-13T17:57:30+00:00","og_image":[{"url":"https:\/\/blogdobispo.com.br\/wp-content\/uploads\/2025\/08\/img_6080.jpg","type":"","width":"","height":""}],"author":"Jefferson Sterfeno","twitter_card":"summary_large_image","twitter_misc":{"Escrito por":"Jefferson Sterfeno","Est. tempo de leitura":"2 minutos"},"schema":{"@context":"https:\/\/schema.org","@graph":[{"@type":"Article","@id":"https:\/\/blogdobispo.com.br\/?p=17140#article","isPartOf":{"@id":"https:\/\/blogdobispo.com.br\/?p=17140"},"author":{"name":"Jefferson Sterfeno","@id":"https:\/\/blogdobispo.com.br\/#\/schema\/person\/e2209cc0e6cea5c5233d033e997b373f"},"headline":"Cart\u00e3o Educa Parnamirim vai modernizar aquisi\u00e7\u00e3o de fardamento e material escolar na cidade","datePublished":"2025-08-13T17:26:33+00:00","dateModified":"2025-08-13T17:57:30+00:00","mainEntityOfPage":{"@id":"https:\/\/blogdobispo.com.br\/?p=17140"},"wordCount":357,"commentCount":0,"publisher":{"@id":"https:\/\/blogdobispo.com.br\/#organization"},"image":{"@id":"https:\/\/blogdobispo.com.br\/?p=17140#primaryimage"},"thumbnailUrl":"https:\/\/i0.wp.com\/blogdobispo.com.br\/wp-content\/uploads\/2025\/08\/img_6080.jpg?fit=679%2C452&ssl=1","articleSection":["diversos"],"inLanguage":"pt-BR","potentialAction":[{"@type":"CommentAction","name":"Comment","target":["https:\/\/blogdobispo.com.br\/?p=17140#respond"]}]},{"@type":"WebPage","@id":"https:\/\/blogdobispo.com.br\/?p=17140","url":"https:\/\/blogdobispo.com.br\/?p=17140","name":"Cart\u00e3o Educa Parnamirim vai modernizar aquisi\u00e7\u00e3o de fardamento e material escolar na cidade - Blog do Bispo","isPartOf":{"@id":"https:\/\/blogdobispo.com.br\/#website"},"primaryImageOfPage":{"@id":"https:\/\/blogdobispo.com.br\/?p=17140#primaryimage"},"image":{"@id":"https:\/\/blogdobispo.com.br\/?p=17140#primaryimage"},"thumbnailUrl":"https:\/\/i0.wp.com\/blogdobispo.com.br\/wp-content\/uploads\/2025\/08\/img_6080.jpg?fit=679%2C452&ssl=1","datePublished":"2025-08-13T17:26:33+00:00","dateModified":"2025-08-13T17:57:30+00:00","breadcrumb":{"@id":"https:\/\/blogdobispo.com.br\/?p=17140#breadcrumb"},"inLanguage":"pt-BR","potentialAction":[{"@type":"ReadAction","target":["https:\/\/blogdobispo.com.br\/?p=17140"]}]},{"@type":"ImageObject","inLanguage":"pt-BR","@id":"https:\/\/blogdobispo.com.br\/?p=17140#primaryimage","url":"https:\/\/i0.wp.com\/blogdobispo.com.br\/wp-content\/uploads\/2025\/08\/img_6080.jpg?fit=679%2C452&ssl=1","contentUrl":"https:\/\/i0.wp.com\/blogdobispo.com.br\/wp-content\/uploads\/2025\/08\/img_6080.jpg?fit=679%2C452&ssl=1","width":679,"height":452},{"@type":"BreadcrumbList","@id":"https:\/\/blogdobispo.com.br\/?p=17140#breadcrumb","itemListElement":[{"@type":"ListItem","position":1,"name":"In\u00edcio","item":"https:\/\/blogdobispo.com.br\/"},{"@type":"ListItem","position":2,"name":"Cart\u00e3o Educa Parnamirim vai modernizar aquisi\u00e7\u00e3o de fardamento e material escolar na cidade"}]},{"@type":"WebSite","@id":"https:\/\/blogdobispo.com.br\/#website","url":"https:\/\/blogdobispo.com.br\/","name":"Blog do Bispo","description":"Comprometido apenas com o leitor","publisher":{"@id":"https:\/\/blogdobispo.com.br\/#organization"},"potentialAction":[{"@type":"SearchAction","target":{"@type":"EntryPoint","urlTemplate":"https:\/\/blogdobispo.com.br\/?s={search_term_string}"},"query-input":{"@type":"PropertyValueSpecification","valueRequired":true,"valueName":"search_term_string"}}],"inLanguage":"pt-BR"},{"@type":"Organization","@id":"https:\/\/blogdobispo.com.br\/#organization","name":"Blog do Bispo","url":"https:\/\/blogdobispo.com.br\/","logo":{"@type":"ImageObject","inLanguage":"pt-BR","@id":"https:\/\/blogdobispo.com.br\/#\/schema\/logo\/image\/","url":"http:\/\/blogdobispo.com.br\/wp-content\/uploads\/2023\/05\/cropped-headear.png","contentUrl":"http:\/\/blogdobispo.com.br\/wp-content\/uploads\/2023\/05\/cropped-headear.png","width":1500,"height":399,"caption":"Blog do Bispo"},"image":{"@id":"https:\/\/blogdobispo.com.br\/#\/schema\/logo\/image\/"}},{"@type":"Person","@id":"https:\/\/blogdobispo.com.br\/#\/schema\/person\/e2209cc0e6cea5c5233d033e997b373f","name":"Jefferson Sterfeno","image":{"@type":"ImageObject","inLanguage":"pt-BR","@id":"https:\/\/blogdobispo.com.br\/#\/schema\/person\/image\/","url":"https:\/\/secure.gravatar.com\/avatar\/0534e84764641168a677026b6d57a3f51dc7ac4db0b4f6186d9cb330d4ee1160?s=96&d=mm&r=g","contentUrl":"https:\/\/secure.gravatar.com\/avatar\/0534e84764641168a677026b6d57a3f51dc7ac4db0b4f6186d9cb330d4ee1160?s=96&d=mm&r=g","caption":"Jefferson Sterfeno"},"sameAs":["http:\/\/blogdobispo.com.br"],"url":"https:\/\/blogdobispo.com.br\/?author=1"}]}},"featured_image_urls":{"full":["https:\/\/i0.wp.com\/blogdobispo.com.br\/wp-content\/uploads\/2025\/08\/img_6080.jpg?fit=679%2C452&ssl=1",679,452,false],"thumbnail":["https:\/\/i0.wp.com\/blogdobispo.com.br\/wp-content\/uploads\/2025\/08\/img_6080.jpg?resize=150%2C150&ssl=1",150,150,true],"medium":["https:\/\/i0.wp.com\/blogdobispo.com.br\/wp-content\/uploads\/2025\/08\/img_6080.jpg?fit=300%2C200&ssl=1",300,200,true],"medium_large":["https:\/\/i0.wp.com\/blogdobispo.com.br\/wp-content\/uploads\/2025\/08\/img_6080.jpg?fit=679%2C452&ssl=1",679,452,true],"large":["https:\/\/i0.wp.com\/blogdobispo.com.br\/wp-content\/uploads\/2025\/08\/img_6080.jpg?fit=679%2C452&ssl=1",679,452,true],"1536x1536":["https:\/\/i0.wp.com\/blogdobispo.com.br\/wp-content\/uploads\/2025\/08\/img_6080.jpg?fit=679%2C452&ssl=1",679,452,true],"2048x2048":["https:\/\/i0.wp.com\/blogdobispo.com.br\/wp-content\/uploads\/2025\/08\/img_6080.jpg?fit=679%2C452&ssl=1",679,452,true]},"author_info":{"display_name":"Jefferson Sterfeno","author_link":"https:\/\/blogdobispo.com.br\/?author=1"},"category_info":"<a href=\"https:\/\/blogdobispo.com.br\/?cat=1\" rel=\"category\">diversos<\/a>","tag_info":"diversos","comment_count":"0","jetpack_featured_media_url":"https:\/\/i0.wp.com\/blogdobispo.com.br\/wp-content\/uploads\/2025\/08\/img_6080.jpg?fit=679%2C452&ssl=1","jetpack_sharing_enabled":true,"_links":{"self":[{"href":"https:\/\/blogdobispo.com.br\/index.php?rest_route=\/wp\/v2\/posts\/17140","targetHints":{"allow":["GET"]}}],"collection":[{"href":"https:\/\/blogdobispo.com.br\/index.php?rest_route=\/wp\/v2\/posts"}],"about":[{"href":"https:\/\/blogdobispo.com.br\/index.php?rest_route=\/wp\/v2\/types\/post"}],"author":[{"embeddable":true,"href":"https:\/\/blogdobispo.com.br\/index.php?rest_route=\/wp\/v2\/users\/1"}],"replies":[{"embeddable":true,"href":"https:\/\/blogdobispo.com.br\/index.php?rest_route=%2Fwp%2Fv2%2Fcomments&post=17140"}],"version-history":[{"count":2,"href":"https:\/\/blogdobispo.com.br\/index.php?rest_route=\/wp\/v2\/posts\/17140\/revisions"}],"predecessor-version":[{"id":17147,"href":"https:\/\/blogdobispo.com.br\/index.php?rest_route=\/wp\/v2\/posts\/17140\/revisions\/17147"}],"wp:featuredmedia":[{"embeddable":true,"href":"https:\/\/blogdobispo.com.br\/index.php?rest_route=\/wp\/v2\/media\/17146"}],"wp:attachment":[{"href":"https:\/\/blogdobispo.com.br\/index.php?rest_route=%2Fwp%2Fv2%2Fmedia&parent=17140"}],"wp:term":[{"taxonomy":"category","embeddable":true,"href":"https:\/\/blogdobispo.com.br\/index.php?rest_route=%2Fwp%2Fv2%2Fcategories&post=17140"},{"taxonomy":"post_tag","embeddable":true,"href":"https:\/\/blogdobispo.com.br\/index.php?rest_route=%2Fwp%2Fv2%2Ftags&post=17140"}],"curies":[{"name":"wp","href":"https:\/\/api.w.org\/{rel}","templated":true}]}}