{"id":17136,"date":"2025-08-13T17:16:20","date_gmt":"2025-08-13T17:16:20","guid":{"rendered":"https:\/\/blogdobispo.com.br\/?p=17136"},"modified":"2025-08-13T17:16:20","modified_gmt":"2025-08-13T17:16:20","slug":"em-brasilia-prefeitura-faz-nova-reuniao-com-antp-sobre-licitacao-do-transporte","status":"publish","type":"post","link":"https:\/\/blogdobispo.com.br\/?p=17136","title":{"rendered":"Em Bras\u00edlia, Prefeitura faz nova reuni\u00e3o com ANTP sobre licita\u00e7\u00e3o do transporte"},"content":{"rendered":"<div class=\"post-content text-justify pt-4\">\n<p align=\"justify\">A licita\u00e7\u00e3o do sistema de transporte p\u00fablico de Natal foi tema de reuni\u00e3o nesta ter\u00e7a-feira (12), em Bras\u00edlia, entre o prefeito Paulinho Freire, equipes da Secretaria Municipal de Mobilidade Urbana (STTU) e representantes da Associa\u00e7\u00e3o Nacional de Transportes P\u00fablicos (ANTP), respons\u00e1vel pelos estudos e pela elabora\u00e7\u00e3o do edital.<\/p>\n<p align=\"justify\">\n<p align=\"justify\">O prefeito Paulinho Freire informou que o objetivo \u00e9 concluir o processo ainda neste semestre. \u201cEstamos trabalhando para que o edital seja finalizado e publicado, trazendo melhorias concretas para o transporte da cidade\u201d, afirmou.<\/p>\n<p align=\"justify\">\n<p align=\"justify\">Para a secret\u00e1ria municipal de Mobilidade Urbana, J\u00f3dia Melo, o encontro tamb\u00e9m serviu para apresentar as altera\u00e7\u00f5es do documento, feitas para atender \u00e0s recomenda\u00e7\u00f5es do Tribunal de Contas do Estado. \u201cExplicamos os impactos dessas mudan\u00e7as e definimos o calend\u00e1rio das etapas finais do processo\u201d, disse.<\/p>\n<p align=\"justify\">\n<p align=\"justify\">O edital prev\u00ea concorr\u00eancia em n\u00edvel nacional e aumento no n\u00famero de linhas e viagens. Os ve\u00edculos ter\u00e3o idade m\u00e1xima de 12 anos e dever\u00e3o ser equipados com ar-condicionado, c\u00e2meras de seguran\u00e7a e manter intervalo m\u00e1ximo de 30 minutos no entrepico.<\/p>\n<p align=\"justify\">\n<p align=\"justify\">Em 2016 e 2017, tamb\u00e9m foram lan\u00e7ados editais, mas nenhuma empresa apresentou proposta.<\/p>\n<p align=\"justify\">\n<p align=\"justify\">Participaram ainda da reuni\u00e3o o secret\u00e1rio adjunto da STTU, Newton Filho, o secret\u00e1rio municipal de Planejamento, Vagner Ara\u00fajo, e o controlador-geral adjunto do munic\u00edpio, Leonardo Ximenes.<\/p>\n<\/div>\n<hr \/>\n<div id=\"accordionExamplePalavrasChave\" class=\"accordion\">\n<div class=\"card\">\n<div id=\"headingOnePalavrasChave\" class=\"card-header\">\n<div class=\"row\"><\/div>\n<\/div>\n<div id=\"collapseOnePalavrasChave\" class=\"collapse show\" aria-labelledby=\"headingOnePalavrasChave\" data-parent=\"#accordionExamplePalavrasChave\"><img data-recalc-dims=\"1\" fetchpriority=\"high\" decoding=\"async\" class=\"alignnone size-medium wp-image-17137\" src=\"https:\/\/i0.wp.com\/blogdobispo.com.br\/wp-content\/uploads\/2025\/08\/43053_Original.jpeg?resize=225%2C300\" alt=\"\" width=\"225\" height=\"300\" srcset=\"https:\/\/i0.wp.com\/blogdobispo.com.br\/wp-content\/uploads\/2025\/08\/43053_Original.jpeg?resize=225%2C300&amp;ssl=1 225w, https:\/\/i0.wp.com\/blogdobispo.com.br\/wp-content\/uploads\/2025\/08\/43053_Original.jpeg?resize=768%2C1024&amp;ssl=1 768w, https:\/\/i0.wp.com\/blogdobispo.com.br\/wp-content\/uploads\/2025\/08\/43053_Original.jpeg?resize=1152%2C1536&amp;ssl=1 1152w, https:\/\/i0.wp.com\/blogdobispo.com.br\/wp-content\/uploads\/2025\/08\/43053_Original.jpeg?w=1200&amp;ssl=1 1200w\" sizes=\"(max-width: 225px) 100vw, 225px\" \/><\/div>\n<\/div>\n<\/div>\n","protected":false},"excerpt":{"rendered":"<p>A licita\u00e7\u00e3o do sistema de transporte p\u00fablico de Natal foi tema de reuni\u00e3o nesta ter\u00e7a-feira (12), em Bras\u00edlia, entre o prefeito Paulinho Freire, equipes da Secretaria Municipal de Mobilidade Urbana (STTU) e representantes da Associa\u00e7\u00e3o Nacional de Transportes P\u00fablicos (ANTP), respons\u00e1vel pelos estudos e pela elabora\u00e7\u00e3o do edital. O prefeito Paulinho Freire informou que o [&hellip;]<\/p>\n","protected":false},"author":1,"featured_media":17137,"comment_status":"open","ping_status":"open","sticky":false,"template":"","format":"standard","meta":{"cybocfi_hide_featured_image":"","_jetpack_memberships_contains_paid_content":false,"footnotes":""},"categories":[12],"tags":[],"class_list":["post-17136","post","type-post","status-publish","format-standard","has-post-thumbnail","hentry","category-cidadania"],"yoast_head":"<!-- This site is optimized with the Yoast SEO plugin v25.6 - https:\/\/yoast.com\/wordpress\/plugins\/seo\/ -->\n<title>Em Bras\u00edlia, Prefeitura faz nova reuni\u00e3o com ANTP sobre licita\u00e7\u00e3o do transporte - Blog do Bispo<\/title>\n<meta name=\"robots\" content=\"index, follow, max-snippet:-1, max-image-preview:large, max-video-preview:-1\" \/>\n<link rel=\"canonical\" href=\"https:\/\/blogdobispo.com.br\/?p=17136\" \/>\n<meta property=\"og:locale\" content=\"pt_BR\" \/>\n<meta property=\"og:type\" content=\"article\" \/>\n<meta property=\"og:title\" content=\"Em Bras\u00edlia, Prefeitura faz nova reuni\u00e3o com ANTP sobre licita\u00e7\u00e3o do transporte - Blog do Bispo\" \/>\n<meta property=\"og:description\" content=\"A licita\u00e7\u00e3o do sistema de transporte p\u00fablico de Natal foi tema de reuni\u00e3o nesta ter\u00e7a-feira (12), em Bras\u00edlia, entre o prefeito Paulinho Freire, equipes da Secretaria Municipal de Mobilidade Urbana (STTU) e representantes da Associa\u00e7\u00e3o Nacional de Transportes P\u00fablicos (ANTP), respons\u00e1vel pelos estudos e pela elabora\u00e7\u00e3o do edital. O prefeito Paulinho Freire informou que o [&hellip;]\" \/>\n<meta property=\"og:url\" content=\"https:\/\/blogdobispo.com.br\/?p=17136\" \/>\n<meta property=\"og:site_name\" content=\"Blog do Bispo\" \/>\n<meta property=\"article:published_time\" content=\"2025-08-13T17:16:20+00:00\" \/>\n<meta property=\"og:image\" content=\"http:\/\/blogdobispo.com.br\/wp-content\/uploads\/2025\/08\/43053_Original.jpeg\" \/>\n\t<meta property=\"og:image:width\" content=\"1200\" \/>\n\t<meta property=\"og:image:height\" content=\"1600\" \/>\n\t<meta property=\"og:image:type\" content=\"image\/jpeg\" \/>\n<meta name=\"author\" content=\"Jefferson Sterfeno\" \/>\n<meta name=\"twitter:card\" content=\"summary_large_image\" \/>\n<meta name=\"twitter:label1\" content=\"Escrito por\" \/>\n\t<meta name=\"twitter:data1\" content=\"Jefferson Sterfeno\" \/>\n\t<meta name=\"twitter:label2\" content=\"Est. tempo de leitura\" \/>\n\t<meta name=\"twitter:data2\" content=\"2 minutos\" \/>\n<script type=\"application\/ld+json\" class=\"yoast-schema-graph\">{\"@context\":\"https:\/\/schema.org\",\"@graph\":[{\"@type\":\"Article\",\"@id\":\"https:\/\/blogdobispo.com.br\/?p=17136#article\",\"isPartOf\":{\"@id\":\"https:\/\/blogdobispo.com.br\/?p=17136\"},\"author\":{\"name\":\"Jefferson Sterfeno\",\"@id\":\"https:\/\/blogdobispo.com.br\/#\/schema\/person\/e2209cc0e6cea5c5233d033e997b373f\"},\"headline\":\"Em Bras\u00edlia, Prefeitura faz nova reuni\u00e3o com ANTP sobre licita\u00e7\u00e3o do transporte\",\"datePublished\":\"2025-08-13T17:16:20+00:00\",\"mainEntityOfPage\":{\"@id\":\"https:\/\/blogdobispo.com.br\/?p=17136\"},\"wordCount\":249,\"commentCount\":0,\"publisher\":{\"@id\":\"https:\/\/blogdobispo.com.br\/#organization\"},\"image\":{\"@id\":\"https:\/\/blogdobispo.com.br\/?p=17136#primaryimage\"},\"thumbnailUrl\":\"https:\/\/i0.wp.com\/blogdobispo.com.br\/wp-content\/uploads\/2025\/08\/43053_Original.jpeg?fit=1200%2C1600&ssl=1\",\"articleSection\":[\"Cidadania\"],\"inLanguage\":\"pt-BR\",\"potentialAction\":[{\"@type\":\"CommentAction\",\"name\":\"Comment\",\"target\":[\"https:\/\/blogdobispo.com.br\/?p=17136#respond\"]}]},{\"@type\":\"WebPage\",\"@id\":\"https:\/\/blogdobispo.com.br\/?p=17136\",\"url\":\"https:\/\/blogdobispo.com.br\/?p=17136\",\"name\":\"Em Bras\u00edlia, Prefeitura faz nova reuni\u00e3o com ANTP sobre licita\u00e7\u00e3o do transporte - Blog do Bispo\",\"isPartOf\":{\"@id\":\"https:\/\/blogdobispo.com.br\/#website\"},\"primaryImageOfPage\":{\"@id\":\"https:\/\/blogdobispo.com.br\/?p=17136#primaryimage\"},\"image\":{\"@id\":\"https:\/\/blogdobispo.com.br\/?p=17136#primaryimage\"},\"thumbnailUrl\":\"https:\/\/i0.wp.com\/blogdobispo.com.br\/wp-content\/uploads\/2025\/08\/43053_Original.jpeg?fit=1200%2C1600&ssl=1\",\"datePublished\":\"2025-08-13T17:16:20+00:00\",\"breadcrumb\":{\"@id\":\"https:\/\/blogdobispo.com.br\/?p=17136#breadcrumb\"},\"inLanguage\":\"pt-BR\",\"potentialAction\":[{\"@type\":\"ReadAction\",\"target\":[\"https:\/\/blogdobispo.com.br\/?p=17136\"]}]},{\"@type\":\"ImageObject\",\"inLanguage\":\"pt-BR\",\"@id\":\"https:\/\/blogdobispo.com.br\/?p=17136#primaryimage\",\"url\":\"https:\/\/i0.wp.com\/blogdobispo.com.br\/wp-content\/uploads\/2025\/08\/43053_Original.jpeg?fit=1200%2C1600&ssl=1\",\"contentUrl\":\"https:\/\/i0.wp.com\/blogdobispo.com.br\/wp-content\/uploads\/2025\/08\/43053_Original.jpeg?fit=1200%2C1600&ssl=1\",\"width\":1200,\"height\":1600},{\"@type\":\"BreadcrumbList\",\"@id\":\"https:\/\/blogdobispo.com.br\/?p=17136#breadcrumb\",\"itemListElement\":[{\"@type\":\"ListItem\",\"position\":1,\"name\":\"In\u00edcio\",\"item\":\"https:\/\/blogdobispo.com.br\/\"},{\"@type\":\"ListItem\",\"position\":2,\"name\":\"Em Bras\u00edlia, Prefeitura faz nova reuni\u00e3o com ANTP sobre licita\u00e7\u00e3o do transporte\"}]},{\"@type\":\"WebSite\",\"@id\":\"https:\/\/blogdobispo.com.br\/#website\",\"url\":\"https:\/\/blogdobispo.com.br\/\",\"name\":\"Blog do Bispo\",\"description\":\"Comprometido apenas com o leitor\",\"publisher\":{\"@id\":\"https:\/\/blogdobispo.com.br\/#organization\"},\"potentialAction\":[{\"@type\":\"SearchAction\",\"target\":{\"@type\":\"EntryPoint\",\"urlTemplate\":\"https:\/\/blogdobispo.com.br\/?s={search_term_string}\"},\"query-input\":{\"@type\":\"PropertyValueSpecification\",\"valueRequired\":true,\"valueName\":\"search_term_string\"}}],\"inLanguage\":\"pt-BR\"},{\"@type\":\"Organization\",\"@id\":\"https:\/\/blogdobispo.com.br\/#organization\",\"name\":\"Blog do Bispo\",\"url\":\"https:\/\/blogdobispo.com.br\/\",\"logo\":{\"@type\":\"ImageObject\",\"inLanguage\":\"pt-BR\",\"@id\":\"https:\/\/blogdobispo.com.br\/#\/schema\/logo\/image\/\",\"url\":\"http:\/\/blogdobispo.com.br\/wp-content\/uploads\/2023\/05\/cropped-headear.png\",\"contentUrl\":\"http:\/\/blogdobispo.com.br\/wp-content\/uploads\/2023\/05\/cropped-headear.png\",\"width\":1500,\"height\":399,\"caption\":\"Blog do Bispo\"},\"image\":{\"@id\":\"https:\/\/blogdobispo.com.br\/#\/schema\/logo\/image\/\"}},{\"@type\":\"Person\",\"@id\":\"https:\/\/blogdobispo.com.br\/#\/schema\/person\/e2209cc0e6cea5c5233d033e997b373f\",\"name\":\"Jefferson Sterfeno\",\"image\":{\"@type\":\"ImageObject\",\"inLanguage\":\"pt-BR\",\"@id\":\"https:\/\/blogdobispo.com.br\/#\/schema\/person\/image\/\",\"url\":\"https:\/\/secure.gravatar.com\/avatar\/0534e84764641168a677026b6d57a3f51dc7ac4db0b4f6186d9cb330d4ee1160?s=96&d=mm&r=g\",\"contentUrl\":\"https:\/\/secure.gravatar.com\/avatar\/0534e84764641168a677026b6d57a3f51dc7ac4db0b4f6186d9cb330d4ee1160?s=96&d=mm&r=g\",\"caption\":\"Jefferson Sterfeno\"},\"sameAs\":[\"http:\/\/blogdobispo.com.br\"],\"url\":\"https:\/\/blogdobispo.com.br\/?author=1\"}]}<\/script>\n<!-- \/ Yoast SEO plugin. -->","yoast_head_json":{"title":"Em Bras\u00edlia, Prefeitura faz nova reuni\u00e3o com ANTP sobre licita\u00e7\u00e3o do transporte - Blog do Bispo","robots":{"index":"index","follow":"follow","max-snippet":"max-snippet:-1","max-image-preview":"max-image-preview:large","max-video-preview":"max-video-preview:-1"},"canonical":"https:\/\/blogdobispo.com.br\/?p=17136","og_locale":"pt_BR","og_type":"article","og_title":"Em Bras\u00edlia, Prefeitura faz nova reuni\u00e3o com ANTP sobre licita\u00e7\u00e3o do transporte - Blog do Bispo","og_description":"A licita\u00e7\u00e3o do sistema de transporte p\u00fablico de Natal foi tema de reuni\u00e3o nesta ter\u00e7a-feira (12), em Bras\u00edlia, entre o prefeito Paulinho Freire, equipes da Secretaria Municipal de Mobilidade Urbana (STTU) e representantes da Associa\u00e7\u00e3o Nacional de Transportes P\u00fablicos (ANTP), respons\u00e1vel pelos estudos e pela elabora\u00e7\u00e3o do edital. O prefeito Paulinho Freire informou que o [&hellip;]","og_url":"https:\/\/blogdobispo.com.br\/?p=17136","og_site_name":"Blog do Bispo","article_published_time":"2025-08-13T17:16:20+00:00","og_image":[{"width":1200,"height":1600,"url":"http:\/\/blogdobispo.com.br\/wp-content\/uploads\/2025\/08\/43053_Original.jpeg","type":"image\/jpeg"}],"author":"Jefferson Sterfeno","twitter_card":"summary_large_image","twitter_misc":{"Escrito por":"Jefferson Sterfeno","Est. tempo de leitura":"2 minutos"},"schema":{"@context":"https:\/\/schema.org","@graph":[{"@type":"Article","@id":"https:\/\/blogdobispo.com.br\/?p=17136#article","isPartOf":{"@id":"https:\/\/blogdobispo.com.br\/?p=17136"},"author":{"name":"Jefferson Sterfeno","@id":"https:\/\/blogdobispo.com.br\/#\/schema\/person\/e2209cc0e6cea5c5233d033e997b373f"},"headline":"Em Bras\u00edlia, Prefeitura faz nova reuni\u00e3o com ANTP sobre licita\u00e7\u00e3o do transporte","datePublished":"2025-08-13T17:16:20+00:00","mainEntityOfPage":{"@id":"https:\/\/blogdobispo.com.br\/?p=17136"},"wordCount":249,"commentCount":0,"publisher":{"@id":"https:\/\/blogdobispo.com.br\/#organization"},"image":{"@id":"https:\/\/blogdobispo.com.br\/?p=17136#primaryimage"},"thumbnailUrl":"https:\/\/i0.wp.com\/blogdobispo.com.br\/wp-content\/uploads\/2025\/08\/43053_Original.jpeg?fit=1200%2C1600&ssl=1","articleSection":["Cidadania"],"inLanguage":"pt-BR","potentialAction":[{"@type":"CommentAction","name":"Comment","target":["https:\/\/blogdobispo.com.br\/?p=17136#respond"]}]},{"@type":"WebPage","@id":"https:\/\/blogdobispo.com.br\/?p=17136","url":"https:\/\/blogdobispo.com.br\/?p=17136","name":"Em Bras\u00edlia, Prefeitura faz nova reuni\u00e3o com ANTP sobre licita\u00e7\u00e3o do transporte - Blog do Bispo","isPartOf":{"@id":"https:\/\/blogdobispo.com.br\/#website"},"primaryImageOfPage":{"@id":"https:\/\/blogdobispo.com.br\/?p=17136#primaryimage"},"image":{"@id":"https:\/\/blogdobispo.com.br\/?p=17136#primaryimage"},"thumbnailUrl":"https:\/\/i0.wp.com\/blogdobispo.com.br\/wp-content\/uploads\/2025\/08\/43053_Original.jpeg?fit=1200%2C1600&ssl=1","datePublished":"2025-08-13T17:16:20+00:00","breadcrumb":{"@id":"https:\/\/blogdobispo.com.br\/?p=17136#breadcrumb"},"inLanguage":"pt-BR","potentialAction":[{"@type":"ReadAction","target":["https:\/\/blogdobispo.com.br\/?p=17136"]}]},{"@type":"ImageObject","inLanguage":"pt-BR","@id":"https:\/\/blogdobispo.com.br\/?p=17136#primaryimage","url":"https:\/\/i0.wp.com\/blogdobispo.com.br\/wp-content\/uploads\/2025\/08\/43053_Original.jpeg?fit=1200%2C1600&ssl=1","contentUrl":"https:\/\/i0.wp.com\/blogdobispo.com.br\/wp-content\/uploads\/2025\/08\/43053_Original.jpeg?fit=1200%2C1600&ssl=1","width":1200,"height":1600},{"@type":"BreadcrumbList","@id":"https:\/\/blogdobispo.com.br\/?p=17136#breadcrumb","itemListElement":[{"@type":"ListItem","position":1,"name":"In\u00edcio","item":"https:\/\/blogdobispo.com.br\/"},{"@type":"ListItem","position":2,"name":"Em Bras\u00edlia, Prefeitura faz nova reuni\u00e3o com ANTP sobre licita\u00e7\u00e3o do transporte"}]},{"@type":"WebSite","@id":"https:\/\/blogdobispo.com.br\/#website","url":"https:\/\/blogdobispo.com.br\/","name":"Blog do Bispo","description":"Comprometido apenas com o leitor","publisher":{"@id":"https:\/\/blogdobispo.com.br\/#organization"},"potentialAction":[{"@type":"SearchAction","target":{"@type":"EntryPoint","urlTemplate":"https:\/\/blogdobispo.com.br\/?s={search_term_string}"},"query-input":{"@type":"PropertyValueSpecification","valueRequired":true,"valueName":"search_term_string"}}],"inLanguage":"pt-BR"},{"@type":"Organization","@id":"https:\/\/blogdobispo.com.br\/#organization","name":"Blog do Bispo","url":"https:\/\/blogdobispo.com.br\/","logo":{"@type":"ImageObject","inLanguage":"pt-BR","@id":"https:\/\/blogdobispo.com.br\/#\/schema\/logo\/image\/","url":"http:\/\/blogdobispo.com.br\/wp-content\/uploads\/2023\/05\/cropped-headear.png","contentUrl":"http:\/\/blogdobispo.com.br\/wp-content\/uploads\/2023\/05\/cropped-headear.png","width":1500,"height":399,"caption":"Blog do Bispo"},"image":{"@id":"https:\/\/blogdobispo.com.br\/#\/schema\/logo\/image\/"}},{"@type":"Person","@id":"https:\/\/blogdobispo.com.br\/#\/schema\/person\/e2209cc0e6cea5c5233d033e997b373f","name":"Jefferson Sterfeno","image":{"@type":"ImageObject","inLanguage":"pt-BR","@id":"https:\/\/blogdobispo.com.br\/#\/schema\/person\/image\/","url":"https:\/\/secure.gravatar.com\/avatar\/0534e84764641168a677026b6d57a3f51dc7ac4db0b4f6186d9cb330d4ee1160?s=96&d=mm&r=g","contentUrl":"https:\/\/secure.gravatar.com\/avatar\/0534e84764641168a677026b6d57a3f51dc7ac4db0b4f6186d9cb330d4ee1160?s=96&d=mm&r=g","caption":"Jefferson Sterfeno"},"sameAs":["http:\/\/blogdobispo.com.br"],"url":"https:\/\/blogdobispo.com.br\/?author=1"}]}},"featured_image_urls":{"full":["https:\/\/i0.wp.com\/blogdobispo.com.br\/wp-content\/uploads\/2025\/08\/43053_Original.jpeg?fit=1200%2C1600&ssl=1",1200,1600,false],"thumbnail":["https:\/\/i0.wp.com\/blogdobispo.com.br\/wp-content\/uploads\/2025\/08\/43053_Original.jpeg?resize=150%2C150&ssl=1",150,150,true],"medium":["https:\/\/i0.wp.com\/blogdobispo.com.br\/wp-content\/uploads\/2025\/08\/43053_Original.jpeg?fit=225%2C300&ssl=1",225,300,true],"medium_large":["https:\/\/i0.wp.com\/blogdobispo.com.br\/wp-content\/uploads\/2025\/08\/43053_Original.jpeg?fit=768%2C1024&ssl=1",768,1024,true],"large":["https:\/\/i0.wp.com\/blogdobispo.com.br\/wp-content\/uploads\/2025\/08\/43053_Original.jpeg?fit=768%2C1024&ssl=1",768,1024,true],"1536x1536":["https:\/\/i0.wp.com\/blogdobispo.com.br\/wp-content\/uploads\/2025\/08\/43053_Original.jpeg?fit=1152%2C1536&ssl=1",1152,1536,true],"2048x2048":["https:\/\/i0.wp.com\/blogdobispo.com.br\/wp-content\/uploads\/2025\/08\/43053_Original.jpeg?fit=1200%2C1600&ssl=1",1200,1600,true]},"author_info":{"display_name":"Jefferson Sterfeno","author_link":"https:\/\/blogdobispo.com.br\/?author=1"},"category_info":"<a href=\"https:\/\/blogdobispo.com.br\/?cat=12\" rel=\"category\">Cidadania<\/a>","tag_info":"Cidadania","comment_count":"0","jetpack_featured_media_url":"https:\/\/i0.wp.com\/blogdobispo.com.br\/wp-content\/uploads\/2025\/08\/43053_Original.jpeg?fit=1200%2C1600&ssl=1","jetpack_sharing_enabled":true,"_links":{"self":[{"href":"https:\/\/blogdobispo.com.br\/index.php?rest_route=\/wp\/v2\/posts\/17136","targetHints":{"allow":["GET"]}}],"collection":[{"href":"https:\/\/blogdobispo.com.br\/index.php?rest_route=\/wp\/v2\/posts"}],"about":[{"href":"https:\/\/blogdobispo.com.br\/index.php?rest_route=\/wp\/v2\/types\/post"}],"author":[{"embeddable":true,"href":"https:\/\/blogdobispo.com.br\/index.php?rest_route=\/wp\/v2\/users\/1"}],"replies":[{"embeddable":true,"href":"https:\/\/blogdobispo.com.br\/index.php?rest_route=%2Fwp%2Fv2%2Fcomments&post=17136"}],"version-history":[{"count":1,"href":"https:\/\/blogdobispo.com.br\/index.php?rest_route=\/wp\/v2\/posts\/17136\/revisions"}],"predecessor-version":[{"id":17138,"href":"https:\/\/blogdobispo.com.br\/index.php?rest_route=\/wp\/v2\/posts\/17136\/revisions\/17138"}],"wp:featuredmedia":[{"embeddable":true,"href":"https:\/\/blogdobispo.com.br\/index.php?rest_route=\/wp\/v2\/media\/17137"}],"wp:attachment":[{"href":"https:\/\/blogdobispo.com.br\/index.php?rest_route=%2Fwp%2Fv2%2Fmedia&parent=17136"}],"wp:term":[{"taxonomy":"category","embeddable":true,"href":"https:\/\/blogdobispo.com.br\/index.php?rest_route=%2Fwp%2Fv2%2Fcategories&post=17136"},{"taxonomy":"post_tag","embeddable":true,"href":"https:\/\/blogdobispo.com.br\/index.php?rest_route=%2Fwp%2Fv2%2Ftags&post=17136"}],"curies":[{"name":"wp","href":"https:\/\/api.w.org\/{rel}","templated":true}]}}