{"id":17130,"date":"2025-08-13T15:10:05","date_gmt":"2025-08-13T15:10:05","guid":{"rendered":"https:\/\/blogdobispo.com.br\/?p=17130"},"modified":"2025-08-13T15:10:05","modified_gmt":"2025-08-13T15:10:05","slug":"ezequiel-ferreira-destaca-alcance-social-do-assembleia-e-voce","status":"publish","type":"post","link":"https:\/\/blogdobispo.com.br\/?p=17130","title":{"rendered":"Ezequiel Ferreira destaca alcance social do Assembleia e Voc\u00ea"},"content":{"rendered":"<p>Na visita aos servi\u00e7os da 18\u00aa Assembleia e Voc\u00ea, no munic\u00edpio de Esp\u00edrito Santo, o deputado e presidente da ALRN, Ezequiel Ferreira (PSDB) destacou o papel da Assembleia Legislativa do Rio Grande do Norte em ir al\u00e9m do seu papel de legislar e fiscalizar. \u201cEste \u00e9 o bra\u00e7o solid\u00e1rio da nossa Casa, chegando \u00e0queles que mais precisam. Temos muito orgulho deste programa, que inclusive foi premiado nacionalmente\u201d, disse.<\/p>\n<p>O parlamentar fez uma visita aos stands onde estavam sendo realizados os atendimentos e falou para os moradores da cidade que estavam na tenda principal, instalada na avenida Prefeito Manoel Correia, em frente \u00e0 UBS Nossa Senhora da Piedade, no centro da cidade.<\/p>\n<p>O deputado fez quest\u00e3o de ressaltar a sua amizade com o prefeito Fernando Teixeira, falecido no ano passado. Ezequiel citou os anos de amizade e conviv\u00eancia com o l\u00edder pol\u00edtico.<\/p>\n<p>Em outro momento, destacou a atua\u00e7\u00e3o dos servidores da Casa que est\u00e3o participando da atividade em Esp\u00edrito Santo. \u201c\u00c9 com muita alegria que participamos da vida dos moradores com estes servi\u00e7os, e registro aqui a dedica\u00e7\u00e3o, profissionalismo e efici\u00eancia da nossa equipe, que fez com a nossa Casa fosse premiada nacionalmente j\u00e1 pela quarta vez\u201d, disse.<\/p>\n<p>At\u00e9 o final da manh\u00e3 desta ter\u00e7a-feira (12), segundo dia do projeto, cerca de 6 mil pessoas j\u00e1 haviam sido atendidas. O Assembleia e Voc\u00ea \u00e9 coordenado pela Diretoria de Pol\u00edticas Complementares da ALRN.<\/p>\n<p>Na \u00e1rea de sa\u00fade, o Assembleia e Voc\u00ea levou a Esp\u00edrito Santo os seguintes especialistas: cardiologista, endocrinologista, gastroenterologista, mastologista, neurologista, ortopedista, ultrassonografista e urologista. Al\u00e9m dos profissionais, a popula\u00e7\u00e3o tem acesso a exames de eletrocardiograma, ultrassom e mamografia.<\/p>\n<p>Na \u00e1rea da educa\u00e7\u00e3o, a popula\u00e7\u00e3o conta com atividades recreativas, apresenta\u00e7\u00f5es culturais, orienta\u00e7\u00f5es sobre higiene bucal e aplica\u00e7\u00e3o de fl\u00faor, al\u00e9m de uma exposi\u00e7\u00e3o interativa do Corpo de Bombeiros.<\/p>\n<p>J\u00e1 na \u00e1rea da a\u00e7\u00e3o social, est\u00e3o sendo oferecidos servi\u00e7os de emiss\u00e3o de documentos, como carteira de identidade (ITEP), CPF, carteira de trabalho (SINE), segunda via de certid\u00f5es de nascimento e casamento (ANOREG), al\u00e9m de atendimentos relacionados da Caern.<\/p>\n<p><img data-recalc-dims=\"1\" fetchpriority=\"high\" decoding=\"async\" class=\"alignnone size-medium wp-image-17131\" src=\"https:\/\/i0.wp.com\/blogdobispo.com.br\/wp-content\/uploads\/2025\/08\/q8KXAZic6VZnMVD6NjnQXLVAuJk4GwN3GH7QAmwO.jpg?resize=300%2C200\" alt=\"\" width=\"300\" height=\"200\" srcset=\"https:\/\/i0.wp.com\/blogdobispo.com.br\/wp-content\/uploads\/2025\/08\/q8KXAZic6VZnMVD6NjnQXLVAuJk4GwN3GH7QAmwO.jpg?resize=300%2C200&amp;ssl=1 300w, https:\/\/i0.wp.com\/blogdobispo.com.br\/wp-content\/uploads\/2025\/08\/q8KXAZic6VZnMVD6NjnQXLVAuJk4GwN3GH7QAmwO.jpg?resize=1024%2C682&amp;ssl=1 1024w, https:\/\/i0.wp.com\/blogdobispo.com.br\/wp-content\/uploads\/2025\/08\/q8KXAZic6VZnMVD6NjnQXLVAuJk4GwN3GH7QAmwO.jpg?resize=768%2C512&amp;ssl=1 768w, https:\/\/i0.wp.com\/blogdobispo.com.br\/wp-content\/uploads\/2025\/08\/q8KXAZic6VZnMVD6NjnQXLVAuJk4GwN3GH7QAmwO.jpg?w=1280&amp;ssl=1 1280w\" sizes=\"(max-width: 300px) 100vw, 300px\" \/><\/p>\n","protected":false},"excerpt":{"rendered":"<p>Na visita aos servi\u00e7os da 18\u00aa Assembleia e Voc\u00ea, no munic\u00edpio de Esp\u00edrito Santo, o deputado e presidente da ALRN, Ezequiel Ferreira (PSDB) destacou o papel da Assembleia Legislativa do Rio Grande do Norte em ir al\u00e9m do seu papel de legislar e fiscalizar. \u201cEste \u00e9 o bra\u00e7o solid\u00e1rio da nossa Casa, chegando \u00e0queles que [&hellip;]<\/p>\n","protected":false},"author":1,"featured_media":17131,"comment_status":"open","ping_status":"open","sticky":false,"template":"","format":"standard","meta":{"cybocfi_hide_featured_image":"","_jetpack_memberships_contains_paid_content":false,"footnotes":""},"categories":[1],"tags":[],"class_list":["post-17130","post","type-post","status-publish","format-standard","has-post-thumbnail","hentry","category-diversos"],"yoast_head":"<!-- This site is optimized with the Yoast SEO plugin v25.6 - https:\/\/yoast.com\/wordpress\/plugins\/seo\/ -->\n<title>Ezequiel Ferreira destaca alcance social do Assembleia e Voc\u00ea - Blog do Bispo<\/title>\n<meta name=\"robots\" content=\"index, follow, max-snippet:-1, max-image-preview:large, max-video-preview:-1\" \/>\n<link rel=\"canonical\" href=\"https:\/\/blogdobispo.com.br\/?p=17130\" \/>\n<meta property=\"og:locale\" content=\"pt_BR\" \/>\n<meta property=\"og:type\" content=\"article\" \/>\n<meta property=\"og:title\" content=\"Ezequiel Ferreira destaca alcance social do Assembleia e Voc\u00ea - Blog do Bispo\" \/>\n<meta property=\"og:description\" content=\"Na visita aos servi\u00e7os da 18\u00aa Assembleia e Voc\u00ea, no munic\u00edpio de Esp\u00edrito Santo, o deputado e presidente da ALRN, Ezequiel Ferreira (PSDB) destacou o papel da Assembleia Legislativa do Rio Grande do Norte em ir al\u00e9m do seu papel de legislar e fiscalizar. \u201cEste \u00e9 o bra\u00e7o solid\u00e1rio da nossa Casa, chegando \u00e0queles que [&hellip;]\" \/>\n<meta property=\"og:url\" content=\"https:\/\/blogdobispo.com.br\/?p=17130\" \/>\n<meta property=\"og:site_name\" content=\"Blog do Bispo\" \/>\n<meta property=\"article:published_time\" content=\"2025-08-13T15:10:05+00:00\" \/>\n<meta property=\"og:image\" content=\"http:\/\/blogdobispo.com.br\/wp-content\/uploads\/2025\/08\/q8KXAZic6VZnMVD6NjnQXLVAuJk4GwN3GH7QAmwO.jpg\" \/>\n\t<meta property=\"og:image:width\" content=\"1280\" \/>\n\t<meta property=\"og:image:height\" content=\"853\" \/>\n\t<meta property=\"og:image:type\" content=\"image\/jpeg\" \/>\n<meta name=\"author\" content=\"Jefferson Sterfeno\" \/>\n<meta name=\"twitter:card\" content=\"summary_large_image\" \/>\n<meta name=\"twitter:label1\" content=\"Escrito por\" \/>\n\t<meta name=\"twitter:data1\" content=\"Jefferson Sterfeno\" \/>\n\t<meta name=\"twitter:label2\" content=\"Est. tempo de leitura\" \/>\n\t<meta name=\"twitter:data2\" content=\"3 minutos\" \/>\n<script type=\"application\/ld+json\" class=\"yoast-schema-graph\">{\"@context\":\"https:\/\/schema.org\",\"@graph\":[{\"@type\":\"Article\",\"@id\":\"https:\/\/blogdobispo.com.br\/?p=17130#article\",\"isPartOf\":{\"@id\":\"https:\/\/blogdobispo.com.br\/?p=17130\"},\"author\":{\"name\":\"Jefferson Sterfeno\",\"@id\":\"https:\/\/blogdobispo.com.br\/#\/schema\/person\/e2209cc0e6cea5c5233d033e997b373f\"},\"headline\":\"Ezequiel Ferreira destaca alcance social do Assembleia e Voc\u00ea\",\"datePublished\":\"2025-08-13T15:10:05+00:00\",\"mainEntityOfPage\":{\"@id\":\"https:\/\/blogdobispo.com.br\/?p=17130\"},\"wordCount\":375,\"commentCount\":0,\"publisher\":{\"@id\":\"https:\/\/blogdobispo.com.br\/#organization\"},\"image\":{\"@id\":\"https:\/\/blogdobispo.com.br\/?p=17130#primaryimage\"},\"thumbnailUrl\":\"https:\/\/i0.wp.com\/blogdobispo.com.br\/wp-content\/uploads\/2025\/08\/q8KXAZic6VZnMVD6NjnQXLVAuJk4GwN3GH7QAmwO.jpg?fit=1280%2C853&ssl=1\",\"articleSection\":[\"diversos\"],\"inLanguage\":\"pt-BR\",\"potentialAction\":[{\"@type\":\"CommentAction\",\"name\":\"Comment\",\"target\":[\"https:\/\/blogdobispo.com.br\/?p=17130#respond\"]}]},{\"@type\":\"WebPage\",\"@id\":\"https:\/\/blogdobispo.com.br\/?p=17130\",\"url\":\"https:\/\/blogdobispo.com.br\/?p=17130\",\"name\":\"Ezequiel Ferreira destaca alcance social do Assembleia e Voc\u00ea - Blog do Bispo\",\"isPartOf\":{\"@id\":\"https:\/\/blogdobispo.com.br\/#website\"},\"primaryImageOfPage\":{\"@id\":\"https:\/\/blogdobispo.com.br\/?p=17130#primaryimage\"},\"image\":{\"@id\":\"https:\/\/blogdobispo.com.br\/?p=17130#primaryimage\"},\"thumbnailUrl\":\"https:\/\/i0.wp.com\/blogdobispo.com.br\/wp-content\/uploads\/2025\/08\/q8KXAZic6VZnMVD6NjnQXLVAuJk4GwN3GH7QAmwO.jpg?fit=1280%2C853&ssl=1\",\"datePublished\":\"2025-08-13T15:10:05+00:00\",\"breadcrumb\":{\"@id\":\"https:\/\/blogdobispo.com.br\/?p=17130#breadcrumb\"},\"inLanguage\":\"pt-BR\",\"potentialAction\":[{\"@type\":\"ReadAction\",\"target\":[\"https:\/\/blogdobispo.com.br\/?p=17130\"]}]},{\"@type\":\"ImageObject\",\"inLanguage\":\"pt-BR\",\"@id\":\"https:\/\/blogdobispo.com.br\/?p=17130#primaryimage\",\"url\":\"https:\/\/i0.wp.com\/blogdobispo.com.br\/wp-content\/uploads\/2025\/08\/q8KXAZic6VZnMVD6NjnQXLVAuJk4GwN3GH7QAmwO.jpg?fit=1280%2C853&ssl=1\",\"contentUrl\":\"https:\/\/i0.wp.com\/blogdobispo.com.br\/wp-content\/uploads\/2025\/08\/q8KXAZic6VZnMVD6NjnQXLVAuJk4GwN3GH7QAmwO.jpg?fit=1280%2C853&ssl=1\",\"width\":1280,\"height\":853},{\"@type\":\"BreadcrumbList\",\"@id\":\"https:\/\/blogdobispo.com.br\/?p=17130#breadcrumb\",\"itemListElement\":[{\"@type\":\"ListItem\",\"position\":1,\"name\":\"In\u00edcio\",\"item\":\"https:\/\/blogdobispo.com.br\/\"},{\"@type\":\"ListItem\",\"position\":2,\"name\":\"Ezequiel Ferreira destaca alcance social do Assembleia e Voc\u00ea\"}]},{\"@type\":\"WebSite\",\"@id\":\"https:\/\/blogdobispo.com.br\/#website\",\"url\":\"https:\/\/blogdobispo.com.br\/\",\"name\":\"Blog do Bispo\",\"description\":\"Comprometido apenas com o leitor\",\"publisher\":{\"@id\":\"https:\/\/blogdobispo.com.br\/#organization\"},\"potentialAction\":[{\"@type\":\"SearchAction\",\"target\":{\"@type\":\"EntryPoint\",\"urlTemplate\":\"https:\/\/blogdobispo.com.br\/?s={search_term_string}\"},\"query-input\":{\"@type\":\"PropertyValueSpecification\",\"valueRequired\":true,\"valueName\":\"search_term_string\"}}],\"inLanguage\":\"pt-BR\"},{\"@type\":\"Organization\",\"@id\":\"https:\/\/blogdobispo.com.br\/#organization\",\"name\":\"Blog do Bispo\",\"url\":\"https:\/\/blogdobispo.com.br\/\",\"logo\":{\"@type\":\"ImageObject\",\"inLanguage\":\"pt-BR\",\"@id\":\"https:\/\/blogdobispo.com.br\/#\/schema\/logo\/image\/\",\"url\":\"http:\/\/blogdobispo.com.br\/wp-content\/uploads\/2023\/05\/cropped-headear.png\",\"contentUrl\":\"http:\/\/blogdobispo.com.br\/wp-content\/uploads\/2023\/05\/cropped-headear.png\",\"width\":1500,\"height\":399,\"caption\":\"Blog do Bispo\"},\"image\":{\"@id\":\"https:\/\/blogdobispo.com.br\/#\/schema\/logo\/image\/\"}},{\"@type\":\"Person\",\"@id\":\"https:\/\/blogdobispo.com.br\/#\/schema\/person\/e2209cc0e6cea5c5233d033e997b373f\",\"name\":\"Jefferson Sterfeno\",\"image\":{\"@type\":\"ImageObject\",\"inLanguage\":\"pt-BR\",\"@id\":\"https:\/\/blogdobispo.com.br\/#\/schema\/person\/image\/\",\"url\":\"https:\/\/secure.gravatar.com\/avatar\/0534e84764641168a677026b6d57a3f51dc7ac4db0b4f6186d9cb330d4ee1160?s=96&d=mm&r=g\",\"contentUrl\":\"https:\/\/secure.gravatar.com\/avatar\/0534e84764641168a677026b6d57a3f51dc7ac4db0b4f6186d9cb330d4ee1160?s=96&d=mm&r=g\",\"caption\":\"Jefferson Sterfeno\"},\"sameAs\":[\"http:\/\/blogdobispo.com.br\"],\"url\":\"https:\/\/blogdobispo.com.br\/?author=1\"}]}<\/script>\n<!-- \/ Yoast SEO plugin. -->","yoast_head_json":{"title":"Ezequiel Ferreira destaca alcance social do Assembleia e Voc\u00ea - Blog do Bispo","robots":{"index":"index","follow":"follow","max-snippet":"max-snippet:-1","max-image-preview":"max-image-preview:large","max-video-preview":"max-video-preview:-1"},"canonical":"https:\/\/blogdobispo.com.br\/?p=17130","og_locale":"pt_BR","og_type":"article","og_title":"Ezequiel Ferreira destaca alcance social do Assembleia e Voc\u00ea - Blog do Bispo","og_description":"Na visita aos servi\u00e7os da 18\u00aa Assembleia e Voc\u00ea, no munic\u00edpio de Esp\u00edrito Santo, o deputado e presidente da ALRN, Ezequiel Ferreira (PSDB) destacou o papel da Assembleia Legislativa do Rio Grande do Norte em ir al\u00e9m do seu papel de legislar e fiscalizar. \u201cEste \u00e9 o bra\u00e7o solid\u00e1rio da nossa Casa, chegando \u00e0queles que [&hellip;]","og_url":"https:\/\/blogdobispo.com.br\/?p=17130","og_site_name":"Blog do Bispo","article_published_time":"2025-08-13T15:10:05+00:00","og_image":[{"width":1280,"height":853,"url":"http:\/\/blogdobispo.com.br\/wp-content\/uploads\/2025\/08\/q8KXAZic6VZnMVD6NjnQXLVAuJk4GwN3GH7QAmwO.jpg","type":"image\/jpeg"}],"author":"Jefferson Sterfeno","twitter_card":"summary_large_image","twitter_misc":{"Escrito por":"Jefferson Sterfeno","Est. tempo de leitura":"3 minutos"},"schema":{"@context":"https:\/\/schema.org","@graph":[{"@type":"Article","@id":"https:\/\/blogdobispo.com.br\/?p=17130#article","isPartOf":{"@id":"https:\/\/blogdobispo.com.br\/?p=17130"},"author":{"name":"Jefferson Sterfeno","@id":"https:\/\/blogdobispo.com.br\/#\/schema\/person\/e2209cc0e6cea5c5233d033e997b373f"},"headline":"Ezequiel Ferreira destaca alcance social do Assembleia e Voc\u00ea","datePublished":"2025-08-13T15:10:05+00:00","mainEntityOfPage":{"@id":"https:\/\/blogdobispo.com.br\/?p=17130"},"wordCount":375,"commentCount":0,"publisher":{"@id":"https:\/\/blogdobispo.com.br\/#organization"},"image":{"@id":"https:\/\/blogdobispo.com.br\/?p=17130#primaryimage"},"thumbnailUrl":"https:\/\/i0.wp.com\/blogdobispo.com.br\/wp-content\/uploads\/2025\/08\/q8KXAZic6VZnMVD6NjnQXLVAuJk4GwN3GH7QAmwO.jpg?fit=1280%2C853&ssl=1","articleSection":["diversos"],"inLanguage":"pt-BR","potentialAction":[{"@type":"CommentAction","name":"Comment","target":["https:\/\/blogdobispo.com.br\/?p=17130#respond"]}]},{"@type":"WebPage","@id":"https:\/\/blogdobispo.com.br\/?p=17130","url":"https:\/\/blogdobispo.com.br\/?p=17130","name":"Ezequiel Ferreira destaca alcance social do Assembleia e Voc\u00ea - Blog do Bispo","isPartOf":{"@id":"https:\/\/blogdobispo.com.br\/#website"},"primaryImageOfPage":{"@id":"https:\/\/blogdobispo.com.br\/?p=17130#primaryimage"},"image":{"@id":"https:\/\/blogdobispo.com.br\/?p=17130#primaryimage"},"thumbnailUrl":"https:\/\/i0.wp.com\/blogdobispo.com.br\/wp-content\/uploads\/2025\/08\/q8KXAZic6VZnMVD6NjnQXLVAuJk4GwN3GH7QAmwO.jpg?fit=1280%2C853&ssl=1","datePublished":"2025-08-13T15:10:05+00:00","breadcrumb":{"@id":"https:\/\/blogdobispo.com.br\/?p=17130#breadcrumb"},"inLanguage":"pt-BR","potentialAction":[{"@type":"ReadAction","target":["https:\/\/blogdobispo.com.br\/?p=17130"]}]},{"@type":"ImageObject","inLanguage":"pt-BR","@id":"https:\/\/blogdobispo.com.br\/?p=17130#primaryimage","url":"https:\/\/i0.wp.com\/blogdobispo.com.br\/wp-content\/uploads\/2025\/08\/q8KXAZic6VZnMVD6NjnQXLVAuJk4GwN3GH7QAmwO.jpg?fit=1280%2C853&ssl=1","contentUrl":"https:\/\/i0.wp.com\/blogdobispo.com.br\/wp-content\/uploads\/2025\/08\/q8KXAZic6VZnMVD6NjnQXLVAuJk4GwN3GH7QAmwO.jpg?fit=1280%2C853&ssl=1","width":1280,"height":853},{"@type":"BreadcrumbList","@id":"https:\/\/blogdobispo.com.br\/?p=17130#breadcrumb","itemListElement":[{"@type":"ListItem","position":1,"name":"In\u00edcio","item":"https:\/\/blogdobispo.com.br\/"},{"@type":"ListItem","position":2,"name":"Ezequiel Ferreira destaca alcance social do Assembleia e Voc\u00ea"}]},{"@type":"WebSite","@id":"https:\/\/blogdobispo.com.br\/#website","url":"https:\/\/blogdobispo.com.br\/","name":"Blog do Bispo","description":"Comprometido apenas com o leitor","publisher":{"@id":"https:\/\/blogdobispo.com.br\/#organization"},"potentialAction":[{"@type":"SearchAction","target":{"@type":"EntryPoint","urlTemplate":"https:\/\/blogdobispo.com.br\/?s={search_term_string}"},"query-input":{"@type":"PropertyValueSpecification","valueRequired":true,"valueName":"search_term_string"}}],"inLanguage":"pt-BR"},{"@type":"Organization","@id":"https:\/\/blogdobispo.com.br\/#organization","name":"Blog do Bispo","url":"https:\/\/blogdobispo.com.br\/","logo":{"@type":"ImageObject","inLanguage":"pt-BR","@id":"https:\/\/blogdobispo.com.br\/#\/schema\/logo\/image\/","url":"http:\/\/blogdobispo.com.br\/wp-content\/uploads\/2023\/05\/cropped-headear.png","contentUrl":"http:\/\/blogdobispo.com.br\/wp-content\/uploads\/2023\/05\/cropped-headear.png","width":1500,"height":399,"caption":"Blog do Bispo"},"image":{"@id":"https:\/\/blogdobispo.com.br\/#\/schema\/logo\/image\/"}},{"@type":"Person","@id":"https:\/\/blogdobispo.com.br\/#\/schema\/person\/e2209cc0e6cea5c5233d033e997b373f","name":"Jefferson Sterfeno","image":{"@type":"ImageObject","inLanguage":"pt-BR","@id":"https:\/\/blogdobispo.com.br\/#\/schema\/person\/image\/","url":"https:\/\/secure.gravatar.com\/avatar\/0534e84764641168a677026b6d57a3f51dc7ac4db0b4f6186d9cb330d4ee1160?s=96&d=mm&r=g","contentUrl":"https:\/\/secure.gravatar.com\/avatar\/0534e84764641168a677026b6d57a3f51dc7ac4db0b4f6186d9cb330d4ee1160?s=96&d=mm&r=g","caption":"Jefferson Sterfeno"},"sameAs":["http:\/\/blogdobispo.com.br"],"url":"https:\/\/blogdobispo.com.br\/?author=1"}]}},"featured_image_urls":{"full":["https:\/\/i0.wp.com\/blogdobispo.com.br\/wp-content\/uploads\/2025\/08\/q8KXAZic6VZnMVD6NjnQXLVAuJk4GwN3GH7QAmwO.jpg?fit=1280%2C853&ssl=1",1280,853,false],"thumbnail":["https:\/\/i0.wp.com\/blogdobispo.com.br\/wp-content\/uploads\/2025\/08\/q8KXAZic6VZnMVD6NjnQXLVAuJk4GwN3GH7QAmwO.jpg?resize=150%2C150&ssl=1",150,150,true],"medium":["https:\/\/i0.wp.com\/blogdobispo.com.br\/wp-content\/uploads\/2025\/08\/q8KXAZic6VZnMVD6NjnQXLVAuJk4GwN3GH7QAmwO.jpg?fit=300%2C200&ssl=1",300,200,true],"medium_large":["https:\/\/i0.wp.com\/blogdobispo.com.br\/wp-content\/uploads\/2025\/08\/q8KXAZic6VZnMVD6NjnQXLVAuJk4GwN3GH7QAmwO.jpg?fit=768%2C512&ssl=1",768,512,true],"large":["https:\/\/i0.wp.com\/blogdobispo.com.br\/wp-content\/uploads\/2025\/08\/q8KXAZic6VZnMVD6NjnQXLVAuJk4GwN3GH7QAmwO.jpg?fit=800%2C533&ssl=1",800,533,true],"1536x1536":["https:\/\/i0.wp.com\/blogdobispo.com.br\/wp-content\/uploads\/2025\/08\/q8KXAZic6VZnMVD6NjnQXLVAuJk4GwN3GH7QAmwO.jpg?fit=1280%2C853&ssl=1",1280,853,true],"2048x2048":["https:\/\/i0.wp.com\/blogdobispo.com.br\/wp-content\/uploads\/2025\/08\/q8KXAZic6VZnMVD6NjnQXLVAuJk4GwN3GH7QAmwO.jpg?fit=1280%2C853&ssl=1",1280,853,true]},"author_info":{"display_name":"Jefferson Sterfeno","author_link":"https:\/\/blogdobispo.com.br\/?author=1"},"category_info":"<a href=\"https:\/\/blogdobispo.com.br\/?cat=1\" rel=\"category\">diversos<\/a>","tag_info":"diversos","comment_count":"0","jetpack_featured_media_url":"https:\/\/i0.wp.com\/blogdobispo.com.br\/wp-content\/uploads\/2025\/08\/q8KXAZic6VZnMVD6NjnQXLVAuJk4GwN3GH7QAmwO.jpg?fit=1280%2C853&ssl=1","jetpack_sharing_enabled":true,"_links":{"self":[{"href":"https:\/\/blogdobispo.com.br\/index.php?rest_route=\/wp\/v2\/posts\/17130","targetHints":{"allow":["GET"]}}],"collection":[{"href":"https:\/\/blogdobispo.com.br\/index.php?rest_route=\/wp\/v2\/posts"}],"about":[{"href":"https:\/\/blogdobispo.com.br\/index.php?rest_route=\/wp\/v2\/types\/post"}],"author":[{"embeddable":true,"href":"https:\/\/blogdobispo.com.br\/index.php?rest_route=\/wp\/v2\/users\/1"}],"replies":[{"embeddable":true,"href":"https:\/\/blogdobispo.com.br\/index.php?rest_route=%2Fwp%2Fv2%2Fcomments&post=17130"}],"version-history":[{"count":1,"href":"https:\/\/blogdobispo.com.br\/index.php?rest_route=\/wp\/v2\/posts\/17130\/revisions"}],"predecessor-version":[{"id":17132,"href":"https:\/\/blogdobispo.com.br\/index.php?rest_route=\/wp\/v2\/posts\/17130\/revisions\/17132"}],"wp:featuredmedia":[{"embeddable":true,"href":"https:\/\/blogdobispo.com.br\/index.php?rest_route=\/wp\/v2\/media\/17131"}],"wp:attachment":[{"href":"https:\/\/blogdobispo.com.br\/index.php?rest_route=%2Fwp%2Fv2%2Fmedia&parent=17130"}],"wp:term":[{"taxonomy":"category","embeddable":true,"href":"https:\/\/blogdobispo.com.br\/index.php?rest_route=%2Fwp%2Fv2%2Fcategories&post=17130"},{"taxonomy":"post_tag","embeddable":true,"href":"https:\/\/blogdobispo.com.br\/index.php?rest_route=%2Fwp%2Fv2%2Ftags&post=17130"}],"curies":[{"name":"wp","href":"https:\/\/api.w.org\/{rel}","templated":true}]}}