{"id":17125,"date":"2025-08-13T15:05:17","date_gmt":"2025-08-13T15:05:17","guid":{"rendered":"https:\/\/blogdobispo.com.br\/?p=17125"},"modified":"2025-08-13T15:06:35","modified_gmt":"2025-08-13T15:06:35","slug":"vereador-leo-souza-confirma-apoio-a-pre-candidatura-de-nina-souza-a-camara-federal","status":"publish","type":"post","link":"https:\/\/blogdobispo.com.br\/?p=17125","title":{"rendered":"Vereador L\u00e9o Souza confirma apoio \u00e0 pr\u00e9-candidatura de Nina Souza \u00e0 C\u00e2mara Federal"},"content":{"rendered":"<p data-start=\"236\" data-end=\"341\"><em data-start=\"236\" data-end=\"341\">Ap\u00f3s an\u00fancio de \u00c9riko J\u00e1come, expectativa gira em torno de novos apoios \u00e0 pr\u00e9-candidatura de Nina Souza<\/em><\/p>\n<p data-start=\"343\" data-end=\"734\">Natal (RN) \u2014 Ap\u00f3s o vereador \u00c9riko J\u00e1come (MDB) anunciar oficialmente seu apoio \u00e0 pr\u00e9-candidatura de Nina Souza (Podemos) \u00e0 C\u00e2mara dos Deputados, crescem as especula\u00e7\u00f5es sobre novos nomes que poder\u00e3o integrar o grupo pol\u00edtico da ex-vereadora e atual pr\u00e9-candidata federal. Entre os confirmados est\u00e1 o vereador L\u00e9o Souza (Republicanos), que tem ganhado destaque no cen\u00e1rio pol\u00edtico de Natal.<\/p>\n<p data-start=\"736\" data-end=\"1018\">O parlamentar poder\u00e1 ser um dos coordenadores da campanha. O vereador segue vinculado ao grupo pol\u00edtico do prefeito Paulinho Freire.<\/p>\n<p data-start=\"736\" data-end=\"1018\">\u00c9riko J\u00e1come formalizou sua decis\u00e3o no in\u00edcio do segundo semestre de 2025, ao anunciar que n\u00e3o disputar\u00e1 uma vaga na C\u00e2mara Federal em 2026, optando por buscar elei\u00e7\u00e3o como deputado estadual. O apoio a Nina foi anunciado como parte de uma &#8220;dobradinha estrat\u00e9gica&#8221;, com foco em fortalecer suas bases na capital potiguar.<\/p>\n<p data-start=\"1346\" data-end=\"1632\">A pr\u00e9-candidatura de Nina Souza tem se movimentado em diferentes regi\u00f5es do estado, angariando apoios tanto na Regi\u00e3o Metropolitana quanto no interior. Com a desist\u00eancia de nomes consolidados na disputa federal, como \u00c9riko, o caminho pode se abrir para novas ades\u00f5es nos pr\u00f3ximos meses.<\/p>\n<p data-start=\"1634\" data-end=\"1807\">Com a confirma\u00e7\u00e3o do apoio de L\u00e9o \u00e0 ex-vereadora, o gesto poder\u00e1 consolidar ainda mais a articula\u00e7\u00e3o do grupo liderado por Nina Souza em Natal, mirando 2026 com competitividade.<\/p>\n<p data-start=\"1634\" data-end=\"1807\"><img data-recalc-dims=\"1\" fetchpriority=\"high\" decoding=\"async\" src=\"https:\/\/i0.wp.com\/blogdobispo.com.br\/wp-content\/uploads\/2025\/08\/img_8954-1024x989-1.jpg?resize=300%2C290\" class=\"alignnone size-medium wp-image-17126\" width=\"300\" height=\"290\" alt=\"\" srcset=\"https:\/\/i0.wp.com\/blogdobispo.com.br\/wp-content\/uploads\/2025\/08\/img_8954-1024x989-1.jpg?resize=300%2C290&amp;ssl=1 300w, https:\/\/i0.wp.com\/blogdobispo.com.br\/wp-content\/uploads\/2025\/08\/img_8954-1024x989-1.jpg?resize=768%2C742&amp;ssl=1 768w, https:\/\/i0.wp.com\/blogdobispo.com.br\/wp-content\/uploads\/2025\/08\/img_8954-1024x989-1.jpg?w=1024&amp;ssl=1 1024w\" sizes=\"(max-width: 300px) 100vw, 300px\" \/><\/p>\n","protected":false},"excerpt":{"rendered":"<p>Ap\u00f3s an\u00fancio de \u00c9riko J\u00e1come, expectativa gira em torno de novos apoios \u00e0 pr\u00e9-candidatura de Nina Souza Natal (RN) \u2014 Ap\u00f3s o vereador \u00c9riko J\u00e1come (MDB) anunciar oficialmente seu apoio \u00e0 pr\u00e9-candidatura de Nina Souza (Podemos) \u00e0 C\u00e2mara dos Deputados, crescem as especula\u00e7\u00f5es sobre novos nomes que poder\u00e3o integrar o grupo pol\u00edtico da ex-vereadora e [&hellip;]<\/p>\n","protected":false},"author":1,"featured_media":17126,"comment_status":"open","ping_status":"open","sticky":false,"template":"","format":"standard","meta":{"cybocfi_hide_featured_image":"","_jetpack_memberships_contains_paid_content":false,"footnotes":""},"categories":[3],"tags":[],"class_list":["post-17125","post","type-post","status-publish","format-standard","has-post-thumbnail","hentry","category-politica"],"yoast_head":"<!-- This site is optimized with the Yoast SEO plugin v25.6 - https:\/\/yoast.com\/wordpress\/plugins\/seo\/ -->\n<title>Vereador L\u00e9o Souza confirma apoio \u00e0 pr\u00e9-candidatura de Nina Souza \u00e0 C\u00e2mara Federal - Blog do Bispo<\/title>\n<meta name=\"robots\" content=\"index, follow, max-snippet:-1, max-image-preview:large, max-video-preview:-1\" \/>\n<link rel=\"canonical\" href=\"https:\/\/blogdobispo.com.br\/?p=17125\" \/>\n<meta property=\"og:locale\" content=\"pt_BR\" \/>\n<meta property=\"og:type\" content=\"article\" \/>\n<meta property=\"og:title\" content=\"Vereador L\u00e9o Souza confirma apoio \u00e0 pr\u00e9-candidatura de Nina Souza \u00e0 C\u00e2mara Federal - Blog do Bispo\" \/>\n<meta property=\"og:description\" content=\"Ap\u00f3s an\u00fancio de \u00c9riko J\u00e1come, expectativa gira em torno de novos apoios \u00e0 pr\u00e9-candidatura de Nina Souza Natal (RN) \u2014 Ap\u00f3s o vereador \u00c9riko J\u00e1come (MDB) anunciar oficialmente seu apoio \u00e0 pr\u00e9-candidatura de Nina Souza (Podemos) \u00e0 C\u00e2mara dos Deputados, crescem as especula\u00e7\u00f5es sobre novos nomes que poder\u00e3o integrar o grupo pol\u00edtico da ex-vereadora e [&hellip;]\" \/>\n<meta property=\"og:url\" content=\"https:\/\/blogdobispo.com.br\/?p=17125\" \/>\n<meta property=\"og:site_name\" content=\"Blog do Bispo\" \/>\n<meta property=\"article:published_time\" content=\"2025-08-13T15:05:17+00:00\" \/>\n<meta property=\"article:modified_time\" content=\"2025-08-13T15:06:35+00:00\" \/>\n<meta property=\"og:image\" content=\"https:\/\/i0.wp.com\/blogdobispo.com.br\/wp-content\/uploads\/2025\/08\/img_8954-1024x989-1.jpg?fit=1024%2C989&ssl=1\" \/>\n\t<meta property=\"og:image:width\" content=\"1024\" \/>\n\t<meta property=\"og:image:height\" content=\"989\" \/>\n\t<meta property=\"og:image:type\" content=\"image\/jpeg\" \/>\n<meta name=\"author\" content=\"Jefferson Sterfeno\" \/>\n<meta name=\"twitter:card\" content=\"summary_large_image\" \/>\n<meta name=\"twitter:label1\" content=\"Escrito por\" \/>\n\t<meta name=\"twitter:data1\" content=\"Jefferson Sterfeno\" \/>\n\t<meta name=\"twitter:label2\" content=\"Est. tempo de leitura\" \/>\n\t<meta name=\"twitter:data2\" content=\"2 minutos\" \/>\n<script type=\"application\/ld+json\" class=\"yoast-schema-graph\">{\"@context\":\"https:\/\/schema.org\",\"@graph\":[{\"@type\":\"Article\",\"@id\":\"https:\/\/blogdobispo.com.br\/?p=17125#article\",\"isPartOf\":{\"@id\":\"https:\/\/blogdobispo.com.br\/?p=17125\"},\"author\":{\"name\":\"Jefferson Sterfeno\",\"@id\":\"https:\/\/blogdobispo.com.br\/#\/schema\/person\/e2209cc0e6cea5c5233d033e997b373f\"},\"headline\":\"Vereador L\u00e9o Souza confirma apoio \u00e0 pr\u00e9-candidatura de Nina Souza \u00e0 C\u00e2mara Federal\",\"datePublished\":\"2025-08-13T15:05:17+00:00\",\"dateModified\":\"2025-08-13T15:06:35+00:00\",\"mainEntityOfPage\":{\"@id\":\"https:\/\/blogdobispo.com.br\/?p=17125\"},\"wordCount\":259,\"commentCount\":0,\"publisher\":{\"@id\":\"https:\/\/blogdobispo.com.br\/#organization\"},\"image\":{\"@id\":\"https:\/\/blogdobispo.com.br\/?p=17125#primaryimage\"},\"thumbnailUrl\":\"https:\/\/i0.wp.com\/blogdobispo.com.br\/wp-content\/uploads\/2025\/08\/img_8954-1024x989-1.jpg?fit=1024%2C989&ssl=1\",\"articleSection\":[\"Pol\u00edtica\"],\"inLanguage\":\"pt-BR\",\"potentialAction\":[{\"@type\":\"CommentAction\",\"name\":\"Comment\",\"target\":[\"https:\/\/blogdobispo.com.br\/?p=17125#respond\"]}]},{\"@type\":\"WebPage\",\"@id\":\"https:\/\/blogdobispo.com.br\/?p=17125\",\"url\":\"https:\/\/blogdobispo.com.br\/?p=17125\",\"name\":\"Vereador L\u00e9o Souza confirma apoio \u00e0 pr\u00e9-candidatura de Nina Souza \u00e0 C\u00e2mara Federal - Blog do Bispo\",\"isPartOf\":{\"@id\":\"https:\/\/blogdobispo.com.br\/#website\"},\"primaryImageOfPage\":{\"@id\":\"https:\/\/blogdobispo.com.br\/?p=17125#primaryimage\"},\"image\":{\"@id\":\"https:\/\/blogdobispo.com.br\/?p=17125#primaryimage\"},\"thumbnailUrl\":\"https:\/\/i0.wp.com\/blogdobispo.com.br\/wp-content\/uploads\/2025\/08\/img_8954-1024x989-1.jpg?fit=1024%2C989&ssl=1\",\"datePublished\":\"2025-08-13T15:05:17+00:00\",\"dateModified\":\"2025-08-13T15:06:35+00:00\",\"breadcrumb\":{\"@id\":\"https:\/\/blogdobispo.com.br\/?p=17125#breadcrumb\"},\"inLanguage\":\"pt-BR\",\"potentialAction\":[{\"@type\":\"ReadAction\",\"target\":[\"https:\/\/blogdobispo.com.br\/?p=17125\"]}]},{\"@type\":\"ImageObject\",\"inLanguage\":\"pt-BR\",\"@id\":\"https:\/\/blogdobispo.com.br\/?p=17125#primaryimage\",\"url\":\"https:\/\/i0.wp.com\/blogdobispo.com.br\/wp-content\/uploads\/2025\/08\/img_8954-1024x989-1.jpg?fit=1024%2C989&ssl=1\",\"contentUrl\":\"https:\/\/i0.wp.com\/blogdobispo.com.br\/wp-content\/uploads\/2025\/08\/img_8954-1024x989-1.jpg?fit=1024%2C989&ssl=1\",\"width\":1024,\"height\":989},{\"@type\":\"BreadcrumbList\",\"@id\":\"https:\/\/blogdobispo.com.br\/?p=17125#breadcrumb\",\"itemListElement\":[{\"@type\":\"ListItem\",\"position\":1,\"name\":\"In\u00edcio\",\"item\":\"https:\/\/blogdobispo.com.br\/\"},{\"@type\":\"ListItem\",\"position\":2,\"name\":\"Vereador L\u00e9o Souza confirma apoio \u00e0 pr\u00e9-candidatura de Nina Souza \u00e0 C\u00e2mara Federal\"}]},{\"@type\":\"WebSite\",\"@id\":\"https:\/\/blogdobispo.com.br\/#website\",\"url\":\"https:\/\/blogdobispo.com.br\/\",\"name\":\"Blog do Bispo\",\"description\":\"Comprometido apenas com o leitor\",\"publisher\":{\"@id\":\"https:\/\/blogdobispo.com.br\/#organization\"},\"potentialAction\":[{\"@type\":\"SearchAction\",\"target\":{\"@type\":\"EntryPoint\",\"urlTemplate\":\"https:\/\/blogdobispo.com.br\/?s={search_term_string}\"},\"query-input\":{\"@type\":\"PropertyValueSpecification\",\"valueRequired\":true,\"valueName\":\"search_term_string\"}}],\"inLanguage\":\"pt-BR\"},{\"@type\":\"Organization\",\"@id\":\"https:\/\/blogdobispo.com.br\/#organization\",\"name\":\"Blog do Bispo\",\"url\":\"https:\/\/blogdobispo.com.br\/\",\"logo\":{\"@type\":\"ImageObject\",\"inLanguage\":\"pt-BR\",\"@id\":\"https:\/\/blogdobispo.com.br\/#\/schema\/logo\/image\/\",\"url\":\"http:\/\/blogdobispo.com.br\/wp-content\/uploads\/2023\/05\/cropped-headear.png\",\"contentUrl\":\"http:\/\/blogdobispo.com.br\/wp-content\/uploads\/2023\/05\/cropped-headear.png\",\"width\":1500,\"height\":399,\"caption\":\"Blog do Bispo\"},\"image\":{\"@id\":\"https:\/\/blogdobispo.com.br\/#\/schema\/logo\/image\/\"}},{\"@type\":\"Person\",\"@id\":\"https:\/\/blogdobispo.com.br\/#\/schema\/person\/e2209cc0e6cea5c5233d033e997b373f\",\"name\":\"Jefferson Sterfeno\",\"image\":{\"@type\":\"ImageObject\",\"inLanguage\":\"pt-BR\",\"@id\":\"https:\/\/blogdobispo.com.br\/#\/schema\/person\/image\/\",\"url\":\"https:\/\/secure.gravatar.com\/avatar\/0534e84764641168a677026b6d57a3f51dc7ac4db0b4f6186d9cb330d4ee1160?s=96&d=mm&r=g\",\"contentUrl\":\"https:\/\/secure.gravatar.com\/avatar\/0534e84764641168a677026b6d57a3f51dc7ac4db0b4f6186d9cb330d4ee1160?s=96&d=mm&r=g\",\"caption\":\"Jefferson Sterfeno\"},\"sameAs\":[\"http:\/\/blogdobispo.com.br\"],\"url\":\"https:\/\/blogdobispo.com.br\/?author=1\"}]}<\/script>\n<!-- \/ Yoast SEO plugin. -->","yoast_head_json":{"title":"Vereador L\u00e9o Souza confirma apoio \u00e0 pr\u00e9-candidatura de Nina Souza \u00e0 C\u00e2mara Federal - Blog do Bispo","robots":{"index":"index","follow":"follow","max-snippet":"max-snippet:-1","max-image-preview":"max-image-preview:large","max-video-preview":"max-video-preview:-1"},"canonical":"https:\/\/blogdobispo.com.br\/?p=17125","og_locale":"pt_BR","og_type":"article","og_title":"Vereador L\u00e9o Souza confirma apoio \u00e0 pr\u00e9-candidatura de Nina Souza \u00e0 C\u00e2mara Federal - Blog do Bispo","og_description":"Ap\u00f3s an\u00fancio de \u00c9riko J\u00e1come, expectativa gira em torno de novos apoios \u00e0 pr\u00e9-candidatura de Nina Souza Natal (RN) \u2014 Ap\u00f3s o vereador \u00c9riko J\u00e1come (MDB) anunciar oficialmente seu apoio \u00e0 pr\u00e9-candidatura de Nina Souza (Podemos) \u00e0 C\u00e2mara dos Deputados, crescem as especula\u00e7\u00f5es sobre novos nomes que poder\u00e3o integrar o grupo pol\u00edtico da ex-vereadora e [&hellip;]","og_url":"https:\/\/blogdobispo.com.br\/?p=17125","og_site_name":"Blog do Bispo","article_published_time":"2025-08-13T15:05:17+00:00","article_modified_time":"2025-08-13T15:06:35+00:00","og_image":[{"width":1024,"height":989,"url":"https:\/\/i0.wp.com\/blogdobispo.com.br\/wp-content\/uploads\/2025\/08\/img_8954-1024x989-1.jpg?fit=1024%2C989&ssl=1","type":"image\/jpeg"}],"author":"Jefferson Sterfeno","twitter_card":"summary_large_image","twitter_misc":{"Escrito por":"Jefferson Sterfeno","Est. tempo de leitura":"2 minutos"},"schema":{"@context":"https:\/\/schema.org","@graph":[{"@type":"Article","@id":"https:\/\/blogdobispo.com.br\/?p=17125#article","isPartOf":{"@id":"https:\/\/blogdobispo.com.br\/?p=17125"},"author":{"name":"Jefferson Sterfeno","@id":"https:\/\/blogdobispo.com.br\/#\/schema\/person\/e2209cc0e6cea5c5233d033e997b373f"},"headline":"Vereador L\u00e9o Souza confirma apoio \u00e0 pr\u00e9-candidatura de Nina Souza \u00e0 C\u00e2mara Federal","datePublished":"2025-08-13T15:05:17+00:00","dateModified":"2025-08-13T15:06:35+00:00","mainEntityOfPage":{"@id":"https:\/\/blogdobispo.com.br\/?p=17125"},"wordCount":259,"commentCount":0,"publisher":{"@id":"https:\/\/blogdobispo.com.br\/#organization"},"image":{"@id":"https:\/\/blogdobispo.com.br\/?p=17125#primaryimage"},"thumbnailUrl":"https:\/\/i0.wp.com\/blogdobispo.com.br\/wp-content\/uploads\/2025\/08\/img_8954-1024x989-1.jpg?fit=1024%2C989&ssl=1","articleSection":["Pol\u00edtica"],"inLanguage":"pt-BR","potentialAction":[{"@type":"CommentAction","name":"Comment","target":["https:\/\/blogdobispo.com.br\/?p=17125#respond"]}]},{"@type":"WebPage","@id":"https:\/\/blogdobispo.com.br\/?p=17125","url":"https:\/\/blogdobispo.com.br\/?p=17125","name":"Vereador L\u00e9o Souza confirma apoio \u00e0 pr\u00e9-candidatura de Nina Souza \u00e0 C\u00e2mara Federal - Blog do Bispo","isPartOf":{"@id":"https:\/\/blogdobispo.com.br\/#website"},"primaryImageOfPage":{"@id":"https:\/\/blogdobispo.com.br\/?p=17125#primaryimage"},"image":{"@id":"https:\/\/blogdobispo.com.br\/?p=17125#primaryimage"},"thumbnailUrl":"https:\/\/i0.wp.com\/blogdobispo.com.br\/wp-content\/uploads\/2025\/08\/img_8954-1024x989-1.jpg?fit=1024%2C989&ssl=1","datePublished":"2025-08-13T15:05:17+00:00","dateModified":"2025-08-13T15:06:35+00:00","breadcrumb":{"@id":"https:\/\/blogdobispo.com.br\/?p=17125#breadcrumb"},"inLanguage":"pt-BR","potentialAction":[{"@type":"ReadAction","target":["https:\/\/blogdobispo.com.br\/?p=17125"]}]},{"@type":"ImageObject","inLanguage":"pt-BR","@id":"https:\/\/blogdobispo.com.br\/?p=17125#primaryimage","url":"https:\/\/i0.wp.com\/blogdobispo.com.br\/wp-content\/uploads\/2025\/08\/img_8954-1024x989-1.jpg?fit=1024%2C989&ssl=1","contentUrl":"https:\/\/i0.wp.com\/blogdobispo.com.br\/wp-content\/uploads\/2025\/08\/img_8954-1024x989-1.jpg?fit=1024%2C989&ssl=1","width":1024,"height":989},{"@type":"BreadcrumbList","@id":"https:\/\/blogdobispo.com.br\/?p=17125#breadcrumb","itemListElement":[{"@type":"ListItem","position":1,"name":"In\u00edcio","item":"https:\/\/blogdobispo.com.br\/"},{"@type":"ListItem","position":2,"name":"Vereador L\u00e9o Souza confirma apoio \u00e0 pr\u00e9-candidatura de Nina Souza \u00e0 C\u00e2mara Federal"}]},{"@type":"WebSite","@id":"https:\/\/blogdobispo.com.br\/#website","url":"https:\/\/blogdobispo.com.br\/","name":"Blog do Bispo","description":"Comprometido apenas com o leitor","publisher":{"@id":"https:\/\/blogdobispo.com.br\/#organization"},"potentialAction":[{"@type":"SearchAction","target":{"@type":"EntryPoint","urlTemplate":"https:\/\/blogdobispo.com.br\/?s={search_term_string}"},"query-input":{"@type":"PropertyValueSpecification","valueRequired":true,"valueName":"search_term_string"}}],"inLanguage":"pt-BR"},{"@type":"Organization","@id":"https:\/\/blogdobispo.com.br\/#organization","name":"Blog do Bispo","url":"https:\/\/blogdobispo.com.br\/","logo":{"@type":"ImageObject","inLanguage":"pt-BR","@id":"https:\/\/blogdobispo.com.br\/#\/schema\/logo\/image\/","url":"http:\/\/blogdobispo.com.br\/wp-content\/uploads\/2023\/05\/cropped-headear.png","contentUrl":"http:\/\/blogdobispo.com.br\/wp-content\/uploads\/2023\/05\/cropped-headear.png","width":1500,"height":399,"caption":"Blog do Bispo"},"image":{"@id":"https:\/\/blogdobispo.com.br\/#\/schema\/logo\/image\/"}},{"@type":"Person","@id":"https:\/\/blogdobispo.com.br\/#\/schema\/person\/e2209cc0e6cea5c5233d033e997b373f","name":"Jefferson Sterfeno","image":{"@type":"ImageObject","inLanguage":"pt-BR","@id":"https:\/\/blogdobispo.com.br\/#\/schema\/person\/image\/","url":"https:\/\/secure.gravatar.com\/avatar\/0534e84764641168a677026b6d57a3f51dc7ac4db0b4f6186d9cb330d4ee1160?s=96&d=mm&r=g","contentUrl":"https:\/\/secure.gravatar.com\/avatar\/0534e84764641168a677026b6d57a3f51dc7ac4db0b4f6186d9cb330d4ee1160?s=96&d=mm&r=g","caption":"Jefferson Sterfeno"},"sameAs":["http:\/\/blogdobispo.com.br"],"url":"https:\/\/blogdobispo.com.br\/?author=1"}]}},"featured_image_urls":{"full":["https:\/\/i0.wp.com\/blogdobispo.com.br\/wp-content\/uploads\/2025\/08\/img_8954-1024x989-1.jpg?fit=1024%2C989&ssl=1",1024,989,false],"thumbnail":["https:\/\/i0.wp.com\/blogdobispo.com.br\/wp-content\/uploads\/2025\/08\/img_8954-1024x989-1.jpg?resize=150%2C150&ssl=1",150,150,true],"medium":["https:\/\/i0.wp.com\/blogdobispo.com.br\/wp-content\/uploads\/2025\/08\/img_8954-1024x989-1.jpg?fit=300%2C290&ssl=1",300,290,true],"medium_large":["https:\/\/i0.wp.com\/blogdobispo.com.br\/wp-content\/uploads\/2025\/08\/img_8954-1024x989-1.jpg?fit=768%2C742&ssl=1",768,742,true],"large":["https:\/\/i0.wp.com\/blogdobispo.com.br\/wp-content\/uploads\/2025\/08\/img_8954-1024x989-1.jpg?fit=800%2C773&ssl=1",800,773,true],"1536x1536":["https:\/\/i0.wp.com\/blogdobispo.com.br\/wp-content\/uploads\/2025\/08\/img_8954-1024x989-1.jpg?fit=1024%2C989&ssl=1",1024,989,true],"2048x2048":["https:\/\/i0.wp.com\/blogdobispo.com.br\/wp-content\/uploads\/2025\/08\/img_8954-1024x989-1.jpg?fit=1024%2C989&ssl=1",1024,989,true]},"author_info":{"display_name":"Jefferson Sterfeno","author_link":"https:\/\/blogdobispo.com.br\/?author=1"},"category_info":"<a href=\"https:\/\/blogdobispo.com.br\/?cat=3\" rel=\"category\">Pol\u00edtica<\/a>","tag_info":"Pol\u00edtica","comment_count":"0","jetpack_featured_media_url":"https:\/\/i0.wp.com\/blogdobispo.com.br\/wp-content\/uploads\/2025\/08\/img_8954-1024x989-1.jpg?fit=1024%2C989&ssl=1","jetpack_sharing_enabled":true,"_links":{"self":[{"href":"https:\/\/blogdobispo.com.br\/index.php?rest_route=\/wp\/v2\/posts\/17125","targetHints":{"allow":["GET"]}}],"collection":[{"href":"https:\/\/blogdobispo.com.br\/index.php?rest_route=\/wp\/v2\/posts"}],"about":[{"href":"https:\/\/blogdobispo.com.br\/index.php?rest_route=\/wp\/v2\/types\/post"}],"author":[{"embeddable":true,"href":"https:\/\/blogdobispo.com.br\/index.php?rest_route=\/wp\/v2\/users\/1"}],"replies":[{"embeddable":true,"href":"https:\/\/blogdobispo.com.br\/index.php?rest_route=%2Fwp%2Fv2%2Fcomments&post=17125"}],"version-history":[{"count":3,"href":"https:\/\/blogdobispo.com.br\/index.php?rest_route=\/wp\/v2\/posts\/17125\/revisions"}],"predecessor-version":[{"id":17129,"href":"https:\/\/blogdobispo.com.br\/index.php?rest_route=\/wp\/v2\/posts\/17125\/revisions\/17129"}],"wp:featuredmedia":[{"embeddable":true,"href":"https:\/\/blogdobispo.com.br\/index.php?rest_route=\/wp\/v2\/media\/17126"}],"wp:attachment":[{"href":"https:\/\/blogdobispo.com.br\/index.php?rest_route=%2Fwp%2Fv2%2Fmedia&parent=17125"}],"wp:term":[{"taxonomy":"category","embeddable":true,"href":"https:\/\/blogdobispo.com.br\/index.php?rest_route=%2Fwp%2Fv2%2Fcategories&post=17125"},{"taxonomy":"post_tag","embeddable":true,"href":"https:\/\/blogdobispo.com.br\/index.php?rest_route=%2Fwp%2Fv2%2Ftags&post=17125"}],"curies":[{"name":"wp","href":"https:\/\/api.w.org\/{rel}","templated":true}]}}