{"id":17117,"date":"2025-08-13T01:55:28","date_gmt":"2025-08-13T01:55:28","guid":{"rendered":"https:\/\/blogdobispo.com.br\/?p=17117"},"modified":"2025-08-13T01:58:00","modified_gmt":"2025-08-13T01:58:00","slug":"fundador-da-reallink-gledson-de-queiroz-costa-morre-em-tragico-acidente","status":"publish","type":"post","link":"https:\/\/blogdobispo.com.br\/?p=17117","title":{"rendered":"Fundador da RealLink, Gledson de Queiroz Costa, morre em tr\u00e1gico acidente"},"content":{"rendered":"\n<p class=\"p1\"><\/p>\n\n\n\n<p class=\"p1\">O ramo dos provedores est\u00e1 de luto nesta ter\u00e7a-feira (12) com a not\u00edcia do falecimento de Gledson de Queiroz Costa, fundador e representante da RealLink, provedor de internet que se tornou refer\u00eancia no setor. Ele morreu em decorr\u00eancia de um tr\u00e1gico acidente, conforme comunicado oficial divulgado pela empresa.<\/p>\n\n\n\n<figure class=\"wp-block-image size-large\"><img data-recalc-dims=\"1\" fetchpriority=\"high\" decoding=\"async\" width=\"732\" height=\"595\" src=\"https:\/\/i0.wp.com\/blogdobispo.com.br\/wp-content\/uploads\/2025\/08\/img_6071.jpg?resize=732%2C595&#038;ssl=1\" alt=\"\" class=\"wp-image-17120\" srcset=\"https:\/\/i0.wp.com\/blogdobispo.com.br\/wp-content\/uploads\/2025\/08\/img_6071.jpg?w=732&amp;ssl=1 732w, https:\/\/i0.wp.com\/blogdobispo.com.br\/wp-content\/uploads\/2025\/08\/img_6071.jpg?resize=300%2C244&amp;ssl=1 300w\" sizes=\"(max-width: 732px) 100vw, 732px\" \/><\/figure>\n\n\n\n<p class=\"p1\">Em nota, a RealLink destacou que Gledson n\u00e3o foi apenas um empreendedor vision\u00e1rio, mas tamb\u00e9m um amigo, um l\u00edder inspirador e uma presen\u00e7a marcante na vida de todos que cruzaram seu caminho. \u201cEle construiu mais do que uma empresa \u2014 construiu conex\u00f5es verdadeiras com clientes, colaboradores e com toda a comunidade ao seu redor\u201d, afirma o texto.<\/p>\n\n\n\n<p class=\"p1\">O legado de dedica\u00e7\u00e3o, honestidade e compromisso com as pessoas, segundo a empresa, continuar\u00e1 vivo em cada detalhe da RealLink. \u201cNeste momento de dor, nos unimos em ora\u00e7\u00e3o e solidariedade aos familiares, amigos e colegas de jornada\u201d, finaliza a nota.<\/p>\n\n\n\n<p class=\"p1\">A morte de Gledson deixa uma lacuna n\u00e3o apenas no setor empresarial, mas tamb\u00e9m no conv\u00edvio social e comunit\u00e1rio, onde sua atua\u00e7\u00e3o e generosidade sempre foram reconhecidas.<\/p>\n","protected":false},"excerpt":{"rendered":"<p>O ramo dos provedores est\u00e1 de luto nesta ter\u00e7a-feira (12) com a not\u00edcia do falecimento de Gledson de Queiroz Costa, fundador e representante da RealLink, provedor de internet que se tornou refer\u00eancia no setor. Ele morreu em decorr\u00eancia de um tr\u00e1gico acidente, conforme comunicado oficial divulgado pela empresa. Em nota, a RealLink destacou que Gledson [&hellip;]<\/p>\n","protected":false},"author":1,"featured_media":17122,"comment_status":"open","ping_status":"open","sticky":false,"template":"","format":"standard","meta":{"cybocfi_hide_featured_image":"","_jetpack_memberships_contains_paid_content":false,"footnotes":""},"categories":[1],"tags":[],"class_list":["post-17117","post","type-post","status-publish","format-standard","has-post-thumbnail","hentry","category-diversos"],"yoast_head":"<!-- This site is optimized with the Yoast SEO plugin v25.6 - https:\/\/yoast.com\/wordpress\/plugins\/seo\/ -->\n<title>Fundador da RealLink, Gledson de Queiroz Costa, morre em tr\u00e1gico acidente - Blog do Bispo<\/title>\n<meta name=\"robots\" content=\"index, follow, max-snippet:-1, max-image-preview:large, max-video-preview:-1\" \/>\n<link rel=\"canonical\" href=\"https:\/\/blogdobispo.com.br\/?p=17117\" \/>\n<meta property=\"og:locale\" content=\"pt_BR\" \/>\n<meta property=\"og:type\" content=\"article\" \/>\n<meta property=\"og:title\" content=\"Fundador da RealLink, Gledson de Queiroz Costa, morre em tr\u00e1gico acidente - Blog do Bispo\" \/>\n<meta property=\"og:description\" content=\"O ramo dos provedores est\u00e1 de luto nesta ter\u00e7a-feira (12) com a not\u00edcia do falecimento de Gledson de Queiroz Costa, fundador e representante da RealLink, provedor de internet que se tornou refer\u00eancia no setor. Ele morreu em decorr\u00eancia de um tr\u00e1gico acidente, conforme comunicado oficial divulgado pela empresa. Em nota, a RealLink destacou que Gledson [&hellip;]\" \/>\n<meta property=\"og:url\" content=\"https:\/\/blogdobispo.com.br\/?p=17117\" \/>\n<meta property=\"og:site_name\" content=\"Blog do Bispo\" \/>\n<meta property=\"article:published_time\" content=\"2025-08-13T01:55:28+00:00\" \/>\n<meta property=\"article:modified_time\" content=\"2025-08-13T01:58:00+00:00\" \/>\n<meta property=\"og:image\" content=\"https:\/\/blogdobispo.com.br\/wp-content\/uploads\/2025\/08\/img_6071.jpg\" \/>\n<meta name=\"author\" content=\"Jefferson Sterfeno\" \/>\n<meta name=\"twitter:card\" content=\"summary_large_image\" \/>\n<meta name=\"twitter:label1\" content=\"Escrito por\" \/>\n\t<meta name=\"twitter:data1\" content=\"Jefferson Sterfeno\" \/>\n\t<meta name=\"twitter:label2\" content=\"Est. tempo de leitura\" \/>\n\t<meta name=\"twitter:data2\" content=\"1 minuto\" \/>\n<script type=\"application\/ld+json\" class=\"yoast-schema-graph\">{\"@context\":\"https:\/\/schema.org\",\"@graph\":[{\"@type\":\"Article\",\"@id\":\"https:\/\/blogdobispo.com.br\/?p=17117#article\",\"isPartOf\":{\"@id\":\"https:\/\/blogdobispo.com.br\/?p=17117\"},\"author\":{\"name\":\"Jefferson Sterfeno\",\"@id\":\"https:\/\/blogdobispo.com.br\/#\/schema\/person\/e2209cc0e6cea5c5233d033e997b373f\"},\"headline\":\"Fundador da RealLink, Gledson de Queiroz Costa, morre em tr\u00e1gico acidente\",\"datePublished\":\"2025-08-13T01:55:28+00:00\",\"dateModified\":\"2025-08-13T01:58:00+00:00\",\"mainEntityOfPage\":{\"@id\":\"https:\/\/blogdobispo.com.br\/?p=17117\"},\"wordCount\":200,\"commentCount\":0,\"publisher\":{\"@id\":\"https:\/\/blogdobispo.com.br\/#organization\"},\"image\":{\"@id\":\"https:\/\/blogdobispo.com.br\/?p=17117#primaryimage\"},\"thumbnailUrl\":\"https:\/\/i0.wp.com\/blogdobispo.com.br\/wp-content\/uploads\/2025\/08\/img_6071-1.jpg?fit=732%2C595&ssl=1\",\"articleSection\":[\"diversos\"],\"inLanguage\":\"pt-BR\",\"potentialAction\":[{\"@type\":\"CommentAction\",\"name\":\"Comment\",\"target\":[\"https:\/\/blogdobispo.com.br\/?p=17117#respond\"]}]},{\"@type\":\"WebPage\",\"@id\":\"https:\/\/blogdobispo.com.br\/?p=17117\",\"url\":\"https:\/\/blogdobispo.com.br\/?p=17117\",\"name\":\"Fundador da RealLink, Gledson de Queiroz Costa, morre em tr\u00e1gico acidente - Blog do Bispo\",\"isPartOf\":{\"@id\":\"https:\/\/blogdobispo.com.br\/#website\"},\"primaryImageOfPage\":{\"@id\":\"https:\/\/blogdobispo.com.br\/?p=17117#primaryimage\"},\"image\":{\"@id\":\"https:\/\/blogdobispo.com.br\/?p=17117#primaryimage\"},\"thumbnailUrl\":\"https:\/\/i0.wp.com\/blogdobispo.com.br\/wp-content\/uploads\/2025\/08\/img_6071-1.jpg?fit=732%2C595&ssl=1\",\"datePublished\":\"2025-08-13T01:55:28+00:00\",\"dateModified\":\"2025-08-13T01:58:00+00:00\",\"breadcrumb\":{\"@id\":\"https:\/\/blogdobispo.com.br\/?p=17117#breadcrumb\"},\"inLanguage\":\"pt-BR\",\"potentialAction\":[{\"@type\":\"ReadAction\",\"target\":[\"https:\/\/blogdobispo.com.br\/?p=17117\"]}]},{\"@type\":\"ImageObject\",\"inLanguage\":\"pt-BR\",\"@id\":\"https:\/\/blogdobispo.com.br\/?p=17117#primaryimage\",\"url\":\"https:\/\/i0.wp.com\/blogdobispo.com.br\/wp-content\/uploads\/2025\/08\/img_6071-1.jpg?fit=732%2C595&ssl=1\",\"contentUrl\":\"https:\/\/i0.wp.com\/blogdobispo.com.br\/wp-content\/uploads\/2025\/08\/img_6071-1.jpg?fit=732%2C595&ssl=1\",\"width\":732,\"height\":595,\"caption\":\"Screenshot\"},{\"@type\":\"BreadcrumbList\",\"@id\":\"https:\/\/blogdobispo.com.br\/?p=17117#breadcrumb\",\"itemListElement\":[{\"@type\":\"ListItem\",\"position\":1,\"name\":\"In\u00edcio\",\"item\":\"https:\/\/blogdobispo.com.br\/\"},{\"@type\":\"ListItem\",\"position\":2,\"name\":\"Fundador da RealLink, Gledson de Queiroz Costa, morre em tr\u00e1gico acidente\"}]},{\"@type\":\"WebSite\",\"@id\":\"https:\/\/blogdobispo.com.br\/#website\",\"url\":\"https:\/\/blogdobispo.com.br\/\",\"name\":\"Blog do Bispo\",\"description\":\"Comprometido apenas com o leitor\",\"publisher\":{\"@id\":\"https:\/\/blogdobispo.com.br\/#organization\"},\"potentialAction\":[{\"@type\":\"SearchAction\",\"target\":{\"@type\":\"EntryPoint\",\"urlTemplate\":\"https:\/\/blogdobispo.com.br\/?s={search_term_string}\"},\"query-input\":{\"@type\":\"PropertyValueSpecification\",\"valueRequired\":true,\"valueName\":\"search_term_string\"}}],\"inLanguage\":\"pt-BR\"},{\"@type\":\"Organization\",\"@id\":\"https:\/\/blogdobispo.com.br\/#organization\",\"name\":\"Blog do Bispo\",\"url\":\"https:\/\/blogdobispo.com.br\/\",\"logo\":{\"@type\":\"ImageObject\",\"inLanguage\":\"pt-BR\",\"@id\":\"https:\/\/blogdobispo.com.br\/#\/schema\/logo\/image\/\",\"url\":\"http:\/\/blogdobispo.com.br\/wp-content\/uploads\/2023\/05\/cropped-headear.png\",\"contentUrl\":\"http:\/\/blogdobispo.com.br\/wp-content\/uploads\/2023\/05\/cropped-headear.png\",\"width\":1500,\"height\":399,\"caption\":\"Blog do Bispo\"},\"image\":{\"@id\":\"https:\/\/blogdobispo.com.br\/#\/schema\/logo\/image\/\"}},{\"@type\":\"Person\",\"@id\":\"https:\/\/blogdobispo.com.br\/#\/schema\/person\/e2209cc0e6cea5c5233d033e997b373f\",\"name\":\"Jefferson Sterfeno\",\"image\":{\"@type\":\"ImageObject\",\"inLanguage\":\"pt-BR\",\"@id\":\"https:\/\/blogdobispo.com.br\/#\/schema\/person\/image\/\",\"url\":\"https:\/\/secure.gravatar.com\/avatar\/0534e84764641168a677026b6d57a3f51dc7ac4db0b4f6186d9cb330d4ee1160?s=96&d=mm&r=g\",\"contentUrl\":\"https:\/\/secure.gravatar.com\/avatar\/0534e84764641168a677026b6d57a3f51dc7ac4db0b4f6186d9cb330d4ee1160?s=96&d=mm&r=g\",\"caption\":\"Jefferson Sterfeno\"},\"sameAs\":[\"http:\/\/blogdobispo.com.br\"],\"url\":\"https:\/\/blogdobispo.com.br\/?author=1\"}]}<\/script>\n<!-- \/ Yoast SEO plugin. -->","yoast_head_json":{"title":"Fundador da RealLink, Gledson de Queiroz Costa, morre em tr\u00e1gico acidente - Blog do Bispo","robots":{"index":"index","follow":"follow","max-snippet":"max-snippet:-1","max-image-preview":"max-image-preview:large","max-video-preview":"max-video-preview:-1"},"canonical":"https:\/\/blogdobispo.com.br\/?p=17117","og_locale":"pt_BR","og_type":"article","og_title":"Fundador da RealLink, Gledson de Queiroz Costa, morre em tr\u00e1gico acidente - Blog do Bispo","og_description":"O ramo dos provedores est\u00e1 de luto nesta ter\u00e7a-feira (12) com a not\u00edcia do falecimento de Gledson de Queiroz Costa, fundador e representante da RealLink, provedor de internet que se tornou refer\u00eancia no setor. Ele morreu em decorr\u00eancia de um tr\u00e1gico acidente, conforme comunicado oficial divulgado pela empresa. Em nota, a RealLink destacou que Gledson [&hellip;]","og_url":"https:\/\/blogdobispo.com.br\/?p=17117","og_site_name":"Blog do Bispo","article_published_time":"2025-08-13T01:55:28+00:00","article_modified_time":"2025-08-13T01:58:00+00:00","og_image":[{"url":"https:\/\/blogdobispo.com.br\/wp-content\/uploads\/2025\/08\/img_6071.jpg","type":"","width":"","height":""}],"author":"Jefferson Sterfeno","twitter_card":"summary_large_image","twitter_misc":{"Escrito por":"Jefferson Sterfeno","Est. tempo de leitura":"1 minuto"},"schema":{"@context":"https:\/\/schema.org","@graph":[{"@type":"Article","@id":"https:\/\/blogdobispo.com.br\/?p=17117#article","isPartOf":{"@id":"https:\/\/blogdobispo.com.br\/?p=17117"},"author":{"name":"Jefferson Sterfeno","@id":"https:\/\/blogdobispo.com.br\/#\/schema\/person\/e2209cc0e6cea5c5233d033e997b373f"},"headline":"Fundador da RealLink, Gledson de Queiroz Costa, morre em tr\u00e1gico acidente","datePublished":"2025-08-13T01:55:28+00:00","dateModified":"2025-08-13T01:58:00+00:00","mainEntityOfPage":{"@id":"https:\/\/blogdobispo.com.br\/?p=17117"},"wordCount":200,"commentCount":0,"publisher":{"@id":"https:\/\/blogdobispo.com.br\/#organization"},"image":{"@id":"https:\/\/blogdobispo.com.br\/?p=17117#primaryimage"},"thumbnailUrl":"https:\/\/i0.wp.com\/blogdobispo.com.br\/wp-content\/uploads\/2025\/08\/img_6071-1.jpg?fit=732%2C595&ssl=1","articleSection":["diversos"],"inLanguage":"pt-BR","potentialAction":[{"@type":"CommentAction","name":"Comment","target":["https:\/\/blogdobispo.com.br\/?p=17117#respond"]}]},{"@type":"WebPage","@id":"https:\/\/blogdobispo.com.br\/?p=17117","url":"https:\/\/blogdobispo.com.br\/?p=17117","name":"Fundador da RealLink, Gledson de Queiroz Costa, morre em tr\u00e1gico acidente - Blog do Bispo","isPartOf":{"@id":"https:\/\/blogdobispo.com.br\/#website"},"primaryImageOfPage":{"@id":"https:\/\/blogdobispo.com.br\/?p=17117#primaryimage"},"image":{"@id":"https:\/\/blogdobispo.com.br\/?p=17117#primaryimage"},"thumbnailUrl":"https:\/\/i0.wp.com\/blogdobispo.com.br\/wp-content\/uploads\/2025\/08\/img_6071-1.jpg?fit=732%2C595&ssl=1","datePublished":"2025-08-13T01:55:28+00:00","dateModified":"2025-08-13T01:58:00+00:00","breadcrumb":{"@id":"https:\/\/blogdobispo.com.br\/?p=17117#breadcrumb"},"inLanguage":"pt-BR","potentialAction":[{"@type":"ReadAction","target":["https:\/\/blogdobispo.com.br\/?p=17117"]}]},{"@type":"ImageObject","inLanguage":"pt-BR","@id":"https:\/\/blogdobispo.com.br\/?p=17117#primaryimage","url":"https:\/\/i0.wp.com\/blogdobispo.com.br\/wp-content\/uploads\/2025\/08\/img_6071-1.jpg?fit=732%2C595&ssl=1","contentUrl":"https:\/\/i0.wp.com\/blogdobispo.com.br\/wp-content\/uploads\/2025\/08\/img_6071-1.jpg?fit=732%2C595&ssl=1","width":732,"height":595,"caption":"Screenshot"},{"@type":"BreadcrumbList","@id":"https:\/\/blogdobispo.com.br\/?p=17117#breadcrumb","itemListElement":[{"@type":"ListItem","position":1,"name":"In\u00edcio","item":"https:\/\/blogdobispo.com.br\/"},{"@type":"ListItem","position":2,"name":"Fundador da RealLink, Gledson de Queiroz Costa, morre em tr\u00e1gico acidente"}]},{"@type":"WebSite","@id":"https:\/\/blogdobispo.com.br\/#website","url":"https:\/\/blogdobispo.com.br\/","name":"Blog do Bispo","description":"Comprometido apenas com o leitor","publisher":{"@id":"https:\/\/blogdobispo.com.br\/#organization"},"potentialAction":[{"@type":"SearchAction","target":{"@type":"EntryPoint","urlTemplate":"https:\/\/blogdobispo.com.br\/?s={search_term_string}"},"query-input":{"@type":"PropertyValueSpecification","valueRequired":true,"valueName":"search_term_string"}}],"inLanguage":"pt-BR"},{"@type":"Organization","@id":"https:\/\/blogdobispo.com.br\/#organization","name":"Blog do Bispo","url":"https:\/\/blogdobispo.com.br\/","logo":{"@type":"ImageObject","inLanguage":"pt-BR","@id":"https:\/\/blogdobispo.com.br\/#\/schema\/logo\/image\/","url":"http:\/\/blogdobispo.com.br\/wp-content\/uploads\/2023\/05\/cropped-headear.png","contentUrl":"http:\/\/blogdobispo.com.br\/wp-content\/uploads\/2023\/05\/cropped-headear.png","width":1500,"height":399,"caption":"Blog do Bispo"},"image":{"@id":"https:\/\/blogdobispo.com.br\/#\/schema\/logo\/image\/"}},{"@type":"Person","@id":"https:\/\/blogdobispo.com.br\/#\/schema\/person\/e2209cc0e6cea5c5233d033e997b373f","name":"Jefferson Sterfeno","image":{"@type":"ImageObject","inLanguage":"pt-BR","@id":"https:\/\/blogdobispo.com.br\/#\/schema\/person\/image\/","url":"https:\/\/secure.gravatar.com\/avatar\/0534e84764641168a677026b6d57a3f51dc7ac4db0b4f6186d9cb330d4ee1160?s=96&d=mm&r=g","contentUrl":"https:\/\/secure.gravatar.com\/avatar\/0534e84764641168a677026b6d57a3f51dc7ac4db0b4f6186d9cb330d4ee1160?s=96&d=mm&r=g","caption":"Jefferson Sterfeno"},"sameAs":["http:\/\/blogdobispo.com.br"],"url":"https:\/\/blogdobispo.com.br\/?author=1"}]}},"featured_image_urls":{"full":["https:\/\/i0.wp.com\/blogdobispo.com.br\/wp-content\/uploads\/2025\/08\/img_6071-1.jpg?fit=732%2C595&ssl=1",732,595,false],"thumbnail":["https:\/\/i0.wp.com\/blogdobispo.com.br\/wp-content\/uploads\/2025\/08\/img_6071-1.jpg?resize=150%2C150&ssl=1",150,150,true],"medium":["https:\/\/i0.wp.com\/blogdobispo.com.br\/wp-content\/uploads\/2025\/08\/img_6071-1.jpg?fit=300%2C244&ssl=1",300,244,true],"medium_large":["https:\/\/i0.wp.com\/blogdobispo.com.br\/wp-content\/uploads\/2025\/08\/img_6071-1.jpg?fit=732%2C595&ssl=1",732,595,true],"large":["https:\/\/i0.wp.com\/blogdobispo.com.br\/wp-content\/uploads\/2025\/08\/img_6071-1.jpg?fit=732%2C595&ssl=1",732,595,true],"1536x1536":["https:\/\/i0.wp.com\/blogdobispo.com.br\/wp-content\/uploads\/2025\/08\/img_6071-1.jpg?fit=732%2C595&ssl=1",732,595,true],"2048x2048":["https:\/\/i0.wp.com\/blogdobispo.com.br\/wp-content\/uploads\/2025\/08\/img_6071-1.jpg?fit=732%2C595&ssl=1",732,595,true]},"author_info":{"display_name":"Jefferson Sterfeno","author_link":"https:\/\/blogdobispo.com.br\/?author=1"},"category_info":"<a href=\"https:\/\/blogdobispo.com.br\/?cat=1\" rel=\"category\">diversos<\/a>","tag_info":"diversos","comment_count":"0","jetpack_featured_media_url":"https:\/\/i0.wp.com\/blogdobispo.com.br\/wp-content\/uploads\/2025\/08\/img_6071-1.jpg?fit=732%2C595&ssl=1","jetpack_sharing_enabled":true,"_links":{"self":[{"href":"https:\/\/blogdobispo.com.br\/index.php?rest_route=\/wp\/v2\/posts\/17117","targetHints":{"allow":["GET"]}}],"collection":[{"href":"https:\/\/blogdobispo.com.br\/index.php?rest_route=\/wp\/v2\/posts"}],"about":[{"href":"https:\/\/blogdobispo.com.br\/index.php?rest_route=\/wp\/v2\/types\/post"}],"author":[{"embeddable":true,"href":"https:\/\/blogdobispo.com.br\/index.php?rest_route=\/wp\/v2\/users\/1"}],"replies":[{"embeddable":true,"href":"https:\/\/blogdobispo.com.br\/index.php?rest_route=%2Fwp%2Fv2%2Fcomments&post=17117"}],"version-history":[{"count":2,"href":"https:\/\/blogdobispo.com.br\/index.php?rest_route=\/wp\/v2\/posts\/17117\/revisions"}],"predecessor-version":[{"id":17123,"href":"https:\/\/blogdobispo.com.br\/index.php?rest_route=\/wp\/v2\/posts\/17117\/revisions\/17123"}],"wp:featuredmedia":[{"embeddable":true,"href":"https:\/\/blogdobispo.com.br\/index.php?rest_route=\/wp\/v2\/media\/17122"}],"wp:attachment":[{"href":"https:\/\/blogdobispo.com.br\/index.php?rest_route=%2Fwp%2Fv2%2Fmedia&parent=17117"}],"wp:term":[{"taxonomy":"category","embeddable":true,"href":"https:\/\/blogdobispo.com.br\/index.php?rest_route=%2Fwp%2Fv2%2Fcategories&post=17117"},{"taxonomy":"post_tag","embeddable":true,"href":"https:\/\/blogdobispo.com.br\/index.php?rest_route=%2Fwp%2Fv2%2Ftags&post=17117"}],"curies":[{"name":"wp","href":"https:\/\/api.w.org\/{rel}","templated":true}]}}