{"id":17113,"date":"2025-08-13T00:47:01","date_gmt":"2025-08-13T00:47:01","guid":{"rendered":"https:\/\/blogdobispo.com.br\/?p=17113"},"modified":"2025-08-13T00:47:01","modified_gmt":"2025-08-13T00:47:01","slug":"ubaldo-fernandes-acerta-ida-para-o-mdb-em-acordo-com-walter-alves","status":"publish","type":"post","link":"https:\/\/blogdobispo.com.br\/?p=17113","title":{"rendered":"Ubaldo Fernandes acerta ida para o MDB em acordo com Walter Alves"},"content":{"rendered":"\n<figure class=\"wp-block-image size-large\"><img data-recalc-dims=\"1\" fetchpriority=\"high\" decoding=\"async\" width=\"473\" height=\"585\" src=\"https:\/\/i0.wp.com\/blogdobispo.com.br\/wp-content\/uploads\/2025\/08\/image.jpg?resize=473%2C585&#038;ssl=1\" class=\"wp-image-17111\" srcset=\"https:\/\/i0.wp.com\/blogdobispo.com.br\/wp-content\/uploads\/2025\/08\/image.jpg?w=473&amp;ssl=1 473w, https:\/\/i0.wp.com\/blogdobispo.com.br\/wp-content\/uploads\/2025\/08\/image.jpg?resize=243%2C300&amp;ssl=1 243w\" sizes=\"(max-width: 473px) 100vw, 473px\" \/><\/figure>\n\n\n\n<p class=\"p1\"><\/p>\n\n\n\n<p class=\"p1\">O tabuleiro pol\u00edtico potiguar ganhou um novo movimento nesta ter\u00e7a-feira. O deputado estadual Ubaldo Fernandes (PSDB) acertou sua filia\u00e7\u00e3o ao MDB, em uma articula\u00e7\u00e3o fechada diretamente com o vice-governador Walter Alves. O entendimento, costurado em reuni\u00e3o reservada hoje, consolida mais uma pe\u00e7a na estrat\u00e9gia do MDB para fortalecer sua bancada na Assembleia Legislativa nas elei\u00e7\u00f5es de 2026.<\/p>\n\n\n\n<p class=\"p1\">O ingresso de Ubaldo no partido \u00e9 visto como um refor\u00e7o importante para a legenda, que busca ampliar espa\u00e7o no Legislativo estadual e manter protagonismo no cen\u00e1rio pol\u00edtico. Pr\u00f3ximo de lideran\u00e7as comunit\u00e1rias de Natal e com base eleitoral s\u00f3lida na capital, o parlamentar deve garantir ao MDB um nome competitivo tanto para a reelei\u00e7\u00e3o quanto para futuras articula\u00e7\u00f5es proporcionais.<\/p>\n\n\n\n<p class=\"p1\">O acordo tamb\u00e9m sinaliza a aproxima\u00e7\u00e3o entre o grupo de Walter Alves e setores independentes da base governista, ampliando o campo de alian\u00e7as para o pr\u00f3ximo pleito. Nos bastidores, comenta-se que a chegada de Ubaldo poder\u00e1 influenciar na montagem da chapa proporcional do partido, especialmente na disputa por cadeiras na Assembleia.<\/p>\n\n\n\n<p class=\"p1\">O MDB, que j\u00e1 vinha mantendo conversas com outros nomes, deve anunciar oficialmente a filia\u00e7\u00e3o nas pr\u00f3ximas semanas, transformando a articula\u00e7\u00e3o de hoje em mais um passo na consolida\u00e7\u00e3o do projeto eleitoral comandado por Walter Alves.<\/p>\n","protected":false},"excerpt":{"rendered":"<p>O tabuleiro pol\u00edtico potiguar ganhou um novo movimento nesta ter\u00e7a-feira. O deputado estadual Ubaldo Fernandes (PSDB) acertou sua filia\u00e7\u00e3o ao MDB, em uma articula\u00e7\u00e3o fechada diretamente com o vice-governador Walter Alves. O entendimento, costurado em reuni\u00e3o reservada hoje, consolida mais uma pe\u00e7a na estrat\u00e9gia do MDB para fortalecer sua bancada na Assembleia Legislativa nas elei\u00e7\u00f5es [&hellip;]<\/p>\n","protected":false},"author":1,"featured_media":17112,"comment_status":"open","ping_status":"open","sticky":false,"template":"","format":"standard","meta":{"cybocfi_hide_featured_image":"","_jetpack_memberships_contains_paid_content":false,"footnotes":""},"categories":[1],"tags":[],"class_list":["post-17113","post","type-post","status-publish","format-standard","has-post-thumbnail","hentry","category-diversos"],"yoast_head":"<!-- This site is optimized with the Yoast SEO plugin v25.6 - https:\/\/yoast.com\/wordpress\/plugins\/seo\/ -->\n<title>Ubaldo Fernandes acerta ida para o MDB em acordo com Walter Alves - Blog do Bispo<\/title>\n<meta name=\"robots\" content=\"index, follow, max-snippet:-1, max-image-preview:large, max-video-preview:-1\" \/>\n<link rel=\"canonical\" href=\"https:\/\/blogdobispo.com.br\/?p=17113\" \/>\n<meta property=\"og:locale\" content=\"pt_BR\" \/>\n<meta property=\"og:type\" content=\"article\" \/>\n<meta property=\"og:title\" content=\"Ubaldo Fernandes acerta ida para o MDB em acordo com Walter Alves - Blog do Bispo\" \/>\n<meta property=\"og:description\" content=\"O tabuleiro pol\u00edtico potiguar ganhou um novo movimento nesta ter\u00e7a-feira. O deputado estadual Ubaldo Fernandes (PSDB) acertou sua filia\u00e7\u00e3o ao MDB, em uma articula\u00e7\u00e3o fechada diretamente com o vice-governador Walter Alves. O entendimento, costurado em reuni\u00e3o reservada hoje, consolida mais uma pe\u00e7a na estrat\u00e9gia do MDB para fortalecer sua bancada na Assembleia Legislativa nas elei\u00e7\u00f5es [&hellip;]\" \/>\n<meta property=\"og:url\" content=\"https:\/\/blogdobispo.com.br\/?p=17113\" \/>\n<meta property=\"og:site_name\" content=\"Blog do Bispo\" \/>\n<meta property=\"article:published_time\" content=\"2025-08-13T00:47:01+00:00\" \/>\n<meta property=\"og:image\" content=\"https:\/\/blogdobispo.com.br\/wp-content\/uploads\/2025\/08\/image.jpg\" \/>\n<meta name=\"author\" content=\"Jefferson Sterfeno\" \/>\n<meta name=\"twitter:card\" content=\"summary_large_image\" \/>\n<meta name=\"twitter:label1\" content=\"Escrito por\" \/>\n\t<meta name=\"twitter:data1\" content=\"Jefferson Sterfeno\" \/>\n\t<meta name=\"twitter:label2\" content=\"Est. tempo de leitura\" \/>\n\t<meta name=\"twitter:data2\" content=\"1 minuto\" \/>\n<script type=\"application\/ld+json\" class=\"yoast-schema-graph\">{\"@context\":\"https:\/\/schema.org\",\"@graph\":[{\"@type\":\"Article\",\"@id\":\"https:\/\/blogdobispo.com.br\/?p=17113#article\",\"isPartOf\":{\"@id\":\"https:\/\/blogdobispo.com.br\/?p=17113\"},\"author\":{\"name\":\"Jefferson Sterfeno\",\"@id\":\"https:\/\/blogdobispo.com.br\/#\/schema\/person\/e2209cc0e6cea5c5233d033e997b373f\"},\"headline\":\"Ubaldo Fernandes acerta ida para o MDB em acordo com Walter Alves\",\"datePublished\":\"2025-08-13T00:47:01+00:00\",\"mainEntityOfPage\":{\"@id\":\"https:\/\/blogdobispo.com.br\/?p=17113\"},\"wordCount\":239,\"commentCount\":0,\"publisher\":{\"@id\":\"https:\/\/blogdobispo.com.br\/#organization\"},\"image\":{\"@id\":\"https:\/\/blogdobispo.com.br\/?p=17113#primaryimage\"},\"thumbnailUrl\":\"https:\/\/i0.wp.com\/blogdobispo.com.br\/wp-content\/uploads\/2025\/08\/img_6069-1.png?fit=924%2C2000&ssl=1\",\"articleSection\":[\"diversos\"],\"inLanguage\":\"pt-BR\",\"potentialAction\":[{\"@type\":\"CommentAction\",\"name\":\"Comment\",\"target\":[\"https:\/\/blogdobispo.com.br\/?p=17113#respond\"]}]},{\"@type\":\"WebPage\",\"@id\":\"https:\/\/blogdobispo.com.br\/?p=17113\",\"url\":\"https:\/\/blogdobispo.com.br\/?p=17113\",\"name\":\"Ubaldo Fernandes acerta ida para o MDB em acordo com Walter Alves - Blog do Bispo\",\"isPartOf\":{\"@id\":\"https:\/\/blogdobispo.com.br\/#website\"},\"primaryImageOfPage\":{\"@id\":\"https:\/\/blogdobispo.com.br\/?p=17113#primaryimage\"},\"image\":{\"@id\":\"https:\/\/blogdobispo.com.br\/?p=17113#primaryimage\"},\"thumbnailUrl\":\"https:\/\/i0.wp.com\/blogdobispo.com.br\/wp-content\/uploads\/2025\/08\/img_6069-1.png?fit=924%2C2000&ssl=1\",\"datePublished\":\"2025-08-13T00:47:01+00:00\",\"breadcrumb\":{\"@id\":\"https:\/\/blogdobispo.com.br\/?p=17113#breadcrumb\"},\"inLanguage\":\"pt-BR\",\"potentialAction\":[{\"@type\":\"ReadAction\",\"target\":[\"https:\/\/blogdobispo.com.br\/?p=17113\"]}]},{\"@type\":\"ImageObject\",\"inLanguage\":\"pt-BR\",\"@id\":\"https:\/\/blogdobispo.com.br\/?p=17113#primaryimage\",\"url\":\"https:\/\/i0.wp.com\/blogdobispo.com.br\/wp-content\/uploads\/2025\/08\/img_6069-1.png?fit=924%2C2000&ssl=1\",\"contentUrl\":\"https:\/\/i0.wp.com\/blogdobispo.com.br\/wp-content\/uploads\/2025\/08\/img_6069-1.png?fit=924%2C2000&ssl=1\",\"width\":924,\"height\":2000},{\"@type\":\"BreadcrumbList\",\"@id\":\"https:\/\/blogdobispo.com.br\/?p=17113#breadcrumb\",\"itemListElement\":[{\"@type\":\"ListItem\",\"position\":1,\"name\":\"In\u00edcio\",\"item\":\"https:\/\/blogdobispo.com.br\/\"},{\"@type\":\"ListItem\",\"position\":2,\"name\":\"Ubaldo Fernandes acerta ida para o MDB em acordo com Walter Alves\"}]},{\"@type\":\"WebSite\",\"@id\":\"https:\/\/blogdobispo.com.br\/#website\",\"url\":\"https:\/\/blogdobispo.com.br\/\",\"name\":\"Blog do Bispo\",\"description\":\"Comprometido apenas com o leitor\",\"publisher\":{\"@id\":\"https:\/\/blogdobispo.com.br\/#organization\"},\"potentialAction\":[{\"@type\":\"SearchAction\",\"target\":{\"@type\":\"EntryPoint\",\"urlTemplate\":\"https:\/\/blogdobispo.com.br\/?s={search_term_string}\"},\"query-input\":{\"@type\":\"PropertyValueSpecification\",\"valueRequired\":true,\"valueName\":\"search_term_string\"}}],\"inLanguage\":\"pt-BR\"},{\"@type\":\"Organization\",\"@id\":\"https:\/\/blogdobispo.com.br\/#organization\",\"name\":\"Blog do Bispo\",\"url\":\"https:\/\/blogdobispo.com.br\/\",\"logo\":{\"@type\":\"ImageObject\",\"inLanguage\":\"pt-BR\",\"@id\":\"https:\/\/blogdobispo.com.br\/#\/schema\/logo\/image\/\",\"url\":\"http:\/\/blogdobispo.com.br\/wp-content\/uploads\/2023\/05\/cropped-headear.png\",\"contentUrl\":\"http:\/\/blogdobispo.com.br\/wp-content\/uploads\/2023\/05\/cropped-headear.png\",\"width\":1500,\"height\":399,\"caption\":\"Blog do Bispo\"},\"image\":{\"@id\":\"https:\/\/blogdobispo.com.br\/#\/schema\/logo\/image\/\"}},{\"@type\":\"Person\",\"@id\":\"https:\/\/blogdobispo.com.br\/#\/schema\/person\/e2209cc0e6cea5c5233d033e997b373f\",\"name\":\"Jefferson Sterfeno\",\"image\":{\"@type\":\"ImageObject\",\"inLanguage\":\"pt-BR\",\"@id\":\"https:\/\/blogdobispo.com.br\/#\/schema\/person\/image\/\",\"url\":\"https:\/\/secure.gravatar.com\/avatar\/0534e84764641168a677026b6d57a3f51dc7ac4db0b4f6186d9cb330d4ee1160?s=96&d=mm&r=g\",\"contentUrl\":\"https:\/\/secure.gravatar.com\/avatar\/0534e84764641168a677026b6d57a3f51dc7ac4db0b4f6186d9cb330d4ee1160?s=96&d=mm&r=g\",\"caption\":\"Jefferson Sterfeno\"},\"sameAs\":[\"http:\/\/blogdobispo.com.br\"],\"url\":\"https:\/\/blogdobispo.com.br\/?author=1\"}]}<\/script>\n<!-- \/ Yoast SEO plugin. -->","yoast_head_json":{"title":"Ubaldo Fernandes acerta ida para o MDB em acordo com Walter Alves - Blog do Bispo","robots":{"index":"index","follow":"follow","max-snippet":"max-snippet:-1","max-image-preview":"max-image-preview:large","max-video-preview":"max-video-preview:-1"},"canonical":"https:\/\/blogdobispo.com.br\/?p=17113","og_locale":"pt_BR","og_type":"article","og_title":"Ubaldo Fernandes acerta ida para o MDB em acordo com Walter Alves - Blog do Bispo","og_description":"O tabuleiro pol\u00edtico potiguar ganhou um novo movimento nesta ter\u00e7a-feira. O deputado estadual Ubaldo Fernandes (PSDB) acertou sua filia\u00e7\u00e3o ao MDB, em uma articula\u00e7\u00e3o fechada diretamente com o vice-governador Walter Alves. O entendimento, costurado em reuni\u00e3o reservada hoje, consolida mais uma pe\u00e7a na estrat\u00e9gia do MDB para fortalecer sua bancada na Assembleia Legislativa nas elei\u00e7\u00f5es [&hellip;]","og_url":"https:\/\/blogdobispo.com.br\/?p=17113","og_site_name":"Blog do Bispo","article_published_time":"2025-08-13T00:47:01+00:00","og_image":[{"url":"https:\/\/blogdobispo.com.br\/wp-content\/uploads\/2025\/08\/image.jpg","type":"","width":"","height":""}],"author":"Jefferson Sterfeno","twitter_card":"summary_large_image","twitter_misc":{"Escrito por":"Jefferson Sterfeno","Est. tempo de leitura":"1 minuto"},"schema":{"@context":"https:\/\/schema.org","@graph":[{"@type":"Article","@id":"https:\/\/blogdobispo.com.br\/?p=17113#article","isPartOf":{"@id":"https:\/\/blogdobispo.com.br\/?p=17113"},"author":{"name":"Jefferson Sterfeno","@id":"https:\/\/blogdobispo.com.br\/#\/schema\/person\/e2209cc0e6cea5c5233d033e997b373f"},"headline":"Ubaldo Fernandes acerta ida para o MDB em acordo com Walter Alves","datePublished":"2025-08-13T00:47:01+00:00","mainEntityOfPage":{"@id":"https:\/\/blogdobispo.com.br\/?p=17113"},"wordCount":239,"commentCount":0,"publisher":{"@id":"https:\/\/blogdobispo.com.br\/#organization"},"image":{"@id":"https:\/\/blogdobispo.com.br\/?p=17113#primaryimage"},"thumbnailUrl":"https:\/\/i0.wp.com\/blogdobispo.com.br\/wp-content\/uploads\/2025\/08\/img_6069-1.png?fit=924%2C2000&ssl=1","articleSection":["diversos"],"inLanguage":"pt-BR","potentialAction":[{"@type":"CommentAction","name":"Comment","target":["https:\/\/blogdobispo.com.br\/?p=17113#respond"]}]},{"@type":"WebPage","@id":"https:\/\/blogdobispo.com.br\/?p=17113","url":"https:\/\/blogdobispo.com.br\/?p=17113","name":"Ubaldo Fernandes acerta ida para o MDB em acordo com Walter Alves - Blog do Bispo","isPartOf":{"@id":"https:\/\/blogdobispo.com.br\/#website"},"primaryImageOfPage":{"@id":"https:\/\/blogdobispo.com.br\/?p=17113#primaryimage"},"image":{"@id":"https:\/\/blogdobispo.com.br\/?p=17113#primaryimage"},"thumbnailUrl":"https:\/\/i0.wp.com\/blogdobispo.com.br\/wp-content\/uploads\/2025\/08\/img_6069-1.png?fit=924%2C2000&ssl=1","datePublished":"2025-08-13T00:47:01+00:00","breadcrumb":{"@id":"https:\/\/blogdobispo.com.br\/?p=17113#breadcrumb"},"inLanguage":"pt-BR","potentialAction":[{"@type":"ReadAction","target":["https:\/\/blogdobispo.com.br\/?p=17113"]}]},{"@type":"ImageObject","inLanguage":"pt-BR","@id":"https:\/\/blogdobispo.com.br\/?p=17113#primaryimage","url":"https:\/\/i0.wp.com\/blogdobispo.com.br\/wp-content\/uploads\/2025\/08\/img_6069-1.png?fit=924%2C2000&ssl=1","contentUrl":"https:\/\/i0.wp.com\/blogdobispo.com.br\/wp-content\/uploads\/2025\/08\/img_6069-1.png?fit=924%2C2000&ssl=1","width":924,"height":2000},{"@type":"BreadcrumbList","@id":"https:\/\/blogdobispo.com.br\/?p=17113#breadcrumb","itemListElement":[{"@type":"ListItem","position":1,"name":"In\u00edcio","item":"https:\/\/blogdobispo.com.br\/"},{"@type":"ListItem","position":2,"name":"Ubaldo Fernandes acerta ida para o MDB em acordo com Walter Alves"}]},{"@type":"WebSite","@id":"https:\/\/blogdobispo.com.br\/#website","url":"https:\/\/blogdobispo.com.br\/","name":"Blog do Bispo","description":"Comprometido apenas com o leitor","publisher":{"@id":"https:\/\/blogdobispo.com.br\/#organization"},"potentialAction":[{"@type":"SearchAction","target":{"@type":"EntryPoint","urlTemplate":"https:\/\/blogdobispo.com.br\/?s={search_term_string}"},"query-input":{"@type":"PropertyValueSpecification","valueRequired":true,"valueName":"search_term_string"}}],"inLanguage":"pt-BR"},{"@type":"Organization","@id":"https:\/\/blogdobispo.com.br\/#organization","name":"Blog do Bispo","url":"https:\/\/blogdobispo.com.br\/","logo":{"@type":"ImageObject","inLanguage":"pt-BR","@id":"https:\/\/blogdobispo.com.br\/#\/schema\/logo\/image\/","url":"http:\/\/blogdobispo.com.br\/wp-content\/uploads\/2023\/05\/cropped-headear.png","contentUrl":"http:\/\/blogdobispo.com.br\/wp-content\/uploads\/2023\/05\/cropped-headear.png","width":1500,"height":399,"caption":"Blog do Bispo"},"image":{"@id":"https:\/\/blogdobispo.com.br\/#\/schema\/logo\/image\/"}},{"@type":"Person","@id":"https:\/\/blogdobispo.com.br\/#\/schema\/person\/e2209cc0e6cea5c5233d033e997b373f","name":"Jefferson Sterfeno","image":{"@type":"ImageObject","inLanguage":"pt-BR","@id":"https:\/\/blogdobispo.com.br\/#\/schema\/person\/image\/","url":"https:\/\/secure.gravatar.com\/avatar\/0534e84764641168a677026b6d57a3f51dc7ac4db0b4f6186d9cb330d4ee1160?s=96&d=mm&r=g","contentUrl":"https:\/\/secure.gravatar.com\/avatar\/0534e84764641168a677026b6d57a3f51dc7ac4db0b4f6186d9cb330d4ee1160?s=96&d=mm&r=g","caption":"Jefferson Sterfeno"},"sameAs":["http:\/\/blogdobispo.com.br"],"url":"https:\/\/blogdobispo.com.br\/?author=1"}]}},"featured_image_urls":{"full":["https:\/\/i0.wp.com\/blogdobispo.com.br\/wp-content\/uploads\/2025\/08\/img_6069-1.png?fit=924%2C2000&ssl=1",924,2000,false],"thumbnail":["https:\/\/i0.wp.com\/blogdobispo.com.br\/wp-content\/uploads\/2025\/08\/img_6069-1.png?resize=150%2C150&ssl=1",150,150,true],"medium":["https:\/\/i0.wp.com\/blogdobispo.com.br\/wp-content\/uploads\/2025\/08\/img_6069-1.png?fit=139%2C300&ssl=1",139,300,true],"medium_large":["https:\/\/i0.wp.com\/blogdobispo.com.br\/wp-content\/uploads\/2025\/08\/img_6069-1.png?fit=768%2C1662&ssl=1",768,1662,true],"large":["https:\/\/i0.wp.com\/blogdobispo.com.br\/wp-content\/uploads\/2025\/08\/img_6069-1.png?fit=473%2C1024&ssl=1",473,1024,true],"1536x1536":["https:\/\/i0.wp.com\/blogdobispo.com.br\/wp-content\/uploads\/2025\/08\/img_6069-1.png?fit=710%2C1536&ssl=1",710,1536,true],"2048x2048":["https:\/\/i0.wp.com\/blogdobispo.com.br\/wp-content\/uploads\/2025\/08\/img_6069-1.png?fit=924%2C2000&ssl=1",924,2000,true]},"author_info":{"display_name":"Jefferson Sterfeno","author_link":"https:\/\/blogdobispo.com.br\/?author=1"},"category_info":"<a href=\"https:\/\/blogdobispo.com.br\/?cat=1\" rel=\"category\">diversos<\/a>","tag_info":"diversos","comment_count":"0","jetpack_featured_media_url":"https:\/\/i0.wp.com\/blogdobispo.com.br\/wp-content\/uploads\/2025\/08\/img_6069-1.png?fit=924%2C2000&ssl=1","jetpack_sharing_enabled":true,"_links":{"self":[{"href":"https:\/\/blogdobispo.com.br\/index.php?rest_route=\/wp\/v2\/posts\/17113","targetHints":{"allow":["GET"]}}],"collection":[{"href":"https:\/\/blogdobispo.com.br\/index.php?rest_route=\/wp\/v2\/posts"}],"about":[{"href":"https:\/\/blogdobispo.com.br\/index.php?rest_route=\/wp\/v2\/types\/post"}],"author":[{"embeddable":true,"href":"https:\/\/blogdobispo.com.br\/index.php?rest_route=\/wp\/v2\/users\/1"}],"replies":[{"embeddable":true,"href":"https:\/\/blogdobispo.com.br\/index.php?rest_route=%2Fwp%2Fv2%2Fcomments&post=17113"}],"version-history":[{"count":0,"href":"https:\/\/blogdobispo.com.br\/index.php?rest_route=\/wp\/v2\/posts\/17113\/revisions"}],"wp:featuredmedia":[{"embeddable":true,"href":"https:\/\/blogdobispo.com.br\/index.php?rest_route=\/wp\/v2\/media\/17112"}],"wp:attachment":[{"href":"https:\/\/blogdobispo.com.br\/index.php?rest_route=%2Fwp%2Fv2%2Fmedia&parent=17113"}],"wp:term":[{"taxonomy":"category","embeddable":true,"href":"https:\/\/blogdobispo.com.br\/index.php?rest_route=%2Fwp%2Fv2%2Fcategories&post=17113"},{"taxonomy":"post_tag","embeddable":true,"href":"https:\/\/blogdobispo.com.br\/index.php?rest_route=%2Fwp%2Fv2%2Ftags&post=17113"}],"curies":[{"name":"wp","href":"https:\/\/api.w.org\/{rel}","templated":true}]}}