{"id":17105,"date":"2025-08-12T22:46:38","date_gmt":"2025-08-12T22:46:38","guid":{"rendered":"https:\/\/blogdobispo.com.br\/?p=17105"},"modified":"2025-08-13T00:08:13","modified_gmt":"2025-08-13T00:08:13","slug":"video-camara-de-natal-derruba-mocao-de-deboche-contra-nikolas-ferreira","status":"publish","type":"post","link":"https:\/\/blogdobispo.com.br\/?p=17105","title":{"rendered":"V\u00cdDEO: C\u00e2mara de Natal derruba \u2018mo\u00e7\u00e3o de deboche\u2019 contra Nikolas Ferreira"},"content":{"rendered":"\n<figure class=\"wp-block-video\"><video controls src=\"https:\/\/blogdobispo.com.br\/wp-content\/uploads\/2025\/08\/1ff874b3-b8a2-41c6-9ecf-1a841a23a87e.mp4\"><\/video><\/figure>\n\n\n\n<figure class=\"wp-block-image size-large\"><img data-recalc-dims=\"1\" fetchpriority=\"high\" decoding=\"async\" width=\"800\" height=\"655\" src=\"https:\/\/i0.wp.com\/blogdobispo.com.br\/wp-content\/uploads\/2025\/08\/057fcbc0-f9f0-44aa-a7e7-afa0e1e8ab6c-1024x838.jpg?resize=800%2C655&#038;ssl=1\" alt=\"\" class=\"wp-image-17106\" srcset=\"https:\/\/i0.wp.com\/blogdobispo.com.br\/wp-content\/uploads\/2025\/08\/057fcbc0-f9f0-44aa-a7e7-afa0e1e8ab6c.jpg?resize=1024%2C838&amp;ssl=1 1024w, https:\/\/i0.wp.com\/blogdobispo.com.br\/wp-content\/uploads\/2025\/08\/057fcbc0-f9f0-44aa-a7e7-afa0e1e8ab6c.jpg?resize=300%2C246&amp;ssl=1 300w, https:\/\/i0.wp.com\/blogdobispo.com.br\/wp-content\/uploads\/2025\/08\/057fcbc0-f9f0-44aa-a7e7-afa0e1e8ab6c.jpg?resize=768%2C629&amp;ssl=1 768w, https:\/\/i0.wp.com\/blogdobispo.com.br\/wp-content\/uploads\/2025\/08\/057fcbc0-f9f0-44aa-a7e7-afa0e1e8ab6c.jpg?resize=1536%2C1258&amp;ssl=1 1536w, https:\/\/i0.wp.com\/blogdobispo.com.br\/wp-content\/uploads\/2025\/08\/057fcbc0-f9f0-44aa-a7e7-afa0e1e8ab6c.jpg?w=1600&amp;ssl=1 1600w\" sizes=\"(max-width: 800px) 100vw, 800px\" \/><\/figure>\n\n\n\n<p><\/p>\n\n\n\n<p><\/p>\n\n\n\n<p>A C\u00e2mara Municipal de Natal rejeitou, por maioria, o requerimento apresentado pela vereadora Thabatta Pimenta (PSOL) que pretendia registrar uma \u201cMo\u00e7\u00e3o de Aplausos\u201d ao deputado federal Nikolas Ferreira (PL\/MG).<\/p>\n\n\n\n<p>O documento, classificado pela vereadora Camila Ara\u00fajo como uma \u201cmo\u00e7\u00e3o de deboche\u201d, alegava que o parlamentar teria dado contribui\u00e7\u00e3o \u201crelevante e inestim\u00e1vel\u201d ao Estado Democr\u00e1tico de Direito ao protagonizar ato \u201cdecisivo\u201d para a apura\u00e7\u00e3o e responsabiliza\u00e7\u00e3o de infra\u00e7\u00f5es atribu\u00eddas ao ex-presidente Jair Bolsonaro.<\/p>\n\n\n\n<p>Ao perceber a inclus\u00e3o do requerimento na pauta, Camila pediu destaque para que a vota\u00e7\u00e3o fosse realizada nominalmente. A maioria dos vereadores presentes acompanhou a posi\u00e7\u00e3o da parlamentar e derrubou a proposta.<\/p>\n\n\n\n<p>\u201cN\u00e3o podemos defender que se use de um instrumento legal e regimental deste Poder Legislativo para fazer deboche contra um parlamentar\u201d, disse a vereadora durante seu voto.<\/p>\n","protected":false},"excerpt":{"rendered":"<p>A C\u00e2mara Municipal de Natal rejeitou, por maioria, o requerimento apresentado pela vereadora Thabatta Pimenta (PSOL) que pretendia registrar uma \u201cMo\u00e7\u00e3o de Aplausos\u201d ao deputado federal Nikolas Ferreira (PL\/MG). O documento, classificado pela vereadora Camila Ara\u00fajo como uma \u201cmo\u00e7\u00e3o de deboche\u201d, alegava que o parlamentar teria dado contribui\u00e7\u00e3o \u201crelevante e inestim\u00e1vel\u201d ao Estado Democr\u00e1tico de [&hellip;]<\/p>\n","protected":false},"author":1,"featured_media":17106,"comment_status":"open","ping_status":"open","sticky":false,"template":"","format":"standard","meta":{"cybocfi_hide_featured_image":"","_jetpack_memberships_contains_paid_content":false,"footnotes":""},"categories":[1],"tags":[],"class_list":["post-17105","post","type-post","status-publish","format-standard","has-post-thumbnail","hentry","category-diversos"],"yoast_head":"<!-- This site is optimized with the Yoast SEO plugin v25.6 - https:\/\/yoast.com\/wordpress\/plugins\/seo\/ -->\n<title>V\u00cdDEO: C\u00e2mara de Natal derruba \u2018mo\u00e7\u00e3o de deboche\u2019 contra Nikolas Ferreira - Blog do Bispo<\/title>\n<meta name=\"robots\" content=\"index, follow, max-snippet:-1, max-image-preview:large, max-video-preview:-1\" \/>\n<link rel=\"canonical\" href=\"https:\/\/blogdobispo.com.br\/?p=17105\" \/>\n<meta property=\"og:locale\" content=\"pt_BR\" \/>\n<meta property=\"og:type\" content=\"article\" \/>\n<meta property=\"og:title\" content=\"V\u00cdDEO: C\u00e2mara de Natal derruba \u2018mo\u00e7\u00e3o de deboche\u2019 contra Nikolas Ferreira - Blog do Bispo\" \/>\n<meta property=\"og:description\" content=\"A C\u00e2mara Municipal de Natal rejeitou, por maioria, o requerimento apresentado pela vereadora Thabatta Pimenta (PSOL) que pretendia registrar uma \u201cMo\u00e7\u00e3o de Aplausos\u201d ao deputado federal Nikolas Ferreira (PL\/MG). O documento, classificado pela vereadora Camila Ara\u00fajo como uma \u201cmo\u00e7\u00e3o de deboche\u201d, alegava que o parlamentar teria dado contribui\u00e7\u00e3o \u201crelevante e inestim\u00e1vel\u201d ao Estado Democr\u00e1tico de [&hellip;]\" \/>\n<meta property=\"og:url\" content=\"https:\/\/blogdobispo.com.br\/?p=17105\" \/>\n<meta property=\"og:site_name\" content=\"Blog do Bispo\" \/>\n<meta property=\"article:published_time\" content=\"2025-08-12T22:46:38+00:00\" \/>\n<meta property=\"article:modified_time\" content=\"2025-08-13T00:08:13+00:00\" \/>\n<meta property=\"og:image\" content=\"https:\/\/i0.wp.com\/blogdobispo.com.br\/wp-content\/uploads\/2025\/08\/057fcbc0-f9f0-44aa-a7e7-afa0e1e8ab6c.jpg?fit=1600%2C1310&ssl=1\" \/>\n\t<meta property=\"og:image:width\" content=\"1600\" \/>\n\t<meta property=\"og:image:height\" content=\"1310\" \/>\n\t<meta property=\"og:image:type\" content=\"image\/jpeg\" \/>\n<meta name=\"author\" content=\"Jefferson Sterfeno\" \/>\n<meta name=\"twitter:card\" content=\"summary_large_image\" \/>\n<meta name=\"twitter:label1\" content=\"Escrito por\" \/>\n\t<meta name=\"twitter:data1\" content=\"Jefferson Sterfeno\" \/>\n\t<meta name=\"twitter:label2\" content=\"Est. tempo de leitura\" \/>\n\t<meta name=\"twitter:data2\" content=\"1 minuto\" \/>\n<script type=\"application\/ld+json\" class=\"yoast-schema-graph\">{\"@context\":\"https:\/\/schema.org\",\"@graph\":[{\"@type\":\"Article\",\"@id\":\"https:\/\/blogdobispo.com.br\/?p=17105#article\",\"isPartOf\":{\"@id\":\"https:\/\/blogdobispo.com.br\/?p=17105\"},\"author\":{\"name\":\"Jefferson Sterfeno\",\"@id\":\"https:\/\/blogdobispo.com.br\/#\/schema\/person\/e2209cc0e6cea5c5233d033e997b373f\"},\"headline\":\"V\u00cdDEO: C\u00e2mara de Natal derruba \u2018mo\u00e7\u00e3o de deboche\u2019 contra Nikolas Ferreira\",\"datePublished\":\"2025-08-12T22:46:38+00:00\",\"dateModified\":\"2025-08-13T00:08:13+00:00\",\"mainEntityOfPage\":{\"@id\":\"https:\/\/blogdobispo.com.br\/?p=17105\"},\"wordCount\":161,\"commentCount\":0,\"publisher\":{\"@id\":\"https:\/\/blogdobispo.com.br\/#organization\"},\"image\":{\"@id\":\"https:\/\/blogdobispo.com.br\/?p=17105#primaryimage\"},\"thumbnailUrl\":\"https:\/\/i0.wp.com\/blogdobispo.com.br\/wp-content\/uploads\/2025\/08\/057fcbc0-f9f0-44aa-a7e7-afa0e1e8ab6c.jpg?fit=1600%2C1310&ssl=1\",\"articleSection\":[\"diversos\"],\"inLanguage\":\"pt-BR\",\"potentialAction\":[{\"@type\":\"CommentAction\",\"name\":\"Comment\",\"target\":[\"https:\/\/blogdobispo.com.br\/?p=17105#respond\"]}]},{\"@type\":\"WebPage\",\"@id\":\"https:\/\/blogdobispo.com.br\/?p=17105\",\"url\":\"https:\/\/blogdobispo.com.br\/?p=17105\",\"name\":\"V\u00cdDEO: C\u00e2mara de Natal derruba \u2018mo\u00e7\u00e3o de deboche\u2019 contra Nikolas Ferreira - Blog do Bispo\",\"isPartOf\":{\"@id\":\"https:\/\/blogdobispo.com.br\/#website\"},\"primaryImageOfPage\":{\"@id\":\"https:\/\/blogdobispo.com.br\/?p=17105#primaryimage\"},\"image\":{\"@id\":\"https:\/\/blogdobispo.com.br\/?p=17105#primaryimage\"},\"thumbnailUrl\":\"https:\/\/i0.wp.com\/blogdobispo.com.br\/wp-content\/uploads\/2025\/08\/057fcbc0-f9f0-44aa-a7e7-afa0e1e8ab6c.jpg?fit=1600%2C1310&ssl=1\",\"datePublished\":\"2025-08-12T22:46:38+00:00\",\"dateModified\":\"2025-08-13T00:08:13+00:00\",\"breadcrumb\":{\"@id\":\"https:\/\/blogdobispo.com.br\/?p=17105#breadcrumb\"},\"inLanguage\":\"pt-BR\",\"potentialAction\":[{\"@type\":\"ReadAction\",\"target\":[\"https:\/\/blogdobispo.com.br\/?p=17105\"]}]},{\"@type\":\"ImageObject\",\"inLanguage\":\"pt-BR\",\"@id\":\"https:\/\/blogdobispo.com.br\/?p=17105#primaryimage\",\"url\":\"https:\/\/i0.wp.com\/blogdobispo.com.br\/wp-content\/uploads\/2025\/08\/057fcbc0-f9f0-44aa-a7e7-afa0e1e8ab6c.jpg?fit=1600%2C1310&ssl=1\",\"contentUrl\":\"https:\/\/i0.wp.com\/blogdobispo.com.br\/wp-content\/uploads\/2025\/08\/057fcbc0-f9f0-44aa-a7e7-afa0e1e8ab6c.jpg?fit=1600%2C1310&ssl=1\",\"width\":1600,\"height\":1310},{\"@type\":\"BreadcrumbList\",\"@id\":\"https:\/\/blogdobispo.com.br\/?p=17105#breadcrumb\",\"itemListElement\":[{\"@type\":\"ListItem\",\"position\":1,\"name\":\"In\u00edcio\",\"item\":\"https:\/\/blogdobispo.com.br\/\"},{\"@type\":\"ListItem\",\"position\":2,\"name\":\"V\u00cdDEO: C\u00e2mara de Natal derruba \u2018mo\u00e7\u00e3o de deboche\u2019 contra Nikolas Ferreira\"}]},{\"@type\":\"WebSite\",\"@id\":\"https:\/\/blogdobispo.com.br\/#website\",\"url\":\"https:\/\/blogdobispo.com.br\/\",\"name\":\"Blog do Bispo\",\"description\":\"Comprometido apenas com o leitor\",\"publisher\":{\"@id\":\"https:\/\/blogdobispo.com.br\/#organization\"},\"potentialAction\":[{\"@type\":\"SearchAction\",\"target\":{\"@type\":\"EntryPoint\",\"urlTemplate\":\"https:\/\/blogdobispo.com.br\/?s={search_term_string}\"},\"query-input\":{\"@type\":\"PropertyValueSpecification\",\"valueRequired\":true,\"valueName\":\"search_term_string\"}}],\"inLanguage\":\"pt-BR\"},{\"@type\":\"Organization\",\"@id\":\"https:\/\/blogdobispo.com.br\/#organization\",\"name\":\"Blog do Bispo\",\"url\":\"https:\/\/blogdobispo.com.br\/\",\"logo\":{\"@type\":\"ImageObject\",\"inLanguage\":\"pt-BR\",\"@id\":\"https:\/\/blogdobispo.com.br\/#\/schema\/logo\/image\/\",\"url\":\"http:\/\/blogdobispo.com.br\/wp-content\/uploads\/2023\/05\/cropped-headear.png\",\"contentUrl\":\"http:\/\/blogdobispo.com.br\/wp-content\/uploads\/2023\/05\/cropped-headear.png\",\"width\":1500,\"height\":399,\"caption\":\"Blog do Bispo\"},\"image\":{\"@id\":\"https:\/\/blogdobispo.com.br\/#\/schema\/logo\/image\/\"}},{\"@type\":\"Person\",\"@id\":\"https:\/\/blogdobispo.com.br\/#\/schema\/person\/e2209cc0e6cea5c5233d033e997b373f\",\"name\":\"Jefferson Sterfeno\",\"image\":{\"@type\":\"ImageObject\",\"inLanguage\":\"pt-BR\",\"@id\":\"https:\/\/blogdobispo.com.br\/#\/schema\/person\/image\/\",\"url\":\"https:\/\/secure.gravatar.com\/avatar\/0534e84764641168a677026b6d57a3f51dc7ac4db0b4f6186d9cb330d4ee1160?s=96&d=mm&r=g\",\"contentUrl\":\"https:\/\/secure.gravatar.com\/avatar\/0534e84764641168a677026b6d57a3f51dc7ac4db0b4f6186d9cb330d4ee1160?s=96&d=mm&r=g\",\"caption\":\"Jefferson Sterfeno\"},\"sameAs\":[\"http:\/\/blogdobispo.com.br\"],\"url\":\"https:\/\/blogdobispo.com.br\/?author=1\"}]}<\/script>\n<!-- \/ Yoast SEO plugin. -->","yoast_head_json":{"title":"V\u00cdDEO: C\u00e2mara de Natal derruba \u2018mo\u00e7\u00e3o de deboche\u2019 contra Nikolas Ferreira - Blog do Bispo","robots":{"index":"index","follow":"follow","max-snippet":"max-snippet:-1","max-image-preview":"max-image-preview:large","max-video-preview":"max-video-preview:-1"},"canonical":"https:\/\/blogdobispo.com.br\/?p=17105","og_locale":"pt_BR","og_type":"article","og_title":"V\u00cdDEO: C\u00e2mara de Natal derruba \u2018mo\u00e7\u00e3o de deboche\u2019 contra Nikolas Ferreira - Blog do Bispo","og_description":"A C\u00e2mara Municipal de Natal rejeitou, por maioria, o requerimento apresentado pela vereadora Thabatta Pimenta (PSOL) que pretendia registrar uma \u201cMo\u00e7\u00e3o de Aplausos\u201d ao deputado federal Nikolas Ferreira (PL\/MG). O documento, classificado pela vereadora Camila Ara\u00fajo como uma \u201cmo\u00e7\u00e3o de deboche\u201d, alegava que o parlamentar teria dado contribui\u00e7\u00e3o \u201crelevante e inestim\u00e1vel\u201d ao Estado Democr\u00e1tico de [&hellip;]","og_url":"https:\/\/blogdobispo.com.br\/?p=17105","og_site_name":"Blog do Bispo","article_published_time":"2025-08-12T22:46:38+00:00","article_modified_time":"2025-08-13T00:08:13+00:00","og_image":[{"width":1600,"height":1310,"url":"https:\/\/i0.wp.com\/blogdobispo.com.br\/wp-content\/uploads\/2025\/08\/057fcbc0-f9f0-44aa-a7e7-afa0e1e8ab6c.jpg?fit=1600%2C1310&ssl=1","type":"image\/jpeg"}],"author":"Jefferson Sterfeno","twitter_card":"summary_large_image","twitter_misc":{"Escrito por":"Jefferson Sterfeno","Est. tempo de leitura":"1 minuto"},"schema":{"@context":"https:\/\/schema.org","@graph":[{"@type":"Article","@id":"https:\/\/blogdobispo.com.br\/?p=17105#article","isPartOf":{"@id":"https:\/\/blogdobispo.com.br\/?p=17105"},"author":{"name":"Jefferson Sterfeno","@id":"https:\/\/blogdobispo.com.br\/#\/schema\/person\/e2209cc0e6cea5c5233d033e997b373f"},"headline":"V\u00cdDEO: C\u00e2mara de Natal derruba \u2018mo\u00e7\u00e3o de deboche\u2019 contra Nikolas Ferreira","datePublished":"2025-08-12T22:46:38+00:00","dateModified":"2025-08-13T00:08:13+00:00","mainEntityOfPage":{"@id":"https:\/\/blogdobispo.com.br\/?p=17105"},"wordCount":161,"commentCount":0,"publisher":{"@id":"https:\/\/blogdobispo.com.br\/#organization"},"image":{"@id":"https:\/\/blogdobispo.com.br\/?p=17105#primaryimage"},"thumbnailUrl":"https:\/\/i0.wp.com\/blogdobispo.com.br\/wp-content\/uploads\/2025\/08\/057fcbc0-f9f0-44aa-a7e7-afa0e1e8ab6c.jpg?fit=1600%2C1310&ssl=1","articleSection":["diversos"],"inLanguage":"pt-BR","potentialAction":[{"@type":"CommentAction","name":"Comment","target":["https:\/\/blogdobispo.com.br\/?p=17105#respond"]}]},{"@type":"WebPage","@id":"https:\/\/blogdobispo.com.br\/?p=17105","url":"https:\/\/blogdobispo.com.br\/?p=17105","name":"V\u00cdDEO: C\u00e2mara de Natal derruba \u2018mo\u00e7\u00e3o de deboche\u2019 contra Nikolas Ferreira - Blog do Bispo","isPartOf":{"@id":"https:\/\/blogdobispo.com.br\/#website"},"primaryImageOfPage":{"@id":"https:\/\/blogdobispo.com.br\/?p=17105#primaryimage"},"image":{"@id":"https:\/\/blogdobispo.com.br\/?p=17105#primaryimage"},"thumbnailUrl":"https:\/\/i0.wp.com\/blogdobispo.com.br\/wp-content\/uploads\/2025\/08\/057fcbc0-f9f0-44aa-a7e7-afa0e1e8ab6c.jpg?fit=1600%2C1310&ssl=1","datePublished":"2025-08-12T22:46:38+00:00","dateModified":"2025-08-13T00:08:13+00:00","breadcrumb":{"@id":"https:\/\/blogdobispo.com.br\/?p=17105#breadcrumb"},"inLanguage":"pt-BR","potentialAction":[{"@type":"ReadAction","target":["https:\/\/blogdobispo.com.br\/?p=17105"]}]},{"@type":"ImageObject","inLanguage":"pt-BR","@id":"https:\/\/blogdobispo.com.br\/?p=17105#primaryimage","url":"https:\/\/i0.wp.com\/blogdobispo.com.br\/wp-content\/uploads\/2025\/08\/057fcbc0-f9f0-44aa-a7e7-afa0e1e8ab6c.jpg?fit=1600%2C1310&ssl=1","contentUrl":"https:\/\/i0.wp.com\/blogdobispo.com.br\/wp-content\/uploads\/2025\/08\/057fcbc0-f9f0-44aa-a7e7-afa0e1e8ab6c.jpg?fit=1600%2C1310&ssl=1","width":1600,"height":1310},{"@type":"BreadcrumbList","@id":"https:\/\/blogdobispo.com.br\/?p=17105#breadcrumb","itemListElement":[{"@type":"ListItem","position":1,"name":"In\u00edcio","item":"https:\/\/blogdobispo.com.br\/"},{"@type":"ListItem","position":2,"name":"V\u00cdDEO: C\u00e2mara de Natal derruba \u2018mo\u00e7\u00e3o de deboche\u2019 contra Nikolas Ferreira"}]},{"@type":"WebSite","@id":"https:\/\/blogdobispo.com.br\/#website","url":"https:\/\/blogdobispo.com.br\/","name":"Blog do Bispo","description":"Comprometido apenas com o leitor","publisher":{"@id":"https:\/\/blogdobispo.com.br\/#organization"},"potentialAction":[{"@type":"SearchAction","target":{"@type":"EntryPoint","urlTemplate":"https:\/\/blogdobispo.com.br\/?s={search_term_string}"},"query-input":{"@type":"PropertyValueSpecification","valueRequired":true,"valueName":"search_term_string"}}],"inLanguage":"pt-BR"},{"@type":"Organization","@id":"https:\/\/blogdobispo.com.br\/#organization","name":"Blog do Bispo","url":"https:\/\/blogdobispo.com.br\/","logo":{"@type":"ImageObject","inLanguage":"pt-BR","@id":"https:\/\/blogdobispo.com.br\/#\/schema\/logo\/image\/","url":"http:\/\/blogdobispo.com.br\/wp-content\/uploads\/2023\/05\/cropped-headear.png","contentUrl":"http:\/\/blogdobispo.com.br\/wp-content\/uploads\/2023\/05\/cropped-headear.png","width":1500,"height":399,"caption":"Blog do Bispo"},"image":{"@id":"https:\/\/blogdobispo.com.br\/#\/schema\/logo\/image\/"}},{"@type":"Person","@id":"https:\/\/blogdobispo.com.br\/#\/schema\/person\/e2209cc0e6cea5c5233d033e997b373f","name":"Jefferson Sterfeno","image":{"@type":"ImageObject","inLanguage":"pt-BR","@id":"https:\/\/blogdobispo.com.br\/#\/schema\/person\/image\/","url":"https:\/\/secure.gravatar.com\/avatar\/0534e84764641168a677026b6d57a3f51dc7ac4db0b4f6186d9cb330d4ee1160?s=96&d=mm&r=g","contentUrl":"https:\/\/secure.gravatar.com\/avatar\/0534e84764641168a677026b6d57a3f51dc7ac4db0b4f6186d9cb330d4ee1160?s=96&d=mm&r=g","caption":"Jefferson Sterfeno"},"sameAs":["http:\/\/blogdobispo.com.br"],"url":"https:\/\/blogdobispo.com.br\/?author=1"}]}},"featured_image_urls":{"full":["https:\/\/i0.wp.com\/blogdobispo.com.br\/wp-content\/uploads\/2025\/08\/057fcbc0-f9f0-44aa-a7e7-afa0e1e8ab6c.jpg?fit=1600%2C1310&ssl=1",1600,1310,false],"thumbnail":["https:\/\/i0.wp.com\/blogdobispo.com.br\/wp-content\/uploads\/2025\/08\/057fcbc0-f9f0-44aa-a7e7-afa0e1e8ab6c.jpg?resize=150%2C150&ssl=1",150,150,true],"medium":["https:\/\/i0.wp.com\/blogdobispo.com.br\/wp-content\/uploads\/2025\/08\/057fcbc0-f9f0-44aa-a7e7-afa0e1e8ab6c.jpg?fit=300%2C246&ssl=1",300,246,true],"medium_large":["https:\/\/i0.wp.com\/blogdobispo.com.br\/wp-content\/uploads\/2025\/08\/057fcbc0-f9f0-44aa-a7e7-afa0e1e8ab6c.jpg?fit=768%2C629&ssl=1",768,629,true],"large":["https:\/\/i0.wp.com\/blogdobispo.com.br\/wp-content\/uploads\/2025\/08\/057fcbc0-f9f0-44aa-a7e7-afa0e1e8ab6c.jpg?fit=800%2C655&ssl=1",800,655,true],"1536x1536":["https:\/\/i0.wp.com\/blogdobispo.com.br\/wp-content\/uploads\/2025\/08\/057fcbc0-f9f0-44aa-a7e7-afa0e1e8ab6c.jpg?fit=1536%2C1258&ssl=1",1536,1258,true],"2048x2048":["https:\/\/i0.wp.com\/blogdobispo.com.br\/wp-content\/uploads\/2025\/08\/057fcbc0-f9f0-44aa-a7e7-afa0e1e8ab6c.jpg?fit=1600%2C1310&ssl=1",1600,1310,true]},"author_info":{"display_name":"Jefferson Sterfeno","author_link":"https:\/\/blogdobispo.com.br\/?author=1"},"category_info":"<a href=\"https:\/\/blogdobispo.com.br\/?cat=1\" rel=\"category\">diversos<\/a>","tag_info":"diversos","comment_count":"0","jetpack_featured_media_url":"https:\/\/i0.wp.com\/blogdobispo.com.br\/wp-content\/uploads\/2025\/08\/057fcbc0-f9f0-44aa-a7e7-afa0e1e8ab6c.jpg?fit=1600%2C1310&ssl=1","jetpack_sharing_enabled":true,"_links":{"self":[{"href":"https:\/\/blogdobispo.com.br\/index.php?rest_route=\/wp\/v2\/posts\/17105","targetHints":{"allow":["GET"]}}],"collection":[{"href":"https:\/\/blogdobispo.com.br\/index.php?rest_route=\/wp\/v2\/posts"}],"about":[{"href":"https:\/\/blogdobispo.com.br\/index.php?rest_route=\/wp\/v2\/types\/post"}],"author":[{"embeddable":true,"href":"https:\/\/blogdobispo.com.br\/index.php?rest_route=\/wp\/v2\/users\/1"}],"replies":[{"embeddable":true,"href":"https:\/\/blogdobispo.com.br\/index.php?rest_route=%2Fwp%2Fv2%2Fcomments&post=17105"}],"version-history":[{"count":2,"href":"https:\/\/blogdobispo.com.br\/index.php?rest_route=\/wp\/v2\/posts\/17105\/revisions"}],"predecessor-version":[{"id":17108,"href":"https:\/\/blogdobispo.com.br\/index.php?rest_route=\/wp\/v2\/posts\/17105\/revisions\/17108"}],"wp:featuredmedia":[{"embeddable":true,"href":"https:\/\/blogdobispo.com.br\/index.php?rest_route=\/wp\/v2\/media\/17106"}],"wp:attachment":[{"href":"https:\/\/blogdobispo.com.br\/index.php?rest_route=%2Fwp%2Fv2%2Fmedia&parent=17105"}],"wp:term":[{"taxonomy":"category","embeddable":true,"href":"https:\/\/blogdobispo.com.br\/index.php?rest_route=%2Fwp%2Fv2%2Fcategories&post=17105"},{"taxonomy":"post_tag","embeddable":true,"href":"https:\/\/blogdobispo.com.br\/index.php?rest_route=%2Fwp%2Fv2%2Ftags&post=17105"}],"curies":[{"name":"wp","href":"https:\/\/api.w.org\/{rel}","templated":true}]}}