{"id":17101,"date":"2025-08-12T22:36:34","date_gmt":"2025-08-12T22:36:34","guid":{"rendered":"https:\/\/blogdobispo.com.br\/?p=17101"},"modified":"2025-08-12T22:38:53","modified_gmt":"2025-08-12T22:38:53","slug":"deputado-diz-que-rogerio-e-nome-ideal-para-representar-oposicao-e-projeta-alvaro-dias-no-senado","status":"publish","type":"post","link":"https:\/\/blogdobispo.com.br\/?p=17101","title":{"rendered":"Deputado diz que Rog\u00e9rio \u00e9 nome ideal para representar oposi\u00e7\u00e3o e projeta \u00c1lvaro Dias no Senado"},"content":{"rendered":"\n<p>O deputado estadual Gustavo Carvalho (PL) afirmou, nesta ter\u00e7a-feira (12), em entrevista ao programa Primeira Pauta, da 98 FM Natal, que o senador Rog\u00e9rio Marinho \u00e9 o nome mais preparado para representar a oposi\u00e7\u00e3o na disputa pelo Governo do Rio Grande do Norte em 2026. Segundo ele, Marinho re\u00fane apoios pol\u00edticos e partid\u00e1rios que o colocam em posi\u00e7\u00e3o privilegiada na corrida eleitoral.<\/p>\n\n\n\n<p>\u201cRog\u00e9rio est\u00e1 com uma situa\u00e7\u00e3o mais definida em rela\u00e7\u00e3o aos apoios, tanto partid\u00e1rios quanto de converg\u00eancias necess\u00e1rias para uma elei\u00e7\u00e3o de governador\u201d, declarou Carvalho, destacando que pesquisas recentes indicam vantagem para o senador no cen\u00e1rio de oposi\u00e7\u00e3o.<\/p>\n\n\n\n<p>O parlamentar tamb\u00e9m citou o ex-prefeito de Natal, \u00c1lvaro Dias, como um nome competitivo para o Senado Federal. Carvalho ressaltou que Dias, que j\u00e1 foi deputado federal e concluiu seu mandato na capital potiguar com boa aprova\u00e7\u00e3o, tem potencial para conquistar o eleitorado.<\/p>\n\n\n\n<p>\u201c\u00c1lvaro tem todo o direito de se colocar como candidato e buscar se viabilizar. Ele \u00e9 muito bem avaliado e poderia ocupar uma das duas vagas ao Senado\u201d, afirmou.<\/p>\n\n\n\n<p>Portal 98 FM<\/p>\n\n\n\n<figure class=\"wp-block-image size-large\"><img data-recalc-dims=\"1\" fetchpriority=\"high\" decoding=\"async\" width=\"390\" height=\"266\" src=\"https:\/\/i0.wp.com\/blogdobispo.com.br\/wp-content\/uploads\/2025\/08\/img_6064.png?resize=390%2C266&#038;ssl=1\" alt=\"\" class=\"wp-image-17100\" srcset=\"https:\/\/i0.wp.com\/blogdobispo.com.br\/wp-content\/uploads\/2025\/08\/img_6064.png?w=390&amp;ssl=1 390w, https:\/\/i0.wp.com\/blogdobispo.com.br\/wp-content\/uploads\/2025\/08\/img_6064.png?resize=300%2C205&amp;ssl=1 300w\" sizes=\"(max-width: 390px) 100vw, 390px\" \/><\/figure>\n","protected":false},"excerpt":{"rendered":"<p>O deputado estadual Gustavo Carvalho (PL) afirmou, nesta ter\u00e7a-feira (12), em entrevista ao programa Primeira Pauta, da 98 FM Natal, que o senador Rog\u00e9rio Marinho \u00e9 o nome mais preparado para representar a oposi\u00e7\u00e3o na disputa pelo Governo do Rio Grande do Norte em 2026. Segundo ele, Marinho re\u00fane apoios pol\u00edticos e partid\u00e1rios que o [&hellip;]<\/p>\n","protected":false},"author":1,"featured_media":17100,"comment_status":"open","ping_status":"open","sticky":false,"template":"","format":"standard","meta":{"cybocfi_hide_featured_image":"","_jetpack_memberships_contains_paid_content":false,"footnotes":""},"categories":[1],"tags":[],"class_list":["post-17101","post","type-post","status-publish","format-standard","has-post-thumbnail","hentry","category-diversos"],"yoast_head":"<!-- This site is optimized with the Yoast SEO plugin v25.6 - https:\/\/yoast.com\/wordpress\/plugins\/seo\/ -->\n<title>Deputado diz que Rog\u00e9rio \u00e9 nome ideal para representar oposi\u00e7\u00e3o e projeta \u00c1lvaro Dias no Senado - Blog do Bispo<\/title>\n<meta name=\"robots\" content=\"index, follow, max-snippet:-1, max-image-preview:large, max-video-preview:-1\" \/>\n<link rel=\"canonical\" href=\"https:\/\/blogdobispo.com.br\/?p=17101\" \/>\n<meta property=\"og:locale\" content=\"pt_BR\" \/>\n<meta property=\"og:type\" content=\"article\" \/>\n<meta property=\"og:title\" content=\"Deputado diz que Rog\u00e9rio \u00e9 nome ideal para representar oposi\u00e7\u00e3o e projeta \u00c1lvaro Dias no Senado - Blog do Bispo\" \/>\n<meta property=\"og:description\" content=\"O deputado estadual Gustavo Carvalho (PL) afirmou, nesta ter\u00e7a-feira (12), em entrevista ao programa Primeira Pauta, da 98 FM Natal, que o senador Rog\u00e9rio Marinho \u00e9 o nome mais preparado para representar a oposi\u00e7\u00e3o na disputa pelo Governo do Rio Grande do Norte em 2026. Segundo ele, Marinho re\u00fane apoios pol\u00edticos e partid\u00e1rios que o [&hellip;]\" \/>\n<meta property=\"og:url\" content=\"https:\/\/blogdobispo.com.br\/?p=17101\" \/>\n<meta property=\"og:site_name\" content=\"Blog do Bispo\" \/>\n<meta property=\"article:published_time\" content=\"2025-08-12T22:36:34+00:00\" \/>\n<meta property=\"article:modified_time\" content=\"2025-08-12T22:38:53+00:00\" \/>\n<meta property=\"og:image\" content=\"https:\/\/i0.wp.com\/blogdobispo.com.br\/wp-content\/uploads\/2025\/08\/img_6064.png?fit=390%2C266&ssl=1\" \/>\n\t<meta property=\"og:image:width\" content=\"390\" \/>\n\t<meta property=\"og:image:height\" content=\"266\" \/>\n\t<meta property=\"og:image:type\" content=\"image\/png\" \/>\n<meta name=\"author\" content=\"Jefferson Sterfeno\" \/>\n<meta name=\"twitter:card\" content=\"summary_large_image\" \/>\n<meta name=\"twitter:label1\" content=\"Escrito por\" \/>\n\t<meta name=\"twitter:data1\" content=\"Jefferson Sterfeno\" \/>\n\t<meta name=\"twitter:label2\" content=\"Est. tempo de leitura\" \/>\n\t<meta name=\"twitter:data2\" content=\"1 minuto\" \/>\n<script type=\"application\/ld+json\" class=\"yoast-schema-graph\">{\"@context\":\"https:\/\/schema.org\",\"@graph\":[{\"@type\":\"Article\",\"@id\":\"https:\/\/blogdobispo.com.br\/?p=17101#article\",\"isPartOf\":{\"@id\":\"https:\/\/blogdobispo.com.br\/?p=17101\"},\"author\":{\"name\":\"Jefferson Sterfeno\",\"@id\":\"https:\/\/blogdobispo.com.br\/#\/schema\/person\/e2209cc0e6cea5c5233d033e997b373f\"},\"headline\":\"Deputado diz que Rog\u00e9rio \u00e9 nome ideal para representar oposi\u00e7\u00e3o e projeta \u00c1lvaro Dias no Senado\",\"datePublished\":\"2025-08-12T22:36:34+00:00\",\"dateModified\":\"2025-08-12T22:38:53+00:00\",\"mainEntityOfPage\":{\"@id\":\"https:\/\/blogdobispo.com.br\/?p=17101\"},\"wordCount\":203,\"commentCount\":0,\"publisher\":{\"@id\":\"https:\/\/blogdobispo.com.br\/#organization\"},\"image\":{\"@id\":\"https:\/\/blogdobispo.com.br\/?p=17101#primaryimage\"},\"thumbnailUrl\":\"https:\/\/i0.wp.com\/blogdobispo.com.br\/wp-content\/uploads\/2025\/08\/img_6064.png?fit=390%2C266&ssl=1\",\"articleSection\":[\"diversos\"],\"inLanguage\":\"pt-BR\",\"potentialAction\":[{\"@type\":\"CommentAction\",\"name\":\"Comment\",\"target\":[\"https:\/\/blogdobispo.com.br\/?p=17101#respond\"]}]},{\"@type\":\"WebPage\",\"@id\":\"https:\/\/blogdobispo.com.br\/?p=17101\",\"url\":\"https:\/\/blogdobispo.com.br\/?p=17101\",\"name\":\"Deputado diz que Rog\u00e9rio \u00e9 nome ideal para representar oposi\u00e7\u00e3o e projeta \u00c1lvaro Dias no Senado - Blog do Bispo\",\"isPartOf\":{\"@id\":\"https:\/\/blogdobispo.com.br\/#website\"},\"primaryImageOfPage\":{\"@id\":\"https:\/\/blogdobispo.com.br\/?p=17101#primaryimage\"},\"image\":{\"@id\":\"https:\/\/blogdobispo.com.br\/?p=17101#primaryimage\"},\"thumbnailUrl\":\"https:\/\/i0.wp.com\/blogdobispo.com.br\/wp-content\/uploads\/2025\/08\/img_6064.png?fit=390%2C266&ssl=1\",\"datePublished\":\"2025-08-12T22:36:34+00:00\",\"dateModified\":\"2025-08-12T22:38:53+00:00\",\"breadcrumb\":{\"@id\":\"https:\/\/blogdobispo.com.br\/?p=17101#breadcrumb\"},\"inLanguage\":\"pt-BR\",\"potentialAction\":[{\"@type\":\"ReadAction\",\"target\":[\"https:\/\/blogdobispo.com.br\/?p=17101\"]}]},{\"@type\":\"ImageObject\",\"inLanguage\":\"pt-BR\",\"@id\":\"https:\/\/blogdobispo.com.br\/?p=17101#primaryimage\",\"url\":\"https:\/\/i0.wp.com\/blogdobispo.com.br\/wp-content\/uploads\/2025\/08\/img_6064.png?fit=390%2C266&ssl=1\",\"contentUrl\":\"https:\/\/i0.wp.com\/blogdobispo.com.br\/wp-content\/uploads\/2025\/08\/img_6064.png?fit=390%2C266&ssl=1\",\"width\":390,\"height\":266},{\"@type\":\"BreadcrumbList\",\"@id\":\"https:\/\/blogdobispo.com.br\/?p=17101#breadcrumb\",\"itemListElement\":[{\"@type\":\"ListItem\",\"position\":1,\"name\":\"In\u00edcio\",\"item\":\"https:\/\/blogdobispo.com.br\/\"},{\"@type\":\"ListItem\",\"position\":2,\"name\":\"Deputado diz que Rog\u00e9rio \u00e9 nome ideal para representar oposi\u00e7\u00e3o e projeta \u00c1lvaro Dias no Senado\"}]},{\"@type\":\"WebSite\",\"@id\":\"https:\/\/blogdobispo.com.br\/#website\",\"url\":\"https:\/\/blogdobispo.com.br\/\",\"name\":\"Blog do Bispo\",\"description\":\"Comprometido apenas com o leitor\",\"publisher\":{\"@id\":\"https:\/\/blogdobispo.com.br\/#organization\"},\"potentialAction\":[{\"@type\":\"SearchAction\",\"target\":{\"@type\":\"EntryPoint\",\"urlTemplate\":\"https:\/\/blogdobispo.com.br\/?s={search_term_string}\"},\"query-input\":{\"@type\":\"PropertyValueSpecification\",\"valueRequired\":true,\"valueName\":\"search_term_string\"}}],\"inLanguage\":\"pt-BR\"},{\"@type\":\"Organization\",\"@id\":\"https:\/\/blogdobispo.com.br\/#organization\",\"name\":\"Blog do Bispo\",\"url\":\"https:\/\/blogdobispo.com.br\/\",\"logo\":{\"@type\":\"ImageObject\",\"inLanguage\":\"pt-BR\",\"@id\":\"https:\/\/blogdobispo.com.br\/#\/schema\/logo\/image\/\",\"url\":\"http:\/\/blogdobispo.com.br\/wp-content\/uploads\/2023\/05\/cropped-headear.png\",\"contentUrl\":\"http:\/\/blogdobispo.com.br\/wp-content\/uploads\/2023\/05\/cropped-headear.png\",\"width\":1500,\"height\":399,\"caption\":\"Blog do Bispo\"},\"image\":{\"@id\":\"https:\/\/blogdobispo.com.br\/#\/schema\/logo\/image\/\"}},{\"@type\":\"Person\",\"@id\":\"https:\/\/blogdobispo.com.br\/#\/schema\/person\/e2209cc0e6cea5c5233d033e997b373f\",\"name\":\"Jefferson Sterfeno\",\"image\":{\"@type\":\"ImageObject\",\"inLanguage\":\"pt-BR\",\"@id\":\"https:\/\/blogdobispo.com.br\/#\/schema\/person\/image\/\",\"url\":\"https:\/\/secure.gravatar.com\/avatar\/0534e84764641168a677026b6d57a3f51dc7ac4db0b4f6186d9cb330d4ee1160?s=96&d=mm&r=g\",\"contentUrl\":\"https:\/\/secure.gravatar.com\/avatar\/0534e84764641168a677026b6d57a3f51dc7ac4db0b4f6186d9cb330d4ee1160?s=96&d=mm&r=g\",\"caption\":\"Jefferson Sterfeno\"},\"sameAs\":[\"http:\/\/blogdobispo.com.br\"],\"url\":\"https:\/\/blogdobispo.com.br\/?author=1\"}]}<\/script>\n<!-- \/ Yoast SEO plugin. -->","yoast_head_json":{"title":"Deputado diz que Rog\u00e9rio \u00e9 nome ideal para representar oposi\u00e7\u00e3o e projeta \u00c1lvaro Dias no Senado - Blog do Bispo","robots":{"index":"index","follow":"follow","max-snippet":"max-snippet:-1","max-image-preview":"max-image-preview:large","max-video-preview":"max-video-preview:-1"},"canonical":"https:\/\/blogdobispo.com.br\/?p=17101","og_locale":"pt_BR","og_type":"article","og_title":"Deputado diz que Rog\u00e9rio \u00e9 nome ideal para representar oposi\u00e7\u00e3o e projeta \u00c1lvaro Dias no Senado - Blog do Bispo","og_description":"O deputado estadual Gustavo Carvalho (PL) afirmou, nesta ter\u00e7a-feira (12), em entrevista ao programa Primeira Pauta, da 98 FM Natal, que o senador Rog\u00e9rio Marinho \u00e9 o nome mais preparado para representar a oposi\u00e7\u00e3o na disputa pelo Governo do Rio Grande do Norte em 2026. Segundo ele, Marinho re\u00fane apoios pol\u00edticos e partid\u00e1rios que o [&hellip;]","og_url":"https:\/\/blogdobispo.com.br\/?p=17101","og_site_name":"Blog do Bispo","article_published_time":"2025-08-12T22:36:34+00:00","article_modified_time":"2025-08-12T22:38:53+00:00","og_image":[{"width":390,"height":266,"url":"https:\/\/i0.wp.com\/blogdobispo.com.br\/wp-content\/uploads\/2025\/08\/img_6064.png?fit=390%2C266&ssl=1","type":"image\/png"}],"author":"Jefferson Sterfeno","twitter_card":"summary_large_image","twitter_misc":{"Escrito por":"Jefferson Sterfeno","Est. tempo de leitura":"1 minuto"},"schema":{"@context":"https:\/\/schema.org","@graph":[{"@type":"Article","@id":"https:\/\/blogdobispo.com.br\/?p=17101#article","isPartOf":{"@id":"https:\/\/blogdobispo.com.br\/?p=17101"},"author":{"name":"Jefferson Sterfeno","@id":"https:\/\/blogdobispo.com.br\/#\/schema\/person\/e2209cc0e6cea5c5233d033e997b373f"},"headline":"Deputado diz que Rog\u00e9rio \u00e9 nome ideal para representar oposi\u00e7\u00e3o e projeta \u00c1lvaro Dias no Senado","datePublished":"2025-08-12T22:36:34+00:00","dateModified":"2025-08-12T22:38:53+00:00","mainEntityOfPage":{"@id":"https:\/\/blogdobispo.com.br\/?p=17101"},"wordCount":203,"commentCount":0,"publisher":{"@id":"https:\/\/blogdobispo.com.br\/#organization"},"image":{"@id":"https:\/\/blogdobispo.com.br\/?p=17101#primaryimage"},"thumbnailUrl":"https:\/\/i0.wp.com\/blogdobispo.com.br\/wp-content\/uploads\/2025\/08\/img_6064.png?fit=390%2C266&ssl=1","articleSection":["diversos"],"inLanguage":"pt-BR","potentialAction":[{"@type":"CommentAction","name":"Comment","target":["https:\/\/blogdobispo.com.br\/?p=17101#respond"]}]},{"@type":"WebPage","@id":"https:\/\/blogdobispo.com.br\/?p=17101","url":"https:\/\/blogdobispo.com.br\/?p=17101","name":"Deputado diz que Rog\u00e9rio \u00e9 nome ideal para representar oposi\u00e7\u00e3o e projeta \u00c1lvaro Dias no Senado - Blog do Bispo","isPartOf":{"@id":"https:\/\/blogdobispo.com.br\/#website"},"primaryImageOfPage":{"@id":"https:\/\/blogdobispo.com.br\/?p=17101#primaryimage"},"image":{"@id":"https:\/\/blogdobispo.com.br\/?p=17101#primaryimage"},"thumbnailUrl":"https:\/\/i0.wp.com\/blogdobispo.com.br\/wp-content\/uploads\/2025\/08\/img_6064.png?fit=390%2C266&ssl=1","datePublished":"2025-08-12T22:36:34+00:00","dateModified":"2025-08-12T22:38:53+00:00","breadcrumb":{"@id":"https:\/\/blogdobispo.com.br\/?p=17101#breadcrumb"},"inLanguage":"pt-BR","potentialAction":[{"@type":"ReadAction","target":["https:\/\/blogdobispo.com.br\/?p=17101"]}]},{"@type":"ImageObject","inLanguage":"pt-BR","@id":"https:\/\/blogdobispo.com.br\/?p=17101#primaryimage","url":"https:\/\/i0.wp.com\/blogdobispo.com.br\/wp-content\/uploads\/2025\/08\/img_6064.png?fit=390%2C266&ssl=1","contentUrl":"https:\/\/i0.wp.com\/blogdobispo.com.br\/wp-content\/uploads\/2025\/08\/img_6064.png?fit=390%2C266&ssl=1","width":390,"height":266},{"@type":"BreadcrumbList","@id":"https:\/\/blogdobispo.com.br\/?p=17101#breadcrumb","itemListElement":[{"@type":"ListItem","position":1,"name":"In\u00edcio","item":"https:\/\/blogdobispo.com.br\/"},{"@type":"ListItem","position":2,"name":"Deputado diz que Rog\u00e9rio \u00e9 nome ideal para representar oposi\u00e7\u00e3o e projeta \u00c1lvaro Dias no Senado"}]},{"@type":"WebSite","@id":"https:\/\/blogdobispo.com.br\/#website","url":"https:\/\/blogdobispo.com.br\/","name":"Blog do Bispo","description":"Comprometido apenas com o leitor","publisher":{"@id":"https:\/\/blogdobispo.com.br\/#organization"},"potentialAction":[{"@type":"SearchAction","target":{"@type":"EntryPoint","urlTemplate":"https:\/\/blogdobispo.com.br\/?s={search_term_string}"},"query-input":{"@type":"PropertyValueSpecification","valueRequired":true,"valueName":"search_term_string"}}],"inLanguage":"pt-BR"},{"@type":"Organization","@id":"https:\/\/blogdobispo.com.br\/#organization","name":"Blog do Bispo","url":"https:\/\/blogdobispo.com.br\/","logo":{"@type":"ImageObject","inLanguage":"pt-BR","@id":"https:\/\/blogdobispo.com.br\/#\/schema\/logo\/image\/","url":"http:\/\/blogdobispo.com.br\/wp-content\/uploads\/2023\/05\/cropped-headear.png","contentUrl":"http:\/\/blogdobispo.com.br\/wp-content\/uploads\/2023\/05\/cropped-headear.png","width":1500,"height":399,"caption":"Blog do Bispo"},"image":{"@id":"https:\/\/blogdobispo.com.br\/#\/schema\/logo\/image\/"}},{"@type":"Person","@id":"https:\/\/blogdobispo.com.br\/#\/schema\/person\/e2209cc0e6cea5c5233d033e997b373f","name":"Jefferson Sterfeno","image":{"@type":"ImageObject","inLanguage":"pt-BR","@id":"https:\/\/blogdobispo.com.br\/#\/schema\/person\/image\/","url":"https:\/\/secure.gravatar.com\/avatar\/0534e84764641168a677026b6d57a3f51dc7ac4db0b4f6186d9cb330d4ee1160?s=96&d=mm&r=g","contentUrl":"https:\/\/secure.gravatar.com\/avatar\/0534e84764641168a677026b6d57a3f51dc7ac4db0b4f6186d9cb330d4ee1160?s=96&d=mm&r=g","caption":"Jefferson Sterfeno"},"sameAs":["http:\/\/blogdobispo.com.br"],"url":"https:\/\/blogdobispo.com.br\/?author=1"}]}},"featured_image_urls":{"full":["https:\/\/i0.wp.com\/blogdobispo.com.br\/wp-content\/uploads\/2025\/08\/img_6064.png?fit=390%2C266&ssl=1",390,266,false],"thumbnail":["https:\/\/i0.wp.com\/blogdobispo.com.br\/wp-content\/uploads\/2025\/08\/img_6064.png?resize=150%2C150&ssl=1",150,150,true],"medium":["https:\/\/i0.wp.com\/blogdobispo.com.br\/wp-content\/uploads\/2025\/08\/img_6064.png?fit=300%2C205&ssl=1",300,205,true],"medium_large":["https:\/\/i0.wp.com\/blogdobispo.com.br\/wp-content\/uploads\/2025\/08\/img_6064.png?fit=390%2C266&ssl=1",390,266,true],"large":["https:\/\/i0.wp.com\/blogdobispo.com.br\/wp-content\/uploads\/2025\/08\/img_6064.png?fit=390%2C266&ssl=1",390,266,true],"1536x1536":["https:\/\/i0.wp.com\/blogdobispo.com.br\/wp-content\/uploads\/2025\/08\/img_6064.png?fit=390%2C266&ssl=1",390,266,true],"2048x2048":["https:\/\/i0.wp.com\/blogdobispo.com.br\/wp-content\/uploads\/2025\/08\/img_6064.png?fit=390%2C266&ssl=1",390,266,true]},"author_info":{"display_name":"Jefferson Sterfeno","author_link":"https:\/\/blogdobispo.com.br\/?author=1"},"category_info":"<a href=\"https:\/\/blogdobispo.com.br\/?cat=1\" rel=\"category\">diversos<\/a>","tag_info":"diversos","comment_count":"0","jetpack_featured_media_url":"https:\/\/i0.wp.com\/blogdobispo.com.br\/wp-content\/uploads\/2025\/08\/img_6064.png?fit=390%2C266&ssl=1","jetpack_sharing_enabled":true,"_links":{"self":[{"href":"https:\/\/blogdobispo.com.br\/index.php?rest_route=\/wp\/v2\/posts\/17101","targetHints":{"allow":["GET"]}}],"collection":[{"href":"https:\/\/blogdobispo.com.br\/index.php?rest_route=\/wp\/v2\/posts"}],"about":[{"href":"https:\/\/blogdobispo.com.br\/index.php?rest_route=\/wp\/v2\/types\/post"}],"author":[{"embeddable":true,"href":"https:\/\/blogdobispo.com.br\/index.php?rest_route=\/wp\/v2\/users\/1"}],"replies":[{"embeddable":true,"href":"https:\/\/blogdobispo.com.br\/index.php?rest_route=%2Fwp%2Fv2%2Fcomments&post=17101"}],"version-history":[{"count":1,"href":"https:\/\/blogdobispo.com.br\/index.php?rest_route=\/wp\/v2\/posts\/17101\/revisions"}],"predecessor-version":[{"id":17102,"href":"https:\/\/blogdobispo.com.br\/index.php?rest_route=\/wp\/v2\/posts\/17101\/revisions\/17102"}],"wp:featuredmedia":[{"embeddable":true,"href":"https:\/\/blogdobispo.com.br\/index.php?rest_route=\/wp\/v2\/media\/17100"}],"wp:attachment":[{"href":"https:\/\/blogdobispo.com.br\/index.php?rest_route=%2Fwp%2Fv2%2Fmedia&parent=17101"}],"wp:term":[{"taxonomy":"category","embeddable":true,"href":"https:\/\/blogdobispo.com.br\/index.php?rest_route=%2Fwp%2Fv2%2Fcategories&post=17101"},{"taxonomy":"post_tag","embeddable":true,"href":"https:\/\/blogdobispo.com.br\/index.php?rest_route=%2Fwp%2Fv2%2Ftags&post=17101"}],"curies":[{"name":"wp","href":"https:\/\/api.w.org\/{rel}","templated":true}]}}