{"id":17099,"date":"2025-08-12T22:32:40","date_gmt":"2025-08-12T22:32:40","guid":{"rendered":"https:\/\/blogdobispo.com.br\/?p=17099"},"modified":"2025-08-12T22:32:40","modified_gmt":"2025-08-12T22:32:40","slug":"rota-22-traz-michelle-bolsonaro-e-valdemar-costa-neto-a-natal-neste-sabado-16","status":"publish","type":"post","link":"https:\/\/blogdobispo.com.br\/?p=17099","title":{"rendered":"Rota 22 traz Michelle Bolsonaro e Valdemar Costa Neto \u00e0 Natal neste s\u00e1bado (16)"},"content":{"rendered":"\n<figure class=\"wp-block-image size-large\"><img data-recalc-dims=\"1\" fetchpriority=\"high\" decoding=\"async\" width=\"800\" height=\"1000\" src=\"https:\/\/i0.wp.com\/blogdobispo.com.br\/wp-content\/uploads\/2025\/08\/e2a9af3d-f714-40cd-b045-5a45a60198fd-819x1024.jpg?resize=800%2C1000&#038;ssl=1\" class=\"wp-image-17098\" srcset=\"https:\/\/i0.wp.com\/blogdobispo.com.br\/wp-content\/uploads\/2025\/08\/e2a9af3d-f714-40cd-b045-5a45a60198fd.jpg?resize=819%2C1024&amp;ssl=1 819w, https:\/\/i0.wp.com\/blogdobispo.com.br\/wp-content\/uploads\/2025\/08\/e2a9af3d-f714-40cd-b045-5a45a60198fd.jpg?resize=240%2C300&amp;ssl=1 240w, https:\/\/i0.wp.com\/blogdobispo.com.br\/wp-content\/uploads\/2025\/08\/e2a9af3d-f714-40cd-b045-5a45a60198fd.jpg?resize=768%2C960&amp;ssl=1 768w, https:\/\/i0.wp.com\/blogdobispo.com.br\/wp-content\/uploads\/2025\/08\/e2a9af3d-f714-40cd-b045-5a45a60198fd.jpg?w=1080&amp;ssl=1 1080w\" sizes=\"(max-width: 800px) 100vw, 800px\" \/><\/figure>\n\n\n\n<p><\/p>\n\n\n\n<p>A pr\u00f3xima parada do Rota 22 ser\u00e1 neste s\u00e1bado, 16 de agosto, em Natal, com o Semin\u00e1rio da Regi\u00e3o Metropolitana, a partir das 8h, no Olimpo Recep\u00e7\u00f5es, em Candel\u00e1ria. O evento contar\u00e1 com a presen\u00e7a da ex-primeira-dama Michelle Bolsonaro, presidente nacional do PL Mulher, como convidada especial, assim como o presidente nacional do PL, Valdemar Costa Neto que ser\u00e1 um dos palestrantes do evento. O Rota 22 segue mobilizando lideran\u00e7as e a popula\u00e7\u00e3o do Rio Grande do Norte em torno de debates sobre o futuro do estado e do pa\u00eds.<\/p>\n\n\n\n<p>Se inscreva em www.plrota22.com.br e participe do semin\u00e1rio do Rota 22, iniciativa do Partido Liberal (PL), em parceria com o instituto \u00c1lvaro Valle. &#8220;A participa\u00e7\u00e3o da ex-primeira-dama do Brasil, Michelle Bolsonaro, e do presidente do PL no pa\u00eds, Valdemar Costa Neto, refor\u00e7a a import\u00e2ncia do semin\u00e1rio para o fortalecimento da representa\u00e7\u00e3o feminina e das pautas defendidas pela base conservadora no estado&#8221;, avalia Rog\u00e9rio Marinho, l\u00edder da oposi\u00e7\u00e3o no Senado e secret\u00e1rio-geral do PL Nacional.<\/p>\n\n\n\n<p>Costa Neto tem demonstrado esfor\u00e7o em manter a coes\u00e3o e definir estrat\u00e9gias pol\u00edticas do PL, buscando influenciar o cen\u00e1rio pol\u00edtico atual e para as elei\u00e7\u00f5es de 2026. Ele est\u00e1 ativamente envolvido em reuni\u00f5es com lideran\u00e7as de partido de Centro e Direita buscando novas lideran\u00e7as alinhadas ao pensamento pol\u00edtico conservador.<\/p>\n\n\n\n<p>Reconhecida por sua atua\u00e7\u00e3o em causas sociais e em defesa da fam\u00edlia, da vida e da educa\u00e7\u00e3o, Michelle Bolsonaro tem se destacado por sua lideran\u00e7a em pautas conservadoras e de mobiliza\u00e7\u00e3o comunit\u00e1ria. Com forte v\u00ednculo com a\u00e7\u00f5es volunt\u00e1rias e apoio a institui\u00e7\u00f5es filantr\u00f3picas, ela \u00e9 uma voz ativa no fortalecimento da base do Partido Liberal (PL), participando de agendas p\u00fablicas, eventos oficiais e campanhas de engajamento pol\u00edtico e social.<\/p>\n\n\n\n<p>O semin\u00e1rio ter\u00e1 como foco os principais desafios enfrentados pelos munic\u00edpios da Regi\u00e3o Metropolitana de Natal, com discuss\u00f5es voltadas para temas como seguran\u00e7a, sa\u00fade, educa\u00e7\u00e3o, infraestrutura, gera\u00e7\u00e3o de emprego e pol\u00edticas sociais. Como nas outras edi\u00e7\u00f5es do projeto, a escuta da popula\u00e7\u00e3o e dos representantes locais \u00e9 parte essencial da constru\u00e7\u00e3o coletiva de propostas para o futuro do Rio Grande do Norte.<\/p>\n\n\n\n<p>O Rota 22 tem se consolidado como uma ferramenta de di\u00e1logo com a sociedade potiguar, reunindo vereadores, prefeitos, lideran\u00e7as comunit\u00e1rias, religiosos, parlamentares e cidad\u00e3os de todas as regi\u00f5es do estado. A proposta do projeto \u00e9 promover o debate aberto e transparente sobre os problemas e solu\u00e7\u00f5es para o desenvolvimento sustent\u00e1vel e seguro do RN.<\/p>\n\n\n\n<p>Fique conectado com o Rota 22 \u2014 acesse o site plrota22.com.br e confira quando o projeto passar\u00e1 por sua regi\u00e3o. Mais informa\u00e7\u00f5es tamb\u00e9m est\u00e3o dispon\u00edveis nas redes sociais, pelos perfis @pl22rn e @plnacional22, e no canal de WhatsApp do Rota 22 no Rio Grande do Norte: canal.plrota22.com.br.<\/p>\n\n\n\n<p>Servi\u00e7o:<br>Evento: Semin\u00e1rio Rota 22 \u2013 Regi\u00e3o Metropolitana<br>Data: 16 de agosto (s\u00e1bado)<br>Hor\u00e1rio: 8h<br>Local: Olimpo Recep\u00e7\u00f5es, Candel\u00e1ria \u2013 Natal (RN)<br>Convidados: Valdemar da Costa Neto, presidente nacional do PL e Michelle Bolsonaro, presidente nacional do PL Mulher<br>Entrada gratuita &#8211; Se inscreva em www.plrota22.com.br.<\/p>\n","protected":false},"excerpt":{"rendered":"<p>A pr\u00f3xima parada do Rota 22 ser\u00e1 neste s\u00e1bado, 16 de agosto, em Natal, com o Semin\u00e1rio da Regi\u00e3o Metropolitana, a partir das 8h, no Olimpo Recep\u00e7\u00f5es, em Candel\u00e1ria. O evento contar\u00e1 com a presen\u00e7a da ex-primeira-dama Michelle Bolsonaro, presidente nacional do PL Mulher, como convidada especial, assim como o presidente nacional do PL, Valdemar [&hellip;]<\/p>\n","protected":false},"author":1,"featured_media":17098,"comment_status":"open","ping_status":"open","sticky":false,"template":"","format":"standard","meta":{"cybocfi_hide_featured_image":"","_jetpack_memberships_contains_paid_content":false,"footnotes":""},"categories":[1],"tags":[],"class_list":["post-17099","post","type-post","status-publish","format-standard","has-post-thumbnail","hentry","category-diversos"],"yoast_head":"<!-- This site is optimized with the Yoast SEO plugin v25.6 - https:\/\/yoast.com\/wordpress\/plugins\/seo\/ -->\n<title>Rota 22 traz Michelle Bolsonaro e Valdemar Costa Neto \u00e0 Natal neste s\u00e1bado (16) - Blog do Bispo<\/title>\n<meta name=\"robots\" content=\"index, follow, max-snippet:-1, max-image-preview:large, max-video-preview:-1\" \/>\n<link rel=\"canonical\" href=\"https:\/\/blogdobispo.com.br\/?p=17099\" \/>\n<meta property=\"og:locale\" content=\"pt_BR\" \/>\n<meta property=\"og:type\" content=\"article\" \/>\n<meta property=\"og:title\" content=\"Rota 22 traz Michelle Bolsonaro e Valdemar Costa Neto \u00e0 Natal neste s\u00e1bado (16) - Blog do Bispo\" \/>\n<meta property=\"og:description\" content=\"A pr\u00f3xima parada do Rota 22 ser\u00e1 neste s\u00e1bado, 16 de agosto, em Natal, com o Semin\u00e1rio da Regi\u00e3o Metropolitana, a partir das 8h, no Olimpo Recep\u00e7\u00f5es, em Candel\u00e1ria. O evento contar\u00e1 com a presen\u00e7a da ex-primeira-dama Michelle Bolsonaro, presidente nacional do PL Mulher, como convidada especial, assim como o presidente nacional do PL, Valdemar [&hellip;]\" \/>\n<meta property=\"og:url\" content=\"https:\/\/blogdobispo.com.br\/?p=17099\" \/>\n<meta property=\"og:site_name\" content=\"Blog do Bispo\" \/>\n<meta property=\"article:published_time\" content=\"2025-08-12T22:32:40+00:00\" \/>\n<meta property=\"og:image\" content=\"https:\/\/blogdobispo.com.br\/wp-content\/uploads\/2025\/08\/e2a9af3d-f714-40cd-b045-5a45a60198fd-819x1024.jpg\" \/>\n<meta name=\"author\" content=\"Jefferson Sterfeno\" \/>\n<meta name=\"twitter:card\" content=\"summary_large_image\" \/>\n<meta name=\"twitter:label1\" content=\"Escrito por\" \/>\n\t<meta name=\"twitter:data1\" content=\"Jefferson Sterfeno\" \/>\n\t<meta name=\"twitter:label2\" content=\"Est. tempo de leitura\" \/>\n\t<meta name=\"twitter:data2\" content=\"3 minutos\" \/>\n<script type=\"application\/ld+json\" class=\"yoast-schema-graph\">{\"@context\":\"https:\/\/schema.org\",\"@graph\":[{\"@type\":\"Article\",\"@id\":\"https:\/\/blogdobispo.com.br\/?p=17099#article\",\"isPartOf\":{\"@id\":\"https:\/\/blogdobispo.com.br\/?p=17099\"},\"author\":{\"name\":\"Jefferson Sterfeno\",\"@id\":\"https:\/\/blogdobispo.com.br\/#\/schema\/person\/e2209cc0e6cea5c5233d033e997b373f\"},\"headline\":\"Rota 22 traz Michelle Bolsonaro e Valdemar Costa Neto \u00e0 Natal neste s\u00e1bado (16)\",\"datePublished\":\"2025-08-12T22:32:40+00:00\",\"mainEntityOfPage\":{\"@id\":\"https:\/\/blogdobispo.com.br\/?p=17099\"},\"wordCount\":572,\"commentCount\":0,\"publisher\":{\"@id\":\"https:\/\/blogdobispo.com.br\/#organization\"},\"image\":{\"@id\":\"https:\/\/blogdobispo.com.br\/?p=17099#primaryimage\"},\"thumbnailUrl\":\"https:\/\/i0.wp.com\/blogdobispo.com.br\/wp-content\/uploads\/2025\/08\/e2a9af3d-f714-40cd-b045-5a45a60198fd.jpg?fit=1080%2C1350&ssl=1\",\"articleSection\":[\"diversos\"],\"inLanguage\":\"pt-BR\",\"potentialAction\":[{\"@type\":\"CommentAction\",\"name\":\"Comment\",\"target\":[\"https:\/\/blogdobispo.com.br\/?p=17099#respond\"]}]},{\"@type\":\"WebPage\",\"@id\":\"https:\/\/blogdobispo.com.br\/?p=17099\",\"url\":\"https:\/\/blogdobispo.com.br\/?p=17099\",\"name\":\"Rota 22 traz Michelle Bolsonaro e Valdemar Costa Neto \u00e0 Natal neste s\u00e1bado (16) - Blog do Bispo\",\"isPartOf\":{\"@id\":\"https:\/\/blogdobispo.com.br\/#website\"},\"primaryImageOfPage\":{\"@id\":\"https:\/\/blogdobispo.com.br\/?p=17099#primaryimage\"},\"image\":{\"@id\":\"https:\/\/blogdobispo.com.br\/?p=17099#primaryimage\"},\"thumbnailUrl\":\"https:\/\/i0.wp.com\/blogdobispo.com.br\/wp-content\/uploads\/2025\/08\/e2a9af3d-f714-40cd-b045-5a45a60198fd.jpg?fit=1080%2C1350&ssl=1\",\"datePublished\":\"2025-08-12T22:32:40+00:00\",\"breadcrumb\":{\"@id\":\"https:\/\/blogdobispo.com.br\/?p=17099#breadcrumb\"},\"inLanguage\":\"pt-BR\",\"potentialAction\":[{\"@type\":\"ReadAction\",\"target\":[\"https:\/\/blogdobispo.com.br\/?p=17099\"]}]},{\"@type\":\"ImageObject\",\"inLanguage\":\"pt-BR\",\"@id\":\"https:\/\/blogdobispo.com.br\/?p=17099#primaryimage\",\"url\":\"https:\/\/i0.wp.com\/blogdobispo.com.br\/wp-content\/uploads\/2025\/08\/e2a9af3d-f714-40cd-b045-5a45a60198fd.jpg?fit=1080%2C1350&ssl=1\",\"contentUrl\":\"https:\/\/i0.wp.com\/blogdobispo.com.br\/wp-content\/uploads\/2025\/08\/e2a9af3d-f714-40cd-b045-5a45a60198fd.jpg?fit=1080%2C1350&ssl=1\",\"width\":1080,\"height\":1350},{\"@type\":\"BreadcrumbList\",\"@id\":\"https:\/\/blogdobispo.com.br\/?p=17099#breadcrumb\",\"itemListElement\":[{\"@type\":\"ListItem\",\"position\":1,\"name\":\"In\u00edcio\",\"item\":\"https:\/\/blogdobispo.com.br\/\"},{\"@type\":\"ListItem\",\"position\":2,\"name\":\"Rota 22 traz Michelle Bolsonaro e Valdemar Costa Neto \u00e0 Natal neste s\u00e1bado (16)\"}]},{\"@type\":\"WebSite\",\"@id\":\"https:\/\/blogdobispo.com.br\/#website\",\"url\":\"https:\/\/blogdobispo.com.br\/\",\"name\":\"Blog do Bispo\",\"description\":\"Comprometido apenas com o leitor\",\"publisher\":{\"@id\":\"https:\/\/blogdobispo.com.br\/#organization\"},\"potentialAction\":[{\"@type\":\"SearchAction\",\"target\":{\"@type\":\"EntryPoint\",\"urlTemplate\":\"https:\/\/blogdobispo.com.br\/?s={search_term_string}\"},\"query-input\":{\"@type\":\"PropertyValueSpecification\",\"valueRequired\":true,\"valueName\":\"search_term_string\"}}],\"inLanguage\":\"pt-BR\"},{\"@type\":\"Organization\",\"@id\":\"https:\/\/blogdobispo.com.br\/#organization\",\"name\":\"Blog do Bispo\",\"url\":\"https:\/\/blogdobispo.com.br\/\",\"logo\":{\"@type\":\"ImageObject\",\"inLanguage\":\"pt-BR\",\"@id\":\"https:\/\/blogdobispo.com.br\/#\/schema\/logo\/image\/\",\"url\":\"http:\/\/blogdobispo.com.br\/wp-content\/uploads\/2023\/05\/cropped-headear.png\",\"contentUrl\":\"http:\/\/blogdobispo.com.br\/wp-content\/uploads\/2023\/05\/cropped-headear.png\",\"width\":1500,\"height\":399,\"caption\":\"Blog do Bispo\"},\"image\":{\"@id\":\"https:\/\/blogdobispo.com.br\/#\/schema\/logo\/image\/\"}},{\"@type\":\"Person\",\"@id\":\"https:\/\/blogdobispo.com.br\/#\/schema\/person\/e2209cc0e6cea5c5233d033e997b373f\",\"name\":\"Jefferson Sterfeno\",\"image\":{\"@type\":\"ImageObject\",\"inLanguage\":\"pt-BR\",\"@id\":\"https:\/\/blogdobispo.com.br\/#\/schema\/person\/image\/\",\"url\":\"https:\/\/secure.gravatar.com\/avatar\/0534e84764641168a677026b6d57a3f51dc7ac4db0b4f6186d9cb330d4ee1160?s=96&d=mm&r=g\",\"contentUrl\":\"https:\/\/secure.gravatar.com\/avatar\/0534e84764641168a677026b6d57a3f51dc7ac4db0b4f6186d9cb330d4ee1160?s=96&d=mm&r=g\",\"caption\":\"Jefferson Sterfeno\"},\"sameAs\":[\"http:\/\/blogdobispo.com.br\"],\"url\":\"https:\/\/blogdobispo.com.br\/?author=1\"}]}<\/script>\n<!-- \/ Yoast SEO plugin. -->","yoast_head_json":{"title":"Rota 22 traz Michelle Bolsonaro e Valdemar Costa Neto \u00e0 Natal neste s\u00e1bado (16) - Blog do Bispo","robots":{"index":"index","follow":"follow","max-snippet":"max-snippet:-1","max-image-preview":"max-image-preview:large","max-video-preview":"max-video-preview:-1"},"canonical":"https:\/\/blogdobispo.com.br\/?p=17099","og_locale":"pt_BR","og_type":"article","og_title":"Rota 22 traz Michelle Bolsonaro e Valdemar Costa Neto \u00e0 Natal neste s\u00e1bado (16) - Blog do Bispo","og_description":"A pr\u00f3xima parada do Rota 22 ser\u00e1 neste s\u00e1bado, 16 de agosto, em Natal, com o Semin\u00e1rio da Regi\u00e3o Metropolitana, a partir das 8h, no Olimpo Recep\u00e7\u00f5es, em Candel\u00e1ria. O evento contar\u00e1 com a presen\u00e7a da ex-primeira-dama Michelle Bolsonaro, presidente nacional do PL Mulher, como convidada especial, assim como o presidente nacional do PL, Valdemar [&hellip;]","og_url":"https:\/\/blogdobispo.com.br\/?p=17099","og_site_name":"Blog do Bispo","article_published_time":"2025-08-12T22:32:40+00:00","og_image":[{"url":"https:\/\/blogdobispo.com.br\/wp-content\/uploads\/2025\/08\/e2a9af3d-f714-40cd-b045-5a45a60198fd-819x1024.jpg","type":"","width":"","height":""}],"author":"Jefferson Sterfeno","twitter_card":"summary_large_image","twitter_misc":{"Escrito por":"Jefferson Sterfeno","Est. tempo de leitura":"3 minutos"},"schema":{"@context":"https:\/\/schema.org","@graph":[{"@type":"Article","@id":"https:\/\/blogdobispo.com.br\/?p=17099#article","isPartOf":{"@id":"https:\/\/blogdobispo.com.br\/?p=17099"},"author":{"name":"Jefferson Sterfeno","@id":"https:\/\/blogdobispo.com.br\/#\/schema\/person\/e2209cc0e6cea5c5233d033e997b373f"},"headline":"Rota 22 traz Michelle Bolsonaro e Valdemar Costa Neto \u00e0 Natal neste s\u00e1bado (16)","datePublished":"2025-08-12T22:32:40+00:00","mainEntityOfPage":{"@id":"https:\/\/blogdobispo.com.br\/?p=17099"},"wordCount":572,"commentCount":0,"publisher":{"@id":"https:\/\/blogdobispo.com.br\/#organization"},"image":{"@id":"https:\/\/blogdobispo.com.br\/?p=17099#primaryimage"},"thumbnailUrl":"https:\/\/i0.wp.com\/blogdobispo.com.br\/wp-content\/uploads\/2025\/08\/e2a9af3d-f714-40cd-b045-5a45a60198fd.jpg?fit=1080%2C1350&ssl=1","articleSection":["diversos"],"inLanguage":"pt-BR","potentialAction":[{"@type":"CommentAction","name":"Comment","target":["https:\/\/blogdobispo.com.br\/?p=17099#respond"]}]},{"@type":"WebPage","@id":"https:\/\/blogdobispo.com.br\/?p=17099","url":"https:\/\/blogdobispo.com.br\/?p=17099","name":"Rota 22 traz Michelle Bolsonaro e Valdemar Costa Neto \u00e0 Natal neste s\u00e1bado (16) - Blog do Bispo","isPartOf":{"@id":"https:\/\/blogdobispo.com.br\/#website"},"primaryImageOfPage":{"@id":"https:\/\/blogdobispo.com.br\/?p=17099#primaryimage"},"image":{"@id":"https:\/\/blogdobispo.com.br\/?p=17099#primaryimage"},"thumbnailUrl":"https:\/\/i0.wp.com\/blogdobispo.com.br\/wp-content\/uploads\/2025\/08\/e2a9af3d-f714-40cd-b045-5a45a60198fd.jpg?fit=1080%2C1350&ssl=1","datePublished":"2025-08-12T22:32:40+00:00","breadcrumb":{"@id":"https:\/\/blogdobispo.com.br\/?p=17099#breadcrumb"},"inLanguage":"pt-BR","potentialAction":[{"@type":"ReadAction","target":["https:\/\/blogdobispo.com.br\/?p=17099"]}]},{"@type":"ImageObject","inLanguage":"pt-BR","@id":"https:\/\/blogdobispo.com.br\/?p=17099#primaryimage","url":"https:\/\/i0.wp.com\/blogdobispo.com.br\/wp-content\/uploads\/2025\/08\/e2a9af3d-f714-40cd-b045-5a45a60198fd.jpg?fit=1080%2C1350&ssl=1","contentUrl":"https:\/\/i0.wp.com\/blogdobispo.com.br\/wp-content\/uploads\/2025\/08\/e2a9af3d-f714-40cd-b045-5a45a60198fd.jpg?fit=1080%2C1350&ssl=1","width":1080,"height":1350},{"@type":"BreadcrumbList","@id":"https:\/\/blogdobispo.com.br\/?p=17099#breadcrumb","itemListElement":[{"@type":"ListItem","position":1,"name":"In\u00edcio","item":"https:\/\/blogdobispo.com.br\/"},{"@type":"ListItem","position":2,"name":"Rota 22 traz Michelle Bolsonaro e Valdemar Costa Neto \u00e0 Natal neste s\u00e1bado (16)"}]},{"@type":"WebSite","@id":"https:\/\/blogdobispo.com.br\/#website","url":"https:\/\/blogdobispo.com.br\/","name":"Blog do Bispo","description":"Comprometido apenas com o leitor","publisher":{"@id":"https:\/\/blogdobispo.com.br\/#organization"},"potentialAction":[{"@type":"SearchAction","target":{"@type":"EntryPoint","urlTemplate":"https:\/\/blogdobispo.com.br\/?s={search_term_string}"},"query-input":{"@type":"PropertyValueSpecification","valueRequired":true,"valueName":"search_term_string"}}],"inLanguage":"pt-BR"},{"@type":"Organization","@id":"https:\/\/blogdobispo.com.br\/#organization","name":"Blog do Bispo","url":"https:\/\/blogdobispo.com.br\/","logo":{"@type":"ImageObject","inLanguage":"pt-BR","@id":"https:\/\/blogdobispo.com.br\/#\/schema\/logo\/image\/","url":"http:\/\/blogdobispo.com.br\/wp-content\/uploads\/2023\/05\/cropped-headear.png","contentUrl":"http:\/\/blogdobispo.com.br\/wp-content\/uploads\/2023\/05\/cropped-headear.png","width":1500,"height":399,"caption":"Blog do Bispo"},"image":{"@id":"https:\/\/blogdobispo.com.br\/#\/schema\/logo\/image\/"}},{"@type":"Person","@id":"https:\/\/blogdobispo.com.br\/#\/schema\/person\/e2209cc0e6cea5c5233d033e997b373f","name":"Jefferson Sterfeno","image":{"@type":"ImageObject","inLanguage":"pt-BR","@id":"https:\/\/blogdobispo.com.br\/#\/schema\/person\/image\/","url":"https:\/\/secure.gravatar.com\/avatar\/0534e84764641168a677026b6d57a3f51dc7ac4db0b4f6186d9cb330d4ee1160?s=96&d=mm&r=g","contentUrl":"https:\/\/secure.gravatar.com\/avatar\/0534e84764641168a677026b6d57a3f51dc7ac4db0b4f6186d9cb330d4ee1160?s=96&d=mm&r=g","caption":"Jefferson Sterfeno"},"sameAs":["http:\/\/blogdobispo.com.br"],"url":"https:\/\/blogdobispo.com.br\/?author=1"}]}},"featured_image_urls":{"full":["https:\/\/i0.wp.com\/blogdobispo.com.br\/wp-content\/uploads\/2025\/08\/e2a9af3d-f714-40cd-b045-5a45a60198fd.jpg?fit=1080%2C1350&ssl=1",1080,1350,false],"thumbnail":["https:\/\/i0.wp.com\/blogdobispo.com.br\/wp-content\/uploads\/2025\/08\/e2a9af3d-f714-40cd-b045-5a45a60198fd.jpg?resize=150%2C150&ssl=1",150,150,true],"medium":["https:\/\/i0.wp.com\/blogdobispo.com.br\/wp-content\/uploads\/2025\/08\/e2a9af3d-f714-40cd-b045-5a45a60198fd.jpg?fit=240%2C300&ssl=1",240,300,true],"medium_large":["https:\/\/i0.wp.com\/blogdobispo.com.br\/wp-content\/uploads\/2025\/08\/e2a9af3d-f714-40cd-b045-5a45a60198fd.jpg?fit=768%2C960&ssl=1",768,960,true],"large":["https:\/\/i0.wp.com\/blogdobispo.com.br\/wp-content\/uploads\/2025\/08\/e2a9af3d-f714-40cd-b045-5a45a60198fd.jpg?fit=800%2C1000&ssl=1",800,1000,true],"1536x1536":["https:\/\/i0.wp.com\/blogdobispo.com.br\/wp-content\/uploads\/2025\/08\/e2a9af3d-f714-40cd-b045-5a45a60198fd.jpg?fit=1080%2C1350&ssl=1",1080,1350,true],"2048x2048":["https:\/\/i0.wp.com\/blogdobispo.com.br\/wp-content\/uploads\/2025\/08\/e2a9af3d-f714-40cd-b045-5a45a60198fd.jpg?fit=1080%2C1350&ssl=1",1080,1350,true]},"author_info":{"display_name":"Jefferson Sterfeno","author_link":"https:\/\/blogdobispo.com.br\/?author=1"},"category_info":"<a href=\"https:\/\/blogdobispo.com.br\/?cat=1\" rel=\"category\">diversos<\/a>","tag_info":"diversos","comment_count":"0","jetpack_featured_media_url":"https:\/\/i0.wp.com\/blogdobispo.com.br\/wp-content\/uploads\/2025\/08\/e2a9af3d-f714-40cd-b045-5a45a60198fd.jpg?fit=1080%2C1350&ssl=1","jetpack_sharing_enabled":true,"_links":{"self":[{"href":"https:\/\/blogdobispo.com.br\/index.php?rest_route=\/wp\/v2\/posts\/17099","targetHints":{"allow":["GET"]}}],"collection":[{"href":"https:\/\/blogdobispo.com.br\/index.php?rest_route=\/wp\/v2\/posts"}],"about":[{"href":"https:\/\/blogdobispo.com.br\/index.php?rest_route=\/wp\/v2\/types\/post"}],"author":[{"embeddable":true,"href":"https:\/\/blogdobispo.com.br\/index.php?rest_route=\/wp\/v2\/users\/1"}],"replies":[{"embeddable":true,"href":"https:\/\/blogdobispo.com.br\/index.php?rest_route=%2Fwp%2Fv2%2Fcomments&post=17099"}],"version-history":[{"count":0,"href":"https:\/\/blogdobispo.com.br\/index.php?rest_route=\/wp\/v2\/posts\/17099\/revisions"}],"wp:featuredmedia":[{"embeddable":true,"href":"https:\/\/blogdobispo.com.br\/index.php?rest_route=\/wp\/v2\/media\/17098"}],"wp:attachment":[{"href":"https:\/\/blogdobispo.com.br\/index.php?rest_route=%2Fwp%2Fv2%2Fmedia&parent=17099"}],"wp:term":[{"taxonomy":"category","embeddable":true,"href":"https:\/\/blogdobispo.com.br\/index.php?rest_route=%2Fwp%2Fv2%2Fcategories&post=17099"},{"taxonomy":"post_tag","embeddable":true,"href":"https:\/\/blogdobispo.com.br\/index.php?rest_route=%2Fwp%2Fv2%2Ftags&post=17099"}],"curies":[{"name":"wp","href":"https:\/\/api.w.org\/{rel}","templated":true}]}}