{"id":17087,"date":"2025-08-12T17:16:58","date_gmt":"2025-08-12T17:16:58","guid":{"rendered":"https:\/\/blogdobispo.com.br\/sao-goncalo-lanca-caravana-da-cidadania-com-foco-na-saude-mental-nas-escolas\/"},"modified":"2025-08-12T17:16:58","modified_gmt":"2025-08-12T17:16:58","slug":"sao-goncalo-lanca-caravana-da-cidadania-com-foco-na-saude-mental-nas-escolas","status":"publish","type":"post","link":"https:\/\/blogdobispo.com.br\/?p=17087","title":{"rendered":"S\u00e3o Gon\u00e7alo lan\u00e7a Caravana da Cidadania com foco na sa\u00fade mental nas escolas"},"content":{"rendered":"\n<figure class=\"wp-block-image size-large\"><img data-recalc-dims=\"1\" fetchpriority=\"high\" decoding=\"async\" width=\"477\" height=\"346\" src=\"https:\/\/i0.wp.com\/blogdobispo.com.br\/wp-content\/uploads\/2025\/08\/7190af19-4e65-48b4-a065-15769b539053-1.jpg?resize=477%2C346&#038;ssl=1\" class=\"wp-image-17086\" srcset=\"https:\/\/i0.wp.com\/blogdobispo.com.br\/wp-content\/uploads\/2025\/08\/7190af19-4e65-48b4-a065-15769b539053-1.jpg?w=477&amp;ssl=1 477w, https:\/\/i0.wp.com\/blogdobispo.com.br\/wp-content\/uploads\/2025\/08\/7190af19-4e65-48b4-a065-15769b539053-1.jpg?resize=300%2C218&amp;ssl=1 300w\" sizes=\"(max-width: 477px) 100vw, 477px\" \/><\/figure>\n\n\n\n<p><em>Paulo G\u00f3is<\/em><\/p>\n\n\n\n<p>A Prefeitura de S\u00e3o Gon\u00e7alo do Amarante promove, nesta ter\u00e7a-feira (12), o lan\u00e7amento da Caravana da Cidadania, projeto idealizado pela Secretaria Municipal de Assuntos Extraordin\u00e1rios, sob a coordena\u00e7\u00e3o da secret\u00e1ria Mada Calado. O evento, marcado para as 10h no Teatro Municipal Poti Cavalcanti, ter\u00e1 como tema central a sa\u00fade mental nas escolas e pretende ampliar o debate sobre o cuidado emocional de alunos, professores e toda a comunidade escolar.<\/p>\n\n\n\n<p>Segundo Mada Calado, a iniciativa busca \u201clevar conhecimento, acolhimento e a\u00e7\u00f5es que promovam ambientes escolares mais saud\u00e1veis, humanos e preparados para lidar com os desafios do cotidiano\u201d. A proposta refor\u00e7a o compromisso da gest\u00e3o municipal com a valoriza\u00e7\u00e3o da educa\u00e7\u00e3o e o cuidado integral dos cidad\u00e3os desde a inf\u00e2ncia.<\/p>\n","protected":false},"excerpt":{"rendered":"<p>Paulo G\u00f3is A Prefeitura de S\u00e3o Gon\u00e7alo do Amarante promove, nesta ter\u00e7a-feira (12), o lan\u00e7amento da Caravana da Cidadania, projeto idealizado pela Secretaria Municipal de Assuntos Extraordin\u00e1rios, sob a coordena\u00e7\u00e3o da secret\u00e1ria Mada Calado. O evento, marcado para as 10h no Teatro Municipal Poti Cavalcanti, ter\u00e1 como tema central a sa\u00fade mental nas escolas e [&hellip;]<\/p>\n","protected":false},"author":1,"featured_media":17086,"comment_status":"open","ping_status":"open","sticky":false,"template":"","format":"standard","meta":{"cybocfi_hide_featured_image":"","_jetpack_memberships_contains_paid_content":false,"footnotes":""},"categories":[1],"tags":[],"class_list":["post-17087","post","type-post","status-publish","format-standard","has-post-thumbnail","hentry","category-diversos"],"yoast_head":"<!-- This site is optimized with the Yoast SEO plugin v25.6 - https:\/\/yoast.com\/wordpress\/plugins\/seo\/ -->\n<title>S\u00e3o Gon\u00e7alo lan\u00e7a Caravana da Cidadania com foco na sa\u00fade mental nas escolas - Blog do Bispo<\/title>\n<meta name=\"robots\" content=\"index, follow, max-snippet:-1, max-image-preview:large, max-video-preview:-1\" \/>\n<link rel=\"canonical\" href=\"https:\/\/blogdobispo.com.br\/?p=17087\" \/>\n<meta property=\"og:locale\" content=\"pt_BR\" \/>\n<meta property=\"og:type\" content=\"article\" \/>\n<meta property=\"og:title\" content=\"S\u00e3o Gon\u00e7alo lan\u00e7a Caravana da Cidadania com foco na sa\u00fade mental nas escolas - Blog do Bispo\" \/>\n<meta property=\"og:description\" content=\"Paulo G\u00f3is A Prefeitura de S\u00e3o Gon\u00e7alo do Amarante promove, nesta ter\u00e7a-feira (12), o lan\u00e7amento da Caravana da Cidadania, projeto idealizado pela Secretaria Municipal de Assuntos Extraordin\u00e1rios, sob a coordena\u00e7\u00e3o da secret\u00e1ria Mada Calado. O evento, marcado para as 10h no Teatro Municipal Poti Cavalcanti, ter\u00e1 como tema central a sa\u00fade mental nas escolas e [&hellip;]\" \/>\n<meta property=\"og:url\" content=\"https:\/\/blogdobispo.com.br\/?p=17087\" \/>\n<meta property=\"og:site_name\" content=\"Blog do Bispo\" \/>\n<meta property=\"article:published_time\" content=\"2025-08-12T17:16:58+00:00\" \/>\n<meta property=\"og:image\" content=\"https:\/\/i0.wp.com\/blogdobispo.com.br\/wp-content\/uploads\/2025\/08\/7190af19-4e65-48b4-a065-15769b539053-1.jpg?fit=477%2C346&ssl=1\" \/>\n\t<meta property=\"og:image:width\" content=\"477\" \/>\n\t<meta property=\"og:image:height\" content=\"346\" \/>\n\t<meta property=\"og:image:type\" content=\"image\/jpeg\" \/>\n<meta name=\"author\" content=\"Jefferson Sterfeno\" \/>\n<meta name=\"twitter:card\" content=\"summary_large_image\" \/>\n<meta name=\"twitter:label1\" content=\"Escrito por\" \/>\n\t<meta name=\"twitter:data1\" content=\"Jefferson Sterfeno\" \/>\n\t<meta name=\"twitter:label2\" content=\"Est. tempo de leitura\" \/>\n\t<meta name=\"twitter:data2\" content=\"1 minuto\" \/>\n<script type=\"application\/ld+json\" class=\"yoast-schema-graph\">{\"@context\":\"https:\/\/schema.org\",\"@graph\":[{\"@type\":\"Article\",\"@id\":\"https:\/\/blogdobispo.com.br\/?p=17087#article\",\"isPartOf\":{\"@id\":\"https:\/\/blogdobispo.com.br\/?p=17087\"},\"author\":{\"name\":\"Jefferson Sterfeno\",\"@id\":\"https:\/\/blogdobispo.com.br\/#\/schema\/person\/e2209cc0e6cea5c5233d033e997b373f\"},\"headline\":\"S\u00e3o Gon\u00e7alo lan\u00e7a Caravana da Cidadania com foco na sa\u00fade mental nas escolas\",\"datePublished\":\"2025-08-12T17:16:58+00:00\",\"mainEntityOfPage\":{\"@id\":\"https:\/\/blogdobispo.com.br\/?p=17087\"},\"wordCount\":153,\"commentCount\":0,\"publisher\":{\"@id\":\"https:\/\/blogdobispo.com.br\/#organization\"},\"image\":{\"@id\":\"https:\/\/blogdobispo.com.br\/?p=17087#primaryimage\"},\"thumbnailUrl\":\"https:\/\/i0.wp.com\/blogdobispo.com.br\/wp-content\/uploads\/2025\/08\/7190af19-4e65-48b4-a065-15769b539053-1.jpg?fit=477%2C346&ssl=1\",\"articleSection\":[\"diversos\"],\"inLanguage\":\"pt-BR\",\"potentialAction\":[{\"@type\":\"CommentAction\",\"name\":\"Comment\",\"target\":[\"https:\/\/blogdobispo.com.br\/?p=17087#respond\"]}]},{\"@type\":\"WebPage\",\"@id\":\"https:\/\/blogdobispo.com.br\/?p=17087\",\"url\":\"https:\/\/blogdobispo.com.br\/?p=17087\",\"name\":\"S\u00e3o Gon\u00e7alo lan\u00e7a Caravana da Cidadania com foco na sa\u00fade mental nas escolas - Blog do Bispo\",\"isPartOf\":{\"@id\":\"https:\/\/blogdobispo.com.br\/#website\"},\"primaryImageOfPage\":{\"@id\":\"https:\/\/blogdobispo.com.br\/?p=17087#primaryimage\"},\"image\":{\"@id\":\"https:\/\/blogdobispo.com.br\/?p=17087#primaryimage\"},\"thumbnailUrl\":\"https:\/\/i0.wp.com\/blogdobispo.com.br\/wp-content\/uploads\/2025\/08\/7190af19-4e65-48b4-a065-15769b539053-1.jpg?fit=477%2C346&ssl=1\",\"datePublished\":\"2025-08-12T17:16:58+00:00\",\"breadcrumb\":{\"@id\":\"https:\/\/blogdobispo.com.br\/?p=17087#breadcrumb\"},\"inLanguage\":\"pt-BR\",\"potentialAction\":[{\"@type\":\"ReadAction\",\"target\":[\"https:\/\/blogdobispo.com.br\/?p=17087\"]}]},{\"@type\":\"ImageObject\",\"inLanguage\":\"pt-BR\",\"@id\":\"https:\/\/blogdobispo.com.br\/?p=17087#primaryimage\",\"url\":\"https:\/\/i0.wp.com\/blogdobispo.com.br\/wp-content\/uploads\/2025\/08\/7190af19-4e65-48b4-a065-15769b539053-1.jpg?fit=477%2C346&ssl=1\",\"contentUrl\":\"https:\/\/i0.wp.com\/blogdobispo.com.br\/wp-content\/uploads\/2025\/08\/7190af19-4e65-48b4-a065-15769b539053-1.jpg?fit=477%2C346&ssl=1\",\"width\":477,\"height\":346},{\"@type\":\"BreadcrumbList\",\"@id\":\"https:\/\/blogdobispo.com.br\/?p=17087#breadcrumb\",\"itemListElement\":[{\"@type\":\"ListItem\",\"position\":1,\"name\":\"In\u00edcio\",\"item\":\"https:\/\/blogdobispo.com.br\/\"},{\"@type\":\"ListItem\",\"position\":2,\"name\":\"S\u00e3o Gon\u00e7alo lan\u00e7a Caravana da Cidadania com foco na sa\u00fade mental nas escolas\"}]},{\"@type\":\"WebSite\",\"@id\":\"https:\/\/blogdobispo.com.br\/#website\",\"url\":\"https:\/\/blogdobispo.com.br\/\",\"name\":\"Blog do Bispo\",\"description\":\"Comprometido apenas com o leitor\",\"publisher\":{\"@id\":\"https:\/\/blogdobispo.com.br\/#organization\"},\"potentialAction\":[{\"@type\":\"SearchAction\",\"target\":{\"@type\":\"EntryPoint\",\"urlTemplate\":\"https:\/\/blogdobispo.com.br\/?s={search_term_string}\"},\"query-input\":{\"@type\":\"PropertyValueSpecification\",\"valueRequired\":true,\"valueName\":\"search_term_string\"}}],\"inLanguage\":\"pt-BR\"},{\"@type\":\"Organization\",\"@id\":\"https:\/\/blogdobispo.com.br\/#organization\",\"name\":\"Blog do Bispo\",\"url\":\"https:\/\/blogdobispo.com.br\/\",\"logo\":{\"@type\":\"ImageObject\",\"inLanguage\":\"pt-BR\",\"@id\":\"https:\/\/blogdobispo.com.br\/#\/schema\/logo\/image\/\",\"url\":\"http:\/\/blogdobispo.com.br\/wp-content\/uploads\/2023\/05\/cropped-headear.png\",\"contentUrl\":\"http:\/\/blogdobispo.com.br\/wp-content\/uploads\/2023\/05\/cropped-headear.png\",\"width\":1500,\"height\":399,\"caption\":\"Blog do Bispo\"},\"image\":{\"@id\":\"https:\/\/blogdobispo.com.br\/#\/schema\/logo\/image\/\"}},{\"@type\":\"Person\",\"@id\":\"https:\/\/blogdobispo.com.br\/#\/schema\/person\/e2209cc0e6cea5c5233d033e997b373f\",\"name\":\"Jefferson Sterfeno\",\"image\":{\"@type\":\"ImageObject\",\"inLanguage\":\"pt-BR\",\"@id\":\"https:\/\/blogdobispo.com.br\/#\/schema\/person\/image\/\",\"url\":\"https:\/\/secure.gravatar.com\/avatar\/0534e84764641168a677026b6d57a3f51dc7ac4db0b4f6186d9cb330d4ee1160?s=96&d=mm&r=g\",\"contentUrl\":\"https:\/\/secure.gravatar.com\/avatar\/0534e84764641168a677026b6d57a3f51dc7ac4db0b4f6186d9cb330d4ee1160?s=96&d=mm&r=g\",\"caption\":\"Jefferson Sterfeno\"},\"sameAs\":[\"http:\/\/blogdobispo.com.br\"],\"url\":\"https:\/\/blogdobispo.com.br\/?author=1\"}]}<\/script>\n<!-- \/ Yoast SEO plugin. -->","yoast_head_json":{"title":"S\u00e3o Gon\u00e7alo lan\u00e7a Caravana da Cidadania com foco na sa\u00fade mental nas escolas - Blog do Bispo","robots":{"index":"index","follow":"follow","max-snippet":"max-snippet:-1","max-image-preview":"max-image-preview:large","max-video-preview":"max-video-preview:-1"},"canonical":"https:\/\/blogdobispo.com.br\/?p=17087","og_locale":"pt_BR","og_type":"article","og_title":"S\u00e3o Gon\u00e7alo lan\u00e7a Caravana da Cidadania com foco na sa\u00fade mental nas escolas - Blog do Bispo","og_description":"Paulo G\u00f3is A Prefeitura de S\u00e3o Gon\u00e7alo do Amarante promove, nesta ter\u00e7a-feira (12), o lan\u00e7amento da Caravana da Cidadania, projeto idealizado pela Secretaria Municipal de Assuntos Extraordin\u00e1rios, sob a coordena\u00e7\u00e3o da secret\u00e1ria Mada Calado. O evento, marcado para as 10h no Teatro Municipal Poti Cavalcanti, ter\u00e1 como tema central a sa\u00fade mental nas escolas e [&hellip;]","og_url":"https:\/\/blogdobispo.com.br\/?p=17087","og_site_name":"Blog do Bispo","article_published_time":"2025-08-12T17:16:58+00:00","og_image":[{"width":477,"height":346,"url":"https:\/\/i0.wp.com\/blogdobispo.com.br\/wp-content\/uploads\/2025\/08\/7190af19-4e65-48b4-a065-15769b539053-1.jpg?fit=477%2C346&ssl=1","type":"image\/jpeg"}],"author":"Jefferson Sterfeno","twitter_card":"summary_large_image","twitter_misc":{"Escrito por":"Jefferson Sterfeno","Est. tempo de leitura":"1 minuto"},"schema":{"@context":"https:\/\/schema.org","@graph":[{"@type":"Article","@id":"https:\/\/blogdobispo.com.br\/?p=17087#article","isPartOf":{"@id":"https:\/\/blogdobispo.com.br\/?p=17087"},"author":{"name":"Jefferson Sterfeno","@id":"https:\/\/blogdobispo.com.br\/#\/schema\/person\/e2209cc0e6cea5c5233d033e997b373f"},"headline":"S\u00e3o Gon\u00e7alo lan\u00e7a Caravana da Cidadania com foco na sa\u00fade mental nas escolas","datePublished":"2025-08-12T17:16:58+00:00","mainEntityOfPage":{"@id":"https:\/\/blogdobispo.com.br\/?p=17087"},"wordCount":153,"commentCount":0,"publisher":{"@id":"https:\/\/blogdobispo.com.br\/#organization"},"image":{"@id":"https:\/\/blogdobispo.com.br\/?p=17087#primaryimage"},"thumbnailUrl":"https:\/\/i0.wp.com\/blogdobispo.com.br\/wp-content\/uploads\/2025\/08\/7190af19-4e65-48b4-a065-15769b539053-1.jpg?fit=477%2C346&ssl=1","articleSection":["diversos"],"inLanguage":"pt-BR","potentialAction":[{"@type":"CommentAction","name":"Comment","target":["https:\/\/blogdobispo.com.br\/?p=17087#respond"]}]},{"@type":"WebPage","@id":"https:\/\/blogdobispo.com.br\/?p=17087","url":"https:\/\/blogdobispo.com.br\/?p=17087","name":"S\u00e3o Gon\u00e7alo lan\u00e7a Caravana da Cidadania com foco na sa\u00fade mental nas escolas - Blog do Bispo","isPartOf":{"@id":"https:\/\/blogdobispo.com.br\/#website"},"primaryImageOfPage":{"@id":"https:\/\/blogdobispo.com.br\/?p=17087#primaryimage"},"image":{"@id":"https:\/\/blogdobispo.com.br\/?p=17087#primaryimage"},"thumbnailUrl":"https:\/\/i0.wp.com\/blogdobispo.com.br\/wp-content\/uploads\/2025\/08\/7190af19-4e65-48b4-a065-15769b539053-1.jpg?fit=477%2C346&ssl=1","datePublished":"2025-08-12T17:16:58+00:00","breadcrumb":{"@id":"https:\/\/blogdobispo.com.br\/?p=17087#breadcrumb"},"inLanguage":"pt-BR","potentialAction":[{"@type":"ReadAction","target":["https:\/\/blogdobispo.com.br\/?p=17087"]}]},{"@type":"ImageObject","inLanguage":"pt-BR","@id":"https:\/\/blogdobispo.com.br\/?p=17087#primaryimage","url":"https:\/\/i0.wp.com\/blogdobispo.com.br\/wp-content\/uploads\/2025\/08\/7190af19-4e65-48b4-a065-15769b539053-1.jpg?fit=477%2C346&ssl=1","contentUrl":"https:\/\/i0.wp.com\/blogdobispo.com.br\/wp-content\/uploads\/2025\/08\/7190af19-4e65-48b4-a065-15769b539053-1.jpg?fit=477%2C346&ssl=1","width":477,"height":346},{"@type":"BreadcrumbList","@id":"https:\/\/blogdobispo.com.br\/?p=17087#breadcrumb","itemListElement":[{"@type":"ListItem","position":1,"name":"In\u00edcio","item":"https:\/\/blogdobispo.com.br\/"},{"@type":"ListItem","position":2,"name":"S\u00e3o Gon\u00e7alo lan\u00e7a Caravana da Cidadania com foco na sa\u00fade mental nas escolas"}]},{"@type":"WebSite","@id":"https:\/\/blogdobispo.com.br\/#website","url":"https:\/\/blogdobispo.com.br\/","name":"Blog do Bispo","description":"Comprometido apenas com o leitor","publisher":{"@id":"https:\/\/blogdobispo.com.br\/#organization"},"potentialAction":[{"@type":"SearchAction","target":{"@type":"EntryPoint","urlTemplate":"https:\/\/blogdobispo.com.br\/?s={search_term_string}"},"query-input":{"@type":"PropertyValueSpecification","valueRequired":true,"valueName":"search_term_string"}}],"inLanguage":"pt-BR"},{"@type":"Organization","@id":"https:\/\/blogdobispo.com.br\/#organization","name":"Blog do Bispo","url":"https:\/\/blogdobispo.com.br\/","logo":{"@type":"ImageObject","inLanguage":"pt-BR","@id":"https:\/\/blogdobispo.com.br\/#\/schema\/logo\/image\/","url":"http:\/\/blogdobispo.com.br\/wp-content\/uploads\/2023\/05\/cropped-headear.png","contentUrl":"http:\/\/blogdobispo.com.br\/wp-content\/uploads\/2023\/05\/cropped-headear.png","width":1500,"height":399,"caption":"Blog do Bispo"},"image":{"@id":"https:\/\/blogdobispo.com.br\/#\/schema\/logo\/image\/"}},{"@type":"Person","@id":"https:\/\/blogdobispo.com.br\/#\/schema\/person\/e2209cc0e6cea5c5233d033e997b373f","name":"Jefferson Sterfeno","image":{"@type":"ImageObject","inLanguage":"pt-BR","@id":"https:\/\/blogdobispo.com.br\/#\/schema\/person\/image\/","url":"https:\/\/secure.gravatar.com\/avatar\/0534e84764641168a677026b6d57a3f51dc7ac4db0b4f6186d9cb330d4ee1160?s=96&d=mm&r=g","contentUrl":"https:\/\/secure.gravatar.com\/avatar\/0534e84764641168a677026b6d57a3f51dc7ac4db0b4f6186d9cb330d4ee1160?s=96&d=mm&r=g","caption":"Jefferson Sterfeno"},"sameAs":["http:\/\/blogdobispo.com.br"],"url":"https:\/\/blogdobispo.com.br\/?author=1"}]}},"featured_image_urls":{"full":["https:\/\/i0.wp.com\/blogdobispo.com.br\/wp-content\/uploads\/2025\/08\/7190af19-4e65-48b4-a065-15769b539053-1.jpg?fit=477%2C346&ssl=1",477,346,false],"thumbnail":["https:\/\/i0.wp.com\/blogdobispo.com.br\/wp-content\/uploads\/2025\/08\/7190af19-4e65-48b4-a065-15769b539053-1.jpg?resize=150%2C150&ssl=1",150,150,true],"medium":["https:\/\/i0.wp.com\/blogdobispo.com.br\/wp-content\/uploads\/2025\/08\/7190af19-4e65-48b4-a065-15769b539053-1.jpg?fit=300%2C218&ssl=1",300,218,true],"medium_large":["https:\/\/i0.wp.com\/blogdobispo.com.br\/wp-content\/uploads\/2025\/08\/7190af19-4e65-48b4-a065-15769b539053-1.jpg?fit=477%2C346&ssl=1",477,346,true],"large":["https:\/\/i0.wp.com\/blogdobispo.com.br\/wp-content\/uploads\/2025\/08\/7190af19-4e65-48b4-a065-15769b539053-1.jpg?fit=477%2C346&ssl=1",477,346,true],"1536x1536":["https:\/\/i0.wp.com\/blogdobispo.com.br\/wp-content\/uploads\/2025\/08\/7190af19-4e65-48b4-a065-15769b539053-1.jpg?fit=477%2C346&ssl=1",477,346,true],"2048x2048":["https:\/\/i0.wp.com\/blogdobispo.com.br\/wp-content\/uploads\/2025\/08\/7190af19-4e65-48b4-a065-15769b539053-1.jpg?fit=477%2C346&ssl=1",477,346,true]},"author_info":{"display_name":"Jefferson Sterfeno","author_link":"https:\/\/blogdobispo.com.br\/?author=1"},"category_info":"<a href=\"https:\/\/blogdobispo.com.br\/?cat=1\" rel=\"category\">diversos<\/a>","tag_info":"diversos","comment_count":"0","jetpack_featured_media_url":"https:\/\/i0.wp.com\/blogdobispo.com.br\/wp-content\/uploads\/2025\/08\/7190af19-4e65-48b4-a065-15769b539053-1.jpg?fit=477%2C346&ssl=1","jetpack_sharing_enabled":true,"_links":{"self":[{"href":"https:\/\/blogdobispo.com.br\/index.php?rest_route=\/wp\/v2\/posts\/17087","targetHints":{"allow":["GET"]}}],"collection":[{"href":"https:\/\/blogdobispo.com.br\/index.php?rest_route=\/wp\/v2\/posts"}],"about":[{"href":"https:\/\/blogdobispo.com.br\/index.php?rest_route=\/wp\/v2\/types\/post"}],"author":[{"embeddable":true,"href":"https:\/\/blogdobispo.com.br\/index.php?rest_route=\/wp\/v2\/users\/1"}],"replies":[{"embeddable":true,"href":"https:\/\/blogdobispo.com.br\/index.php?rest_route=%2Fwp%2Fv2%2Fcomments&post=17087"}],"version-history":[{"count":0,"href":"https:\/\/blogdobispo.com.br\/index.php?rest_route=\/wp\/v2\/posts\/17087\/revisions"}],"wp:featuredmedia":[{"embeddable":true,"href":"https:\/\/blogdobispo.com.br\/index.php?rest_route=\/wp\/v2\/media\/17086"}],"wp:attachment":[{"href":"https:\/\/blogdobispo.com.br\/index.php?rest_route=%2Fwp%2Fv2%2Fmedia&parent=17087"}],"wp:term":[{"taxonomy":"category","embeddable":true,"href":"https:\/\/blogdobispo.com.br\/index.php?rest_route=%2Fwp%2Fv2%2Fcategories&post=17087"},{"taxonomy":"post_tag","embeddable":true,"href":"https:\/\/blogdobispo.com.br\/index.php?rest_route=%2Fwp%2Fv2%2Ftags&post=17087"}],"curies":[{"name":"wp","href":"https:\/\/api.w.org\/{rel}","templated":true}]}}