{"id":17081,"date":"2025-08-12T17:07:44","date_gmt":"2025-08-12T17:07:44","guid":{"rendered":"https:\/\/blogdobispo.com.br\/assembleia-aprova-tres-projetos-de-autoria-do-deputado-ubaldo-na-ccj\/"},"modified":"2025-08-12T17:15:15","modified_gmt":"2025-08-12T17:15:15","slug":"assembleia-aprova-tres-projetos-de-autoria-do-deputado-ubaldo-na-ccj","status":"publish","type":"post","link":"https:\/\/blogdobispo.com.br\/?p=17081","title":{"rendered":"Assembleia aprova tr\u00eas projetos de autoria do deputado Ubaldo na CCJ"},"content":{"rendered":"\n<p><\/p>\n\n\n\n<p>Na manh\u00e3 desta ter\u00e7a-feira (12), a Comiss\u00e3o de Constitui\u00e7\u00e3o, Justi\u00e7a e Reda\u00e7\u00e3o (CCJ) da Assembleia Legislativa do Rio Grande do Norte aprovou tr\u00eas importantes projetos de lei de autoria do deputado estadual Ubaldo Fernandes, todos voltados \u00e0 valoriza\u00e7\u00e3o cultural, hist\u00f3rica, religiosa e ao fortalecimento da agricultura familiar no estado.<\/p>\n\n\n\n<p>O Projeto de Lei n\u00ba 295\/2025 reconhece como de utilidade p\u00fablica estadual a Associa\u00e7\u00e3o dos Agricultores e Agricultoras Familiares Periurbanos de S\u00e3o Jos\u00e9 do Campestre \u2013 S\u00e3o Domingos. A entidade atua de forma decisiva no desenvolvimento sustent\u00e1vel, na capacita\u00e7\u00e3o e no apoio t\u00e9cnico aos produtores rurais, contribuindo para gera\u00e7\u00e3o de renda, preserva\u00e7\u00e3o ambiental e fortalecimento da economia local. O reconhecimento amplia as possibilidades de acesso a recursos p\u00fablicos e parcerias, fortalecendo a agricultura familiar.<\/p>\n\n\n\n<p>O Projeto de Lei n\u00ba 331\/2025 conceder\u00e1 o t\u00edtulo de patrim\u00f4nio imaterial, cultural, art\u00edstico e musical \u00e0 Banda Feras, da cidade de Parelhas. Fundada em 1979, a banda \u00e9 considerada a mais antiga banda baile do RN, com mais de 45 anos de trajet\u00f3ria e repert\u00f3rio ecl\u00e9tico que atravessa gera\u00e7\u00f5es. A hist\u00f3ria do grupo \u00e9 marcada por pr\u00eamios nacionais, grava\u00e7\u00f5es de DVDs e apresenta\u00e7\u00f5es ao lado de grandes nomes da m\u00fasica brasileira, tornando-se refer\u00eancia de entretenimento e identidade cultural no Serid\u00f3.<\/p>\n\n\n\n<p>J\u00e1 o Projeto de Lei n\u00ba 344\/2025 reconhece como patrim\u00f4nio cultural, religioso e hist\u00f3rico a Igreja Matriz da Sagrada Fam\u00edlia, no bairro das Rocas, em Natal. Prestes a completar 100 anos, o templo \u00e9 s\u00edmbolo de f\u00e9, devo\u00e7\u00e3o e hist\u00f3ria para a comunidade da Zona Leste, sendo palco de tradi\u00e7\u00f5es religiosas, a\u00e7\u00f5es sociais e manifesta\u00e7\u00f5es culturais que marcam gera\u00e7\u00f5es de natalenses.<\/p>\n\n\n\n<p>Para o deputado Ubaldo Fernandes, as tr\u00eas mat\u00e9rias representam \u201co reconhecimento de valores que fortalecem nossa identidade, nossa hist\u00f3ria e nossa economia, preservando tradi\u00e7\u00f5es e incentivando o desenvolvimento das comunidades potiguares\u201d. Com a aprova\u00e7\u00e3o na CCJ, os projetos seguem agora para aprecia\u00e7\u00e3o no plen\u00e1rio da Assembleia Legislativa.<\/p>\n\n\n\n<figure class=\"wp-block-image size-large\"><img data-recalc-dims=\"1\" fetchpriority=\"high\" decoding=\"async\" width=\"800\" height=\"533\" src=\"https:\/\/i0.wp.com\/blogdobispo.com.br\/wp-content\/uploads\/2025\/08\/85178914-b3e4-4c0f-8059-bbadb4d30df1-1-1024x682.jpg?resize=800%2C533&#038;ssl=1\" alt=\"\" class=\"wp-image-17082\" srcset=\"https:\/\/i0.wp.com\/blogdobispo.com.br\/wp-content\/uploads\/2025\/08\/85178914-b3e4-4c0f-8059-bbadb4d30df1-1.jpg?resize=1024%2C682&amp;ssl=1 1024w, https:\/\/i0.wp.com\/blogdobispo.com.br\/wp-content\/uploads\/2025\/08\/85178914-b3e4-4c0f-8059-bbadb4d30df1-1.jpg?resize=300%2C200&amp;ssl=1 300w, https:\/\/i0.wp.com\/blogdobispo.com.br\/wp-content\/uploads\/2025\/08\/85178914-b3e4-4c0f-8059-bbadb4d30df1-1.jpg?resize=768%2C511&amp;ssl=1 768w, https:\/\/i0.wp.com\/blogdobispo.com.br\/wp-content\/uploads\/2025\/08\/85178914-b3e4-4c0f-8059-bbadb4d30df1-1.jpg?w=1280&amp;ssl=1 1280w\" sizes=\"(max-width: 800px) 100vw, 800px\" \/><\/figure>\n","protected":false},"excerpt":{"rendered":"<p>Na manh\u00e3 desta ter\u00e7a-feira (12), a Comiss\u00e3o de Constitui\u00e7\u00e3o, Justi\u00e7a e Reda\u00e7\u00e3o (CCJ) da Assembleia Legislativa do Rio Grande do Norte aprovou tr\u00eas importantes projetos de lei de autoria do deputado estadual Ubaldo Fernandes, todos voltados \u00e0 valoriza\u00e7\u00e3o cultural, hist\u00f3rica, religiosa e ao fortalecimento da agricultura familiar no estado. O Projeto de Lei n\u00ba 295\/2025 [&hellip;]<\/p>\n","protected":false},"author":1,"featured_media":17080,"comment_status":"open","ping_status":"open","sticky":false,"template":"","format":"standard","meta":{"cybocfi_hide_featured_image":"","_jetpack_memberships_contains_paid_content":false,"footnotes":""},"categories":[12],"tags":[],"class_list":["post-17081","post","type-post","status-publish","format-standard","has-post-thumbnail","hentry","category-cidadania"],"yoast_head":"<!-- This site is optimized with the Yoast SEO plugin v25.6 - https:\/\/yoast.com\/wordpress\/plugins\/seo\/ -->\n<title>Assembleia aprova tr\u00eas projetos de autoria do deputado Ubaldo na CCJ - Blog do Bispo<\/title>\n<meta name=\"robots\" content=\"index, follow, max-snippet:-1, max-image-preview:large, max-video-preview:-1\" \/>\n<link rel=\"canonical\" href=\"https:\/\/blogdobispo.com.br\/?p=17081\" \/>\n<meta property=\"og:locale\" content=\"pt_BR\" \/>\n<meta property=\"og:type\" content=\"article\" \/>\n<meta property=\"og:title\" content=\"Assembleia aprova tr\u00eas projetos de autoria do deputado Ubaldo na CCJ - Blog do Bispo\" \/>\n<meta property=\"og:description\" content=\"Na manh\u00e3 desta ter\u00e7a-feira (12), a Comiss\u00e3o de Constitui\u00e7\u00e3o, Justi\u00e7a e Reda\u00e7\u00e3o (CCJ) da Assembleia Legislativa do Rio Grande do Norte aprovou tr\u00eas importantes projetos de lei de autoria do deputado estadual Ubaldo Fernandes, todos voltados \u00e0 valoriza\u00e7\u00e3o cultural, hist\u00f3rica, religiosa e ao fortalecimento da agricultura familiar no estado. O Projeto de Lei n\u00ba 295\/2025 [&hellip;]\" \/>\n<meta property=\"og:url\" content=\"https:\/\/blogdobispo.com.br\/?p=17081\" \/>\n<meta property=\"og:site_name\" content=\"Blog do Bispo\" \/>\n<meta property=\"article:published_time\" content=\"2025-08-12T17:07:44+00:00\" \/>\n<meta property=\"article:modified_time\" content=\"2025-08-12T17:15:15+00:00\" \/>\n<meta property=\"og:image\" content=\"https:\/\/i0.wp.com\/blogdobispo.com.br\/wp-content\/uploads\/2025\/08\/85178914-b3e4-4c0f-8059-bbadb4d30df1.jpg?fit=1280%2C852&ssl=1\" \/>\n\t<meta property=\"og:image:width\" content=\"1280\" \/>\n\t<meta property=\"og:image:height\" content=\"852\" \/>\n\t<meta property=\"og:image:type\" content=\"image\/jpeg\" \/>\n<meta name=\"author\" content=\"Jefferson Sterfeno\" \/>\n<meta name=\"twitter:card\" content=\"summary_large_image\" \/>\n<meta name=\"twitter:label1\" content=\"Escrito por\" \/>\n\t<meta name=\"twitter:data1\" content=\"Jefferson Sterfeno\" \/>\n\t<meta name=\"twitter:label2\" content=\"Est. tempo de leitura\" \/>\n\t<meta name=\"twitter:data2\" content=\"2 minutos\" \/>\n<script type=\"application\/ld+json\" class=\"yoast-schema-graph\">{\"@context\":\"https:\/\/schema.org\",\"@graph\":[{\"@type\":\"Article\",\"@id\":\"https:\/\/blogdobispo.com.br\/?p=17081#article\",\"isPartOf\":{\"@id\":\"https:\/\/blogdobispo.com.br\/?p=17081\"},\"author\":{\"name\":\"Jefferson Sterfeno\",\"@id\":\"https:\/\/blogdobispo.com.br\/#\/schema\/person\/e2209cc0e6cea5c5233d033e997b373f\"},\"headline\":\"Assembleia aprova tr\u00eas projetos de autoria do deputado Ubaldo na CCJ\",\"datePublished\":\"2025-08-12T17:07:44+00:00\",\"dateModified\":\"2025-08-12T17:15:15+00:00\",\"mainEntityOfPage\":{\"@id\":\"https:\/\/blogdobispo.com.br\/?p=17081\"},\"wordCount\":359,\"commentCount\":0,\"publisher\":{\"@id\":\"https:\/\/blogdobispo.com.br\/#organization\"},\"image\":{\"@id\":\"https:\/\/blogdobispo.com.br\/?p=17081#primaryimage\"},\"thumbnailUrl\":\"https:\/\/i0.wp.com\/blogdobispo.com.br\/wp-content\/uploads\/2025\/08\/85178914-b3e4-4c0f-8059-bbadb4d30df1.jpg?fit=1280%2C852&ssl=1\",\"articleSection\":[\"Cidadania\"],\"inLanguage\":\"pt-BR\",\"potentialAction\":[{\"@type\":\"CommentAction\",\"name\":\"Comment\",\"target\":[\"https:\/\/blogdobispo.com.br\/?p=17081#respond\"]}]},{\"@type\":\"WebPage\",\"@id\":\"https:\/\/blogdobispo.com.br\/?p=17081\",\"url\":\"https:\/\/blogdobispo.com.br\/?p=17081\",\"name\":\"Assembleia aprova tr\u00eas projetos de autoria do deputado Ubaldo na CCJ - Blog do Bispo\",\"isPartOf\":{\"@id\":\"https:\/\/blogdobispo.com.br\/#website\"},\"primaryImageOfPage\":{\"@id\":\"https:\/\/blogdobispo.com.br\/?p=17081#primaryimage\"},\"image\":{\"@id\":\"https:\/\/blogdobispo.com.br\/?p=17081#primaryimage\"},\"thumbnailUrl\":\"https:\/\/i0.wp.com\/blogdobispo.com.br\/wp-content\/uploads\/2025\/08\/85178914-b3e4-4c0f-8059-bbadb4d30df1.jpg?fit=1280%2C852&ssl=1\",\"datePublished\":\"2025-08-12T17:07:44+00:00\",\"dateModified\":\"2025-08-12T17:15:15+00:00\",\"breadcrumb\":{\"@id\":\"https:\/\/blogdobispo.com.br\/?p=17081#breadcrumb\"},\"inLanguage\":\"pt-BR\",\"potentialAction\":[{\"@type\":\"ReadAction\",\"target\":[\"https:\/\/blogdobispo.com.br\/?p=17081\"]}]},{\"@type\":\"ImageObject\",\"inLanguage\":\"pt-BR\",\"@id\":\"https:\/\/blogdobispo.com.br\/?p=17081#primaryimage\",\"url\":\"https:\/\/i0.wp.com\/blogdobispo.com.br\/wp-content\/uploads\/2025\/08\/85178914-b3e4-4c0f-8059-bbadb4d30df1.jpg?fit=1280%2C852&ssl=1\",\"contentUrl\":\"https:\/\/i0.wp.com\/blogdobispo.com.br\/wp-content\/uploads\/2025\/08\/85178914-b3e4-4c0f-8059-bbadb4d30df1.jpg?fit=1280%2C852&ssl=1\",\"width\":1280,\"height\":852},{\"@type\":\"BreadcrumbList\",\"@id\":\"https:\/\/blogdobispo.com.br\/?p=17081#breadcrumb\",\"itemListElement\":[{\"@type\":\"ListItem\",\"position\":1,\"name\":\"In\u00edcio\",\"item\":\"https:\/\/blogdobispo.com.br\/\"},{\"@type\":\"ListItem\",\"position\":2,\"name\":\"Assembleia aprova tr\u00eas projetos de autoria do deputado Ubaldo na CCJ\"}]},{\"@type\":\"WebSite\",\"@id\":\"https:\/\/blogdobispo.com.br\/#website\",\"url\":\"https:\/\/blogdobispo.com.br\/\",\"name\":\"Blog do Bispo\",\"description\":\"Comprometido apenas com o leitor\",\"publisher\":{\"@id\":\"https:\/\/blogdobispo.com.br\/#organization\"},\"potentialAction\":[{\"@type\":\"SearchAction\",\"target\":{\"@type\":\"EntryPoint\",\"urlTemplate\":\"https:\/\/blogdobispo.com.br\/?s={search_term_string}\"},\"query-input\":{\"@type\":\"PropertyValueSpecification\",\"valueRequired\":true,\"valueName\":\"search_term_string\"}}],\"inLanguage\":\"pt-BR\"},{\"@type\":\"Organization\",\"@id\":\"https:\/\/blogdobispo.com.br\/#organization\",\"name\":\"Blog do Bispo\",\"url\":\"https:\/\/blogdobispo.com.br\/\",\"logo\":{\"@type\":\"ImageObject\",\"inLanguage\":\"pt-BR\",\"@id\":\"https:\/\/blogdobispo.com.br\/#\/schema\/logo\/image\/\",\"url\":\"http:\/\/blogdobispo.com.br\/wp-content\/uploads\/2023\/05\/cropped-headear.png\",\"contentUrl\":\"http:\/\/blogdobispo.com.br\/wp-content\/uploads\/2023\/05\/cropped-headear.png\",\"width\":1500,\"height\":399,\"caption\":\"Blog do Bispo\"},\"image\":{\"@id\":\"https:\/\/blogdobispo.com.br\/#\/schema\/logo\/image\/\"}},{\"@type\":\"Person\",\"@id\":\"https:\/\/blogdobispo.com.br\/#\/schema\/person\/e2209cc0e6cea5c5233d033e997b373f\",\"name\":\"Jefferson Sterfeno\",\"image\":{\"@type\":\"ImageObject\",\"inLanguage\":\"pt-BR\",\"@id\":\"https:\/\/blogdobispo.com.br\/#\/schema\/person\/image\/\",\"url\":\"https:\/\/secure.gravatar.com\/avatar\/0534e84764641168a677026b6d57a3f51dc7ac4db0b4f6186d9cb330d4ee1160?s=96&d=mm&r=g\",\"contentUrl\":\"https:\/\/secure.gravatar.com\/avatar\/0534e84764641168a677026b6d57a3f51dc7ac4db0b4f6186d9cb330d4ee1160?s=96&d=mm&r=g\",\"caption\":\"Jefferson Sterfeno\"},\"sameAs\":[\"http:\/\/blogdobispo.com.br\"],\"url\":\"https:\/\/blogdobispo.com.br\/?author=1\"}]}<\/script>\n<!-- \/ Yoast SEO plugin. -->","yoast_head_json":{"title":"Assembleia aprova tr\u00eas projetos de autoria do deputado Ubaldo na CCJ - Blog do Bispo","robots":{"index":"index","follow":"follow","max-snippet":"max-snippet:-1","max-image-preview":"max-image-preview:large","max-video-preview":"max-video-preview:-1"},"canonical":"https:\/\/blogdobispo.com.br\/?p=17081","og_locale":"pt_BR","og_type":"article","og_title":"Assembleia aprova tr\u00eas projetos de autoria do deputado Ubaldo na CCJ - Blog do Bispo","og_description":"Na manh\u00e3 desta ter\u00e7a-feira (12), a Comiss\u00e3o de Constitui\u00e7\u00e3o, Justi\u00e7a e Reda\u00e7\u00e3o (CCJ) da Assembleia Legislativa do Rio Grande do Norte aprovou tr\u00eas importantes projetos de lei de autoria do deputado estadual Ubaldo Fernandes, todos voltados \u00e0 valoriza\u00e7\u00e3o cultural, hist\u00f3rica, religiosa e ao fortalecimento da agricultura familiar no estado. O Projeto de Lei n\u00ba 295\/2025 [&hellip;]","og_url":"https:\/\/blogdobispo.com.br\/?p=17081","og_site_name":"Blog do Bispo","article_published_time":"2025-08-12T17:07:44+00:00","article_modified_time":"2025-08-12T17:15:15+00:00","og_image":[{"width":1280,"height":852,"url":"https:\/\/i0.wp.com\/blogdobispo.com.br\/wp-content\/uploads\/2025\/08\/85178914-b3e4-4c0f-8059-bbadb4d30df1.jpg?fit=1280%2C852&ssl=1","type":"image\/jpeg"}],"author":"Jefferson Sterfeno","twitter_card":"summary_large_image","twitter_misc":{"Escrito por":"Jefferson Sterfeno","Est. tempo de leitura":"2 minutos"},"schema":{"@context":"https:\/\/schema.org","@graph":[{"@type":"Article","@id":"https:\/\/blogdobispo.com.br\/?p=17081#article","isPartOf":{"@id":"https:\/\/blogdobispo.com.br\/?p=17081"},"author":{"name":"Jefferson Sterfeno","@id":"https:\/\/blogdobispo.com.br\/#\/schema\/person\/e2209cc0e6cea5c5233d033e997b373f"},"headline":"Assembleia aprova tr\u00eas projetos de autoria do deputado Ubaldo na CCJ","datePublished":"2025-08-12T17:07:44+00:00","dateModified":"2025-08-12T17:15:15+00:00","mainEntityOfPage":{"@id":"https:\/\/blogdobispo.com.br\/?p=17081"},"wordCount":359,"commentCount":0,"publisher":{"@id":"https:\/\/blogdobispo.com.br\/#organization"},"image":{"@id":"https:\/\/blogdobispo.com.br\/?p=17081#primaryimage"},"thumbnailUrl":"https:\/\/i0.wp.com\/blogdobispo.com.br\/wp-content\/uploads\/2025\/08\/85178914-b3e4-4c0f-8059-bbadb4d30df1.jpg?fit=1280%2C852&ssl=1","articleSection":["Cidadania"],"inLanguage":"pt-BR","potentialAction":[{"@type":"CommentAction","name":"Comment","target":["https:\/\/blogdobispo.com.br\/?p=17081#respond"]}]},{"@type":"WebPage","@id":"https:\/\/blogdobispo.com.br\/?p=17081","url":"https:\/\/blogdobispo.com.br\/?p=17081","name":"Assembleia aprova tr\u00eas projetos de autoria do deputado Ubaldo na CCJ - Blog do Bispo","isPartOf":{"@id":"https:\/\/blogdobispo.com.br\/#website"},"primaryImageOfPage":{"@id":"https:\/\/blogdobispo.com.br\/?p=17081#primaryimage"},"image":{"@id":"https:\/\/blogdobispo.com.br\/?p=17081#primaryimage"},"thumbnailUrl":"https:\/\/i0.wp.com\/blogdobispo.com.br\/wp-content\/uploads\/2025\/08\/85178914-b3e4-4c0f-8059-bbadb4d30df1.jpg?fit=1280%2C852&ssl=1","datePublished":"2025-08-12T17:07:44+00:00","dateModified":"2025-08-12T17:15:15+00:00","breadcrumb":{"@id":"https:\/\/blogdobispo.com.br\/?p=17081#breadcrumb"},"inLanguage":"pt-BR","potentialAction":[{"@type":"ReadAction","target":["https:\/\/blogdobispo.com.br\/?p=17081"]}]},{"@type":"ImageObject","inLanguage":"pt-BR","@id":"https:\/\/blogdobispo.com.br\/?p=17081#primaryimage","url":"https:\/\/i0.wp.com\/blogdobispo.com.br\/wp-content\/uploads\/2025\/08\/85178914-b3e4-4c0f-8059-bbadb4d30df1.jpg?fit=1280%2C852&ssl=1","contentUrl":"https:\/\/i0.wp.com\/blogdobispo.com.br\/wp-content\/uploads\/2025\/08\/85178914-b3e4-4c0f-8059-bbadb4d30df1.jpg?fit=1280%2C852&ssl=1","width":1280,"height":852},{"@type":"BreadcrumbList","@id":"https:\/\/blogdobispo.com.br\/?p=17081#breadcrumb","itemListElement":[{"@type":"ListItem","position":1,"name":"In\u00edcio","item":"https:\/\/blogdobispo.com.br\/"},{"@type":"ListItem","position":2,"name":"Assembleia aprova tr\u00eas projetos de autoria do deputado Ubaldo na CCJ"}]},{"@type":"WebSite","@id":"https:\/\/blogdobispo.com.br\/#website","url":"https:\/\/blogdobispo.com.br\/","name":"Blog do Bispo","description":"Comprometido apenas com o leitor","publisher":{"@id":"https:\/\/blogdobispo.com.br\/#organization"},"potentialAction":[{"@type":"SearchAction","target":{"@type":"EntryPoint","urlTemplate":"https:\/\/blogdobispo.com.br\/?s={search_term_string}"},"query-input":{"@type":"PropertyValueSpecification","valueRequired":true,"valueName":"search_term_string"}}],"inLanguage":"pt-BR"},{"@type":"Organization","@id":"https:\/\/blogdobispo.com.br\/#organization","name":"Blog do Bispo","url":"https:\/\/blogdobispo.com.br\/","logo":{"@type":"ImageObject","inLanguage":"pt-BR","@id":"https:\/\/blogdobispo.com.br\/#\/schema\/logo\/image\/","url":"http:\/\/blogdobispo.com.br\/wp-content\/uploads\/2023\/05\/cropped-headear.png","contentUrl":"http:\/\/blogdobispo.com.br\/wp-content\/uploads\/2023\/05\/cropped-headear.png","width":1500,"height":399,"caption":"Blog do Bispo"},"image":{"@id":"https:\/\/blogdobispo.com.br\/#\/schema\/logo\/image\/"}},{"@type":"Person","@id":"https:\/\/blogdobispo.com.br\/#\/schema\/person\/e2209cc0e6cea5c5233d033e997b373f","name":"Jefferson Sterfeno","image":{"@type":"ImageObject","inLanguage":"pt-BR","@id":"https:\/\/blogdobispo.com.br\/#\/schema\/person\/image\/","url":"https:\/\/secure.gravatar.com\/avatar\/0534e84764641168a677026b6d57a3f51dc7ac4db0b4f6186d9cb330d4ee1160?s=96&d=mm&r=g","contentUrl":"https:\/\/secure.gravatar.com\/avatar\/0534e84764641168a677026b6d57a3f51dc7ac4db0b4f6186d9cb330d4ee1160?s=96&d=mm&r=g","caption":"Jefferson Sterfeno"},"sameAs":["http:\/\/blogdobispo.com.br"],"url":"https:\/\/blogdobispo.com.br\/?author=1"}]}},"featured_image_urls":{"full":["https:\/\/i0.wp.com\/blogdobispo.com.br\/wp-content\/uploads\/2025\/08\/85178914-b3e4-4c0f-8059-bbadb4d30df1.jpg?fit=1280%2C852&ssl=1",1280,852,false],"thumbnail":["https:\/\/i0.wp.com\/blogdobispo.com.br\/wp-content\/uploads\/2025\/08\/85178914-b3e4-4c0f-8059-bbadb4d30df1.jpg?resize=150%2C150&ssl=1",150,150,true],"medium":["https:\/\/i0.wp.com\/blogdobispo.com.br\/wp-content\/uploads\/2025\/08\/85178914-b3e4-4c0f-8059-bbadb4d30df1.jpg?fit=300%2C200&ssl=1",300,200,true],"medium_large":["https:\/\/i0.wp.com\/blogdobispo.com.br\/wp-content\/uploads\/2025\/08\/85178914-b3e4-4c0f-8059-bbadb4d30df1.jpg?fit=768%2C511&ssl=1",768,511,true],"large":["https:\/\/i0.wp.com\/blogdobispo.com.br\/wp-content\/uploads\/2025\/08\/85178914-b3e4-4c0f-8059-bbadb4d30df1.jpg?fit=800%2C533&ssl=1",800,533,true],"1536x1536":["https:\/\/i0.wp.com\/blogdobispo.com.br\/wp-content\/uploads\/2025\/08\/85178914-b3e4-4c0f-8059-bbadb4d30df1.jpg?fit=1280%2C852&ssl=1",1280,852,true],"2048x2048":["https:\/\/i0.wp.com\/blogdobispo.com.br\/wp-content\/uploads\/2025\/08\/85178914-b3e4-4c0f-8059-bbadb4d30df1.jpg?fit=1280%2C852&ssl=1",1280,852,true]},"author_info":{"display_name":"Jefferson Sterfeno","author_link":"https:\/\/blogdobispo.com.br\/?author=1"},"category_info":"<a href=\"https:\/\/blogdobispo.com.br\/?cat=12\" rel=\"category\">Cidadania<\/a>","tag_info":"Cidadania","comment_count":"0","jetpack_featured_media_url":"https:\/\/i0.wp.com\/blogdobispo.com.br\/wp-content\/uploads\/2025\/08\/85178914-b3e4-4c0f-8059-bbadb4d30df1.jpg?fit=1280%2C852&ssl=1","jetpack_sharing_enabled":true,"_links":{"self":[{"href":"https:\/\/blogdobispo.com.br\/index.php?rest_route=\/wp\/v2\/posts\/17081","targetHints":{"allow":["GET"]}}],"collection":[{"href":"https:\/\/blogdobispo.com.br\/index.php?rest_route=\/wp\/v2\/posts"}],"about":[{"href":"https:\/\/blogdobispo.com.br\/index.php?rest_route=\/wp\/v2\/types\/post"}],"author":[{"embeddable":true,"href":"https:\/\/blogdobispo.com.br\/index.php?rest_route=\/wp\/v2\/users\/1"}],"replies":[{"embeddable":true,"href":"https:\/\/blogdobispo.com.br\/index.php?rest_route=%2Fwp%2Fv2%2Fcomments&post=17081"}],"version-history":[{"count":2,"href":"https:\/\/blogdobispo.com.br\/index.php?rest_route=\/wp\/v2\/posts\/17081\/revisions"}],"predecessor-version":[{"id":17084,"href":"https:\/\/blogdobispo.com.br\/index.php?rest_route=\/wp\/v2\/posts\/17081\/revisions\/17084"}],"wp:featuredmedia":[{"embeddable":true,"href":"https:\/\/blogdobispo.com.br\/index.php?rest_route=\/wp\/v2\/media\/17080"}],"wp:attachment":[{"href":"https:\/\/blogdobispo.com.br\/index.php?rest_route=%2Fwp%2Fv2%2Fmedia&parent=17081"}],"wp:term":[{"taxonomy":"category","embeddable":true,"href":"https:\/\/blogdobispo.com.br\/index.php?rest_route=%2Fwp%2Fv2%2Fcategories&post=17081"},{"taxonomy":"post_tag","embeddable":true,"href":"https:\/\/blogdobispo.com.br\/index.php?rest_route=%2Fwp%2Fv2%2Ftags&post=17081"}],"curies":[{"name":"wp","href":"https:\/\/api.w.org\/{rel}","templated":true}]}}