{"id":17069,"date":"2025-08-11T22:50:21","date_gmt":"2025-08-11T22:50:21","guid":{"rendered":"https:\/\/blogdobispo.com.br\/assembleia-2026-veteranos-querem-manter-espaco-mas-novatos-chegam-com-folego-para-mudar-o-jogo\/"},"modified":"2025-08-11T23:15:11","modified_gmt":"2025-08-11T23:15:11","slug":"assembleia-2026-veteranos-querem-manter-espaco-mas-novatos-chegam-com-folego-para-mudar-o-jogo","status":"publish","type":"post","link":"https:\/\/blogdobispo.com.br\/?p=17069","title":{"rendered":"Assembleia 2026: veteranos querem manter espa\u00e7o, mas novatos chegam com f\u00f4lego para mudar o jogo"},"content":{"rendered":"\n<p class=\"p1\"><\/p>\n\n\n\n<p class=\"p1\">O cen\u00e1rio para a elei\u00e7\u00e3o de 2026 na Assembleia Legislativa do Rio Grande do Norte come\u00e7a a ganhar contornos claros \u2014 e tamb\u00e9m alguns tons de incerteza. Dos 24 deputados estaduais, 22 j\u00e1 se preparam para pedir mais quatro anos de mandato. Apenas Vivaldo Costa e Jos\u00e9 Dias decidiram se despedir da vida p\u00fablica, abrindo duas cadeiras no plen\u00e1rio.<\/p>\n\n\n\n<p class=\"p1\">A lista dos que tentam a reelei\u00e7\u00e3o \u00e9 quase um \u201cquem \u00e9 quem\u201d da pol\u00edtica potiguar: Coronel Azevedo, Adjuto Dias, Dr. Bernardo, Cristiane Dantas, Divaneide Bas\u00edlio, Ezequiel Ferreira, Eudiane Macedo, Francisco do PT, Galeno Torquato, Gustavo Carvalho, Hermano Moraes, Isolda Dantas, Ivanilson Oliveira, Kleber Rodrigues, Kerginaldo J\u00e1come, Luiz Eduardo, Nelter Queiroz, Neilton Di\u00f3genes, Terezinha Maia, Tomba Farias, Taveira J\u00fanior e Ubaldo Fernandes. Nomes j\u00e1 testados nas urnas e acostumados \u00e0s articula\u00e7\u00f5es de bastidores.<\/p>\n\n\n\n<p class=\"p1\">A exce\u00e7\u00e3o \u2014 e poss\u00edvel elemento surpresa \u2014 est\u00e1 com Isolda Dantas, que avalia trocar a reelei\u00e7\u00e3o para estadual por uma disputa na C\u00e2mara Federal. Caso avance nessa dire\u00e7\u00e3o, a vereadora Brisa Bracchi pode entrar no p\u00e1reo estadual pelo PT, reorganizando o xadrez da legenda.<\/p>\n\n\n\n<p class=\"p1\">Mas o desafio para os veteranos ser\u00e1 conter a onda de novos postulantes, muitos deles com bases eleitorais robustas e articuladas. Entre os nomes ventilados nos bastidores est\u00e3o Ant\u00f4nio Macaco, Bibiano, Cyntia do Allyson, Camila, Daniel Valen\u00e7a, \u00c9rico J\u00e1come, Fl\u00e1vio de Beroi, Gustavo Soares, Get\u00falio R\u00eago, Ivan J\u00fanior, Jorge do Ros\u00e1rio, J\u00falio C\u00e9sar, Robson Carvalho, Sancler, Tadeu de Caic\u00f3, Thiago de Parelhas e J\u00fanior Cola\u00e7a.<\/p>\n\n\n\n<p class=\"p1\">A elei\u00e7\u00e3o de 2026 pode ser marcada por um fen\u00f4meno que j\u00e1 se desenha: o embate entre a for\u00e7a da m\u00e1quina \u2014 representada pelos atuais deputados e suas estruturas consolidadas \u2014 e o apelo renovador de candidaturas que chegam prometendo \u201coxigenar\u201d a Assembleia. Com a alta competitividade, cada voto pode valer ouro, e a disputa promete mais que apenas troca de cadeiras: pode redesenhar o perfil pol\u00edtico do legislativo potiguar.<\/p>\n\n\n\n<figure class=\"wp-block-image size-large\"><img data-recalc-dims=\"1\" fetchpriority=\"high\" decoding=\"async\" width=\"678\" height=\"452\" src=\"https:\/\/i0.wp.com\/blogdobispo.com.br\/wp-content\/uploads\/2025\/08\/img_5401.jpg?resize=678%2C452&#038;ssl=1\" class=\"wp-image-17068\" srcset=\"https:\/\/i0.wp.com\/blogdobispo.com.br\/wp-content\/uploads\/2025\/08\/img_5401.jpg?w=678&amp;ssl=1 678w, https:\/\/i0.wp.com\/blogdobispo.com.br\/wp-content\/uploads\/2025\/08\/img_5401.jpg?resize=300%2C200&amp;ssl=1 300w\" sizes=\"(max-width: 678px) 100vw, 678px\" \/><\/figure>\n","protected":false},"excerpt":{"rendered":"<p>O cen\u00e1rio para a elei\u00e7\u00e3o de 2026 na Assembleia Legislativa do Rio Grande do Norte come\u00e7a a ganhar contornos claros \u2014 e tamb\u00e9m alguns tons de incerteza. Dos 24 deputados estaduais, 22 j\u00e1 se preparam para pedir mais quatro anos de mandato. Apenas Vivaldo Costa e Jos\u00e9 Dias decidiram se despedir da vida p\u00fablica, abrindo [&hellip;]<\/p>\n","protected":false},"author":1,"featured_media":17078,"comment_status":"open","ping_status":"open","sticky":false,"template":"","format":"standard","meta":{"cybocfi_hide_featured_image":"","_jetpack_memberships_contains_paid_content":false,"footnotes":""},"categories":[1],"tags":[],"class_list":["post-17069","post","type-post","status-publish","format-standard","has-post-thumbnail","hentry","category-diversos"],"yoast_head":"<!-- This site is optimized with the Yoast SEO plugin v25.6 - https:\/\/yoast.com\/wordpress\/plugins\/seo\/ -->\n<title>Assembleia 2026: veteranos querem manter espa\u00e7o, mas novatos chegam com f\u00f4lego para mudar o jogo - Blog do Bispo<\/title>\n<meta name=\"robots\" content=\"index, follow, max-snippet:-1, max-image-preview:large, max-video-preview:-1\" \/>\n<link rel=\"canonical\" href=\"https:\/\/blogdobispo.com.br\/?p=17069\" \/>\n<meta property=\"og:locale\" content=\"pt_BR\" \/>\n<meta property=\"og:type\" content=\"article\" \/>\n<meta property=\"og:title\" content=\"Assembleia 2026: veteranos querem manter espa\u00e7o, mas novatos chegam com f\u00f4lego para mudar o jogo - Blog do Bispo\" \/>\n<meta property=\"og:description\" content=\"O cen\u00e1rio para a elei\u00e7\u00e3o de 2026 na Assembleia Legislativa do Rio Grande do Norte come\u00e7a a ganhar contornos claros \u2014 e tamb\u00e9m alguns tons de incerteza. Dos 24 deputados estaduais, 22 j\u00e1 se preparam para pedir mais quatro anos de mandato. Apenas Vivaldo Costa e Jos\u00e9 Dias decidiram se despedir da vida p\u00fablica, abrindo [&hellip;]\" \/>\n<meta property=\"og:url\" content=\"https:\/\/blogdobispo.com.br\/?p=17069\" \/>\n<meta property=\"og:site_name\" content=\"Blog do Bispo\" \/>\n<meta property=\"article:published_time\" content=\"2025-08-11T22:50:21+00:00\" \/>\n<meta property=\"article:modified_time\" content=\"2025-08-11T23:15:11+00:00\" \/>\n<meta property=\"og:image\" content=\"https:\/\/i0.wp.com\/blogdobispo.com.br\/wp-content\/uploads\/2025\/08\/images283929.jpeg?fit=678%2C452&ssl=1\" \/>\n\t<meta property=\"og:image:width\" content=\"678\" \/>\n\t<meta property=\"og:image:height\" content=\"452\" \/>\n\t<meta property=\"og:image:type\" content=\"image\/jpeg\" \/>\n<meta name=\"author\" content=\"Jefferson Sterfeno\" \/>\n<meta name=\"twitter:card\" content=\"summary_large_image\" \/>\n<meta name=\"twitter:label1\" content=\"Escrito por\" \/>\n\t<meta name=\"twitter:data1\" content=\"Jefferson Sterfeno\" \/>\n\t<meta name=\"twitter:label2\" content=\"Est. tempo de leitura\" \/>\n\t<meta name=\"twitter:data2\" content=\"2 minutos\" \/>\n<script type=\"application\/ld+json\" class=\"yoast-schema-graph\">{\"@context\":\"https:\/\/schema.org\",\"@graph\":[{\"@type\":\"Article\",\"@id\":\"https:\/\/blogdobispo.com.br\/?p=17069#article\",\"isPartOf\":{\"@id\":\"https:\/\/blogdobispo.com.br\/?p=17069\"},\"author\":{\"name\":\"Jefferson Sterfeno\",\"@id\":\"https:\/\/blogdobispo.com.br\/#\/schema\/person\/e2209cc0e6cea5c5233d033e997b373f\"},\"headline\":\"Assembleia 2026: veteranos querem manter espa\u00e7o, mas novatos chegam com f\u00f4lego para mudar o jogo\",\"datePublished\":\"2025-08-11T22:50:21+00:00\",\"dateModified\":\"2025-08-11T23:15:11+00:00\",\"mainEntityOfPage\":{\"@id\":\"https:\/\/blogdobispo.com.br\/?p=17069\"},\"wordCount\":354,\"commentCount\":0,\"publisher\":{\"@id\":\"https:\/\/blogdobispo.com.br\/#organization\"},\"image\":{\"@id\":\"https:\/\/blogdobispo.com.br\/?p=17069#primaryimage\"},\"thumbnailUrl\":\"https:\/\/i0.wp.com\/blogdobispo.com.br\/wp-content\/uploads\/2025\/08\/images283929.jpeg?fit=678%2C452&ssl=1\",\"articleSection\":[\"diversos\"],\"inLanguage\":\"pt-BR\",\"potentialAction\":[{\"@type\":\"CommentAction\",\"name\":\"Comment\",\"target\":[\"https:\/\/blogdobispo.com.br\/?p=17069#respond\"]}]},{\"@type\":\"WebPage\",\"@id\":\"https:\/\/blogdobispo.com.br\/?p=17069\",\"url\":\"https:\/\/blogdobispo.com.br\/?p=17069\",\"name\":\"Assembleia 2026: veteranos querem manter espa\u00e7o, mas novatos chegam com f\u00f4lego para mudar o jogo - Blog do Bispo\",\"isPartOf\":{\"@id\":\"https:\/\/blogdobispo.com.br\/#website\"},\"primaryImageOfPage\":{\"@id\":\"https:\/\/blogdobispo.com.br\/?p=17069#primaryimage\"},\"image\":{\"@id\":\"https:\/\/blogdobispo.com.br\/?p=17069#primaryimage\"},\"thumbnailUrl\":\"https:\/\/i0.wp.com\/blogdobispo.com.br\/wp-content\/uploads\/2025\/08\/images283929.jpeg?fit=678%2C452&ssl=1\",\"datePublished\":\"2025-08-11T22:50:21+00:00\",\"dateModified\":\"2025-08-11T23:15:11+00:00\",\"breadcrumb\":{\"@id\":\"https:\/\/blogdobispo.com.br\/?p=17069#breadcrumb\"},\"inLanguage\":\"pt-BR\",\"potentialAction\":[{\"@type\":\"ReadAction\",\"target\":[\"https:\/\/blogdobispo.com.br\/?p=17069\"]}]},{\"@type\":\"ImageObject\",\"inLanguage\":\"pt-BR\",\"@id\":\"https:\/\/blogdobispo.com.br\/?p=17069#primaryimage\",\"url\":\"https:\/\/i0.wp.com\/blogdobispo.com.br\/wp-content\/uploads\/2025\/08\/images283929.jpeg?fit=678%2C452&ssl=1\",\"contentUrl\":\"https:\/\/i0.wp.com\/blogdobispo.com.br\/wp-content\/uploads\/2025\/08\/images283929.jpeg?fit=678%2C452&ssl=1\",\"width\":678,\"height\":452},{\"@type\":\"BreadcrumbList\",\"@id\":\"https:\/\/blogdobispo.com.br\/?p=17069#breadcrumb\",\"itemListElement\":[{\"@type\":\"ListItem\",\"position\":1,\"name\":\"In\u00edcio\",\"item\":\"https:\/\/blogdobispo.com.br\/\"},{\"@type\":\"ListItem\",\"position\":2,\"name\":\"Assembleia 2026: veteranos querem manter espa\u00e7o, mas novatos chegam com f\u00f4lego para mudar o jogo\"}]},{\"@type\":\"WebSite\",\"@id\":\"https:\/\/blogdobispo.com.br\/#website\",\"url\":\"https:\/\/blogdobispo.com.br\/\",\"name\":\"Blog do Bispo\",\"description\":\"Comprometido apenas com o leitor\",\"publisher\":{\"@id\":\"https:\/\/blogdobispo.com.br\/#organization\"},\"potentialAction\":[{\"@type\":\"SearchAction\",\"target\":{\"@type\":\"EntryPoint\",\"urlTemplate\":\"https:\/\/blogdobispo.com.br\/?s={search_term_string}\"},\"query-input\":{\"@type\":\"PropertyValueSpecification\",\"valueRequired\":true,\"valueName\":\"search_term_string\"}}],\"inLanguage\":\"pt-BR\"},{\"@type\":\"Organization\",\"@id\":\"https:\/\/blogdobispo.com.br\/#organization\",\"name\":\"Blog do Bispo\",\"url\":\"https:\/\/blogdobispo.com.br\/\",\"logo\":{\"@type\":\"ImageObject\",\"inLanguage\":\"pt-BR\",\"@id\":\"https:\/\/blogdobispo.com.br\/#\/schema\/logo\/image\/\",\"url\":\"http:\/\/blogdobispo.com.br\/wp-content\/uploads\/2023\/05\/cropped-headear.png\",\"contentUrl\":\"http:\/\/blogdobispo.com.br\/wp-content\/uploads\/2023\/05\/cropped-headear.png\",\"width\":1500,\"height\":399,\"caption\":\"Blog do Bispo\"},\"image\":{\"@id\":\"https:\/\/blogdobispo.com.br\/#\/schema\/logo\/image\/\"}},{\"@type\":\"Person\",\"@id\":\"https:\/\/blogdobispo.com.br\/#\/schema\/person\/e2209cc0e6cea5c5233d033e997b373f\",\"name\":\"Jefferson Sterfeno\",\"image\":{\"@type\":\"ImageObject\",\"inLanguage\":\"pt-BR\",\"@id\":\"https:\/\/blogdobispo.com.br\/#\/schema\/person\/image\/\",\"url\":\"https:\/\/secure.gravatar.com\/avatar\/0534e84764641168a677026b6d57a3f51dc7ac4db0b4f6186d9cb330d4ee1160?s=96&d=mm&r=g\",\"contentUrl\":\"https:\/\/secure.gravatar.com\/avatar\/0534e84764641168a677026b6d57a3f51dc7ac4db0b4f6186d9cb330d4ee1160?s=96&d=mm&r=g\",\"caption\":\"Jefferson Sterfeno\"},\"sameAs\":[\"http:\/\/blogdobispo.com.br\"],\"url\":\"https:\/\/blogdobispo.com.br\/?author=1\"}]}<\/script>\n<!-- \/ Yoast SEO plugin. -->","yoast_head_json":{"title":"Assembleia 2026: veteranos querem manter espa\u00e7o, mas novatos chegam com f\u00f4lego para mudar o jogo - Blog do Bispo","robots":{"index":"index","follow":"follow","max-snippet":"max-snippet:-1","max-image-preview":"max-image-preview:large","max-video-preview":"max-video-preview:-1"},"canonical":"https:\/\/blogdobispo.com.br\/?p=17069","og_locale":"pt_BR","og_type":"article","og_title":"Assembleia 2026: veteranos querem manter espa\u00e7o, mas novatos chegam com f\u00f4lego para mudar o jogo - Blog do Bispo","og_description":"O cen\u00e1rio para a elei\u00e7\u00e3o de 2026 na Assembleia Legislativa do Rio Grande do Norte come\u00e7a a ganhar contornos claros \u2014 e tamb\u00e9m alguns tons de incerteza. Dos 24 deputados estaduais, 22 j\u00e1 se preparam para pedir mais quatro anos de mandato. Apenas Vivaldo Costa e Jos\u00e9 Dias decidiram se despedir da vida p\u00fablica, abrindo [&hellip;]","og_url":"https:\/\/blogdobispo.com.br\/?p=17069","og_site_name":"Blog do Bispo","article_published_time":"2025-08-11T22:50:21+00:00","article_modified_time":"2025-08-11T23:15:11+00:00","og_image":[{"width":678,"height":452,"url":"https:\/\/i0.wp.com\/blogdobispo.com.br\/wp-content\/uploads\/2025\/08\/images283929.jpeg?fit=678%2C452&ssl=1","type":"image\/jpeg"}],"author":"Jefferson Sterfeno","twitter_card":"summary_large_image","twitter_misc":{"Escrito por":"Jefferson Sterfeno","Est. tempo de leitura":"2 minutos"},"schema":{"@context":"https:\/\/schema.org","@graph":[{"@type":"Article","@id":"https:\/\/blogdobispo.com.br\/?p=17069#article","isPartOf":{"@id":"https:\/\/blogdobispo.com.br\/?p=17069"},"author":{"name":"Jefferson Sterfeno","@id":"https:\/\/blogdobispo.com.br\/#\/schema\/person\/e2209cc0e6cea5c5233d033e997b373f"},"headline":"Assembleia 2026: veteranos querem manter espa\u00e7o, mas novatos chegam com f\u00f4lego para mudar o jogo","datePublished":"2025-08-11T22:50:21+00:00","dateModified":"2025-08-11T23:15:11+00:00","mainEntityOfPage":{"@id":"https:\/\/blogdobispo.com.br\/?p=17069"},"wordCount":354,"commentCount":0,"publisher":{"@id":"https:\/\/blogdobispo.com.br\/#organization"},"image":{"@id":"https:\/\/blogdobispo.com.br\/?p=17069#primaryimage"},"thumbnailUrl":"https:\/\/i0.wp.com\/blogdobispo.com.br\/wp-content\/uploads\/2025\/08\/images283929.jpeg?fit=678%2C452&ssl=1","articleSection":["diversos"],"inLanguage":"pt-BR","potentialAction":[{"@type":"CommentAction","name":"Comment","target":["https:\/\/blogdobispo.com.br\/?p=17069#respond"]}]},{"@type":"WebPage","@id":"https:\/\/blogdobispo.com.br\/?p=17069","url":"https:\/\/blogdobispo.com.br\/?p=17069","name":"Assembleia 2026: veteranos querem manter espa\u00e7o, mas novatos chegam com f\u00f4lego para mudar o jogo - Blog do Bispo","isPartOf":{"@id":"https:\/\/blogdobispo.com.br\/#website"},"primaryImageOfPage":{"@id":"https:\/\/blogdobispo.com.br\/?p=17069#primaryimage"},"image":{"@id":"https:\/\/blogdobispo.com.br\/?p=17069#primaryimage"},"thumbnailUrl":"https:\/\/i0.wp.com\/blogdobispo.com.br\/wp-content\/uploads\/2025\/08\/images283929.jpeg?fit=678%2C452&ssl=1","datePublished":"2025-08-11T22:50:21+00:00","dateModified":"2025-08-11T23:15:11+00:00","breadcrumb":{"@id":"https:\/\/blogdobispo.com.br\/?p=17069#breadcrumb"},"inLanguage":"pt-BR","potentialAction":[{"@type":"ReadAction","target":["https:\/\/blogdobispo.com.br\/?p=17069"]}]},{"@type":"ImageObject","inLanguage":"pt-BR","@id":"https:\/\/blogdobispo.com.br\/?p=17069#primaryimage","url":"https:\/\/i0.wp.com\/blogdobispo.com.br\/wp-content\/uploads\/2025\/08\/images283929.jpeg?fit=678%2C452&ssl=1","contentUrl":"https:\/\/i0.wp.com\/blogdobispo.com.br\/wp-content\/uploads\/2025\/08\/images283929.jpeg?fit=678%2C452&ssl=1","width":678,"height":452},{"@type":"BreadcrumbList","@id":"https:\/\/blogdobispo.com.br\/?p=17069#breadcrumb","itemListElement":[{"@type":"ListItem","position":1,"name":"In\u00edcio","item":"https:\/\/blogdobispo.com.br\/"},{"@type":"ListItem","position":2,"name":"Assembleia 2026: veteranos querem manter espa\u00e7o, mas novatos chegam com f\u00f4lego para mudar o jogo"}]},{"@type":"WebSite","@id":"https:\/\/blogdobispo.com.br\/#website","url":"https:\/\/blogdobispo.com.br\/","name":"Blog do Bispo","description":"Comprometido apenas com o leitor","publisher":{"@id":"https:\/\/blogdobispo.com.br\/#organization"},"potentialAction":[{"@type":"SearchAction","target":{"@type":"EntryPoint","urlTemplate":"https:\/\/blogdobispo.com.br\/?s={search_term_string}"},"query-input":{"@type":"PropertyValueSpecification","valueRequired":true,"valueName":"search_term_string"}}],"inLanguage":"pt-BR"},{"@type":"Organization","@id":"https:\/\/blogdobispo.com.br\/#organization","name":"Blog do Bispo","url":"https:\/\/blogdobispo.com.br\/","logo":{"@type":"ImageObject","inLanguage":"pt-BR","@id":"https:\/\/blogdobispo.com.br\/#\/schema\/logo\/image\/","url":"http:\/\/blogdobispo.com.br\/wp-content\/uploads\/2023\/05\/cropped-headear.png","contentUrl":"http:\/\/blogdobispo.com.br\/wp-content\/uploads\/2023\/05\/cropped-headear.png","width":1500,"height":399,"caption":"Blog do Bispo"},"image":{"@id":"https:\/\/blogdobispo.com.br\/#\/schema\/logo\/image\/"}},{"@type":"Person","@id":"https:\/\/blogdobispo.com.br\/#\/schema\/person\/e2209cc0e6cea5c5233d033e997b373f","name":"Jefferson Sterfeno","image":{"@type":"ImageObject","inLanguage":"pt-BR","@id":"https:\/\/blogdobispo.com.br\/#\/schema\/person\/image\/","url":"https:\/\/secure.gravatar.com\/avatar\/0534e84764641168a677026b6d57a3f51dc7ac4db0b4f6186d9cb330d4ee1160?s=96&d=mm&r=g","contentUrl":"https:\/\/secure.gravatar.com\/avatar\/0534e84764641168a677026b6d57a3f51dc7ac4db0b4f6186d9cb330d4ee1160?s=96&d=mm&r=g","caption":"Jefferson Sterfeno"},"sameAs":["http:\/\/blogdobispo.com.br"],"url":"https:\/\/blogdobispo.com.br\/?author=1"}]}},"featured_image_urls":{"full":["https:\/\/i0.wp.com\/blogdobispo.com.br\/wp-content\/uploads\/2025\/08\/images283929.jpeg?fit=678%2C452&ssl=1",678,452,false],"thumbnail":["https:\/\/i0.wp.com\/blogdobispo.com.br\/wp-content\/uploads\/2025\/08\/images283929.jpeg?resize=150%2C150&ssl=1",150,150,true],"medium":["https:\/\/i0.wp.com\/blogdobispo.com.br\/wp-content\/uploads\/2025\/08\/images283929.jpeg?fit=300%2C200&ssl=1",300,200,true],"medium_large":["https:\/\/i0.wp.com\/blogdobispo.com.br\/wp-content\/uploads\/2025\/08\/images283929.jpeg?fit=678%2C452&ssl=1",678,452,true],"large":["https:\/\/i0.wp.com\/blogdobispo.com.br\/wp-content\/uploads\/2025\/08\/images283929.jpeg?fit=678%2C452&ssl=1",678,452,true],"1536x1536":["https:\/\/i0.wp.com\/blogdobispo.com.br\/wp-content\/uploads\/2025\/08\/images283929.jpeg?fit=678%2C452&ssl=1",678,452,true],"2048x2048":["https:\/\/i0.wp.com\/blogdobispo.com.br\/wp-content\/uploads\/2025\/08\/images283929.jpeg?fit=678%2C452&ssl=1",678,452,true]},"author_info":{"display_name":"Jefferson Sterfeno","author_link":"https:\/\/blogdobispo.com.br\/?author=1"},"category_info":"<a href=\"https:\/\/blogdobispo.com.br\/?cat=1\" rel=\"category\">diversos<\/a>","tag_info":"diversos","comment_count":"0","jetpack_featured_media_url":"https:\/\/i0.wp.com\/blogdobispo.com.br\/wp-content\/uploads\/2025\/08\/images283929.jpeg?fit=678%2C452&ssl=1","jetpack_sharing_enabled":true,"_links":{"self":[{"href":"https:\/\/blogdobispo.com.br\/index.php?rest_route=\/wp\/v2\/posts\/17069","targetHints":{"allow":["GET"]}}],"collection":[{"href":"https:\/\/blogdobispo.com.br\/index.php?rest_route=\/wp\/v2\/posts"}],"about":[{"href":"https:\/\/blogdobispo.com.br\/index.php?rest_route=\/wp\/v2\/types\/post"}],"author":[{"embeddable":true,"href":"https:\/\/blogdobispo.com.br\/index.php?rest_route=\/wp\/v2\/users\/1"}],"replies":[{"embeddable":true,"href":"https:\/\/blogdobispo.com.br\/index.php?rest_route=%2Fwp%2Fv2%2Fcomments&post=17069"}],"version-history":[{"count":1,"href":"https:\/\/blogdobispo.com.br\/index.php?rest_route=\/wp\/v2\/posts\/17069\/revisions"}],"predecessor-version":[{"id":17077,"href":"https:\/\/blogdobispo.com.br\/index.php?rest_route=\/wp\/v2\/posts\/17069\/revisions\/17077"}],"wp:featuredmedia":[{"embeddable":true,"href":"https:\/\/blogdobispo.com.br\/index.php?rest_route=\/wp\/v2\/media\/17078"}],"wp:attachment":[{"href":"https:\/\/blogdobispo.com.br\/index.php?rest_route=%2Fwp%2Fv2%2Fmedia&parent=17069"}],"wp:term":[{"taxonomy":"category","embeddable":true,"href":"https:\/\/blogdobispo.com.br\/index.php?rest_route=%2Fwp%2Fv2%2Fcategories&post=17069"},{"taxonomy":"post_tag","embeddable":true,"href":"https:\/\/blogdobispo.com.br\/index.php?rest_route=%2Fwp%2Fv2%2Ftags&post=17069"}],"curies":[{"name":"wp","href":"https:\/\/api.w.org\/{rel}","templated":true}]}}