{"id":17064,"date":"2025-08-11T16:35:41","date_gmt":"2025-08-11T16:35:41","guid":{"rendered":"https:\/\/blogdobispo.com.br\/circo-kroner-promove-espetaculo-inclusivo-gratuito-em-natal-com-apoio-do-mandato-do-autismo\/"},"modified":"2025-08-11T17:56:16","modified_gmt":"2025-08-11T17:56:16","slug":"circo-kroner-promove-espetaculo-inclusivo-gratuito-em-natal-com-apoio-do-mandato-do-autismo","status":"publish","type":"post","link":"https:\/\/blogdobispo.com.br\/?p=17064","title":{"rendered":"Circo Kroner promove espet\u00e1culo inclusivo gratuito em Natal com apoio do Mandato do Autismo"},"content":{"rendered":"\r\n\r\n\r\n\r\n\r\n<p><em>Apresenta\u00e7\u00e3o especial acontece no dia 17 de agosto, \u00e0s 10h, na Arena das Dunas, com foco em acessibilidade para pessoas com defici\u00eancia, especialmente do espectro autista<\/em><\/p>\r\n\r\n\r\n\r\n<p>O Internacional Circo Kroner, em parceria com o Mandato do Autismo, do vereador Daniel Santiago, realiza no pr\u00f3ximo s\u00e1bado, dia 17 de agosto, \u00e0s 10h, uma sess\u00e3o especial do espet\u00e1culo circense com foco total na inclus\u00e3o. Intitulado \u201cEspet\u00e1culo da Inclus\u00e3o\u201d, o evento foi cuidadosamente planejado para oferecer uma experi\u00eancia adaptada e acess\u00edvel para pessoas com defici\u00eancia, em especial aquelas dentro do Transtorno do Espectro Autista (TEA).<\/p>\r\n\r\n\r\n\r\n<p>A apresenta\u00e7\u00e3o ser\u00e1 sensorialmente adaptada, com ajustes em som, ilumina\u00e7\u00e3o e ritmo, figurinos e at\u00e9 mesmo nas pr\u00f3prias atra\u00e7\u00f5es, garantindo mais conforto e seguran\u00e7a ao p\u00fablico. A proposta \u00e9 criar um ambiente acolhedor, onde todos possam se divertir e viver a magia do picadeiro com tranquilidade, respeito e inclus\u00e3o.<\/p>\r\n\r\n\r\n\r\n<p>Os ingressos s\u00e3o limitados e ser\u00e3o distribu\u00eddos por ordem de solicita\u00e7\u00e3o, exclusivamente atrav\u00e9s do WhatsApp do Mandato do Autismo: (84) 98156-9919. Quando as senhas gratuitas esgotarem, o circo disponibiliz\u00e1 um lote extra com um valor simb\u00f3lico que poder\u00e3o ser adquiridos diretamente na bilheteria do circo ou no site oficial: www.circokroner.com.br.<\/p>\r\n\r\n\r\n\r\n<p>A realiza\u00e7\u00e3o \u00e9 do Mandato do Autismo e do Internacional Circo Kroner, com apoio da Aba Clinic e Arena das Dunas. A a\u00e7\u00e3o refor\u00e7a o compromisso de todos os envolvidos com a inclus\u00e3o e a democratiza\u00e7\u00e3o do acesso \u00e0 cultura e ao entretenimento.<\/p>\r\n\r\n\r\n\r\n<p>\u201cAcreditamos que a arte deve ser para todos. Essa sess\u00e3o \u00e9 mais do que um espet\u00e1culo: \u00e9 uma celebra\u00e7\u00e3o da empatia, da diversidade e da constru\u00e7\u00e3o de uma sociedade mais acess\u00edvel e respeitosa com as diferen\u00e7as\u201d, destaca a dire\u00e7\u00e3o do Circo Kroner.<\/p>\r\n\r\n\r\n\r\n<p>Servi\u00e7o<br \/>Espet\u00e1culo da Inclus\u00e3o \u2013 Circo Kroner &amp; Mandato do Autismo<br \/>Data: 17 de agosto (s\u00e1bado)<br \/>Hor\u00e1rio: 10h<br \/>Local: Arena das Dunas \u2013 Circo Kroner<br \/>Ingressos gratuitos (limitados) pelo WhatsApp: (84) 98156-9919<br \/>Necess\u00e1rio laudo comprobat\u00f3rio<br \/>Ingressos simb\u00f3licos para acompanhantes extras na bilheteria ou em www.circokroner.com.br<br \/>Realiza\u00e7\u00e3o: Mandato do Autismo \u2013 Vereador Daniel Santiago e Circo Kroner<br \/>Apoio: Aba Clinic e Arena das Dunas<\/p>\r\n\r\n\r\n\r\n<p>Informa\u00e7\u00f5es \u00e0 imprensa:<br \/>Mosaique Comunica\u00e7\u00e3o<br \/>http:\/\/mosaiquecomunicacao.com.br<br \/>Ulysses Freire &#8211; DRT 1716\/RN &#8211; (84) 98829-4375<\/p>\r\n","protected":false},"excerpt":{"rendered":"<p>Apresenta\u00e7\u00e3o especial acontece no dia 17 de agosto, \u00e0s 10h, na Arena das Dunas, com foco em acessibilidade para pessoas com defici\u00eancia, especialmente do espectro autista O Internacional Circo Kroner, em parceria com o Mandato do Autismo, do vereador Daniel Santiago, realiza no pr\u00f3ximo s\u00e1bado, dia 17 de agosto, \u00e0s 10h, uma sess\u00e3o especial do [&hellip;]<\/p>\n","protected":false},"author":1,"featured_media":17063,"comment_status":"open","ping_status":"open","sticky":false,"template":"","format":"standard","meta":{"cybocfi_hide_featured_image":"","_jetpack_memberships_contains_paid_content":false,"footnotes":""},"categories":[1],"tags":[],"class_list":["post-17064","post","type-post","status-publish","format-standard","has-post-thumbnail","hentry","category-diversos"],"yoast_head":"<!-- This site is optimized with the Yoast SEO plugin v25.6 - https:\/\/yoast.com\/wordpress\/plugins\/seo\/ -->\n<title>Circo Kroner promove espet\u00e1culo inclusivo gratuito em Natal com apoio do Mandato do Autismo - Blog do Bispo<\/title>\n<meta name=\"robots\" content=\"index, follow, max-snippet:-1, max-image-preview:large, max-video-preview:-1\" \/>\n<link rel=\"canonical\" href=\"https:\/\/blogdobispo.com.br\/?p=17064\" \/>\n<meta property=\"og:locale\" content=\"pt_BR\" \/>\n<meta property=\"og:type\" content=\"article\" \/>\n<meta property=\"og:title\" content=\"Circo Kroner promove espet\u00e1culo inclusivo gratuito em Natal com apoio do Mandato do Autismo - Blog do Bispo\" \/>\n<meta property=\"og:description\" content=\"Apresenta\u00e7\u00e3o especial acontece no dia 17 de agosto, \u00e0s 10h, na Arena das Dunas, com foco em acessibilidade para pessoas com defici\u00eancia, especialmente do espectro autista O Internacional Circo Kroner, em parceria com o Mandato do Autismo, do vereador Daniel Santiago, realiza no pr\u00f3ximo s\u00e1bado, dia 17 de agosto, \u00e0s 10h, uma sess\u00e3o especial do [&hellip;]\" \/>\n<meta property=\"og:url\" content=\"https:\/\/blogdobispo.com.br\/?p=17064\" \/>\n<meta property=\"og:site_name\" content=\"Blog do Bispo\" \/>\n<meta property=\"article:published_time\" content=\"2025-08-11T16:35:41+00:00\" \/>\n<meta property=\"article:modified_time\" content=\"2025-08-11T17:56:16+00:00\" \/>\n<meta property=\"og:image\" content=\"https:\/\/i0.wp.com\/blogdobispo.com.br\/wp-content\/uploads\/2025\/08\/6260406b-d286-4237-a3b9-7acddcf1d618.jpg?fit=1080%2C1440&ssl=1\" \/>\n\t<meta property=\"og:image:width\" content=\"1080\" \/>\n\t<meta property=\"og:image:height\" content=\"1440\" \/>\n\t<meta property=\"og:image:type\" content=\"image\/jpeg\" \/>\n<meta name=\"author\" content=\"Jefferson Sterfeno\" \/>\n<meta name=\"twitter:card\" content=\"summary_large_image\" \/>\n<meta name=\"twitter:label1\" content=\"Escrito por\" \/>\n\t<meta name=\"twitter:data1\" content=\"Jefferson Sterfeno\" \/>\n\t<meta name=\"twitter:label2\" content=\"Est. tempo de leitura\" \/>\n\t<meta name=\"twitter:data2\" content=\"3 minutos\" \/>\n<script type=\"application\/ld+json\" class=\"yoast-schema-graph\">{\"@context\":\"https:\/\/schema.org\",\"@graph\":[{\"@type\":\"Article\",\"@id\":\"https:\/\/blogdobispo.com.br\/?p=17064#article\",\"isPartOf\":{\"@id\":\"https:\/\/blogdobispo.com.br\/?p=17064\"},\"author\":{\"name\":\"Jefferson Sterfeno\",\"@id\":\"https:\/\/blogdobispo.com.br\/#\/schema\/person\/e2209cc0e6cea5c5233d033e997b373f\"},\"headline\":\"Circo Kroner promove espet\u00e1culo inclusivo gratuito em Natal com apoio do Mandato do Autismo\",\"datePublished\":\"2025-08-11T16:35:41+00:00\",\"dateModified\":\"2025-08-11T17:56:16+00:00\",\"mainEntityOfPage\":{\"@id\":\"https:\/\/blogdobispo.com.br\/?p=17064\"},\"wordCount\":402,\"commentCount\":0,\"publisher\":{\"@id\":\"https:\/\/blogdobispo.com.br\/#organization\"},\"image\":{\"@id\":\"https:\/\/blogdobispo.com.br\/?p=17064#primaryimage\"},\"thumbnailUrl\":\"https:\/\/i0.wp.com\/blogdobispo.com.br\/wp-content\/uploads\/2025\/08\/6260406b-d286-4237-a3b9-7acddcf1d618.jpg?fit=1080%2C1440&ssl=1\",\"articleSection\":[\"diversos\"],\"inLanguage\":\"pt-BR\",\"potentialAction\":[{\"@type\":\"CommentAction\",\"name\":\"Comment\",\"target\":[\"https:\/\/blogdobispo.com.br\/?p=17064#respond\"]}]},{\"@type\":\"WebPage\",\"@id\":\"https:\/\/blogdobispo.com.br\/?p=17064\",\"url\":\"https:\/\/blogdobispo.com.br\/?p=17064\",\"name\":\"Circo Kroner promove espet\u00e1culo inclusivo gratuito em Natal com apoio do Mandato do Autismo - Blog do Bispo\",\"isPartOf\":{\"@id\":\"https:\/\/blogdobispo.com.br\/#website\"},\"primaryImageOfPage\":{\"@id\":\"https:\/\/blogdobispo.com.br\/?p=17064#primaryimage\"},\"image\":{\"@id\":\"https:\/\/blogdobispo.com.br\/?p=17064#primaryimage\"},\"thumbnailUrl\":\"https:\/\/i0.wp.com\/blogdobispo.com.br\/wp-content\/uploads\/2025\/08\/6260406b-d286-4237-a3b9-7acddcf1d618.jpg?fit=1080%2C1440&ssl=1\",\"datePublished\":\"2025-08-11T16:35:41+00:00\",\"dateModified\":\"2025-08-11T17:56:16+00:00\",\"breadcrumb\":{\"@id\":\"https:\/\/blogdobispo.com.br\/?p=17064#breadcrumb\"},\"inLanguage\":\"pt-BR\",\"potentialAction\":[{\"@type\":\"ReadAction\",\"target\":[\"https:\/\/blogdobispo.com.br\/?p=17064\"]}]},{\"@type\":\"ImageObject\",\"inLanguage\":\"pt-BR\",\"@id\":\"https:\/\/blogdobispo.com.br\/?p=17064#primaryimage\",\"url\":\"https:\/\/i0.wp.com\/blogdobispo.com.br\/wp-content\/uploads\/2025\/08\/6260406b-d286-4237-a3b9-7acddcf1d618.jpg?fit=1080%2C1440&ssl=1\",\"contentUrl\":\"https:\/\/i0.wp.com\/blogdobispo.com.br\/wp-content\/uploads\/2025\/08\/6260406b-d286-4237-a3b9-7acddcf1d618.jpg?fit=1080%2C1440&ssl=1\",\"width\":1080,\"height\":1440},{\"@type\":\"BreadcrumbList\",\"@id\":\"https:\/\/blogdobispo.com.br\/?p=17064#breadcrumb\",\"itemListElement\":[{\"@type\":\"ListItem\",\"position\":1,\"name\":\"In\u00edcio\",\"item\":\"https:\/\/blogdobispo.com.br\/\"},{\"@type\":\"ListItem\",\"position\":2,\"name\":\"Circo Kroner promove espet\u00e1culo inclusivo gratuito em Natal com apoio do Mandato do Autismo\"}]},{\"@type\":\"WebSite\",\"@id\":\"https:\/\/blogdobispo.com.br\/#website\",\"url\":\"https:\/\/blogdobispo.com.br\/\",\"name\":\"Blog do Bispo\",\"description\":\"Comprometido apenas com o leitor\",\"publisher\":{\"@id\":\"https:\/\/blogdobispo.com.br\/#organization\"},\"potentialAction\":[{\"@type\":\"SearchAction\",\"target\":{\"@type\":\"EntryPoint\",\"urlTemplate\":\"https:\/\/blogdobispo.com.br\/?s={search_term_string}\"},\"query-input\":{\"@type\":\"PropertyValueSpecification\",\"valueRequired\":true,\"valueName\":\"search_term_string\"}}],\"inLanguage\":\"pt-BR\"},{\"@type\":\"Organization\",\"@id\":\"https:\/\/blogdobispo.com.br\/#organization\",\"name\":\"Blog do Bispo\",\"url\":\"https:\/\/blogdobispo.com.br\/\",\"logo\":{\"@type\":\"ImageObject\",\"inLanguage\":\"pt-BR\",\"@id\":\"https:\/\/blogdobispo.com.br\/#\/schema\/logo\/image\/\",\"url\":\"http:\/\/blogdobispo.com.br\/wp-content\/uploads\/2023\/05\/cropped-headear.png\",\"contentUrl\":\"http:\/\/blogdobispo.com.br\/wp-content\/uploads\/2023\/05\/cropped-headear.png\",\"width\":1500,\"height\":399,\"caption\":\"Blog do Bispo\"},\"image\":{\"@id\":\"https:\/\/blogdobispo.com.br\/#\/schema\/logo\/image\/\"}},{\"@type\":\"Person\",\"@id\":\"https:\/\/blogdobispo.com.br\/#\/schema\/person\/e2209cc0e6cea5c5233d033e997b373f\",\"name\":\"Jefferson Sterfeno\",\"image\":{\"@type\":\"ImageObject\",\"inLanguage\":\"pt-BR\",\"@id\":\"https:\/\/blogdobispo.com.br\/#\/schema\/person\/image\/\",\"url\":\"https:\/\/secure.gravatar.com\/avatar\/0534e84764641168a677026b6d57a3f51dc7ac4db0b4f6186d9cb330d4ee1160?s=96&d=mm&r=g\",\"contentUrl\":\"https:\/\/secure.gravatar.com\/avatar\/0534e84764641168a677026b6d57a3f51dc7ac4db0b4f6186d9cb330d4ee1160?s=96&d=mm&r=g\",\"caption\":\"Jefferson Sterfeno\"},\"sameAs\":[\"http:\/\/blogdobispo.com.br\"],\"url\":\"https:\/\/blogdobispo.com.br\/?author=1\"}]}<\/script>\n<!-- \/ Yoast SEO plugin. -->","yoast_head_json":{"title":"Circo Kroner promove espet\u00e1culo inclusivo gratuito em Natal com apoio do Mandato do Autismo - Blog do Bispo","robots":{"index":"index","follow":"follow","max-snippet":"max-snippet:-1","max-image-preview":"max-image-preview:large","max-video-preview":"max-video-preview:-1"},"canonical":"https:\/\/blogdobispo.com.br\/?p=17064","og_locale":"pt_BR","og_type":"article","og_title":"Circo Kroner promove espet\u00e1culo inclusivo gratuito em Natal com apoio do Mandato do Autismo - Blog do Bispo","og_description":"Apresenta\u00e7\u00e3o especial acontece no dia 17 de agosto, \u00e0s 10h, na Arena das Dunas, com foco em acessibilidade para pessoas com defici\u00eancia, especialmente do espectro autista O Internacional Circo Kroner, em parceria com o Mandato do Autismo, do vereador Daniel Santiago, realiza no pr\u00f3ximo s\u00e1bado, dia 17 de agosto, \u00e0s 10h, uma sess\u00e3o especial do [&hellip;]","og_url":"https:\/\/blogdobispo.com.br\/?p=17064","og_site_name":"Blog do Bispo","article_published_time":"2025-08-11T16:35:41+00:00","article_modified_time":"2025-08-11T17:56:16+00:00","og_image":[{"width":1080,"height":1440,"url":"https:\/\/i0.wp.com\/blogdobispo.com.br\/wp-content\/uploads\/2025\/08\/6260406b-d286-4237-a3b9-7acddcf1d618.jpg?fit=1080%2C1440&ssl=1","type":"image\/jpeg"}],"author":"Jefferson Sterfeno","twitter_card":"summary_large_image","twitter_misc":{"Escrito por":"Jefferson Sterfeno","Est. tempo de leitura":"3 minutos"},"schema":{"@context":"https:\/\/schema.org","@graph":[{"@type":"Article","@id":"https:\/\/blogdobispo.com.br\/?p=17064#article","isPartOf":{"@id":"https:\/\/blogdobispo.com.br\/?p=17064"},"author":{"name":"Jefferson Sterfeno","@id":"https:\/\/blogdobispo.com.br\/#\/schema\/person\/e2209cc0e6cea5c5233d033e997b373f"},"headline":"Circo Kroner promove espet\u00e1culo inclusivo gratuito em Natal com apoio do Mandato do Autismo","datePublished":"2025-08-11T16:35:41+00:00","dateModified":"2025-08-11T17:56:16+00:00","mainEntityOfPage":{"@id":"https:\/\/blogdobispo.com.br\/?p=17064"},"wordCount":402,"commentCount":0,"publisher":{"@id":"https:\/\/blogdobispo.com.br\/#organization"},"image":{"@id":"https:\/\/blogdobispo.com.br\/?p=17064#primaryimage"},"thumbnailUrl":"https:\/\/i0.wp.com\/blogdobispo.com.br\/wp-content\/uploads\/2025\/08\/6260406b-d286-4237-a3b9-7acddcf1d618.jpg?fit=1080%2C1440&ssl=1","articleSection":["diversos"],"inLanguage":"pt-BR","potentialAction":[{"@type":"CommentAction","name":"Comment","target":["https:\/\/blogdobispo.com.br\/?p=17064#respond"]}]},{"@type":"WebPage","@id":"https:\/\/blogdobispo.com.br\/?p=17064","url":"https:\/\/blogdobispo.com.br\/?p=17064","name":"Circo Kroner promove espet\u00e1culo inclusivo gratuito em Natal com apoio do Mandato do Autismo - Blog do Bispo","isPartOf":{"@id":"https:\/\/blogdobispo.com.br\/#website"},"primaryImageOfPage":{"@id":"https:\/\/blogdobispo.com.br\/?p=17064#primaryimage"},"image":{"@id":"https:\/\/blogdobispo.com.br\/?p=17064#primaryimage"},"thumbnailUrl":"https:\/\/i0.wp.com\/blogdobispo.com.br\/wp-content\/uploads\/2025\/08\/6260406b-d286-4237-a3b9-7acddcf1d618.jpg?fit=1080%2C1440&ssl=1","datePublished":"2025-08-11T16:35:41+00:00","dateModified":"2025-08-11T17:56:16+00:00","breadcrumb":{"@id":"https:\/\/blogdobispo.com.br\/?p=17064#breadcrumb"},"inLanguage":"pt-BR","potentialAction":[{"@type":"ReadAction","target":["https:\/\/blogdobispo.com.br\/?p=17064"]}]},{"@type":"ImageObject","inLanguage":"pt-BR","@id":"https:\/\/blogdobispo.com.br\/?p=17064#primaryimage","url":"https:\/\/i0.wp.com\/blogdobispo.com.br\/wp-content\/uploads\/2025\/08\/6260406b-d286-4237-a3b9-7acddcf1d618.jpg?fit=1080%2C1440&ssl=1","contentUrl":"https:\/\/i0.wp.com\/blogdobispo.com.br\/wp-content\/uploads\/2025\/08\/6260406b-d286-4237-a3b9-7acddcf1d618.jpg?fit=1080%2C1440&ssl=1","width":1080,"height":1440},{"@type":"BreadcrumbList","@id":"https:\/\/blogdobispo.com.br\/?p=17064#breadcrumb","itemListElement":[{"@type":"ListItem","position":1,"name":"In\u00edcio","item":"https:\/\/blogdobispo.com.br\/"},{"@type":"ListItem","position":2,"name":"Circo Kroner promove espet\u00e1culo inclusivo gratuito em Natal com apoio do Mandato do Autismo"}]},{"@type":"WebSite","@id":"https:\/\/blogdobispo.com.br\/#website","url":"https:\/\/blogdobispo.com.br\/","name":"Blog do Bispo","description":"Comprometido apenas com o leitor","publisher":{"@id":"https:\/\/blogdobispo.com.br\/#organization"},"potentialAction":[{"@type":"SearchAction","target":{"@type":"EntryPoint","urlTemplate":"https:\/\/blogdobispo.com.br\/?s={search_term_string}"},"query-input":{"@type":"PropertyValueSpecification","valueRequired":true,"valueName":"search_term_string"}}],"inLanguage":"pt-BR"},{"@type":"Organization","@id":"https:\/\/blogdobispo.com.br\/#organization","name":"Blog do Bispo","url":"https:\/\/blogdobispo.com.br\/","logo":{"@type":"ImageObject","inLanguage":"pt-BR","@id":"https:\/\/blogdobispo.com.br\/#\/schema\/logo\/image\/","url":"http:\/\/blogdobispo.com.br\/wp-content\/uploads\/2023\/05\/cropped-headear.png","contentUrl":"http:\/\/blogdobispo.com.br\/wp-content\/uploads\/2023\/05\/cropped-headear.png","width":1500,"height":399,"caption":"Blog do Bispo"},"image":{"@id":"https:\/\/blogdobispo.com.br\/#\/schema\/logo\/image\/"}},{"@type":"Person","@id":"https:\/\/blogdobispo.com.br\/#\/schema\/person\/e2209cc0e6cea5c5233d033e997b373f","name":"Jefferson Sterfeno","image":{"@type":"ImageObject","inLanguage":"pt-BR","@id":"https:\/\/blogdobispo.com.br\/#\/schema\/person\/image\/","url":"https:\/\/secure.gravatar.com\/avatar\/0534e84764641168a677026b6d57a3f51dc7ac4db0b4f6186d9cb330d4ee1160?s=96&d=mm&r=g","contentUrl":"https:\/\/secure.gravatar.com\/avatar\/0534e84764641168a677026b6d57a3f51dc7ac4db0b4f6186d9cb330d4ee1160?s=96&d=mm&r=g","caption":"Jefferson Sterfeno"},"sameAs":["http:\/\/blogdobispo.com.br"],"url":"https:\/\/blogdobispo.com.br\/?author=1"}]}},"featured_image_urls":{"full":["https:\/\/i0.wp.com\/blogdobispo.com.br\/wp-content\/uploads\/2025\/08\/6260406b-d286-4237-a3b9-7acddcf1d618.jpg?fit=1080%2C1440&ssl=1",1080,1440,false],"thumbnail":["https:\/\/i0.wp.com\/blogdobispo.com.br\/wp-content\/uploads\/2025\/08\/6260406b-d286-4237-a3b9-7acddcf1d618.jpg?resize=150%2C150&ssl=1",150,150,true],"medium":["https:\/\/i0.wp.com\/blogdobispo.com.br\/wp-content\/uploads\/2025\/08\/6260406b-d286-4237-a3b9-7acddcf1d618.jpg?fit=225%2C300&ssl=1",225,300,true],"medium_large":["https:\/\/i0.wp.com\/blogdobispo.com.br\/wp-content\/uploads\/2025\/08\/6260406b-d286-4237-a3b9-7acddcf1d618.jpg?fit=768%2C1024&ssl=1",768,1024,true],"large":["https:\/\/i0.wp.com\/blogdobispo.com.br\/wp-content\/uploads\/2025\/08\/6260406b-d286-4237-a3b9-7acddcf1d618.jpg?fit=768%2C1024&ssl=1",768,1024,true],"1536x1536":["https:\/\/i0.wp.com\/blogdobispo.com.br\/wp-content\/uploads\/2025\/08\/6260406b-d286-4237-a3b9-7acddcf1d618.jpg?fit=1080%2C1440&ssl=1",1080,1440,true],"2048x2048":["https:\/\/i0.wp.com\/blogdobispo.com.br\/wp-content\/uploads\/2025\/08\/6260406b-d286-4237-a3b9-7acddcf1d618.jpg?fit=1080%2C1440&ssl=1",1080,1440,true]},"author_info":{"display_name":"Jefferson Sterfeno","author_link":"https:\/\/blogdobispo.com.br\/?author=1"},"category_info":"<a href=\"https:\/\/blogdobispo.com.br\/?cat=1\" rel=\"category\">diversos<\/a>","tag_info":"diversos","comment_count":"0","jetpack_featured_media_url":"https:\/\/i0.wp.com\/blogdobispo.com.br\/wp-content\/uploads\/2025\/08\/6260406b-d286-4237-a3b9-7acddcf1d618.jpg?fit=1080%2C1440&ssl=1","jetpack_sharing_enabled":true,"_links":{"self":[{"href":"https:\/\/blogdobispo.com.br\/index.php?rest_route=\/wp\/v2\/posts\/17064","targetHints":{"allow":["GET"]}}],"collection":[{"href":"https:\/\/blogdobispo.com.br\/index.php?rest_route=\/wp\/v2\/posts"}],"about":[{"href":"https:\/\/blogdobispo.com.br\/index.php?rest_route=\/wp\/v2\/types\/post"}],"author":[{"embeddable":true,"href":"https:\/\/blogdobispo.com.br\/index.php?rest_route=\/wp\/v2\/users\/1"}],"replies":[{"embeddable":true,"href":"https:\/\/blogdobispo.com.br\/index.php?rest_route=%2Fwp%2Fv2%2Fcomments&post=17064"}],"version-history":[{"count":2,"href":"https:\/\/blogdobispo.com.br\/index.php?rest_route=\/wp\/v2\/posts\/17064\/revisions"}],"predecessor-version":[{"id":17066,"href":"https:\/\/blogdobispo.com.br\/index.php?rest_route=\/wp\/v2\/posts\/17064\/revisions\/17066"}],"wp:featuredmedia":[{"embeddable":true,"href":"https:\/\/blogdobispo.com.br\/index.php?rest_route=\/wp\/v2\/media\/17063"}],"wp:attachment":[{"href":"https:\/\/blogdobispo.com.br\/index.php?rest_route=%2Fwp%2Fv2%2Fmedia&parent=17064"}],"wp:term":[{"taxonomy":"category","embeddable":true,"href":"https:\/\/blogdobispo.com.br\/index.php?rest_route=%2Fwp%2Fv2%2Fcategories&post=17064"},{"taxonomy":"post_tag","embeddable":true,"href":"https:\/\/blogdobispo.com.br\/index.php?rest_route=%2Fwp%2Fv2%2Ftags&post=17064"}],"curies":[{"name":"wp","href":"https:\/\/api.w.org\/{rel}","templated":true}]}}