{"id":16918,"date":"2025-08-11T12:50:13","date_gmt":"2025-08-11T12:50:13","guid":{"rendered":"https:\/\/blogdobispo.com.br\/?p=16918"},"modified":"2025-08-11T17:57:05","modified_gmt":"2025-08-11T17:57:05","slug":"governo-do-rn-anuncia-auxilio-fardamento-para-servidores-do-itep-e-novo-concurso-para-pm","status":"publish","type":"post","link":"https:\/\/blogdobispo.com.br\/?p=16918","title":{"rendered":"Governo do RN anuncia aux\u00edlio-fardamento para servidores do ITEP e novo concurso para PM"},"content":{"rendered":"<p>O Governo do Rio Grande do Norte confirmou nesta segunda-feira (11) um conjunto de a\u00e7\u00f5es voltadas \u00e0 valoriza\u00e7\u00e3o dos servidores da seguran\u00e7a p\u00fablica. Entre as medidas, est\u00e1 a cria\u00e7\u00e3o de um aux\u00edlio-fardamento para os servidores do Instituto T\u00e9cnico-Cient\u00edfico de Per\u00edcia (ITEP-RN) e a autoriza\u00e7\u00e3o de novos concursos para a Pol\u00edcia Militar.<\/p>\n<p>A governadora F\u00e1tima Bezerra afirmou que o aux\u00edlio-fardamento atende a uma demanda antiga da categoria, garantindo apoio financeiro para a aquisi\u00e7\u00e3o de uniformes. \u201cS\u00e3o passos importantes que estamos dando com vistas \u00e0 valoriza\u00e7\u00e3o dos servidores da institui\u00e7\u00e3o e, portanto, fortalecendo as a\u00e7\u00f5es de seguran\u00e7a p\u00fablica no nosso estado\u201d, declarou.<\/p>\n<p>O benef\u00edcio iguala a Pol\u00edcia Cient\u00edfica \u00e0s demais for\u00e7as de seguran\u00e7a do Estado, que j\u00e1 contavam com pol\u00edtica semelhante. O diretor-geral do ITEP, Marcos Brand\u00e3o, destacou que a medida permitir\u00e1 padronizar os uniformes e criar identidade visual com outras corpora\u00e7\u00f5es.<\/p>\n<p>O secret\u00e1rio estadual de Administra\u00e7\u00e3o, Pedro Lopes, observou que a iniciativa corrige uma lacuna hist\u00f3rica. \u201cSomente o ITEP n\u00e3o recebia aux\u00edlio-fardamento. Agora, todos os servidores na \u00e1rea de seguran\u00e7a p\u00fablica t\u00eam direito ao benef\u00edcio\u201d, afirmou.<\/p>\n<p>Outra a\u00e7\u00e3o anunciada \u00e9 a elabora\u00e7\u00e3o de um projeto de lei para alterar o nome do Instituto T\u00e9cnico-Cient\u00edfico de Per\u00edcia para Pol\u00edcia Cient\u00edfica do Rio Grande do Norte. De acordo com a governadora, a mudan\u00e7a segue uma tend\u00eancia nacional \u2014 mais de 20 estados j\u00e1 adotaram nomenclaturas semelhantes \u2014 e busca refor\u00e7ar o car\u00e1ter policial e cient\u00edfico do trabalho pericial.<\/p>\n<p>A nova sede do ITEP, prevista para ser inaugurada em setembro, tamb\u00e9m faz parte dos investimentos. \u201cTudo isso representa a sensibilidade, a determina\u00e7\u00e3o, o compromisso que o nosso governo tem em fortalecer as a\u00e7\u00f5es de seguran\u00e7a p\u00fablica no estado do Rio Grande do Norte. As instala\u00e7\u00f5es ser\u00e3o as mais modernas do pa\u00eds\u201d, disse F\u00e1tima Bezerra.<\/p>\n<p>Para Marcos Brand\u00e3o, a altera\u00e7\u00e3o do nome \u00e9 um marco institucional. \u201cO nome passa a retratar a realidade atual, de \u00f3rg\u00e3o que produz prova material e atua diretamente na repress\u00e3o a crimes\u201d, explicou. Segundo ele, a denomina\u00e7\u00e3o anterior n\u00e3o refletia plenamente a fun\u00e7\u00e3o policial da institui\u00e7\u00e3o.<\/p>\n<p><strong>Novo concurso na Pol\u00edcia Militar<\/strong><br \/>\nA governadora tamb\u00e9m autorizou a realiza\u00e7\u00e3o de concurso p\u00fablico para a contrata\u00e7\u00e3o de 21 soldados m\u00fasicos, com o objetivo de recompor o efetivo da Companhia de M\u00fasica da PMRN, a subunidade mais antiga da corpora\u00e7\u00e3o.<\/p>\n<p>Foi autorizada ainda a abertura de concurso para oficiais capel\u00e3es, com tr\u00eas vagas \u2014 duas para capel\u00e3o cat\u00f3lico e uma para capel\u00e3o evang\u00e9lico \u2014 visando ampliar a assist\u00eancia religiosa a policiais e seus familiares.<\/p>\n<p>Outra medida \u00e9 a inclus\u00e3o da bolsa de 358 alunos soldados na folha de pagamento de agosto, com valores retroativos a junho. O pagamento ser\u00e1 viabilizado por meio de parceria entre a Pol\u00edcia Militar e a Secretaria Estadual de Administra\u00e7\u00e3o.<img data-recalc-dims=\"1\" fetchpriority=\"high\" decoding=\"async\" class=\"alignnone size-medium wp-image-16919\" src=\"https:\/\/i0.wp.com\/blogdobispo.com.br\/wp-content\/uploads\/2025\/08\/Capturar-48-830x468.jpg-1.webp?resize=300%2C169\" alt=\"\" width=\"300\" height=\"169\" srcset=\"https:\/\/i0.wp.com\/blogdobispo.com.br\/wp-content\/uploads\/2025\/08\/Capturar-48-830x468.jpg-1.webp?resize=300%2C169&amp;ssl=1 300w, https:\/\/i0.wp.com\/blogdobispo.com.br\/wp-content\/uploads\/2025\/08\/Capturar-48-830x468.jpg-1.webp?resize=768%2C433&amp;ssl=1 768w, https:\/\/i0.wp.com\/blogdobispo.com.br\/wp-content\/uploads\/2025\/08\/Capturar-48-830x468.jpg-1.webp?w=830&amp;ssl=1 830w\" sizes=\"(max-width: 300px) 100vw, 300px\" \/><\/p>\n","protected":false},"excerpt":{"rendered":"<p>O Governo do Rio Grande do Norte confirmou nesta segunda-feira (11) um conjunto de a\u00e7\u00f5es voltadas \u00e0 valoriza\u00e7\u00e3o dos servidores da seguran\u00e7a p\u00fablica. Entre as medidas, est\u00e1 a cria\u00e7\u00e3o de um aux\u00edlio-fardamento para os servidores do Instituto T\u00e9cnico-Cient\u00edfico de Per\u00edcia (ITEP-RN) e a autoriza\u00e7\u00e3o de novos concursos para a Pol\u00edcia Militar. A governadora F\u00e1tima Bezerra [&hellip;]<\/p>\n","protected":false},"author":1,"featured_media":16919,"comment_status":"open","ping_status":"open","sticky":false,"template":"","format":"standard","meta":{"cybocfi_hide_featured_image":"","_jetpack_memberships_contains_paid_content":false,"footnotes":""},"categories":[1],"tags":[],"class_list":["post-16918","post","type-post","status-publish","format-standard","has-post-thumbnail","hentry","category-diversos"],"yoast_head":"<!-- This site is optimized with the Yoast SEO plugin v25.6 - https:\/\/yoast.com\/wordpress\/plugins\/seo\/ -->\n<title>Governo do RN anuncia aux\u00edlio-fardamento para servidores do ITEP e novo concurso para PM - Blog do Bispo<\/title>\n<meta name=\"robots\" content=\"index, follow, max-snippet:-1, max-image-preview:large, max-video-preview:-1\" \/>\n<link rel=\"canonical\" href=\"https:\/\/blogdobispo.com.br\/?p=16918\" \/>\n<meta property=\"og:locale\" content=\"pt_BR\" \/>\n<meta property=\"og:type\" content=\"article\" \/>\n<meta property=\"og:title\" content=\"Governo do RN anuncia aux\u00edlio-fardamento para servidores do ITEP e novo concurso para PM - Blog do Bispo\" \/>\n<meta property=\"og:description\" content=\"O Governo do Rio Grande do Norte confirmou nesta segunda-feira (11) um conjunto de a\u00e7\u00f5es voltadas \u00e0 valoriza\u00e7\u00e3o dos servidores da seguran\u00e7a p\u00fablica. Entre as medidas, est\u00e1 a cria\u00e7\u00e3o de um aux\u00edlio-fardamento para os servidores do Instituto T\u00e9cnico-Cient\u00edfico de Per\u00edcia (ITEP-RN) e a autoriza\u00e7\u00e3o de novos concursos para a Pol\u00edcia Militar. A governadora F\u00e1tima Bezerra [&hellip;]\" \/>\n<meta property=\"og:url\" content=\"https:\/\/blogdobispo.com.br\/?p=16918\" \/>\n<meta property=\"og:site_name\" content=\"Blog do Bispo\" \/>\n<meta property=\"article:published_time\" content=\"2025-08-11T12:50:13+00:00\" \/>\n<meta property=\"article:modified_time\" content=\"2025-08-11T17:57:05+00:00\" \/>\n<meta property=\"og:image\" content=\"https:\/\/i0.wp.com\/blogdobispo.com.br\/wp-content\/uploads\/2025\/08\/Capturar-48-830x468.jpg-1.webp?fit=830%2C468&ssl=1\" \/>\n\t<meta property=\"og:image:width\" content=\"830\" \/>\n\t<meta property=\"og:image:height\" content=\"468\" \/>\n\t<meta property=\"og:image:type\" content=\"image\/webp\" \/>\n<meta name=\"author\" content=\"Jefferson Sterfeno\" \/>\n<meta name=\"twitter:card\" content=\"summary_large_image\" \/>\n<meta name=\"twitter:label1\" content=\"Escrito por\" \/>\n\t<meta name=\"twitter:data1\" content=\"Jefferson Sterfeno\" \/>\n\t<meta name=\"twitter:label2\" content=\"Est. tempo de leitura\" \/>\n\t<meta name=\"twitter:data2\" content=\"3 minutos\" \/>\n<script type=\"application\/ld+json\" class=\"yoast-schema-graph\">{\"@context\":\"https:\/\/schema.org\",\"@graph\":[{\"@type\":\"Article\",\"@id\":\"https:\/\/blogdobispo.com.br\/?p=16918#article\",\"isPartOf\":{\"@id\":\"https:\/\/blogdobispo.com.br\/?p=16918\"},\"author\":{\"name\":\"Jefferson Sterfeno\",\"@id\":\"https:\/\/blogdobispo.com.br\/#\/schema\/person\/e2209cc0e6cea5c5233d033e997b373f\"},\"headline\":\"Governo do RN anuncia aux\u00edlio-fardamento para servidores do ITEP e novo concurso para PM\",\"datePublished\":\"2025-08-11T12:50:13+00:00\",\"dateModified\":\"2025-08-11T17:57:05+00:00\",\"mainEntityOfPage\":{\"@id\":\"https:\/\/blogdobispo.com.br\/?p=16918\"},\"wordCount\":536,\"commentCount\":0,\"publisher\":{\"@id\":\"https:\/\/blogdobispo.com.br\/#organization\"},\"image\":{\"@id\":\"https:\/\/blogdobispo.com.br\/?p=16918#primaryimage\"},\"thumbnailUrl\":\"https:\/\/i0.wp.com\/blogdobispo.com.br\/wp-content\/uploads\/2025\/08\/Capturar-48-830x468.jpg-1.webp?fit=830%2C468&ssl=1\",\"articleSection\":[\"diversos\"],\"inLanguage\":\"pt-BR\",\"potentialAction\":[{\"@type\":\"CommentAction\",\"name\":\"Comment\",\"target\":[\"https:\/\/blogdobispo.com.br\/?p=16918#respond\"]}]},{\"@type\":\"WebPage\",\"@id\":\"https:\/\/blogdobispo.com.br\/?p=16918\",\"url\":\"https:\/\/blogdobispo.com.br\/?p=16918\",\"name\":\"Governo do RN anuncia aux\u00edlio-fardamento para servidores do ITEP e novo concurso para PM - Blog do Bispo\",\"isPartOf\":{\"@id\":\"https:\/\/blogdobispo.com.br\/#website\"},\"primaryImageOfPage\":{\"@id\":\"https:\/\/blogdobispo.com.br\/?p=16918#primaryimage\"},\"image\":{\"@id\":\"https:\/\/blogdobispo.com.br\/?p=16918#primaryimage\"},\"thumbnailUrl\":\"https:\/\/i0.wp.com\/blogdobispo.com.br\/wp-content\/uploads\/2025\/08\/Capturar-48-830x468.jpg-1.webp?fit=830%2C468&ssl=1\",\"datePublished\":\"2025-08-11T12:50:13+00:00\",\"dateModified\":\"2025-08-11T17:57:05+00:00\",\"breadcrumb\":{\"@id\":\"https:\/\/blogdobispo.com.br\/?p=16918#breadcrumb\"},\"inLanguage\":\"pt-BR\",\"potentialAction\":[{\"@type\":\"ReadAction\",\"target\":[\"https:\/\/blogdobispo.com.br\/?p=16918\"]}]},{\"@type\":\"ImageObject\",\"inLanguage\":\"pt-BR\",\"@id\":\"https:\/\/blogdobispo.com.br\/?p=16918#primaryimage\",\"url\":\"https:\/\/i0.wp.com\/blogdobispo.com.br\/wp-content\/uploads\/2025\/08\/Capturar-48-830x468.jpg-1.webp?fit=830%2C468&ssl=1\",\"contentUrl\":\"https:\/\/i0.wp.com\/blogdobispo.com.br\/wp-content\/uploads\/2025\/08\/Capturar-48-830x468.jpg-1.webp?fit=830%2C468&ssl=1\",\"width\":830,\"height\":468},{\"@type\":\"BreadcrumbList\",\"@id\":\"https:\/\/blogdobispo.com.br\/?p=16918#breadcrumb\",\"itemListElement\":[{\"@type\":\"ListItem\",\"position\":1,\"name\":\"In\u00edcio\",\"item\":\"https:\/\/blogdobispo.com.br\/\"},{\"@type\":\"ListItem\",\"position\":2,\"name\":\"Governo do RN anuncia aux\u00edlio-fardamento para servidores do ITEP e novo concurso para PM\"}]},{\"@type\":\"WebSite\",\"@id\":\"https:\/\/blogdobispo.com.br\/#website\",\"url\":\"https:\/\/blogdobispo.com.br\/\",\"name\":\"Blog do Bispo\",\"description\":\"Comprometido apenas com o leitor\",\"publisher\":{\"@id\":\"https:\/\/blogdobispo.com.br\/#organization\"},\"potentialAction\":[{\"@type\":\"SearchAction\",\"target\":{\"@type\":\"EntryPoint\",\"urlTemplate\":\"https:\/\/blogdobispo.com.br\/?s={search_term_string}\"},\"query-input\":{\"@type\":\"PropertyValueSpecification\",\"valueRequired\":true,\"valueName\":\"search_term_string\"}}],\"inLanguage\":\"pt-BR\"},{\"@type\":\"Organization\",\"@id\":\"https:\/\/blogdobispo.com.br\/#organization\",\"name\":\"Blog do Bispo\",\"url\":\"https:\/\/blogdobispo.com.br\/\",\"logo\":{\"@type\":\"ImageObject\",\"inLanguage\":\"pt-BR\",\"@id\":\"https:\/\/blogdobispo.com.br\/#\/schema\/logo\/image\/\",\"url\":\"http:\/\/blogdobispo.com.br\/wp-content\/uploads\/2023\/05\/cropped-headear.png\",\"contentUrl\":\"http:\/\/blogdobispo.com.br\/wp-content\/uploads\/2023\/05\/cropped-headear.png\",\"width\":1500,\"height\":399,\"caption\":\"Blog do Bispo\"},\"image\":{\"@id\":\"https:\/\/blogdobispo.com.br\/#\/schema\/logo\/image\/\"}},{\"@type\":\"Person\",\"@id\":\"https:\/\/blogdobispo.com.br\/#\/schema\/person\/e2209cc0e6cea5c5233d033e997b373f\",\"name\":\"Jefferson Sterfeno\",\"image\":{\"@type\":\"ImageObject\",\"inLanguage\":\"pt-BR\",\"@id\":\"https:\/\/blogdobispo.com.br\/#\/schema\/person\/image\/\",\"url\":\"https:\/\/secure.gravatar.com\/avatar\/0534e84764641168a677026b6d57a3f51dc7ac4db0b4f6186d9cb330d4ee1160?s=96&d=mm&r=g\",\"contentUrl\":\"https:\/\/secure.gravatar.com\/avatar\/0534e84764641168a677026b6d57a3f51dc7ac4db0b4f6186d9cb330d4ee1160?s=96&d=mm&r=g\",\"caption\":\"Jefferson Sterfeno\"},\"sameAs\":[\"http:\/\/blogdobispo.com.br\"],\"url\":\"https:\/\/blogdobispo.com.br\/?author=1\"}]}<\/script>\n<!-- \/ Yoast SEO plugin. -->","yoast_head_json":{"title":"Governo do RN anuncia aux\u00edlio-fardamento para servidores do ITEP e novo concurso para PM - Blog do Bispo","robots":{"index":"index","follow":"follow","max-snippet":"max-snippet:-1","max-image-preview":"max-image-preview:large","max-video-preview":"max-video-preview:-1"},"canonical":"https:\/\/blogdobispo.com.br\/?p=16918","og_locale":"pt_BR","og_type":"article","og_title":"Governo do RN anuncia aux\u00edlio-fardamento para servidores do ITEP e novo concurso para PM - Blog do Bispo","og_description":"O Governo do Rio Grande do Norte confirmou nesta segunda-feira (11) um conjunto de a\u00e7\u00f5es voltadas \u00e0 valoriza\u00e7\u00e3o dos servidores da seguran\u00e7a p\u00fablica. Entre as medidas, est\u00e1 a cria\u00e7\u00e3o de um aux\u00edlio-fardamento para os servidores do Instituto T\u00e9cnico-Cient\u00edfico de Per\u00edcia (ITEP-RN) e a autoriza\u00e7\u00e3o de novos concursos para a Pol\u00edcia Militar. A governadora F\u00e1tima Bezerra [&hellip;]","og_url":"https:\/\/blogdobispo.com.br\/?p=16918","og_site_name":"Blog do Bispo","article_published_time":"2025-08-11T12:50:13+00:00","article_modified_time":"2025-08-11T17:57:05+00:00","og_image":[{"width":830,"height":468,"url":"https:\/\/i0.wp.com\/blogdobispo.com.br\/wp-content\/uploads\/2025\/08\/Capturar-48-830x468.jpg-1.webp?fit=830%2C468&ssl=1","type":"image\/webp"}],"author":"Jefferson Sterfeno","twitter_card":"summary_large_image","twitter_misc":{"Escrito por":"Jefferson Sterfeno","Est. tempo de leitura":"3 minutos"},"schema":{"@context":"https:\/\/schema.org","@graph":[{"@type":"Article","@id":"https:\/\/blogdobispo.com.br\/?p=16918#article","isPartOf":{"@id":"https:\/\/blogdobispo.com.br\/?p=16918"},"author":{"name":"Jefferson Sterfeno","@id":"https:\/\/blogdobispo.com.br\/#\/schema\/person\/e2209cc0e6cea5c5233d033e997b373f"},"headline":"Governo do RN anuncia aux\u00edlio-fardamento para servidores do ITEP e novo concurso para PM","datePublished":"2025-08-11T12:50:13+00:00","dateModified":"2025-08-11T17:57:05+00:00","mainEntityOfPage":{"@id":"https:\/\/blogdobispo.com.br\/?p=16918"},"wordCount":536,"commentCount":0,"publisher":{"@id":"https:\/\/blogdobispo.com.br\/#organization"},"image":{"@id":"https:\/\/blogdobispo.com.br\/?p=16918#primaryimage"},"thumbnailUrl":"https:\/\/i0.wp.com\/blogdobispo.com.br\/wp-content\/uploads\/2025\/08\/Capturar-48-830x468.jpg-1.webp?fit=830%2C468&ssl=1","articleSection":["diversos"],"inLanguage":"pt-BR","potentialAction":[{"@type":"CommentAction","name":"Comment","target":["https:\/\/blogdobispo.com.br\/?p=16918#respond"]}]},{"@type":"WebPage","@id":"https:\/\/blogdobispo.com.br\/?p=16918","url":"https:\/\/blogdobispo.com.br\/?p=16918","name":"Governo do RN anuncia aux\u00edlio-fardamento para servidores do ITEP e novo concurso para PM - Blog do Bispo","isPartOf":{"@id":"https:\/\/blogdobispo.com.br\/#website"},"primaryImageOfPage":{"@id":"https:\/\/blogdobispo.com.br\/?p=16918#primaryimage"},"image":{"@id":"https:\/\/blogdobispo.com.br\/?p=16918#primaryimage"},"thumbnailUrl":"https:\/\/i0.wp.com\/blogdobispo.com.br\/wp-content\/uploads\/2025\/08\/Capturar-48-830x468.jpg-1.webp?fit=830%2C468&ssl=1","datePublished":"2025-08-11T12:50:13+00:00","dateModified":"2025-08-11T17:57:05+00:00","breadcrumb":{"@id":"https:\/\/blogdobispo.com.br\/?p=16918#breadcrumb"},"inLanguage":"pt-BR","potentialAction":[{"@type":"ReadAction","target":["https:\/\/blogdobispo.com.br\/?p=16918"]}]},{"@type":"ImageObject","inLanguage":"pt-BR","@id":"https:\/\/blogdobispo.com.br\/?p=16918#primaryimage","url":"https:\/\/i0.wp.com\/blogdobispo.com.br\/wp-content\/uploads\/2025\/08\/Capturar-48-830x468.jpg-1.webp?fit=830%2C468&ssl=1","contentUrl":"https:\/\/i0.wp.com\/blogdobispo.com.br\/wp-content\/uploads\/2025\/08\/Capturar-48-830x468.jpg-1.webp?fit=830%2C468&ssl=1","width":830,"height":468},{"@type":"BreadcrumbList","@id":"https:\/\/blogdobispo.com.br\/?p=16918#breadcrumb","itemListElement":[{"@type":"ListItem","position":1,"name":"In\u00edcio","item":"https:\/\/blogdobispo.com.br\/"},{"@type":"ListItem","position":2,"name":"Governo do RN anuncia aux\u00edlio-fardamento para servidores do ITEP e novo concurso para PM"}]},{"@type":"WebSite","@id":"https:\/\/blogdobispo.com.br\/#website","url":"https:\/\/blogdobispo.com.br\/","name":"Blog do Bispo","description":"Comprometido apenas com o leitor","publisher":{"@id":"https:\/\/blogdobispo.com.br\/#organization"},"potentialAction":[{"@type":"SearchAction","target":{"@type":"EntryPoint","urlTemplate":"https:\/\/blogdobispo.com.br\/?s={search_term_string}"},"query-input":{"@type":"PropertyValueSpecification","valueRequired":true,"valueName":"search_term_string"}}],"inLanguage":"pt-BR"},{"@type":"Organization","@id":"https:\/\/blogdobispo.com.br\/#organization","name":"Blog do Bispo","url":"https:\/\/blogdobispo.com.br\/","logo":{"@type":"ImageObject","inLanguage":"pt-BR","@id":"https:\/\/blogdobispo.com.br\/#\/schema\/logo\/image\/","url":"http:\/\/blogdobispo.com.br\/wp-content\/uploads\/2023\/05\/cropped-headear.png","contentUrl":"http:\/\/blogdobispo.com.br\/wp-content\/uploads\/2023\/05\/cropped-headear.png","width":1500,"height":399,"caption":"Blog do Bispo"},"image":{"@id":"https:\/\/blogdobispo.com.br\/#\/schema\/logo\/image\/"}},{"@type":"Person","@id":"https:\/\/blogdobispo.com.br\/#\/schema\/person\/e2209cc0e6cea5c5233d033e997b373f","name":"Jefferson Sterfeno","image":{"@type":"ImageObject","inLanguage":"pt-BR","@id":"https:\/\/blogdobispo.com.br\/#\/schema\/person\/image\/","url":"https:\/\/secure.gravatar.com\/avatar\/0534e84764641168a677026b6d57a3f51dc7ac4db0b4f6186d9cb330d4ee1160?s=96&d=mm&r=g","contentUrl":"https:\/\/secure.gravatar.com\/avatar\/0534e84764641168a677026b6d57a3f51dc7ac4db0b4f6186d9cb330d4ee1160?s=96&d=mm&r=g","caption":"Jefferson Sterfeno"},"sameAs":["http:\/\/blogdobispo.com.br"],"url":"https:\/\/blogdobispo.com.br\/?author=1"}]}},"featured_image_urls":{"full":["https:\/\/i0.wp.com\/blogdobispo.com.br\/wp-content\/uploads\/2025\/08\/Capturar-48-830x468.jpg-1.webp?fit=830%2C468&ssl=1",830,468,false],"thumbnail":["https:\/\/i0.wp.com\/blogdobispo.com.br\/wp-content\/uploads\/2025\/08\/Capturar-48-830x468.jpg-1.webp?resize=150%2C150&ssl=1",150,150,true],"medium":["https:\/\/i0.wp.com\/blogdobispo.com.br\/wp-content\/uploads\/2025\/08\/Capturar-48-830x468.jpg-1.webp?fit=300%2C169&ssl=1",300,169,true],"medium_large":["https:\/\/i0.wp.com\/blogdobispo.com.br\/wp-content\/uploads\/2025\/08\/Capturar-48-830x468.jpg-1.webp?fit=768%2C433&ssl=1",768,433,true],"large":["https:\/\/i0.wp.com\/blogdobispo.com.br\/wp-content\/uploads\/2025\/08\/Capturar-48-830x468.jpg-1.webp?fit=800%2C451&ssl=1",800,451,true],"1536x1536":["https:\/\/i0.wp.com\/blogdobispo.com.br\/wp-content\/uploads\/2025\/08\/Capturar-48-830x468.jpg-1.webp?fit=830%2C468&ssl=1",830,468,true],"2048x2048":["https:\/\/i0.wp.com\/blogdobispo.com.br\/wp-content\/uploads\/2025\/08\/Capturar-48-830x468.jpg-1.webp?fit=830%2C468&ssl=1",830,468,true]},"author_info":{"display_name":"Jefferson Sterfeno","author_link":"https:\/\/blogdobispo.com.br\/?author=1"},"category_info":"<a href=\"https:\/\/blogdobispo.com.br\/?cat=1\" rel=\"category\">diversos<\/a>","tag_info":"diversos","comment_count":"0","jetpack_featured_media_url":"https:\/\/i0.wp.com\/blogdobispo.com.br\/wp-content\/uploads\/2025\/08\/Capturar-48-830x468.jpg-1.webp?fit=830%2C468&ssl=1","jetpack_sharing_enabled":true,"_links":{"self":[{"href":"https:\/\/blogdobispo.com.br\/index.php?rest_route=\/wp\/v2\/posts\/16918","targetHints":{"allow":["GET"]}}],"collection":[{"href":"https:\/\/blogdobispo.com.br\/index.php?rest_route=\/wp\/v2\/posts"}],"about":[{"href":"https:\/\/blogdobispo.com.br\/index.php?rest_route=\/wp\/v2\/types\/post"}],"author":[{"embeddable":true,"href":"https:\/\/blogdobispo.com.br\/index.php?rest_route=\/wp\/v2\/users\/1"}],"replies":[{"embeddable":true,"href":"https:\/\/blogdobispo.com.br\/index.php?rest_route=%2Fwp%2Fv2%2Fcomments&post=16918"}],"version-history":[{"count":1,"href":"https:\/\/blogdobispo.com.br\/index.php?rest_route=\/wp\/v2\/posts\/16918\/revisions"}],"predecessor-version":[{"id":16920,"href":"https:\/\/blogdobispo.com.br\/index.php?rest_route=\/wp\/v2\/posts\/16918\/revisions\/16920"}],"wp:featuredmedia":[{"embeddable":true,"href":"https:\/\/blogdobispo.com.br\/index.php?rest_route=\/wp\/v2\/media\/16919"}],"wp:attachment":[{"href":"https:\/\/blogdobispo.com.br\/index.php?rest_route=%2Fwp%2Fv2%2Fmedia&parent=16918"}],"wp:term":[{"taxonomy":"category","embeddable":true,"href":"https:\/\/blogdobispo.com.br\/index.php?rest_route=%2Fwp%2Fv2%2Fcategories&post=16918"},{"taxonomy":"post_tag","embeddable":true,"href":"https:\/\/blogdobispo.com.br\/index.php?rest_route=%2Fwp%2Fv2%2Ftags&post=16918"}],"curies":[{"name":"wp","href":"https:\/\/api.w.org\/{rel}","templated":true}]}}