{"id":16914,"date":"2025-08-11T12:38:15","date_gmt":"2025-08-11T12:38:15","guid":{"rendered":"https:\/\/blogdobispo.com.br\/alvaro-dias-lidera-intencoes-de-voto-em-parnamirim-sem-apoio-de-grandes-liderancas\/"},"modified":"2025-08-11T17:57:37","modified_gmt":"2025-08-11T17:57:37","slug":"alvaro-dias-lidera-intencoes-de-voto-em-parnamirim-sem-apoio-de-grandes-liderancas","status":"publish","type":"post","link":"https:\/\/blogdobispo.com.br\/?p=16914","title":{"rendered":"\u00c1lvaro Dias lidera inten\u00e7\u00f5es de voto em Parnamirim sem apoio de grandes lideran\u00e7as"},"content":{"rendered":"\r\n<p>&nbsp;<\/p>\r\n\r\n\r\n\r\n<p>No terceiro cen\u00e1rio da pesquisa estimulada para o Governo do Estado, sem a presen\u00e7a do senador Rog\u00e9rio Marinho (PL) na disputa, o ex-prefeito de Natal, \u00c1lvaro Dias (Republicanos), lidera as inten\u00e7\u00f5es de voto entre os eleitores de Parnamirim.<\/p>\r\n\r\n\r\n\r\n<p>Mesmo sem contar com o apoio declarado de grandes lideran\u00e7as pol\u00edticas, \u00c1lvaro alcan\u00e7a 29% das inten\u00e7\u00f5es de voto, superando o prefeito de Mossor\u00f3, Allyson Bezerra (PSD), que aparece com 27,4%.<\/p>\r\n\r\n\r\n\r\n<p>O candidato apoiado pela governadora F\u00e1tima Bezerra, o petista Cadu Xavier, figura bem atr\u00e1s, com apenas 5,8%.<\/p>\r\n\r\n\r\n\r\n<p>O resultado chama aten\u00e7\u00e3o: sem m\u00e1quina p\u00fablica e sem alian\u00e7as majorit\u00e1rias formalizadas, \u00c1lvaro Dias desponta como o preferido do eleitor parnamirinense. A avalia\u00e7\u00e3o de analistas \u00e9 que, com o apoio de lideran\u00e7as pol\u00edticas expressivas, ele poderia consolidar-se como o principal nome da oposi\u00e7\u00e3o ao PT no Rio Grande do Norte para as elei\u00e7\u00f5es de 2026.<\/p>\r\n\r\n\r\n","protected":false},"excerpt":{"rendered":"<p>&nbsp; No terceiro cen\u00e1rio da pesquisa estimulada para o Governo do Estado, sem a presen\u00e7a do senador Rog\u00e9rio Marinho (PL) na disputa, o ex-prefeito de Natal, \u00c1lvaro Dias (Republicanos), lidera as inten\u00e7\u00f5es de voto entre os eleitores de Parnamirim. Mesmo sem contar com o apoio declarado de grandes lideran\u00e7as pol\u00edticas, \u00c1lvaro alcan\u00e7a 29% das inten\u00e7\u00f5es [&hellip;]<\/p>\n","protected":false},"author":1,"featured_media":16913,"comment_status":"open","ping_status":"open","sticky":false,"template":"","format":"standard","meta":{"cybocfi_hide_featured_image":"","_jetpack_memberships_contains_paid_content":false,"footnotes":""},"categories":[1],"tags":[],"class_list":["post-16914","post","type-post","status-publish","format-standard","has-post-thumbnail","hentry","category-diversos"],"yoast_head":"<!-- This site is optimized with the Yoast SEO plugin v25.6 - https:\/\/yoast.com\/wordpress\/plugins\/seo\/ -->\n<title>\u00c1lvaro Dias lidera inten\u00e7\u00f5es de voto em Parnamirim sem apoio de grandes lideran\u00e7as - Blog do Bispo<\/title>\n<meta name=\"robots\" content=\"index, follow, max-snippet:-1, max-image-preview:large, max-video-preview:-1\" \/>\n<link rel=\"canonical\" href=\"https:\/\/blogdobispo.com.br\/?p=16914\" \/>\n<meta property=\"og:locale\" content=\"pt_BR\" \/>\n<meta property=\"og:type\" content=\"article\" \/>\n<meta property=\"og:title\" content=\"\u00c1lvaro Dias lidera inten\u00e7\u00f5es de voto em Parnamirim sem apoio de grandes lideran\u00e7as - Blog do Bispo\" \/>\n<meta property=\"og:description\" content=\"&nbsp; No terceiro cen\u00e1rio da pesquisa estimulada para o Governo do Estado, sem a presen\u00e7a do senador Rog\u00e9rio Marinho (PL) na disputa, o ex-prefeito de Natal, \u00c1lvaro Dias (Republicanos), lidera as inten\u00e7\u00f5es de voto entre os eleitores de Parnamirim. Mesmo sem contar com o apoio declarado de grandes lideran\u00e7as pol\u00edticas, \u00c1lvaro alcan\u00e7a 29% das inten\u00e7\u00f5es [&hellip;]\" \/>\n<meta property=\"og:url\" content=\"https:\/\/blogdobispo.com.br\/?p=16914\" \/>\n<meta property=\"og:site_name\" content=\"Blog do Bispo\" \/>\n<meta property=\"article:published_time\" content=\"2025-08-11T12:38:15+00:00\" \/>\n<meta property=\"article:modified_time\" content=\"2025-08-11T17:57:37+00:00\" \/>\n<meta property=\"og:image\" content=\"https:\/\/i0.wp.com\/blogdobispo.com.br\/wp-content\/uploads\/2025\/08\/4eaab1fe-02cc-4f8e-97dc-d1a4a09ff691.jpg?fit=1080%2C1080&ssl=1\" \/>\n\t<meta property=\"og:image:width\" content=\"1080\" \/>\n\t<meta property=\"og:image:height\" content=\"1080\" \/>\n\t<meta property=\"og:image:type\" content=\"image\/jpeg\" \/>\n<meta name=\"author\" content=\"Jefferson Sterfeno\" \/>\n<meta name=\"twitter:card\" content=\"summary_large_image\" \/>\n<meta name=\"twitter:label1\" content=\"Escrito por\" \/>\n\t<meta name=\"twitter:data1\" content=\"Jefferson Sterfeno\" \/>\n\t<meta name=\"twitter:label2\" content=\"Est. tempo de leitura\" \/>\n\t<meta name=\"twitter:data2\" content=\"2 minutos\" \/>\n<script type=\"application\/ld+json\" class=\"yoast-schema-graph\">{\"@context\":\"https:\/\/schema.org\",\"@graph\":[{\"@type\":\"Article\",\"@id\":\"https:\/\/blogdobispo.com.br\/?p=16914#article\",\"isPartOf\":{\"@id\":\"https:\/\/blogdobispo.com.br\/?p=16914\"},\"author\":{\"name\":\"Jefferson Sterfeno\",\"@id\":\"https:\/\/blogdobispo.com.br\/#\/schema\/person\/e2209cc0e6cea5c5233d033e997b373f\"},\"headline\":\"\u00c1lvaro Dias lidera inten\u00e7\u00f5es de voto em Parnamirim sem apoio de grandes lideran\u00e7as\",\"datePublished\":\"2025-08-11T12:38:15+00:00\",\"dateModified\":\"2025-08-11T17:57:37+00:00\",\"mainEntityOfPage\":{\"@id\":\"https:\/\/blogdobispo.com.br\/?p=16914\"},\"wordCount\":171,\"commentCount\":0,\"publisher\":{\"@id\":\"https:\/\/blogdobispo.com.br\/#organization\"},\"image\":{\"@id\":\"https:\/\/blogdobispo.com.br\/?p=16914#primaryimage\"},\"thumbnailUrl\":\"https:\/\/i0.wp.com\/blogdobispo.com.br\/wp-content\/uploads\/2025\/08\/4eaab1fe-02cc-4f8e-97dc-d1a4a09ff691.jpg?fit=1080%2C1080&ssl=1\",\"articleSection\":[\"diversos\"],\"inLanguage\":\"pt-BR\",\"potentialAction\":[{\"@type\":\"CommentAction\",\"name\":\"Comment\",\"target\":[\"https:\/\/blogdobispo.com.br\/?p=16914#respond\"]}]},{\"@type\":\"WebPage\",\"@id\":\"https:\/\/blogdobispo.com.br\/?p=16914\",\"url\":\"https:\/\/blogdobispo.com.br\/?p=16914\",\"name\":\"\u00c1lvaro Dias lidera inten\u00e7\u00f5es de voto em Parnamirim sem apoio de grandes lideran\u00e7as - Blog do Bispo\",\"isPartOf\":{\"@id\":\"https:\/\/blogdobispo.com.br\/#website\"},\"primaryImageOfPage\":{\"@id\":\"https:\/\/blogdobispo.com.br\/?p=16914#primaryimage\"},\"image\":{\"@id\":\"https:\/\/blogdobispo.com.br\/?p=16914#primaryimage\"},\"thumbnailUrl\":\"https:\/\/i0.wp.com\/blogdobispo.com.br\/wp-content\/uploads\/2025\/08\/4eaab1fe-02cc-4f8e-97dc-d1a4a09ff691.jpg?fit=1080%2C1080&ssl=1\",\"datePublished\":\"2025-08-11T12:38:15+00:00\",\"dateModified\":\"2025-08-11T17:57:37+00:00\",\"breadcrumb\":{\"@id\":\"https:\/\/blogdobispo.com.br\/?p=16914#breadcrumb\"},\"inLanguage\":\"pt-BR\",\"potentialAction\":[{\"@type\":\"ReadAction\",\"target\":[\"https:\/\/blogdobispo.com.br\/?p=16914\"]}]},{\"@type\":\"ImageObject\",\"inLanguage\":\"pt-BR\",\"@id\":\"https:\/\/blogdobispo.com.br\/?p=16914#primaryimage\",\"url\":\"https:\/\/i0.wp.com\/blogdobispo.com.br\/wp-content\/uploads\/2025\/08\/4eaab1fe-02cc-4f8e-97dc-d1a4a09ff691.jpg?fit=1080%2C1080&ssl=1\",\"contentUrl\":\"https:\/\/i0.wp.com\/blogdobispo.com.br\/wp-content\/uploads\/2025\/08\/4eaab1fe-02cc-4f8e-97dc-d1a4a09ff691.jpg?fit=1080%2C1080&ssl=1\",\"width\":1080,\"height\":1080},{\"@type\":\"BreadcrumbList\",\"@id\":\"https:\/\/blogdobispo.com.br\/?p=16914#breadcrumb\",\"itemListElement\":[{\"@type\":\"ListItem\",\"position\":1,\"name\":\"In\u00edcio\",\"item\":\"https:\/\/blogdobispo.com.br\/\"},{\"@type\":\"ListItem\",\"position\":2,\"name\":\"\u00c1lvaro Dias lidera inten\u00e7\u00f5es de voto em Parnamirim sem apoio de grandes lideran\u00e7as\"}]},{\"@type\":\"WebSite\",\"@id\":\"https:\/\/blogdobispo.com.br\/#website\",\"url\":\"https:\/\/blogdobispo.com.br\/\",\"name\":\"Blog do Bispo\",\"description\":\"Comprometido apenas com o leitor\",\"publisher\":{\"@id\":\"https:\/\/blogdobispo.com.br\/#organization\"},\"potentialAction\":[{\"@type\":\"SearchAction\",\"target\":{\"@type\":\"EntryPoint\",\"urlTemplate\":\"https:\/\/blogdobispo.com.br\/?s={search_term_string}\"},\"query-input\":{\"@type\":\"PropertyValueSpecification\",\"valueRequired\":true,\"valueName\":\"search_term_string\"}}],\"inLanguage\":\"pt-BR\"},{\"@type\":\"Organization\",\"@id\":\"https:\/\/blogdobispo.com.br\/#organization\",\"name\":\"Blog do Bispo\",\"url\":\"https:\/\/blogdobispo.com.br\/\",\"logo\":{\"@type\":\"ImageObject\",\"inLanguage\":\"pt-BR\",\"@id\":\"https:\/\/blogdobispo.com.br\/#\/schema\/logo\/image\/\",\"url\":\"http:\/\/blogdobispo.com.br\/wp-content\/uploads\/2023\/05\/cropped-headear.png\",\"contentUrl\":\"http:\/\/blogdobispo.com.br\/wp-content\/uploads\/2023\/05\/cropped-headear.png\",\"width\":1500,\"height\":399,\"caption\":\"Blog do Bispo\"},\"image\":{\"@id\":\"https:\/\/blogdobispo.com.br\/#\/schema\/logo\/image\/\"}},{\"@type\":\"Person\",\"@id\":\"https:\/\/blogdobispo.com.br\/#\/schema\/person\/e2209cc0e6cea5c5233d033e997b373f\",\"name\":\"Jefferson Sterfeno\",\"image\":{\"@type\":\"ImageObject\",\"inLanguage\":\"pt-BR\",\"@id\":\"https:\/\/blogdobispo.com.br\/#\/schema\/person\/image\/\",\"url\":\"https:\/\/secure.gravatar.com\/avatar\/0534e84764641168a677026b6d57a3f51dc7ac4db0b4f6186d9cb330d4ee1160?s=96&d=mm&r=g\",\"contentUrl\":\"https:\/\/secure.gravatar.com\/avatar\/0534e84764641168a677026b6d57a3f51dc7ac4db0b4f6186d9cb330d4ee1160?s=96&d=mm&r=g\",\"caption\":\"Jefferson Sterfeno\"},\"sameAs\":[\"http:\/\/blogdobispo.com.br\"],\"url\":\"https:\/\/blogdobispo.com.br\/?author=1\"}]}<\/script>\n<!-- \/ Yoast SEO plugin. -->","yoast_head_json":{"title":"\u00c1lvaro Dias lidera inten\u00e7\u00f5es de voto em Parnamirim sem apoio de grandes lideran\u00e7as - Blog do Bispo","robots":{"index":"index","follow":"follow","max-snippet":"max-snippet:-1","max-image-preview":"max-image-preview:large","max-video-preview":"max-video-preview:-1"},"canonical":"https:\/\/blogdobispo.com.br\/?p=16914","og_locale":"pt_BR","og_type":"article","og_title":"\u00c1lvaro Dias lidera inten\u00e7\u00f5es de voto em Parnamirim sem apoio de grandes lideran\u00e7as - Blog do Bispo","og_description":"&nbsp; No terceiro cen\u00e1rio da pesquisa estimulada para o Governo do Estado, sem a presen\u00e7a do senador Rog\u00e9rio Marinho (PL) na disputa, o ex-prefeito de Natal, \u00c1lvaro Dias (Republicanos), lidera as inten\u00e7\u00f5es de voto entre os eleitores de Parnamirim. Mesmo sem contar com o apoio declarado de grandes lideran\u00e7as pol\u00edticas, \u00c1lvaro alcan\u00e7a 29% das inten\u00e7\u00f5es [&hellip;]","og_url":"https:\/\/blogdobispo.com.br\/?p=16914","og_site_name":"Blog do Bispo","article_published_time":"2025-08-11T12:38:15+00:00","article_modified_time":"2025-08-11T17:57:37+00:00","og_image":[{"width":1080,"height":1080,"url":"https:\/\/i0.wp.com\/blogdobispo.com.br\/wp-content\/uploads\/2025\/08\/4eaab1fe-02cc-4f8e-97dc-d1a4a09ff691.jpg?fit=1080%2C1080&ssl=1","type":"image\/jpeg"}],"author":"Jefferson Sterfeno","twitter_card":"summary_large_image","twitter_misc":{"Escrito por":"Jefferson Sterfeno","Est. tempo de leitura":"2 minutos"},"schema":{"@context":"https:\/\/schema.org","@graph":[{"@type":"Article","@id":"https:\/\/blogdobispo.com.br\/?p=16914#article","isPartOf":{"@id":"https:\/\/blogdobispo.com.br\/?p=16914"},"author":{"name":"Jefferson Sterfeno","@id":"https:\/\/blogdobispo.com.br\/#\/schema\/person\/e2209cc0e6cea5c5233d033e997b373f"},"headline":"\u00c1lvaro Dias lidera inten\u00e7\u00f5es de voto em Parnamirim sem apoio de grandes lideran\u00e7as","datePublished":"2025-08-11T12:38:15+00:00","dateModified":"2025-08-11T17:57:37+00:00","mainEntityOfPage":{"@id":"https:\/\/blogdobispo.com.br\/?p=16914"},"wordCount":171,"commentCount":0,"publisher":{"@id":"https:\/\/blogdobispo.com.br\/#organization"},"image":{"@id":"https:\/\/blogdobispo.com.br\/?p=16914#primaryimage"},"thumbnailUrl":"https:\/\/i0.wp.com\/blogdobispo.com.br\/wp-content\/uploads\/2025\/08\/4eaab1fe-02cc-4f8e-97dc-d1a4a09ff691.jpg?fit=1080%2C1080&ssl=1","articleSection":["diversos"],"inLanguage":"pt-BR","potentialAction":[{"@type":"CommentAction","name":"Comment","target":["https:\/\/blogdobispo.com.br\/?p=16914#respond"]}]},{"@type":"WebPage","@id":"https:\/\/blogdobispo.com.br\/?p=16914","url":"https:\/\/blogdobispo.com.br\/?p=16914","name":"\u00c1lvaro Dias lidera inten\u00e7\u00f5es de voto em Parnamirim sem apoio de grandes lideran\u00e7as - Blog do Bispo","isPartOf":{"@id":"https:\/\/blogdobispo.com.br\/#website"},"primaryImageOfPage":{"@id":"https:\/\/blogdobispo.com.br\/?p=16914#primaryimage"},"image":{"@id":"https:\/\/blogdobispo.com.br\/?p=16914#primaryimage"},"thumbnailUrl":"https:\/\/i0.wp.com\/blogdobispo.com.br\/wp-content\/uploads\/2025\/08\/4eaab1fe-02cc-4f8e-97dc-d1a4a09ff691.jpg?fit=1080%2C1080&ssl=1","datePublished":"2025-08-11T12:38:15+00:00","dateModified":"2025-08-11T17:57:37+00:00","breadcrumb":{"@id":"https:\/\/blogdobispo.com.br\/?p=16914#breadcrumb"},"inLanguage":"pt-BR","potentialAction":[{"@type":"ReadAction","target":["https:\/\/blogdobispo.com.br\/?p=16914"]}]},{"@type":"ImageObject","inLanguage":"pt-BR","@id":"https:\/\/blogdobispo.com.br\/?p=16914#primaryimage","url":"https:\/\/i0.wp.com\/blogdobispo.com.br\/wp-content\/uploads\/2025\/08\/4eaab1fe-02cc-4f8e-97dc-d1a4a09ff691.jpg?fit=1080%2C1080&ssl=1","contentUrl":"https:\/\/i0.wp.com\/blogdobispo.com.br\/wp-content\/uploads\/2025\/08\/4eaab1fe-02cc-4f8e-97dc-d1a4a09ff691.jpg?fit=1080%2C1080&ssl=1","width":1080,"height":1080},{"@type":"BreadcrumbList","@id":"https:\/\/blogdobispo.com.br\/?p=16914#breadcrumb","itemListElement":[{"@type":"ListItem","position":1,"name":"In\u00edcio","item":"https:\/\/blogdobispo.com.br\/"},{"@type":"ListItem","position":2,"name":"\u00c1lvaro Dias lidera inten\u00e7\u00f5es de voto em Parnamirim sem apoio de grandes lideran\u00e7as"}]},{"@type":"WebSite","@id":"https:\/\/blogdobispo.com.br\/#website","url":"https:\/\/blogdobispo.com.br\/","name":"Blog do Bispo","description":"Comprometido apenas com o leitor","publisher":{"@id":"https:\/\/blogdobispo.com.br\/#organization"},"potentialAction":[{"@type":"SearchAction","target":{"@type":"EntryPoint","urlTemplate":"https:\/\/blogdobispo.com.br\/?s={search_term_string}"},"query-input":{"@type":"PropertyValueSpecification","valueRequired":true,"valueName":"search_term_string"}}],"inLanguage":"pt-BR"},{"@type":"Organization","@id":"https:\/\/blogdobispo.com.br\/#organization","name":"Blog do Bispo","url":"https:\/\/blogdobispo.com.br\/","logo":{"@type":"ImageObject","inLanguage":"pt-BR","@id":"https:\/\/blogdobispo.com.br\/#\/schema\/logo\/image\/","url":"http:\/\/blogdobispo.com.br\/wp-content\/uploads\/2023\/05\/cropped-headear.png","contentUrl":"http:\/\/blogdobispo.com.br\/wp-content\/uploads\/2023\/05\/cropped-headear.png","width":1500,"height":399,"caption":"Blog do Bispo"},"image":{"@id":"https:\/\/blogdobispo.com.br\/#\/schema\/logo\/image\/"}},{"@type":"Person","@id":"https:\/\/blogdobispo.com.br\/#\/schema\/person\/e2209cc0e6cea5c5233d033e997b373f","name":"Jefferson Sterfeno","image":{"@type":"ImageObject","inLanguage":"pt-BR","@id":"https:\/\/blogdobispo.com.br\/#\/schema\/person\/image\/","url":"https:\/\/secure.gravatar.com\/avatar\/0534e84764641168a677026b6d57a3f51dc7ac4db0b4f6186d9cb330d4ee1160?s=96&d=mm&r=g","contentUrl":"https:\/\/secure.gravatar.com\/avatar\/0534e84764641168a677026b6d57a3f51dc7ac4db0b4f6186d9cb330d4ee1160?s=96&d=mm&r=g","caption":"Jefferson Sterfeno"},"sameAs":["http:\/\/blogdobispo.com.br"],"url":"https:\/\/blogdobispo.com.br\/?author=1"}]}},"featured_image_urls":{"full":["https:\/\/i0.wp.com\/blogdobispo.com.br\/wp-content\/uploads\/2025\/08\/4eaab1fe-02cc-4f8e-97dc-d1a4a09ff691.jpg?fit=1080%2C1080&ssl=1",1080,1080,false],"thumbnail":["https:\/\/i0.wp.com\/blogdobispo.com.br\/wp-content\/uploads\/2025\/08\/4eaab1fe-02cc-4f8e-97dc-d1a4a09ff691.jpg?resize=150%2C150&ssl=1",150,150,true],"medium":["https:\/\/i0.wp.com\/blogdobispo.com.br\/wp-content\/uploads\/2025\/08\/4eaab1fe-02cc-4f8e-97dc-d1a4a09ff691.jpg?fit=300%2C300&ssl=1",300,300,true],"medium_large":["https:\/\/i0.wp.com\/blogdobispo.com.br\/wp-content\/uploads\/2025\/08\/4eaab1fe-02cc-4f8e-97dc-d1a4a09ff691.jpg?fit=768%2C768&ssl=1",768,768,true],"large":["https:\/\/i0.wp.com\/blogdobispo.com.br\/wp-content\/uploads\/2025\/08\/4eaab1fe-02cc-4f8e-97dc-d1a4a09ff691.jpg?fit=800%2C800&ssl=1",800,800,true],"1536x1536":["https:\/\/i0.wp.com\/blogdobispo.com.br\/wp-content\/uploads\/2025\/08\/4eaab1fe-02cc-4f8e-97dc-d1a4a09ff691.jpg?fit=1080%2C1080&ssl=1",1080,1080,true],"2048x2048":["https:\/\/i0.wp.com\/blogdobispo.com.br\/wp-content\/uploads\/2025\/08\/4eaab1fe-02cc-4f8e-97dc-d1a4a09ff691.jpg?fit=1080%2C1080&ssl=1",1080,1080,true]},"author_info":{"display_name":"Jefferson Sterfeno","author_link":"https:\/\/blogdobispo.com.br\/?author=1"},"category_info":"<a href=\"https:\/\/blogdobispo.com.br\/?cat=1\" rel=\"category\">diversos<\/a>","tag_info":"diversos","comment_count":"0","jetpack_featured_media_url":"https:\/\/i0.wp.com\/blogdobispo.com.br\/wp-content\/uploads\/2025\/08\/4eaab1fe-02cc-4f8e-97dc-d1a4a09ff691.jpg?fit=1080%2C1080&ssl=1","jetpack_sharing_enabled":true,"_links":{"self":[{"href":"https:\/\/blogdobispo.com.br\/index.php?rest_route=\/wp\/v2\/posts\/16914","targetHints":{"allow":["GET"]}}],"collection":[{"href":"https:\/\/blogdobispo.com.br\/index.php?rest_route=\/wp\/v2\/posts"}],"about":[{"href":"https:\/\/blogdobispo.com.br\/index.php?rest_route=\/wp\/v2\/types\/post"}],"author":[{"embeddable":true,"href":"https:\/\/blogdobispo.com.br\/index.php?rest_route=\/wp\/v2\/users\/1"}],"replies":[{"embeddable":true,"href":"https:\/\/blogdobispo.com.br\/index.php?rest_route=%2Fwp%2Fv2%2Fcomments&post=16914"}],"version-history":[{"count":2,"href":"https:\/\/blogdobispo.com.br\/index.php?rest_route=\/wp\/v2\/posts\/16914\/revisions"}],"predecessor-version":[{"id":17067,"href":"https:\/\/blogdobispo.com.br\/index.php?rest_route=\/wp\/v2\/posts\/16914\/revisions\/17067"}],"wp:featuredmedia":[{"embeddable":true,"href":"https:\/\/blogdobispo.com.br\/index.php?rest_route=\/wp\/v2\/media\/16913"}],"wp:attachment":[{"href":"https:\/\/blogdobispo.com.br\/index.php?rest_route=%2Fwp%2Fv2%2Fmedia&parent=16914"}],"wp:term":[{"taxonomy":"category","embeddable":true,"href":"https:\/\/blogdobispo.com.br\/index.php?rest_route=%2Fwp%2Fv2%2Fcategories&post=16914"},{"taxonomy":"post_tag","embeddable":true,"href":"https:\/\/blogdobispo.com.br\/index.php?rest_route=%2Fwp%2Fv2%2Ftags&post=16914"}],"curies":[{"name":"wp","href":"https:\/\/api.w.org\/{rel}","templated":true}]}}