{"id":16879,"date":"2025-08-08T22:54:04","date_gmt":"2025-08-08T22:54:04","guid":{"rendered":"https:\/\/blogdobispo.com.br\/reac-ativa-clinica-inaugura-unidade-em-natal-com-tecnologia-inovadora-para-autismo-tdah-e-disturbios-do-neurodesenvolvimento\/"},"modified":"2025-08-09T19:39:09","modified_gmt":"2025-08-09T19:39:09","slug":"reac-ativa-clinica-inaugura-unidade-em-natal-com-tecnologia-inovadora-para-autismo-tdah-e-disturbios-do-neurodesenvolvimento","status":"publish","type":"post","link":"https:\/\/blogdobispo.com.br\/?p=16879","title":{"rendered":"REAC Ativa Cl\u00ednica inaugura unidade em Natal com tecnologia inovadora para autismo, TDAH e dist\u00farbios do neurodesenvolvimento"},"content":{"rendered":"\r\n\r\n\r\n\r\n\r\n<p>Natal recebe na pr\u00f3xima segunda-feira (11) um espa\u00e7o pioneiro com tecnologia inovadora em sa\u00fade e bem-estar: a inaugura\u00e7\u00e3o da REAC Ativa Cl\u00ednica, especializada em neuromodula\u00e7\u00e3o com a tecnologia REAC \u2013 Radio Electric Asymmetric Conveyer. O local oferece um tratamento inovador e n\u00e3o invasivo, com resultados expressivos em casos de autismo, TDAH, depress\u00e3o, ansiedade, estresse cr\u00f4nico, entre outros transtornos neurol\u00f3gicos e comportamentais.<\/p>\r\n\r\n\r\n\r\n<p>Reconhecida por transformar vidas com base em uma tecnologia italiana validada cientificamente h\u00e1 mais de duas d\u00e9cadas, a REAC atua a partir da reorganiza\u00e7\u00e3o das fun\u00e7\u00f5es cerebrais, promovendo melhorias cognitivas, emocionais e comportamentais e chega de forma pioneira ao Rio Grande do Norte com a abertura da REAC Ativa Cl\u00ednica. O diferencial est\u00e1 em sua aplica\u00e7\u00e3o r\u00e1pida, indolor e segura, com impactos positivos observados j\u00e1 nas primeiras sess\u00f5es.<\/p>\r\n\r\n\r\n\r\n<p>A chegada da REAC Ativa Cl\u00ednica a Natal representa um avan\u00e7o importante para fam\u00edlias em busca de tratamentos eficazes e acess\u00edveis para diferentes condi\u00e7\u00f5es cl\u00ednicas, sobretudo no espectro autista. A REAC atua diretamente na modula\u00e7\u00e3o cerebral, reorganizando os padr\u00f5es neurol\u00f3gicos e trazendo ganhos significativos para o desenvolvimento, concentra\u00e7\u00e3o, regula\u00e7\u00e3o emocional e autonomia dos pacientes de diversas faixas et\u00e1rias.<\/p>\r\n\r\n\r\n\r\n<p>A cerim\u00f4nia de inaugura\u00e7\u00e3o contar\u00e1 com a presen\u00e7a de um dos diretores da tecnologia REAC no Brasil, Weiker Pinheiro, refer\u00eancia nacional na aplica\u00e7\u00e3o e dissemina\u00e7\u00e3o do m\u00e9todo com um projeto que visa a coloca\u00e7\u00e3o de pessoas autistas no mercado de trabalho. A visita refor\u00e7a o compromisso da cl\u00ednica em trazer o que h\u00e1 de mais moderno em neuromodula\u00e7\u00e3o para o p\u00fablico potiguar.<\/p>\r\n\r\n\r\n\r\n<p>Quem tamb\u00e9m estar\u00e1 presente \u00e9 o m\u00e9dico psiquiatra Ricardo Jo\u00e3o Fidelis de Ara\u00fajo, gestor e CEO da Cl\u00ednica MultiN\u00f3s no Recife\/PE, com atua\u00e7\u00e3o destacada h\u00e1 mais de 5 anos. Refer\u00eancia nacional em Neuromodula\u00e7\u00e3o REAC, tecnologia pela qual \u00e9 pioneiro em Pernambuco, possui t\u00edtulo de especialista em psiquiatria pela Sociedade Brasileira de Psiquiatria e especializa\u00e7\u00e3o em atendimento a crian\u00e7as e adolescentes.<\/p>\r\n\r\n\r\n\r\n<p>Com ampla experi\u00eancia cl\u00ednica no cuidado de crian\u00e7as, adultos e idosos, Ricardo se destaca por aplicar abordagens inovadoras e tecnologias avan\u00e7adas no tratamento de transtornos como autismo, TDAH, depress\u00e3o e ansiedade.<\/p>\r\n\r\n\r\n\r\n<p>A REAC Ativa Cl\u00ednica est\u00e1 localizada no bairro do Tirol, em Natal, com estrutura pensada para acolher pacientes de todas as idades em um ambiente humanizado, com atendimentos individualizados e acompanhamento especializado.<\/p>\r\n\r\n\r\n\r\n<p>SERVI\u00c7O:<\/p>\r\n\r\n\r\n\r\n<p>In\u00edcio dos atendimentos: 11 de agosto de 2025 \u2013 segunda-feira<\/p>\r\n\r\n\r\n\r\n<p>Endere\u00e7o: Av. Romualdo Galv\u00e3o, 138, Tirol, Natal\/RN<\/p>\r\n\r\n\r\n\r\n<p>Instagram: @reacativaclinica<\/p>\r\n\r\n\r\n\r\n<p>Mais informa\u00e7\u00f5es: https:\/\/reacativaclinica.com.br<\/p>\r\n","protected":false},"excerpt":{"rendered":"<p>Natal recebe na pr\u00f3xima segunda-feira (11) um espa\u00e7o pioneiro com tecnologia inovadora em sa\u00fade e bem-estar: a inaugura\u00e7\u00e3o da REAC Ativa Cl\u00ednica, especializada em neuromodula\u00e7\u00e3o com a tecnologia REAC \u2013 Radio Electric Asymmetric Conveyer. O local oferece um tratamento inovador e n\u00e3o invasivo, com resultados expressivos em casos de autismo, TDAH, depress\u00e3o, ansiedade, estresse cr\u00f4nico, [&hellip;]<\/p>\n","protected":false},"author":1,"featured_media":16878,"comment_status":"open","ping_status":"open","sticky":false,"template":"","format":"standard","meta":{"cybocfi_hide_featured_image":"","_jetpack_memberships_contains_paid_content":false,"footnotes":""},"categories":[1],"tags":[],"class_list":["post-16879","post","type-post","status-publish","format-standard","has-post-thumbnail","hentry","category-diversos"],"yoast_head":"<!-- This site is optimized with the Yoast SEO plugin v25.6 - https:\/\/yoast.com\/wordpress\/plugins\/seo\/ -->\n<title>REAC Ativa Cl\u00ednica inaugura unidade em Natal com tecnologia inovadora para autismo, TDAH e dist\u00farbios do neurodesenvolvimento - Blog do Bispo<\/title>\n<meta name=\"robots\" content=\"index, follow, max-snippet:-1, max-image-preview:large, max-video-preview:-1\" \/>\n<link rel=\"canonical\" href=\"https:\/\/blogdobispo.com.br\/?p=16879\" \/>\n<meta property=\"og:locale\" content=\"pt_BR\" \/>\n<meta property=\"og:type\" content=\"article\" \/>\n<meta property=\"og:title\" content=\"REAC Ativa Cl\u00ednica inaugura unidade em Natal com tecnologia inovadora para autismo, TDAH e dist\u00farbios do neurodesenvolvimento - Blog do Bispo\" \/>\n<meta property=\"og:description\" content=\"Natal recebe na pr\u00f3xima segunda-feira (11) um espa\u00e7o pioneiro com tecnologia inovadora em sa\u00fade e bem-estar: a inaugura\u00e7\u00e3o da REAC Ativa Cl\u00ednica, especializada em neuromodula\u00e7\u00e3o com a tecnologia REAC \u2013 Radio Electric Asymmetric Conveyer. O local oferece um tratamento inovador e n\u00e3o invasivo, com resultados expressivos em casos de autismo, TDAH, depress\u00e3o, ansiedade, estresse cr\u00f4nico, [&hellip;]\" \/>\n<meta property=\"og:url\" content=\"https:\/\/blogdobispo.com.br\/?p=16879\" \/>\n<meta property=\"og:site_name\" content=\"Blog do Bispo\" \/>\n<meta property=\"article:published_time\" content=\"2025-08-08T22:54:04+00:00\" \/>\n<meta property=\"article:modified_time\" content=\"2025-08-09T19:39:09+00:00\" \/>\n<meta property=\"og:image\" content=\"https:\/\/i0.wp.com\/blogdobispo.com.br\/wp-content\/uploads\/2025\/08\/6f32ed3f-6934-4bd7-bbe4-1a83be9db77f.jpg?fit=1027%2C1280&ssl=1\" \/>\n\t<meta property=\"og:image:width\" content=\"1027\" \/>\n\t<meta property=\"og:image:height\" content=\"1280\" \/>\n\t<meta property=\"og:image:type\" content=\"image\/jpeg\" \/>\n<meta name=\"author\" content=\"Jefferson Sterfeno\" \/>\n<meta name=\"twitter:card\" content=\"summary_large_image\" \/>\n<meta name=\"twitter:label1\" content=\"Escrito por\" \/>\n\t<meta name=\"twitter:data1\" content=\"Jefferson Sterfeno\" \/>\n\t<meta name=\"twitter:label2\" content=\"Est. tempo de leitura\" \/>\n\t<meta name=\"twitter:data2\" content=\"3 minutos\" \/>\n<script type=\"application\/ld+json\" class=\"yoast-schema-graph\">{\"@context\":\"https:\/\/schema.org\",\"@graph\":[{\"@type\":\"Article\",\"@id\":\"https:\/\/blogdobispo.com.br\/?p=16879#article\",\"isPartOf\":{\"@id\":\"https:\/\/blogdobispo.com.br\/?p=16879\"},\"author\":{\"name\":\"Jefferson Sterfeno\",\"@id\":\"https:\/\/blogdobispo.com.br\/#\/schema\/person\/e2209cc0e6cea5c5233d033e997b373f\"},\"headline\":\"REAC Ativa Cl\u00ednica inaugura unidade em Natal com tecnologia inovadora para autismo, TDAH e dist\u00farbios do neurodesenvolvimento\",\"datePublished\":\"2025-08-08T22:54:04+00:00\",\"dateModified\":\"2025-08-09T19:39:09+00:00\",\"mainEntityOfPage\":{\"@id\":\"https:\/\/blogdobispo.com.br\/?p=16879\"},\"wordCount\":474,\"commentCount\":0,\"publisher\":{\"@id\":\"https:\/\/blogdobispo.com.br\/#organization\"},\"image\":{\"@id\":\"https:\/\/blogdobispo.com.br\/?p=16879#primaryimage\"},\"thumbnailUrl\":\"https:\/\/i0.wp.com\/blogdobispo.com.br\/wp-content\/uploads\/2025\/08\/6f32ed3f-6934-4bd7-bbe4-1a83be9db77f.jpg?fit=1027%2C1280&ssl=1\",\"articleSection\":[\"diversos\"],\"inLanguage\":\"pt-BR\",\"potentialAction\":[{\"@type\":\"CommentAction\",\"name\":\"Comment\",\"target\":[\"https:\/\/blogdobispo.com.br\/?p=16879#respond\"]}]},{\"@type\":\"WebPage\",\"@id\":\"https:\/\/blogdobispo.com.br\/?p=16879\",\"url\":\"https:\/\/blogdobispo.com.br\/?p=16879\",\"name\":\"REAC Ativa Cl\u00ednica inaugura unidade em Natal com tecnologia inovadora para autismo, TDAH e dist\u00farbios do neurodesenvolvimento - Blog do Bispo\",\"isPartOf\":{\"@id\":\"https:\/\/blogdobispo.com.br\/#website\"},\"primaryImageOfPage\":{\"@id\":\"https:\/\/blogdobispo.com.br\/?p=16879#primaryimage\"},\"image\":{\"@id\":\"https:\/\/blogdobispo.com.br\/?p=16879#primaryimage\"},\"thumbnailUrl\":\"https:\/\/i0.wp.com\/blogdobispo.com.br\/wp-content\/uploads\/2025\/08\/6f32ed3f-6934-4bd7-bbe4-1a83be9db77f.jpg?fit=1027%2C1280&ssl=1\",\"datePublished\":\"2025-08-08T22:54:04+00:00\",\"dateModified\":\"2025-08-09T19:39:09+00:00\",\"breadcrumb\":{\"@id\":\"https:\/\/blogdobispo.com.br\/?p=16879#breadcrumb\"},\"inLanguage\":\"pt-BR\",\"potentialAction\":[{\"@type\":\"ReadAction\",\"target\":[\"https:\/\/blogdobispo.com.br\/?p=16879\"]}]},{\"@type\":\"ImageObject\",\"inLanguage\":\"pt-BR\",\"@id\":\"https:\/\/blogdobispo.com.br\/?p=16879#primaryimage\",\"url\":\"https:\/\/i0.wp.com\/blogdobispo.com.br\/wp-content\/uploads\/2025\/08\/6f32ed3f-6934-4bd7-bbe4-1a83be9db77f.jpg?fit=1027%2C1280&ssl=1\",\"contentUrl\":\"https:\/\/i0.wp.com\/blogdobispo.com.br\/wp-content\/uploads\/2025\/08\/6f32ed3f-6934-4bd7-bbe4-1a83be9db77f.jpg?fit=1027%2C1280&ssl=1\",\"width\":1027,\"height\":1280},{\"@type\":\"BreadcrumbList\",\"@id\":\"https:\/\/blogdobispo.com.br\/?p=16879#breadcrumb\",\"itemListElement\":[{\"@type\":\"ListItem\",\"position\":1,\"name\":\"In\u00edcio\",\"item\":\"https:\/\/blogdobispo.com.br\/\"},{\"@type\":\"ListItem\",\"position\":2,\"name\":\"REAC Ativa Cl\u00ednica inaugura unidade em Natal com tecnologia inovadora para autismo, TDAH e dist\u00farbios do neurodesenvolvimento\"}]},{\"@type\":\"WebSite\",\"@id\":\"https:\/\/blogdobispo.com.br\/#website\",\"url\":\"https:\/\/blogdobispo.com.br\/\",\"name\":\"Blog do Bispo\",\"description\":\"Comprometido apenas com o leitor\",\"publisher\":{\"@id\":\"https:\/\/blogdobispo.com.br\/#organization\"},\"potentialAction\":[{\"@type\":\"SearchAction\",\"target\":{\"@type\":\"EntryPoint\",\"urlTemplate\":\"https:\/\/blogdobispo.com.br\/?s={search_term_string}\"},\"query-input\":{\"@type\":\"PropertyValueSpecification\",\"valueRequired\":true,\"valueName\":\"search_term_string\"}}],\"inLanguage\":\"pt-BR\"},{\"@type\":\"Organization\",\"@id\":\"https:\/\/blogdobispo.com.br\/#organization\",\"name\":\"Blog do Bispo\",\"url\":\"https:\/\/blogdobispo.com.br\/\",\"logo\":{\"@type\":\"ImageObject\",\"inLanguage\":\"pt-BR\",\"@id\":\"https:\/\/blogdobispo.com.br\/#\/schema\/logo\/image\/\",\"url\":\"http:\/\/blogdobispo.com.br\/wp-content\/uploads\/2023\/05\/cropped-headear.png\",\"contentUrl\":\"http:\/\/blogdobispo.com.br\/wp-content\/uploads\/2023\/05\/cropped-headear.png\",\"width\":1500,\"height\":399,\"caption\":\"Blog do Bispo\"},\"image\":{\"@id\":\"https:\/\/blogdobispo.com.br\/#\/schema\/logo\/image\/\"}},{\"@type\":\"Person\",\"@id\":\"https:\/\/blogdobispo.com.br\/#\/schema\/person\/e2209cc0e6cea5c5233d033e997b373f\",\"name\":\"Jefferson Sterfeno\",\"image\":{\"@type\":\"ImageObject\",\"inLanguage\":\"pt-BR\",\"@id\":\"https:\/\/blogdobispo.com.br\/#\/schema\/person\/image\/\",\"url\":\"https:\/\/secure.gravatar.com\/avatar\/0534e84764641168a677026b6d57a3f51dc7ac4db0b4f6186d9cb330d4ee1160?s=96&d=mm&r=g\",\"contentUrl\":\"https:\/\/secure.gravatar.com\/avatar\/0534e84764641168a677026b6d57a3f51dc7ac4db0b4f6186d9cb330d4ee1160?s=96&d=mm&r=g\",\"caption\":\"Jefferson Sterfeno\"},\"sameAs\":[\"http:\/\/blogdobispo.com.br\"],\"url\":\"https:\/\/blogdobispo.com.br\/?author=1\"}]}<\/script>\n<!-- \/ Yoast SEO plugin. -->","yoast_head_json":{"title":"REAC Ativa Cl\u00ednica inaugura unidade em Natal com tecnologia inovadora para autismo, TDAH e dist\u00farbios do neurodesenvolvimento - Blog do Bispo","robots":{"index":"index","follow":"follow","max-snippet":"max-snippet:-1","max-image-preview":"max-image-preview:large","max-video-preview":"max-video-preview:-1"},"canonical":"https:\/\/blogdobispo.com.br\/?p=16879","og_locale":"pt_BR","og_type":"article","og_title":"REAC Ativa Cl\u00ednica inaugura unidade em Natal com tecnologia inovadora para autismo, TDAH e dist\u00farbios do neurodesenvolvimento - Blog do Bispo","og_description":"Natal recebe na pr\u00f3xima segunda-feira (11) um espa\u00e7o pioneiro com tecnologia inovadora em sa\u00fade e bem-estar: a inaugura\u00e7\u00e3o da REAC Ativa Cl\u00ednica, especializada em neuromodula\u00e7\u00e3o com a tecnologia REAC \u2013 Radio Electric Asymmetric Conveyer. O local oferece um tratamento inovador e n\u00e3o invasivo, com resultados expressivos em casos de autismo, TDAH, depress\u00e3o, ansiedade, estresse cr\u00f4nico, [&hellip;]","og_url":"https:\/\/blogdobispo.com.br\/?p=16879","og_site_name":"Blog do Bispo","article_published_time":"2025-08-08T22:54:04+00:00","article_modified_time":"2025-08-09T19:39:09+00:00","og_image":[{"width":1027,"height":1280,"url":"https:\/\/i0.wp.com\/blogdobispo.com.br\/wp-content\/uploads\/2025\/08\/6f32ed3f-6934-4bd7-bbe4-1a83be9db77f.jpg?fit=1027%2C1280&ssl=1","type":"image\/jpeg"}],"author":"Jefferson Sterfeno","twitter_card":"summary_large_image","twitter_misc":{"Escrito por":"Jefferson Sterfeno","Est. tempo de leitura":"3 minutos"},"schema":{"@context":"https:\/\/schema.org","@graph":[{"@type":"Article","@id":"https:\/\/blogdobispo.com.br\/?p=16879#article","isPartOf":{"@id":"https:\/\/blogdobispo.com.br\/?p=16879"},"author":{"name":"Jefferson Sterfeno","@id":"https:\/\/blogdobispo.com.br\/#\/schema\/person\/e2209cc0e6cea5c5233d033e997b373f"},"headline":"REAC Ativa Cl\u00ednica inaugura unidade em Natal com tecnologia inovadora para autismo, TDAH e dist\u00farbios do neurodesenvolvimento","datePublished":"2025-08-08T22:54:04+00:00","dateModified":"2025-08-09T19:39:09+00:00","mainEntityOfPage":{"@id":"https:\/\/blogdobispo.com.br\/?p=16879"},"wordCount":474,"commentCount":0,"publisher":{"@id":"https:\/\/blogdobispo.com.br\/#organization"},"image":{"@id":"https:\/\/blogdobispo.com.br\/?p=16879#primaryimage"},"thumbnailUrl":"https:\/\/i0.wp.com\/blogdobispo.com.br\/wp-content\/uploads\/2025\/08\/6f32ed3f-6934-4bd7-bbe4-1a83be9db77f.jpg?fit=1027%2C1280&ssl=1","articleSection":["diversos"],"inLanguage":"pt-BR","potentialAction":[{"@type":"CommentAction","name":"Comment","target":["https:\/\/blogdobispo.com.br\/?p=16879#respond"]}]},{"@type":"WebPage","@id":"https:\/\/blogdobispo.com.br\/?p=16879","url":"https:\/\/blogdobispo.com.br\/?p=16879","name":"REAC Ativa Cl\u00ednica inaugura unidade em Natal com tecnologia inovadora para autismo, TDAH e dist\u00farbios do neurodesenvolvimento - Blog do Bispo","isPartOf":{"@id":"https:\/\/blogdobispo.com.br\/#website"},"primaryImageOfPage":{"@id":"https:\/\/blogdobispo.com.br\/?p=16879#primaryimage"},"image":{"@id":"https:\/\/blogdobispo.com.br\/?p=16879#primaryimage"},"thumbnailUrl":"https:\/\/i0.wp.com\/blogdobispo.com.br\/wp-content\/uploads\/2025\/08\/6f32ed3f-6934-4bd7-bbe4-1a83be9db77f.jpg?fit=1027%2C1280&ssl=1","datePublished":"2025-08-08T22:54:04+00:00","dateModified":"2025-08-09T19:39:09+00:00","breadcrumb":{"@id":"https:\/\/blogdobispo.com.br\/?p=16879#breadcrumb"},"inLanguage":"pt-BR","potentialAction":[{"@type":"ReadAction","target":["https:\/\/blogdobispo.com.br\/?p=16879"]}]},{"@type":"ImageObject","inLanguage":"pt-BR","@id":"https:\/\/blogdobispo.com.br\/?p=16879#primaryimage","url":"https:\/\/i0.wp.com\/blogdobispo.com.br\/wp-content\/uploads\/2025\/08\/6f32ed3f-6934-4bd7-bbe4-1a83be9db77f.jpg?fit=1027%2C1280&ssl=1","contentUrl":"https:\/\/i0.wp.com\/blogdobispo.com.br\/wp-content\/uploads\/2025\/08\/6f32ed3f-6934-4bd7-bbe4-1a83be9db77f.jpg?fit=1027%2C1280&ssl=1","width":1027,"height":1280},{"@type":"BreadcrumbList","@id":"https:\/\/blogdobispo.com.br\/?p=16879#breadcrumb","itemListElement":[{"@type":"ListItem","position":1,"name":"In\u00edcio","item":"https:\/\/blogdobispo.com.br\/"},{"@type":"ListItem","position":2,"name":"REAC Ativa Cl\u00ednica inaugura unidade em Natal com tecnologia inovadora para autismo, TDAH e dist\u00farbios do neurodesenvolvimento"}]},{"@type":"WebSite","@id":"https:\/\/blogdobispo.com.br\/#website","url":"https:\/\/blogdobispo.com.br\/","name":"Blog do Bispo","description":"Comprometido apenas com o leitor","publisher":{"@id":"https:\/\/blogdobispo.com.br\/#organization"},"potentialAction":[{"@type":"SearchAction","target":{"@type":"EntryPoint","urlTemplate":"https:\/\/blogdobispo.com.br\/?s={search_term_string}"},"query-input":{"@type":"PropertyValueSpecification","valueRequired":true,"valueName":"search_term_string"}}],"inLanguage":"pt-BR"},{"@type":"Organization","@id":"https:\/\/blogdobispo.com.br\/#organization","name":"Blog do Bispo","url":"https:\/\/blogdobispo.com.br\/","logo":{"@type":"ImageObject","inLanguage":"pt-BR","@id":"https:\/\/blogdobispo.com.br\/#\/schema\/logo\/image\/","url":"http:\/\/blogdobispo.com.br\/wp-content\/uploads\/2023\/05\/cropped-headear.png","contentUrl":"http:\/\/blogdobispo.com.br\/wp-content\/uploads\/2023\/05\/cropped-headear.png","width":1500,"height":399,"caption":"Blog do Bispo"},"image":{"@id":"https:\/\/blogdobispo.com.br\/#\/schema\/logo\/image\/"}},{"@type":"Person","@id":"https:\/\/blogdobispo.com.br\/#\/schema\/person\/e2209cc0e6cea5c5233d033e997b373f","name":"Jefferson Sterfeno","image":{"@type":"ImageObject","inLanguage":"pt-BR","@id":"https:\/\/blogdobispo.com.br\/#\/schema\/person\/image\/","url":"https:\/\/secure.gravatar.com\/avatar\/0534e84764641168a677026b6d57a3f51dc7ac4db0b4f6186d9cb330d4ee1160?s=96&d=mm&r=g","contentUrl":"https:\/\/secure.gravatar.com\/avatar\/0534e84764641168a677026b6d57a3f51dc7ac4db0b4f6186d9cb330d4ee1160?s=96&d=mm&r=g","caption":"Jefferson Sterfeno"},"sameAs":["http:\/\/blogdobispo.com.br"],"url":"https:\/\/blogdobispo.com.br\/?author=1"}]}},"featured_image_urls":{"full":["https:\/\/i0.wp.com\/blogdobispo.com.br\/wp-content\/uploads\/2025\/08\/6f32ed3f-6934-4bd7-bbe4-1a83be9db77f.jpg?fit=1027%2C1280&ssl=1",1027,1280,false],"thumbnail":["https:\/\/i0.wp.com\/blogdobispo.com.br\/wp-content\/uploads\/2025\/08\/6f32ed3f-6934-4bd7-bbe4-1a83be9db77f.jpg?resize=150%2C150&ssl=1",150,150,true],"medium":["https:\/\/i0.wp.com\/blogdobispo.com.br\/wp-content\/uploads\/2025\/08\/6f32ed3f-6934-4bd7-bbe4-1a83be9db77f.jpg?fit=241%2C300&ssl=1",241,300,true],"medium_large":["https:\/\/i0.wp.com\/blogdobispo.com.br\/wp-content\/uploads\/2025\/08\/6f32ed3f-6934-4bd7-bbe4-1a83be9db77f.jpg?fit=768%2C957&ssl=1",768,957,true],"large":["https:\/\/i0.wp.com\/blogdobispo.com.br\/wp-content\/uploads\/2025\/08\/6f32ed3f-6934-4bd7-bbe4-1a83be9db77f.jpg?fit=800%2C997&ssl=1",800,997,true],"1536x1536":["https:\/\/i0.wp.com\/blogdobispo.com.br\/wp-content\/uploads\/2025\/08\/6f32ed3f-6934-4bd7-bbe4-1a83be9db77f.jpg?fit=1027%2C1280&ssl=1",1027,1280,true],"2048x2048":["https:\/\/i0.wp.com\/blogdobispo.com.br\/wp-content\/uploads\/2025\/08\/6f32ed3f-6934-4bd7-bbe4-1a83be9db77f.jpg?fit=1027%2C1280&ssl=1",1027,1280,true]},"author_info":{"display_name":"Jefferson Sterfeno","author_link":"https:\/\/blogdobispo.com.br\/?author=1"},"category_info":"<a href=\"https:\/\/blogdobispo.com.br\/?cat=1\" rel=\"category\">diversos<\/a>","tag_info":"diversos","comment_count":"0","jetpack_featured_media_url":"https:\/\/i0.wp.com\/blogdobispo.com.br\/wp-content\/uploads\/2025\/08\/6f32ed3f-6934-4bd7-bbe4-1a83be9db77f.jpg?fit=1027%2C1280&ssl=1","jetpack_sharing_enabled":true,"_links":{"self":[{"href":"https:\/\/blogdobispo.com.br\/index.php?rest_route=\/wp\/v2\/posts\/16879","targetHints":{"allow":["GET"]}}],"collection":[{"href":"https:\/\/blogdobispo.com.br\/index.php?rest_route=\/wp\/v2\/posts"}],"about":[{"href":"https:\/\/blogdobispo.com.br\/index.php?rest_route=\/wp\/v2\/types\/post"}],"author":[{"embeddable":true,"href":"https:\/\/blogdobispo.com.br\/index.php?rest_route=\/wp\/v2\/users\/1"}],"replies":[{"embeddable":true,"href":"https:\/\/blogdobispo.com.br\/index.php?rest_route=%2Fwp%2Fv2%2Fcomments&post=16879"}],"version-history":[{"count":1,"href":"https:\/\/blogdobispo.com.br\/index.php?rest_route=\/wp\/v2\/posts\/16879\/revisions"}],"predecessor-version":[{"id":16883,"href":"https:\/\/blogdobispo.com.br\/index.php?rest_route=\/wp\/v2\/posts\/16879\/revisions\/16883"}],"wp:featuredmedia":[{"embeddable":true,"href":"https:\/\/blogdobispo.com.br\/index.php?rest_route=\/wp\/v2\/media\/16878"}],"wp:attachment":[{"href":"https:\/\/blogdobispo.com.br\/index.php?rest_route=%2Fwp%2Fv2%2Fmedia&parent=16879"}],"wp:term":[{"taxonomy":"category","embeddable":true,"href":"https:\/\/blogdobispo.com.br\/index.php?rest_route=%2Fwp%2Fv2%2Fcategories&post=16879"},{"taxonomy":"post_tag","embeddable":true,"href":"https:\/\/blogdobispo.com.br\/index.php?rest_route=%2Fwp%2Fv2%2Ftags&post=16879"}],"curies":[{"name":"wp","href":"https:\/\/api.w.org\/{rel}","templated":true}]}}