{"id":16872,"date":"2025-08-08T12:01:38","date_gmt":"2025-08-08T12:01:38","guid":{"rendered":"https:\/\/blogdobispo.com.br\/projeto-de-autoria-do-vereador-kleber-fernandes-garantira-mais-respeito-e-acessibilidade-no-transporte-publico-de-natal\/"},"modified":"2025-08-08T12:01:38","modified_gmt":"2025-08-08T12:01:38","slug":"projeto-de-autoria-do-vereador-kleber-fernandes-garantira-mais-respeito-e-acessibilidade-no-transporte-publico-de-natal","status":"publish","type":"post","link":"https:\/\/blogdobispo.com.br\/?p=16872","title":{"rendered":"Projeto de autoria do vereador Kleber Fernandes garantir\u00e1 mais respeito e acessibilidade no transporte p\u00fablico de Natal"},"content":{"rendered":"\n<figure class=\"wp-block-image size-large\"><img data-recalc-dims=\"1\" fetchpriority=\"high\" decoding=\"async\" width=\"800\" height=\"545\" src=\"https:\/\/i0.wp.com\/blogdobispo.com.br\/wp-content\/uploads\/2025\/08\/423d52dd-35b6-49c1-b711-4e3e1cf1cca8-1024x698.jpg?resize=800%2C545&#038;ssl=1\" class=\"wp-image-16871\" srcset=\"https:\/\/i0.wp.com\/blogdobispo.com.br\/wp-content\/uploads\/2025\/08\/423d52dd-35b6-49c1-b711-4e3e1cf1cca8.jpg?resize=1024%2C698&amp;ssl=1 1024w, https:\/\/i0.wp.com\/blogdobispo.com.br\/wp-content\/uploads\/2025\/08\/423d52dd-35b6-49c1-b711-4e3e1cf1cca8.jpg?resize=300%2C205&amp;ssl=1 300w, https:\/\/i0.wp.com\/blogdobispo.com.br\/wp-content\/uploads\/2025\/08\/423d52dd-35b6-49c1-b711-4e3e1cf1cca8.jpg?resize=768%2C524&amp;ssl=1 768w, https:\/\/i0.wp.com\/blogdobispo.com.br\/wp-content\/uploads\/2025\/08\/423d52dd-35b6-49c1-b711-4e3e1cf1cca8.jpg?resize=1536%2C1047&amp;ssl=1 1536w, https:\/\/i0.wp.com\/blogdobispo.com.br\/wp-content\/uploads\/2025\/08\/423d52dd-35b6-49c1-b711-4e3e1cf1cca8.jpg?w=1600&amp;ssl=1 1600w\" sizes=\"(max-width: 800px) 100vw, 800px\" \/><\/figure>\n\n\n\n<p><\/p>\n\n\n\n<p>Foi aprovado nesta semana, no plen\u00e1rio da C\u00e2mara Municipal de Natal, o projeto de lei de autoria do vereador Kleber Fernandes (Republicanos) que obriga as empresas de transporte p\u00fablico da capital potiguar a promoverem treinamento espec\u00edfico para todos os seus colaboradores, com foco no atendimento adequado \u00e0s pessoas com defici\u00eancia ou mobilidade reduzida.<\/p>\n\n\n\n<p>A nova lei determina que as empresas t\u00eam 180 dias para capacitar os funcion\u00e1rios j\u00e1 contratados, e um prazo de 30 dias para treinar os que forem admitidos ap\u00f3s esse per\u00edodo. O conte\u00fado do treinamento deve seguir as diretrizes da Lei Brasileira de Inclus\u00e3o da Pessoa com Defici\u00eancia (Lei Federal 13.146\/2015), especialmente no que diz respeito ao direito ao transporte e \u00e0 mobilidade.<\/p>\n\n\n\n<p>Para o parlamentar, a medida \u00e9 um avan\u00e7o concreto na garantia de direitos b\u00e1sicos para uma parcela significativa da popula\u00e7\u00e3o. \u201cA acessibilidade n\u00e3o pode ser apenas sobre rampas ou elevadores nos \u00f4nibus. \u00c9 tamb\u00e9m sobre atitude, respeito e preparo humano para lidar com as necessidades de quem depende do transporte p\u00fablico diariamente. Esse projeto \u00e9 um passo importante para transformar o servi\u00e7o e torn\u00e1-lo mais justo, acolhedor e digno para todos\u201d, destacou.<\/p>\n\n\n\n<p>Ainda de acordo com Kleber, \u201ca nova legisla\u00e7\u00e3o vai ao encontro de uma cidade mais moderna e sens\u00edvel \u00e0 diversidade, promovendo o treinamento cont\u00ednuo dos operadores do sistema de transporte e estimulando uma cultura de empatia e responsabilidade social no atendimento ao p\u00fablico\u201d, disse.<\/p>\n\n\n\n<p>Al\u00e9m de contribuir para uma cidade mais inclusiva e acess\u00edvel, a proposta prev\u00ea san\u00e7\u00f5es para as empresas que descumprirem a norma, com multas ajustadas de acordo com a gravidade da infra\u00e7\u00e3o e o porte da empresa. O documento cita ainda que a fiscaliza\u00e7\u00e3o do cumprimento da nova lei caber\u00e1 aos \u00f3rg\u00e3os da Administra\u00e7\u00e3o P\u00fablica respons\u00e1veis pela regula\u00e7\u00e3o do sistema de transporte da cidade. O projeto agora segue para a san\u00e7\u00e3o do prefeito Paulinho Freire.<\/p>\n","protected":false},"excerpt":{"rendered":"<p>Foi aprovado nesta semana, no plen\u00e1rio da C\u00e2mara Municipal de Natal, o projeto de lei de autoria do vereador Kleber Fernandes (Republicanos) que obriga as empresas de transporte p\u00fablico da capital potiguar a promoverem treinamento espec\u00edfico para todos os seus colaboradores, com foco no atendimento adequado \u00e0s pessoas com defici\u00eancia ou mobilidade reduzida. A nova [&hellip;]<\/p>\n","protected":false},"author":1,"featured_media":0,"comment_status":"open","ping_status":"open","sticky":false,"template":"","format":"standard","meta":{"cybocfi_hide_featured_image":"","_jetpack_memberships_contains_paid_content":false,"footnotes":""},"categories":[1],"tags":[],"class_list":["post-16872","post","type-post","status-publish","format-standard","hentry","category-diversos"],"yoast_head":"<!-- This site is optimized with the Yoast SEO plugin v25.6 - https:\/\/yoast.com\/wordpress\/plugins\/seo\/ -->\n<title>Projeto de autoria do vereador Kleber Fernandes garantir\u00e1 mais respeito e acessibilidade no transporte p\u00fablico de Natal - Blog do Bispo<\/title>\n<meta name=\"robots\" content=\"index, follow, max-snippet:-1, max-image-preview:large, max-video-preview:-1\" \/>\n<link rel=\"canonical\" href=\"https:\/\/blogdobispo.com.br\/?p=16872\" \/>\n<meta property=\"og:locale\" content=\"pt_BR\" \/>\n<meta property=\"og:type\" content=\"article\" \/>\n<meta property=\"og:title\" content=\"Projeto de autoria do vereador Kleber Fernandes garantir\u00e1 mais respeito e acessibilidade no transporte p\u00fablico de Natal - Blog do Bispo\" \/>\n<meta property=\"og:description\" content=\"Foi aprovado nesta semana, no plen\u00e1rio da C\u00e2mara Municipal de Natal, o projeto de lei de autoria do vereador Kleber Fernandes (Republicanos) que obriga as empresas de transporte p\u00fablico da capital potiguar a promoverem treinamento espec\u00edfico para todos os seus colaboradores, com foco no atendimento adequado \u00e0s pessoas com defici\u00eancia ou mobilidade reduzida. A nova [&hellip;]\" \/>\n<meta property=\"og:url\" content=\"https:\/\/blogdobispo.com.br\/?p=16872\" \/>\n<meta property=\"og:site_name\" content=\"Blog do Bispo\" \/>\n<meta property=\"article:published_time\" content=\"2025-08-08T12:01:38+00:00\" \/>\n<meta property=\"og:image\" content=\"https:\/\/blogdobispo.com.br\/wp-content\/uploads\/2025\/08\/423d52dd-35b6-49c1-b711-4e3e1cf1cca8-1024x698.jpg\" \/>\n<meta name=\"author\" content=\"Jefferson Sterfeno\" \/>\n<meta name=\"twitter:card\" content=\"summary_large_image\" \/>\n<meta name=\"twitter:label1\" content=\"Escrito por\" \/>\n\t<meta name=\"twitter:data1\" content=\"Jefferson Sterfeno\" \/>\n\t<meta name=\"twitter:label2\" content=\"Est. tempo de leitura\" \/>\n\t<meta name=\"twitter:data2\" content=\"2 minutos\" \/>\n<script type=\"application\/ld+json\" class=\"yoast-schema-graph\">{\"@context\":\"https:\/\/schema.org\",\"@graph\":[{\"@type\":\"Article\",\"@id\":\"https:\/\/blogdobispo.com.br\/?p=16872#article\",\"isPartOf\":{\"@id\":\"https:\/\/blogdobispo.com.br\/?p=16872\"},\"author\":{\"name\":\"Jefferson Sterfeno\",\"@id\":\"https:\/\/blogdobispo.com.br\/#\/schema\/person\/e2209cc0e6cea5c5233d033e997b373f\"},\"headline\":\"Projeto de autoria do vereador Kleber Fernandes garantir\u00e1 mais respeito e acessibilidade no transporte p\u00fablico de Natal\",\"datePublished\":\"2025-08-08T12:01:38+00:00\",\"mainEntityOfPage\":{\"@id\":\"https:\/\/blogdobispo.com.br\/?p=16872\"},\"wordCount\":351,\"commentCount\":0,\"publisher\":{\"@id\":\"https:\/\/blogdobispo.com.br\/#organization\"},\"image\":{\"@id\":\"https:\/\/blogdobispo.com.br\/?p=16872#primaryimage\"},\"thumbnailUrl\":\"https:\/\/blogdobispo.com.br\/wp-content\/uploads\/2025\/08\/423d52dd-35b6-49c1-b711-4e3e1cf1cca8-1024x698.jpg\",\"articleSection\":[\"diversos\"],\"inLanguage\":\"pt-BR\",\"potentialAction\":[{\"@type\":\"CommentAction\",\"name\":\"Comment\",\"target\":[\"https:\/\/blogdobispo.com.br\/?p=16872#respond\"]}]},{\"@type\":\"WebPage\",\"@id\":\"https:\/\/blogdobispo.com.br\/?p=16872\",\"url\":\"https:\/\/blogdobispo.com.br\/?p=16872\",\"name\":\"Projeto de autoria do vereador Kleber Fernandes garantir\u00e1 mais respeito e acessibilidade no transporte p\u00fablico de Natal - Blog do Bispo\",\"isPartOf\":{\"@id\":\"https:\/\/blogdobispo.com.br\/#website\"},\"primaryImageOfPage\":{\"@id\":\"https:\/\/blogdobispo.com.br\/?p=16872#primaryimage\"},\"image\":{\"@id\":\"https:\/\/blogdobispo.com.br\/?p=16872#primaryimage\"},\"thumbnailUrl\":\"https:\/\/blogdobispo.com.br\/wp-content\/uploads\/2025\/08\/423d52dd-35b6-49c1-b711-4e3e1cf1cca8-1024x698.jpg\",\"datePublished\":\"2025-08-08T12:01:38+00:00\",\"breadcrumb\":{\"@id\":\"https:\/\/blogdobispo.com.br\/?p=16872#breadcrumb\"},\"inLanguage\":\"pt-BR\",\"potentialAction\":[{\"@type\":\"ReadAction\",\"target\":[\"https:\/\/blogdobispo.com.br\/?p=16872\"]}]},{\"@type\":\"ImageObject\",\"inLanguage\":\"pt-BR\",\"@id\":\"https:\/\/blogdobispo.com.br\/?p=16872#primaryimage\",\"url\":\"https:\/\/blogdobispo.com.br\/wp-content\/uploads\/2025\/08\/423d52dd-35b6-49c1-b711-4e3e1cf1cca8-1024x698.jpg\",\"contentUrl\":\"https:\/\/blogdobispo.com.br\/wp-content\/uploads\/2025\/08\/423d52dd-35b6-49c1-b711-4e3e1cf1cca8-1024x698.jpg\"},{\"@type\":\"BreadcrumbList\",\"@id\":\"https:\/\/blogdobispo.com.br\/?p=16872#breadcrumb\",\"itemListElement\":[{\"@type\":\"ListItem\",\"position\":1,\"name\":\"In\u00edcio\",\"item\":\"https:\/\/blogdobispo.com.br\/\"},{\"@type\":\"ListItem\",\"position\":2,\"name\":\"Projeto de autoria do vereador Kleber Fernandes garantir\u00e1 mais respeito e acessibilidade no transporte p\u00fablico de Natal\"}]},{\"@type\":\"WebSite\",\"@id\":\"https:\/\/blogdobispo.com.br\/#website\",\"url\":\"https:\/\/blogdobispo.com.br\/\",\"name\":\"Blog do Bispo\",\"description\":\"Comprometido apenas com o leitor\",\"publisher\":{\"@id\":\"https:\/\/blogdobispo.com.br\/#organization\"},\"potentialAction\":[{\"@type\":\"SearchAction\",\"target\":{\"@type\":\"EntryPoint\",\"urlTemplate\":\"https:\/\/blogdobispo.com.br\/?s={search_term_string}\"},\"query-input\":{\"@type\":\"PropertyValueSpecification\",\"valueRequired\":true,\"valueName\":\"search_term_string\"}}],\"inLanguage\":\"pt-BR\"},{\"@type\":\"Organization\",\"@id\":\"https:\/\/blogdobispo.com.br\/#organization\",\"name\":\"Blog do Bispo\",\"url\":\"https:\/\/blogdobispo.com.br\/\",\"logo\":{\"@type\":\"ImageObject\",\"inLanguage\":\"pt-BR\",\"@id\":\"https:\/\/blogdobispo.com.br\/#\/schema\/logo\/image\/\",\"url\":\"http:\/\/blogdobispo.com.br\/wp-content\/uploads\/2023\/05\/cropped-headear.png\",\"contentUrl\":\"http:\/\/blogdobispo.com.br\/wp-content\/uploads\/2023\/05\/cropped-headear.png\",\"width\":1500,\"height\":399,\"caption\":\"Blog do Bispo\"},\"image\":{\"@id\":\"https:\/\/blogdobispo.com.br\/#\/schema\/logo\/image\/\"}},{\"@type\":\"Person\",\"@id\":\"https:\/\/blogdobispo.com.br\/#\/schema\/person\/e2209cc0e6cea5c5233d033e997b373f\",\"name\":\"Jefferson Sterfeno\",\"image\":{\"@type\":\"ImageObject\",\"inLanguage\":\"pt-BR\",\"@id\":\"https:\/\/blogdobispo.com.br\/#\/schema\/person\/image\/\",\"url\":\"https:\/\/secure.gravatar.com\/avatar\/0534e84764641168a677026b6d57a3f51dc7ac4db0b4f6186d9cb330d4ee1160?s=96&d=mm&r=g\",\"contentUrl\":\"https:\/\/secure.gravatar.com\/avatar\/0534e84764641168a677026b6d57a3f51dc7ac4db0b4f6186d9cb330d4ee1160?s=96&d=mm&r=g\",\"caption\":\"Jefferson Sterfeno\"},\"sameAs\":[\"http:\/\/blogdobispo.com.br\"],\"url\":\"https:\/\/blogdobispo.com.br\/?author=1\"}]}<\/script>\n<!-- \/ Yoast SEO plugin. -->","yoast_head_json":{"title":"Projeto de autoria do vereador Kleber Fernandes garantir\u00e1 mais respeito e acessibilidade no transporte p\u00fablico de Natal - Blog do Bispo","robots":{"index":"index","follow":"follow","max-snippet":"max-snippet:-1","max-image-preview":"max-image-preview:large","max-video-preview":"max-video-preview:-1"},"canonical":"https:\/\/blogdobispo.com.br\/?p=16872","og_locale":"pt_BR","og_type":"article","og_title":"Projeto de autoria do vereador Kleber Fernandes garantir\u00e1 mais respeito e acessibilidade no transporte p\u00fablico de Natal - Blog do Bispo","og_description":"Foi aprovado nesta semana, no plen\u00e1rio da C\u00e2mara Municipal de Natal, o projeto de lei de autoria do vereador Kleber Fernandes (Republicanos) que obriga as empresas de transporte p\u00fablico da capital potiguar a promoverem treinamento espec\u00edfico para todos os seus colaboradores, com foco no atendimento adequado \u00e0s pessoas com defici\u00eancia ou mobilidade reduzida. A nova [&hellip;]","og_url":"https:\/\/blogdobispo.com.br\/?p=16872","og_site_name":"Blog do Bispo","article_published_time":"2025-08-08T12:01:38+00:00","og_image":[{"url":"https:\/\/blogdobispo.com.br\/wp-content\/uploads\/2025\/08\/423d52dd-35b6-49c1-b711-4e3e1cf1cca8-1024x698.jpg","type":"","width":"","height":""}],"author":"Jefferson Sterfeno","twitter_card":"summary_large_image","twitter_misc":{"Escrito por":"Jefferson Sterfeno","Est. tempo de leitura":"2 minutos"},"schema":{"@context":"https:\/\/schema.org","@graph":[{"@type":"Article","@id":"https:\/\/blogdobispo.com.br\/?p=16872#article","isPartOf":{"@id":"https:\/\/blogdobispo.com.br\/?p=16872"},"author":{"name":"Jefferson Sterfeno","@id":"https:\/\/blogdobispo.com.br\/#\/schema\/person\/e2209cc0e6cea5c5233d033e997b373f"},"headline":"Projeto de autoria do vereador Kleber Fernandes garantir\u00e1 mais respeito e acessibilidade no transporte p\u00fablico de Natal","datePublished":"2025-08-08T12:01:38+00:00","mainEntityOfPage":{"@id":"https:\/\/blogdobispo.com.br\/?p=16872"},"wordCount":351,"commentCount":0,"publisher":{"@id":"https:\/\/blogdobispo.com.br\/#organization"},"image":{"@id":"https:\/\/blogdobispo.com.br\/?p=16872#primaryimage"},"thumbnailUrl":"https:\/\/blogdobispo.com.br\/wp-content\/uploads\/2025\/08\/423d52dd-35b6-49c1-b711-4e3e1cf1cca8-1024x698.jpg","articleSection":["diversos"],"inLanguage":"pt-BR","potentialAction":[{"@type":"CommentAction","name":"Comment","target":["https:\/\/blogdobispo.com.br\/?p=16872#respond"]}]},{"@type":"WebPage","@id":"https:\/\/blogdobispo.com.br\/?p=16872","url":"https:\/\/blogdobispo.com.br\/?p=16872","name":"Projeto de autoria do vereador Kleber Fernandes garantir\u00e1 mais respeito e acessibilidade no transporte p\u00fablico de Natal - Blog do Bispo","isPartOf":{"@id":"https:\/\/blogdobispo.com.br\/#website"},"primaryImageOfPage":{"@id":"https:\/\/blogdobispo.com.br\/?p=16872#primaryimage"},"image":{"@id":"https:\/\/blogdobispo.com.br\/?p=16872#primaryimage"},"thumbnailUrl":"https:\/\/blogdobispo.com.br\/wp-content\/uploads\/2025\/08\/423d52dd-35b6-49c1-b711-4e3e1cf1cca8-1024x698.jpg","datePublished":"2025-08-08T12:01:38+00:00","breadcrumb":{"@id":"https:\/\/blogdobispo.com.br\/?p=16872#breadcrumb"},"inLanguage":"pt-BR","potentialAction":[{"@type":"ReadAction","target":["https:\/\/blogdobispo.com.br\/?p=16872"]}]},{"@type":"ImageObject","inLanguage":"pt-BR","@id":"https:\/\/blogdobispo.com.br\/?p=16872#primaryimage","url":"https:\/\/blogdobispo.com.br\/wp-content\/uploads\/2025\/08\/423d52dd-35b6-49c1-b711-4e3e1cf1cca8-1024x698.jpg","contentUrl":"https:\/\/blogdobispo.com.br\/wp-content\/uploads\/2025\/08\/423d52dd-35b6-49c1-b711-4e3e1cf1cca8-1024x698.jpg"},{"@type":"BreadcrumbList","@id":"https:\/\/blogdobispo.com.br\/?p=16872#breadcrumb","itemListElement":[{"@type":"ListItem","position":1,"name":"In\u00edcio","item":"https:\/\/blogdobispo.com.br\/"},{"@type":"ListItem","position":2,"name":"Projeto de autoria do vereador Kleber Fernandes garantir\u00e1 mais respeito e acessibilidade no transporte p\u00fablico de Natal"}]},{"@type":"WebSite","@id":"https:\/\/blogdobispo.com.br\/#website","url":"https:\/\/blogdobispo.com.br\/","name":"Blog do Bispo","description":"Comprometido apenas com o leitor","publisher":{"@id":"https:\/\/blogdobispo.com.br\/#organization"},"potentialAction":[{"@type":"SearchAction","target":{"@type":"EntryPoint","urlTemplate":"https:\/\/blogdobispo.com.br\/?s={search_term_string}"},"query-input":{"@type":"PropertyValueSpecification","valueRequired":true,"valueName":"search_term_string"}}],"inLanguage":"pt-BR"},{"@type":"Organization","@id":"https:\/\/blogdobispo.com.br\/#organization","name":"Blog do Bispo","url":"https:\/\/blogdobispo.com.br\/","logo":{"@type":"ImageObject","inLanguage":"pt-BR","@id":"https:\/\/blogdobispo.com.br\/#\/schema\/logo\/image\/","url":"http:\/\/blogdobispo.com.br\/wp-content\/uploads\/2023\/05\/cropped-headear.png","contentUrl":"http:\/\/blogdobispo.com.br\/wp-content\/uploads\/2023\/05\/cropped-headear.png","width":1500,"height":399,"caption":"Blog do Bispo"},"image":{"@id":"https:\/\/blogdobispo.com.br\/#\/schema\/logo\/image\/"}},{"@type":"Person","@id":"https:\/\/blogdobispo.com.br\/#\/schema\/person\/e2209cc0e6cea5c5233d033e997b373f","name":"Jefferson Sterfeno","image":{"@type":"ImageObject","inLanguage":"pt-BR","@id":"https:\/\/blogdobispo.com.br\/#\/schema\/person\/image\/","url":"https:\/\/secure.gravatar.com\/avatar\/0534e84764641168a677026b6d57a3f51dc7ac4db0b4f6186d9cb330d4ee1160?s=96&d=mm&r=g","contentUrl":"https:\/\/secure.gravatar.com\/avatar\/0534e84764641168a677026b6d57a3f51dc7ac4db0b4f6186d9cb330d4ee1160?s=96&d=mm&r=g","caption":"Jefferson Sterfeno"},"sameAs":["http:\/\/blogdobispo.com.br"],"url":"https:\/\/blogdobispo.com.br\/?author=1"}]}},"featured_image_urls":{"full":"","thumbnail":"","medium":"","medium_large":"","large":"","1536x1536":"","2048x2048":""},"author_info":{"display_name":"Jefferson Sterfeno","author_link":"https:\/\/blogdobispo.com.br\/?author=1"},"category_info":"<a href=\"https:\/\/blogdobispo.com.br\/?cat=1\" rel=\"category\">diversos<\/a>","tag_info":"diversos","comment_count":"0","jetpack_featured_media_url":"","jetpack_sharing_enabled":true,"_links":{"self":[{"href":"https:\/\/blogdobispo.com.br\/index.php?rest_route=\/wp\/v2\/posts\/16872","targetHints":{"allow":["GET"]}}],"collection":[{"href":"https:\/\/blogdobispo.com.br\/index.php?rest_route=\/wp\/v2\/posts"}],"about":[{"href":"https:\/\/blogdobispo.com.br\/index.php?rest_route=\/wp\/v2\/types\/post"}],"author":[{"embeddable":true,"href":"https:\/\/blogdobispo.com.br\/index.php?rest_route=\/wp\/v2\/users\/1"}],"replies":[{"embeddable":true,"href":"https:\/\/blogdobispo.com.br\/index.php?rest_route=%2Fwp%2Fv2%2Fcomments&post=16872"}],"version-history":[{"count":0,"href":"https:\/\/blogdobispo.com.br\/index.php?rest_route=\/wp\/v2\/posts\/16872\/revisions"}],"wp:attachment":[{"href":"https:\/\/blogdobispo.com.br\/index.php?rest_route=%2Fwp%2Fv2%2Fmedia&parent=16872"}],"wp:term":[{"taxonomy":"category","embeddable":true,"href":"https:\/\/blogdobispo.com.br\/index.php?rest_route=%2Fwp%2Fv2%2Fcategories&post=16872"},{"taxonomy":"post_tag","embeddable":true,"href":"https:\/\/blogdobispo.com.br\/index.php?rest_route=%2Fwp%2Fv2%2Ftags&post=16872"}],"curies":[{"name":"wp","href":"https:\/\/api.w.org\/{rel}","templated":true}]}}