{"id":1414,"date":"2023-07-19T14:25:57","date_gmt":"2023-07-19T14:25:57","guid":{"rendered":"https:\/\/blogdobispo.com.br\/?p=1414"},"modified":"2023-07-19T14:25:57","modified_gmt":"2023-07-19T14:25:57","slug":"governo-publica-autorizacao-para-a-realizacao-de-14-concursos-publicos-com-2-mil-vagas-veja-cargos","status":"publish","type":"post","link":"https:\/\/blogdobispo.com.br\/?p=1414","title":{"rendered":"Governo publica autoriza\u00e7\u00e3o para a realiza\u00e7\u00e3o de 14 concursos p\u00fablicos com 2 mil vagas; veja cargos"},"content":{"rendered":"\n<p>O governo federal publicou as autoriza\u00e7\u00f5es para a realiza\u00e7\u00e3o de 14 concursos p\u00fablicos que, somados, possuem <strong>2.160 vagas<\/strong>. As portarias foram publicadas pelo Minist\u00e9rio da Gest\u00e3o e da Inova\u00e7\u00e3o em Servi\u00e7os P\u00fablicos nesta quarta-feira (19). <strong><em>Veja a lista mais abaixo. <\/em><\/strong>Na ter\u00e7a-feira (18), o governo j\u00e1 havia adiantado que iria abrir 3 mil vagas em concursos p\u00fablicos que podem chegar at\u00e9 21 mil de sal\u00e1rio. Nem todas as autoriza\u00e7\u00f5es foram publicadas no Di\u00e1rio Oficial da Uni\u00e3o desta quarta.<\/p>\n\n\n\n<p>Ao anunciar os concursos, a ministra da Gest\u00e3o, Esther Dweck, disse que o atual quantitativo de servidores no Poder Executivo Federal est\u00e1 &#8220;muito inferior&#8221; ao que seria necess\u00e1rio para &#8220;prestar bons servi\u00e7os \u00e0 popula\u00e7\u00e3o&#8221;. <\/p>\n\n\n\n<p>Ainda n\u00e3o h\u00e1 data para que os concursos aconte\u00e7am. De acordo com as portarias, os editais devem ser publicados em at\u00e9 seis meses.<\/p>\n\n\n\n<h2 class=\"wp-block-heading\">Vagas<\/h2>\n\n\n\n<p>Veja, abaixo, quais os cargos foram autorizados para concursos p\u00fablicos.&nbsp;<\/p>\n\n\n\n<p><strong>1. Ag\u00eancia Nacional de Transportes Aquavi\u00e1rios (Antaq)<\/strong><\/p>\n\n\n\n<ul class=\"wp-block-list\">\n<li>Especialista em Regula\u00e7\u00e3o de Servi\u00e7os de Transportes Aquavi\u00e1rios: 30 vagas<\/li>\n<\/ul>\n\n\n\n<p><strong>2. Ag\u00eancia Nacional de Energia El\u00e9trica (Aneel)<\/strong><\/p>\n\n\n\n<ul class=\"wp-block-list\">\n<li>Especialista em Regula\u00e7\u00e3o de Servi\u00e7os P\u00fablicos de Energia: 40 vagas<\/li>\n<\/ul>\n\n\n\n<p><strong>3. Instituto Brasileiro de Geografia e Estat\u00edstica (IBGE)<\/strong><\/p>\n\n\n\n<ul class=\"wp-block-list\">\n<li>Analista de Planejamento, Gest\u00e3o e Infraestrutura em Informa\u00e7\u00f5es Geogr\u00e1ficas e Estat\u00edsticas: 275 vagas<\/li>\n\n\n\n<li>Tecnologista em Informa\u00e7\u00f5es Geogr\u00e1ficas e Estat\u00edsticas: 312 vagas<\/li>\n\n\n\n<li>Pesquisador em Informa\u00e7\u00f5es Geogr\u00e1ficas e Estat\u00edsticas: 8 vagas<\/li>\n\n\n\n<li>T\u00e9cnico em Informa\u00e7\u00f5es Geogr\u00e1ficas e Estat\u00edsticas: 300 vagas<\/li>\n\n\n\n<li><strong>Total:&nbsp;<\/strong>895 vagas<\/li>\n<\/ul>\n\n\n\n<p><strong>4. Ag\u00eancia Nacional de Transportes Terrestres (ANTT)<\/strong><\/p>\n\n\n\n<ul class=\"wp-block-list\">\n<li>Especialista em Regula\u00e7\u00e3o de Servi\u00e7os de Transportes Terrestres: 50 vagas<\/li>\n<\/ul>\n\n\n\n<p><strong>5. Ag\u00eancia Nacional de Sa\u00fade (ANS)<\/strong><\/p>\n\n\n\n<ul class=\"wp-block-list\">\n<li>Especialista em Regula\u00e7\u00e3o de Sa\u00fade Suplementar: 35 vagas<\/li>\n<\/ul>\n\n\n\n<p><strong>6. Comiss\u00e3o de Valores Mobili\u00e1rios (CVM)<\/strong><\/p>\n\n\n\n<ul class=\"wp-block-list\">\n<li>Analista da CVM: 40 vagas<\/li>\n\n\n\n<li>Inspetor da CVM: 20 vagas<\/li>\n\n\n\n<li><strong>Total:<\/strong>&nbsp;60 vagas<\/li>\n<\/ul>\n\n\n\n<p><strong>7. Banco Central&nbsp;<\/strong><\/p>\n\n\n\n<ul class=\"wp-block-list\">\n<li>Analista do Banco Central: 100 vagas<\/li>\n<\/ul>\n\n\n\n<p><strong>8. Ag\u00eancia Nacional de Avia\u00e7\u00e3o Civil (Anac)<\/strong><\/p>\n\n\n\n<ul class=\"wp-block-list\">\n<li>Especialista em Regula\u00e7\u00e3o de Avia\u00e7\u00e3o Civil: 70 vagas<\/li>\n<\/ul>\n\n\n\n<p><strong>9. Minist\u00e9rio da Fazenda<\/strong><\/p>\n\n\n\n<ul class=\"wp-block-list\">\n<li>Auditor Federal de Finan\u00e7as e Controle: 40 vagas<\/li>\n<\/ul>\n\n\n\n<p><strong>10. Minist\u00e9rio do Desenvolvimento, Ind\u00fastria, Com\u00e9rcio Exterior e Servi\u00e7os<\/strong><\/p>\n\n\n\n<ul class=\"wp-block-list\">\n<li>Analista de Com\u00e9rcio Exterior: 50 vagas<\/li>\n<\/ul>\n\n\n\n<p><strong>11. Minist\u00e9rio da Gest\u00e3o e da Inova\u00e7\u00e3o em Servi\u00e7os P\u00fablicos<\/strong><\/p>\n\n\n\n<ul class=\"wp-block-list\">\n<li>Especialista em Pol\u00edticas P\u00fablicas e Gest\u00e3o Governamental: 150 vagas<\/li>\n<\/ul>\n\n\n\n<p><strong>12. Minist\u00e9rio da Justi\u00e7a e Seguran\u00e7a P\u00fablica<\/strong><\/p>\n\n\n\n<ul class=\"wp-block-list\">\n<li>Analista T\u00e9cnico Administrativo: 100 vagas<\/li>\n<\/ul>\n\n\n\n<p><strong>13. Ag\u00eancia Nacional de \u00c1guas e Saneamento B\u00e1sico&nbsp;<\/strong><\/p>\n\n\n\n<ul class=\"wp-block-list\">\n<li>Especialista em Regula\u00e7\u00e3o de Recursos H\u00eddricos e Saneamento B\u00e1sico: 40 vagas<\/li>\n<\/ul>\n\n\n\n<p><strong>14. Minist\u00e9rio da Educa\u00e7\u00e3o (MEC), Minist\u00e9rio da Justi\u00e7a e Seguran\u00e7a P\u00fablica (MJSP), Minist\u00e9rio dos Direitos Humanos e da Cidadania (MDHC) e Minist\u00e9rio da Gest\u00e3o e da Inova\u00e7\u00e3o em Servi\u00e7os P\u00fablicos (MGI)<\/strong><\/p>\n\n\n\n<ul class=\"wp-block-list\">\n<li>Analista T\u00e9cnico de Pol\u00edticas Sociais (MEC): 70 vagas<\/li>\n\n\n\n<li>Analista T\u00e9cnico de Pol\u00edticas Sociais (MJSP): 30 vagas<\/li>\n\n\n\n<li>Analista T\u00e9cnico de Pol\u00edticas Sociais (MDHC): 40 vagas<\/li>\n\n\n\n<li>Analista T\u00e9cnico de Pol\u00edticas Sociais (MGI): 360 vagas<\/li>\n\n\n\n<li><strong>Total: <\/strong>500 vagas<\/li>\n\n\n\n<li>G1<\/li>\n<\/ul>\n\n\n\n<figure class=\"wp-block-image size-large\"><img data-recalc-dims=\"1\" fetchpriority=\"high\" decoding=\"async\" width=\"701\" height=\"438\" src=\"https:\/\/i0.wp.com\/blogdobispo.com.br\/wp-content\/uploads\/2023\/07\/img_1676.jpg?resize=701%2C438&#038;ssl=1\" class=\"wp-image-1413\" srcset=\"https:\/\/i0.wp.com\/blogdobispo.com.br\/wp-content\/uploads\/2023\/07\/img_1676.jpg?w=701&amp;ssl=1 701w, https:\/\/i0.wp.com\/blogdobispo.com.br\/wp-content\/uploads\/2023\/07\/img_1676.jpg?resize=300%2C187&amp;ssl=1 300w\" sizes=\"(max-width: 701px) 100vw, 701px\" \/><\/figure>\n","protected":false},"excerpt":{"rendered":"<p>O governo federal publicou as autoriza\u00e7\u00f5es para a realiza\u00e7\u00e3o de 14 concursos p\u00fablicos que, somados, possuem 2.160 vagas. As portarias foram publicadas pelo Minist\u00e9rio da Gest\u00e3o e da Inova\u00e7\u00e3o em Servi\u00e7os P\u00fablicos nesta quarta-feira (19). Veja a lista mais abaixo. Na ter\u00e7a-feira (18), o governo j\u00e1 havia adiantado que iria abrir 3 mil vagas em [&hellip;]<\/p>\n","protected":false},"author":1,"featured_media":0,"comment_status":"open","ping_status":"open","sticky":false,"template":"","format":"standard","meta":{"cybocfi_hide_featured_image":"","_jetpack_memberships_contains_paid_content":false,"footnotes":""},"categories":[1],"tags":[],"class_list":["post-1414","post","type-post","status-publish","format-standard","hentry","category-diversos"],"yoast_head":"<!-- This site is optimized with the Yoast SEO plugin v25.6 - https:\/\/yoast.com\/wordpress\/plugins\/seo\/ -->\n<title>Governo publica autoriza\u00e7\u00e3o para a realiza\u00e7\u00e3o de 14 concursos p\u00fablicos com 2 mil vagas; veja cargos - Blog do Bispo<\/title>\n<meta name=\"robots\" content=\"index, follow, max-snippet:-1, max-image-preview:large, max-video-preview:-1\" \/>\n<link rel=\"canonical\" href=\"https:\/\/blogdobispo.com.br\/?p=1414\" \/>\n<meta property=\"og:locale\" content=\"pt_BR\" \/>\n<meta property=\"og:type\" content=\"article\" \/>\n<meta property=\"og:title\" content=\"Governo publica autoriza\u00e7\u00e3o para a realiza\u00e7\u00e3o de 14 concursos p\u00fablicos com 2 mil vagas; veja cargos - Blog do Bispo\" \/>\n<meta property=\"og:description\" content=\"O governo federal publicou as autoriza\u00e7\u00f5es para a realiza\u00e7\u00e3o de 14 concursos p\u00fablicos que, somados, possuem 2.160 vagas. As portarias foram publicadas pelo Minist\u00e9rio da Gest\u00e3o e da Inova\u00e7\u00e3o em Servi\u00e7os P\u00fablicos nesta quarta-feira (19). Veja a lista mais abaixo. Na ter\u00e7a-feira (18), o governo j\u00e1 havia adiantado que iria abrir 3 mil vagas em [&hellip;]\" \/>\n<meta property=\"og:url\" content=\"https:\/\/blogdobispo.com.br\/?p=1414\" \/>\n<meta property=\"og:site_name\" content=\"Blog do Bispo\" \/>\n<meta property=\"article:published_time\" content=\"2023-07-19T14:25:57+00:00\" \/>\n<meta property=\"og:image\" content=\"https:\/\/blogdobispo.com.br\/wp-content\/uploads\/2023\/07\/img_1676.jpg\" \/>\n<meta name=\"author\" content=\"Jefferson Sterfeno\" \/>\n<meta name=\"twitter:card\" content=\"summary_large_image\" \/>\n<meta name=\"twitter:label1\" content=\"Escrito por\" \/>\n\t<meta name=\"twitter:data1\" content=\"Jefferson Sterfeno\" \/>\n\t<meta name=\"twitter:label2\" content=\"Est. tempo de leitura\" \/>\n\t<meta name=\"twitter:data2\" content=\"3 minutos\" \/>\n<script type=\"application\/ld+json\" class=\"yoast-schema-graph\">{\"@context\":\"https:\/\/schema.org\",\"@graph\":[{\"@type\":\"Article\",\"@id\":\"https:\/\/blogdobispo.com.br\/?p=1414#article\",\"isPartOf\":{\"@id\":\"https:\/\/blogdobispo.com.br\/?p=1414\"},\"author\":{\"name\":\"Jefferson Sterfeno\",\"@id\":\"https:\/\/blogdobispo.com.br\/#\/schema\/person\/e2209cc0e6cea5c5233d033e997b373f\"},\"headline\":\"Governo publica autoriza\u00e7\u00e3o para a realiza\u00e7\u00e3o de 14 concursos p\u00fablicos com 2 mil vagas; veja cargos\",\"datePublished\":\"2023-07-19T14:25:57+00:00\",\"mainEntityOfPage\":{\"@id\":\"https:\/\/blogdobispo.com.br\/?p=1414\"},\"wordCount\":527,\"commentCount\":0,\"publisher\":{\"@id\":\"https:\/\/blogdobispo.com.br\/#organization\"},\"image\":{\"@id\":\"https:\/\/blogdobispo.com.br\/?p=1414#primaryimage\"},\"thumbnailUrl\":\"https:\/\/blogdobispo.com.br\/wp-content\/uploads\/2023\/07\/img_1676.jpg\",\"articleSection\":[\"diversos\"],\"inLanguage\":\"pt-BR\",\"potentialAction\":[{\"@type\":\"CommentAction\",\"name\":\"Comment\",\"target\":[\"https:\/\/blogdobispo.com.br\/?p=1414#respond\"]}]},{\"@type\":\"WebPage\",\"@id\":\"https:\/\/blogdobispo.com.br\/?p=1414\",\"url\":\"https:\/\/blogdobispo.com.br\/?p=1414\",\"name\":\"Governo publica autoriza\u00e7\u00e3o para a realiza\u00e7\u00e3o de 14 concursos p\u00fablicos com 2 mil vagas; veja cargos - Blog do Bispo\",\"isPartOf\":{\"@id\":\"https:\/\/blogdobispo.com.br\/#website\"},\"primaryImageOfPage\":{\"@id\":\"https:\/\/blogdobispo.com.br\/?p=1414#primaryimage\"},\"image\":{\"@id\":\"https:\/\/blogdobispo.com.br\/?p=1414#primaryimage\"},\"thumbnailUrl\":\"https:\/\/blogdobispo.com.br\/wp-content\/uploads\/2023\/07\/img_1676.jpg\",\"datePublished\":\"2023-07-19T14:25:57+00:00\",\"breadcrumb\":{\"@id\":\"https:\/\/blogdobispo.com.br\/?p=1414#breadcrumb\"},\"inLanguage\":\"pt-BR\",\"potentialAction\":[{\"@type\":\"ReadAction\",\"target\":[\"https:\/\/blogdobispo.com.br\/?p=1414\"]}]},{\"@type\":\"ImageObject\",\"inLanguage\":\"pt-BR\",\"@id\":\"https:\/\/blogdobispo.com.br\/?p=1414#primaryimage\",\"url\":\"https:\/\/blogdobispo.com.br\/wp-content\/uploads\/2023\/07\/img_1676.jpg\",\"contentUrl\":\"https:\/\/blogdobispo.com.br\/wp-content\/uploads\/2023\/07\/img_1676.jpg\"},{\"@type\":\"BreadcrumbList\",\"@id\":\"https:\/\/blogdobispo.com.br\/?p=1414#breadcrumb\",\"itemListElement\":[{\"@type\":\"ListItem\",\"position\":1,\"name\":\"In\u00edcio\",\"item\":\"https:\/\/blogdobispo.com.br\/\"},{\"@type\":\"ListItem\",\"position\":2,\"name\":\"Governo publica autoriza\u00e7\u00e3o para a realiza\u00e7\u00e3o de 14 concursos p\u00fablicos com 2 mil vagas; veja cargos\"}]},{\"@type\":\"WebSite\",\"@id\":\"https:\/\/blogdobispo.com.br\/#website\",\"url\":\"https:\/\/blogdobispo.com.br\/\",\"name\":\"Blog do Bispo\",\"description\":\"Comprometido apenas com o leitor\",\"publisher\":{\"@id\":\"https:\/\/blogdobispo.com.br\/#organization\"},\"potentialAction\":[{\"@type\":\"SearchAction\",\"target\":{\"@type\":\"EntryPoint\",\"urlTemplate\":\"https:\/\/blogdobispo.com.br\/?s={search_term_string}\"},\"query-input\":{\"@type\":\"PropertyValueSpecification\",\"valueRequired\":true,\"valueName\":\"search_term_string\"}}],\"inLanguage\":\"pt-BR\"},{\"@type\":\"Organization\",\"@id\":\"https:\/\/blogdobispo.com.br\/#organization\",\"name\":\"Blog do Bispo\",\"url\":\"https:\/\/blogdobispo.com.br\/\",\"logo\":{\"@type\":\"ImageObject\",\"inLanguage\":\"pt-BR\",\"@id\":\"https:\/\/blogdobispo.com.br\/#\/schema\/logo\/image\/\",\"url\":\"http:\/\/blogdobispo.com.br\/wp-content\/uploads\/2023\/05\/cropped-headear.png\",\"contentUrl\":\"http:\/\/blogdobispo.com.br\/wp-content\/uploads\/2023\/05\/cropped-headear.png\",\"width\":1500,\"height\":399,\"caption\":\"Blog do Bispo\"},\"image\":{\"@id\":\"https:\/\/blogdobispo.com.br\/#\/schema\/logo\/image\/\"}},{\"@type\":\"Person\",\"@id\":\"https:\/\/blogdobispo.com.br\/#\/schema\/person\/e2209cc0e6cea5c5233d033e997b373f\",\"name\":\"Jefferson Sterfeno\",\"image\":{\"@type\":\"ImageObject\",\"inLanguage\":\"pt-BR\",\"@id\":\"https:\/\/blogdobispo.com.br\/#\/schema\/person\/image\/\",\"url\":\"https:\/\/secure.gravatar.com\/avatar\/0534e84764641168a677026b6d57a3f51dc7ac4db0b4f6186d9cb330d4ee1160?s=96&d=mm&r=g\",\"contentUrl\":\"https:\/\/secure.gravatar.com\/avatar\/0534e84764641168a677026b6d57a3f51dc7ac4db0b4f6186d9cb330d4ee1160?s=96&d=mm&r=g\",\"caption\":\"Jefferson Sterfeno\"},\"sameAs\":[\"http:\/\/blogdobispo.com.br\"],\"url\":\"https:\/\/blogdobispo.com.br\/?author=1\"}]}<\/script>\n<!-- \/ Yoast SEO plugin. -->","yoast_head_json":{"title":"Governo publica autoriza\u00e7\u00e3o para a realiza\u00e7\u00e3o de 14 concursos p\u00fablicos com 2 mil vagas; veja cargos - Blog do Bispo","robots":{"index":"index","follow":"follow","max-snippet":"max-snippet:-1","max-image-preview":"max-image-preview:large","max-video-preview":"max-video-preview:-1"},"canonical":"https:\/\/blogdobispo.com.br\/?p=1414","og_locale":"pt_BR","og_type":"article","og_title":"Governo publica autoriza\u00e7\u00e3o para a realiza\u00e7\u00e3o de 14 concursos p\u00fablicos com 2 mil vagas; veja cargos - Blog do Bispo","og_description":"O governo federal publicou as autoriza\u00e7\u00f5es para a realiza\u00e7\u00e3o de 14 concursos p\u00fablicos que, somados, possuem 2.160 vagas. As portarias foram publicadas pelo Minist\u00e9rio da Gest\u00e3o e da Inova\u00e7\u00e3o em Servi\u00e7os P\u00fablicos nesta quarta-feira (19). Veja a lista mais abaixo. Na ter\u00e7a-feira (18), o governo j\u00e1 havia adiantado que iria abrir 3 mil vagas em [&hellip;]","og_url":"https:\/\/blogdobispo.com.br\/?p=1414","og_site_name":"Blog do Bispo","article_published_time":"2023-07-19T14:25:57+00:00","og_image":[{"url":"https:\/\/blogdobispo.com.br\/wp-content\/uploads\/2023\/07\/img_1676.jpg","type":"","width":"","height":""}],"author":"Jefferson Sterfeno","twitter_card":"summary_large_image","twitter_misc":{"Escrito por":"Jefferson Sterfeno","Est. tempo de leitura":"3 minutos"},"schema":{"@context":"https:\/\/schema.org","@graph":[{"@type":"Article","@id":"https:\/\/blogdobispo.com.br\/?p=1414#article","isPartOf":{"@id":"https:\/\/blogdobispo.com.br\/?p=1414"},"author":{"name":"Jefferson Sterfeno","@id":"https:\/\/blogdobispo.com.br\/#\/schema\/person\/e2209cc0e6cea5c5233d033e997b373f"},"headline":"Governo publica autoriza\u00e7\u00e3o para a realiza\u00e7\u00e3o de 14 concursos p\u00fablicos com 2 mil vagas; veja cargos","datePublished":"2023-07-19T14:25:57+00:00","mainEntityOfPage":{"@id":"https:\/\/blogdobispo.com.br\/?p=1414"},"wordCount":527,"commentCount":0,"publisher":{"@id":"https:\/\/blogdobispo.com.br\/#organization"},"image":{"@id":"https:\/\/blogdobispo.com.br\/?p=1414#primaryimage"},"thumbnailUrl":"https:\/\/blogdobispo.com.br\/wp-content\/uploads\/2023\/07\/img_1676.jpg","articleSection":["diversos"],"inLanguage":"pt-BR","potentialAction":[{"@type":"CommentAction","name":"Comment","target":["https:\/\/blogdobispo.com.br\/?p=1414#respond"]}]},{"@type":"WebPage","@id":"https:\/\/blogdobispo.com.br\/?p=1414","url":"https:\/\/blogdobispo.com.br\/?p=1414","name":"Governo publica autoriza\u00e7\u00e3o para a realiza\u00e7\u00e3o de 14 concursos p\u00fablicos com 2 mil vagas; veja cargos - Blog do Bispo","isPartOf":{"@id":"https:\/\/blogdobispo.com.br\/#website"},"primaryImageOfPage":{"@id":"https:\/\/blogdobispo.com.br\/?p=1414#primaryimage"},"image":{"@id":"https:\/\/blogdobispo.com.br\/?p=1414#primaryimage"},"thumbnailUrl":"https:\/\/blogdobispo.com.br\/wp-content\/uploads\/2023\/07\/img_1676.jpg","datePublished":"2023-07-19T14:25:57+00:00","breadcrumb":{"@id":"https:\/\/blogdobispo.com.br\/?p=1414#breadcrumb"},"inLanguage":"pt-BR","potentialAction":[{"@type":"ReadAction","target":["https:\/\/blogdobispo.com.br\/?p=1414"]}]},{"@type":"ImageObject","inLanguage":"pt-BR","@id":"https:\/\/blogdobispo.com.br\/?p=1414#primaryimage","url":"https:\/\/blogdobispo.com.br\/wp-content\/uploads\/2023\/07\/img_1676.jpg","contentUrl":"https:\/\/blogdobispo.com.br\/wp-content\/uploads\/2023\/07\/img_1676.jpg"},{"@type":"BreadcrumbList","@id":"https:\/\/blogdobispo.com.br\/?p=1414#breadcrumb","itemListElement":[{"@type":"ListItem","position":1,"name":"In\u00edcio","item":"https:\/\/blogdobispo.com.br\/"},{"@type":"ListItem","position":2,"name":"Governo publica autoriza\u00e7\u00e3o para a realiza\u00e7\u00e3o de 14 concursos p\u00fablicos com 2 mil vagas; veja cargos"}]},{"@type":"WebSite","@id":"https:\/\/blogdobispo.com.br\/#website","url":"https:\/\/blogdobispo.com.br\/","name":"Blog do Bispo","description":"Comprometido apenas com o leitor","publisher":{"@id":"https:\/\/blogdobispo.com.br\/#organization"},"potentialAction":[{"@type":"SearchAction","target":{"@type":"EntryPoint","urlTemplate":"https:\/\/blogdobispo.com.br\/?s={search_term_string}"},"query-input":{"@type":"PropertyValueSpecification","valueRequired":true,"valueName":"search_term_string"}}],"inLanguage":"pt-BR"},{"@type":"Organization","@id":"https:\/\/blogdobispo.com.br\/#organization","name":"Blog do Bispo","url":"https:\/\/blogdobispo.com.br\/","logo":{"@type":"ImageObject","inLanguage":"pt-BR","@id":"https:\/\/blogdobispo.com.br\/#\/schema\/logo\/image\/","url":"http:\/\/blogdobispo.com.br\/wp-content\/uploads\/2023\/05\/cropped-headear.png","contentUrl":"http:\/\/blogdobispo.com.br\/wp-content\/uploads\/2023\/05\/cropped-headear.png","width":1500,"height":399,"caption":"Blog do Bispo"},"image":{"@id":"https:\/\/blogdobispo.com.br\/#\/schema\/logo\/image\/"}},{"@type":"Person","@id":"https:\/\/blogdobispo.com.br\/#\/schema\/person\/e2209cc0e6cea5c5233d033e997b373f","name":"Jefferson Sterfeno","image":{"@type":"ImageObject","inLanguage":"pt-BR","@id":"https:\/\/blogdobispo.com.br\/#\/schema\/person\/image\/","url":"https:\/\/secure.gravatar.com\/avatar\/0534e84764641168a677026b6d57a3f51dc7ac4db0b4f6186d9cb330d4ee1160?s=96&d=mm&r=g","contentUrl":"https:\/\/secure.gravatar.com\/avatar\/0534e84764641168a677026b6d57a3f51dc7ac4db0b4f6186d9cb330d4ee1160?s=96&d=mm&r=g","caption":"Jefferson Sterfeno"},"sameAs":["http:\/\/blogdobispo.com.br"],"url":"https:\/\/blogdobispo.com.br\/?author=1"}]}},"featured_image_urls":{"full":"","thumbnail":"","medium":"","medium_large":"","large":"","1536x1536":"","2048x2048":""},"author_info":{"display_name":"Jefferson Sterfeno","author_link":"https:\/\/blogdobispo.com.br\/?author=1"},"category_info":"<a href=\"https:\/\/blogdobispo.com.br\/?cat=1\" rel=\"category\">diversos<\/a>","tag_info":"diversos","comment_count":"0","jetpack_featured_media_url":"","jetpack_sharing_enabled":true,"_links":{"self":[{"href":"https:\/\/blogdobispo.com.br\/index.php?rest_route=\/wp\/v2\/posts\/1414","targetHints":{"allow":["GET"]}}],"collection":[{"href":"https:\/\/blogdobispo.com.br\/index.php?rest_route=\/wp\/v2\/posts"}],"about":[{"href":"https:\/\/blogdobispo.com.br\/index.php?rest_route=\/wp\/v2\/types\/post"}],"author":[{"embeddable":true,"href":"https:\/\/blogdobispo.com.br\/index.php?rest_route=\/wp\/v2\/users\/1"}],"replies":[{"embeddable":true,"href":"https:\/\/blogdobispo.com.br\/index.php?rest_route=%2Fwp%2Fv2%2Fcomments&post=1414"}],"version-history":[{"count":0,"href":"https:\/\/blogdobispo.com.br\/index.php?rest_route=\/wp\/v2\/posts\/1414\/revisions"}],"wp:attachment":[{"href":"https:\/\/blogdobispo.com.br\/index.php?rest_route=%2Fwp%2Fv2%2Fmedia&parent=1414"}],"wp:term":[{"taxonomy":"category","embeddable":true,"href":"https:\/\/blogdobispo.com.br\/index.php?rest_route=%2Fwp%2Fv2%2Fcategories&post=1414"},{"taxonomy":"post_tag","embeddable":true,"href":"https:\/\/blogdobispo.com.br\/index.php?rest_route=%2Fwp%2Fv2%2Ftags&post=1414"}],"curies":[{"name":"wp","href":"https:\/\/api.w.org\/{rel}","templated":true}]}}