{"id":1392,"date":"2023-07-14T18:24:19","date_gmt":"2023-07-14T18:24:19","guid":{"rendered":"https:\/\/blogdobispo.com.br\/?p=1392"},"modified":"2023-07-14T18:30:05","modified_gmt":"2023-07-14T18:30:05","slug":"rogerio-marinho-faz-walter-alves-sorrir-a-toa","status":"publish","type":"post","link":"https:\/\/blogdobispo.com.br\/?p=1392","title":{"rendered":"2026: Rog\u00e9rio Marinho faz Walter Alves sorrir \u00e0 toa"},"content":{"rendered":"\n<p>A posse de Rog\u00e9rio Marinho como presidente do PL mexeu drasticamente no tabuleiro pol\u00edtico do RN. E quem mais saiu ganhando nesta mudan\u00e7a foi o vice governador Walter Alves. Walter conseguiu atrair Jo\u00e3o Maia e seu grupo pol\u00edtico composto pelo deputado estadual Neilton e diversos prefeitos, vices prefeitos vereadores, crescendo ainda mais o maior partido do Estado. <\/p>\n\n\n\n<p>Walter demonstra habilidades pol\u00edticas de di\u00e1logo incontest\u00e1veis, seja pela agenda positiva apresentada de encontros com lideran\u00e7as em seu escrit\u00f3rio, como tamb\u00e9m a afinidade com a governadora F\u00e1tima Bezerra.<\/p>\n\n\n\n<p>Walter conseguiu o inimagin\u00e1vel, juntar o prefeito Alan e seu ex-vice Neilton em Apodi, at\u00e9 pouco tempo desafetos ferrenhos.<\/p>\n\n\n\n<p>Tudo isso com discri\u00e7\u00e3o.<\/p>\n\n\n\n<p>Todo mundo sabe, que em 2026 os dois principais candidatos ao governo do Estado dever\u00e3o ser Rog\u00e9rio Marinho e Walter Alves. E acreditem, a disputa j\u00e1 come\u00e7ou. <\/p>\n\n\n\n<p>Rog\u00e9rio conseguiu refor\u00e7ar seu futuro advers\u00e1rio.<\/p>\n\n\n\n<p><\/p>\n\n\n\n<figure class=\"wp-block-image size-large\"><img data-recalc-dims=\"1\" fetchpriority=\"high\" decoding=\"async\" width=\"678\" height=\"452\" src=\"https:\/\/i0.wp.com\/blogdobispo.com.br\/wp-content\/uploads\/2023\/07\/img_1517.jpg?resize=678%2C452&#038;ssl=1\" alt=\"\" class=\"wp-image-1391\" srcset=\"https:\/\/i0.wp.com\/blogdobispo.com.br\/wp-content\/uploads\/2023\/07\/img_1517.jpg?w=678&amp;ssl=1 678w, https:\/\/i0.wp.com\/blogdobispo.com.br\/wp-content\/uploads\/2023\/07\/img_1517.jpg?resize=300%2C200&amp;ssl=1 300w\" sizes=\"(max-width: 678px) 100vw, 678px\" \/><\/figure>\n","protected":false},"excerpt":{"rendered":"<p>A posse de Rog\u00e9rio Marinho como presidente do PL mexeu drasticamente no tabuleiro pol\u00edtico do RN. E quem mais saiu ganhando nesta mudan\u00e7a foi o vice governador Walter Alves. Walter conseguiu atrair Jo\u00e3o Maia e seu grupo pol\u00edtico composto pelo deputado estadual Neilton e diversos prefeitos, vices prefeitos vereadores, crescendo ainda mais o maior partido [&hellip;]<\/p>\n","protected":false},"author":1,"featured_media":0,"comment_status":"open","ping_status":"open","sticky":false,"template":"","format":"standard","meta":{"cybocfi_hide_featured_image":"","_jetpack_memberships_contains_paid_content":false,"footnotes":""},"categories":[1],"tags":[],"class_list":["post-1392","post","type-post","status-publish","format-standard","hentry","category-diversos"],"yoast_head":"<!-- This site is optimized with the Yoast SEO plugin v25.6 - https:\/\/yoast.com\/wordpress\/plugins\/seo\/ -->\n<title>2026: Rog\u00e9rio Marinho faz Walter Alves sorrir \u00e0 toa - Blog do Bispo<\/title>\n<meta name=\"robots\" content=\"index, follow, max-snippet:-1, max-image-preview:large, max-video-preview:-1\" \/>\n<link rel=\"canonical\" href=\"https:\/\/blogdobispo.com.br\/?p=1392\" \/>\n<meta property=\"og:locale\" content=\"pt_BR\" \/>\n<meta property=\"og:type\" content=\"article\" \/>\n<meta property=\"og:title\" content=\"2026: Rog\u00e9rio Marinho faz Walter Alves sorrir \u00e0 toa - Blog do Bispo\" \/>\n<meta property=\"og:description\" content=\"A posse de Rog\u00e9rio Marinho como presidente do PL mexeu drasticamente no tabuleiro pol\u00edtico do RN. E quem mais saiu ganhando nesta mudan\u00e7a foi o vice governador Walter Alves. Walter conseguiu atrair Jo\u00e3o Maia e seu grupo pol\u00edtico composto pelo deputado estadual Neilton e diversos prefeitos, vices prefeitos vereadores, crescendo ainda mais o maior partido [&hellip;]\" \/>\n<meta property=\"og:url\" content=\"https:\/\/blogdobispo.com.br\/?p=1392\" \/>\n<meta property=\"og:site_name\" content=\"Blog do Bispo\" \/>\n<meta property=\"article:published_time\" content=\"2023-07-14T18:24:19+00:00\" \/>\n<meta property=\"article:modified_time\" content=\"2023-07-14T18:30:05+00:00\" \/>\n<meta property=\"og:image\" content=\"https:\/\/blogdobispo.com.br\/wp-content\/uploads\/2023\/07\/img_1517.jpg\" \/>\n<meta name=\"author\" content=\"Jefferson Sterfeno\" \/>\n<meta name=\"twitter:card\" content=\"summary_large_image\" \/>\n<meta name=\"twitter:label1\" content=\"Escrito por\" \/>\n\t<meta name=\"twitter:data1\" content=\"Jefferson Sterfeno\" \/>\n\t<meta name=\"twitter:label2\" content=\"Est. tempo de leitura\" \/>\n\t<meta name=\"twitter:data2\" content=\"1 minuto\" \/>\n<script type=\"application\/ld+json\" class=\"yoast-schema-graph\">{\"@context\":\"https:\/\/schema.org\",\"@graph\":[{\"@type\":\"Article\",\"@id\":\"https:\/\/blogdobispo.com.br\/?p=1392#article\",\"isPartOf\":{\"@id\":\"https:\/\/blogdobispo.com.br\/?p=1392\"},\"author\":{\"name\":\"Jefferson Sterfeno\",\"@id\":\"https:\/\/blogdobispo.com.br\/#\/schema\/person\/e2209cc0e6cea5c5233d033e997b373f\"},\"headline\":\"2026: Rog\u00e9rio Marinho faz Walter Alves sorrir \u00e0 toa\",\"datePublished\":\"2023-07-14T18:24:19+00:00\",\"dateModified\":\"2023-07-14T18:30:05+00:00\",\"mainEntityOfPage\":{\"@id\":\"https:\/\/blogdobispo.com.br\/?p=1392\"},\"wordCount\":168,\"commentCount\":0,\"publisher\":{\"@id\":\"https:\/\/blogdobispo.com.br\/#organization\"},\"image\":{\"@id\":\"https:\/\/blogdobispo.com.br\/?p=1392#primaryimage\"},\"thumbnailUrl\":\"https:\/\/blogdobispo.com.br\/wp-content\/uploads\/2023\/07\/img_1517.jpg\",\"articleSection\":[\"diversos\"],\"inLanguage\":\"pt-BR\",\"potentialAction\":[{\"@type\":\"CommentAction\",\"name\":\"Comment\",\"target\":[\"https:\/\/blogdobispo.com.br\/?p=1392#respond\"]}]},{\"@type\":\"WebPage\",\"@id\":\"https:\/\/blogdobispo.com.br\/?p=1392\",\"url\":\"https:\/\/blogdobispo.com.br\/?p=1392\",\"name\":\"2026: Rog\u00e9rio Marinho faz Walter Alves sorrir \u00e0 toa - Blog do Bispo\",\"isPartOf\":{\"@id\":\"https:\/\/blogdobispo.com.br\/#website\"},\"primaryImageOfPage\":{\"@id\":\"https:\/\/blogdobispo.com.br\/?p=1392#primaryimage\"},\"image\":{\"@id\":\"https:\/\/blogdobispo.com.br\/?p=1392#primaryimage\"},\"thumbnailUrl\":\"https:\/\/blogdobispo.com.br\/wp-content\/uploads\/2023\/07\/img_1517.jpg\",\"datePublished\":\"2023-07-14T18:24:19+00:00\",\"dateModified\":\"2023-07-14T18:30:05+00:00\",\"breadcrumb\":{\"@id\":\"https:\/\/blogdobispo.com.br\/?p=1392#breadcrumb\"},\"inLanguage\":\"pt-BR\",\"potentialAction\":[{\"@type\":\"ReadAction\",\"target\":[\"https:\/\/blogdobispo.com.br\/?p=1392\"]}]},{\"@type\":\"ImageObject\",\"inLanguage\":\"pt-BR\",\"@id\":\"https:\/\/blogdobispo.com.br\/?p=1392#primaryimage\",\"url\":\"https:\/\/blogdobispo.com.br\/wp-content\/uploads\/2023\/07\/img_1517.jpg\",\"contentUrl\":\"https:\/\/blogdobispo.com.br\/wp-content\/uploads\/2023\/07\/img_1517.jpg\"},{\"@type\":\"BreadcrumbList\",\"@id\":\"https:\/\/blogdobispo.com.br\/?p=1392#breadcrumb\",\"itemListElement\":[{\"@type\":\"ListItem\",\"position\":1,\"name\":\"In\u00edcio\",\"item\":\"https:\/\/blogdobispo.com.br\/\"},{\"@type\":\"ListItem\",\"position\":2,\"name\":\"2026: Rog\u00e9rio Marinho faz Walter Alves sorrir \u00e0 toa\"}]},{\"@type\":\"WebSite\",\"@id\":\"https:\/\/blogdobispo.com.br\/#website\",\"url\":\"https:\/\/blogdobispo.com.br\/\",\"name\":\"Blog do Bispo\",\"description\":\"Comprometido apenas com o leitor\",\"publisher\":{\"@id\":\"https:\/\/blogdobispo.com.br\/#organization\"},\"potentialAction\":[{\"@type\":\"SearchAction\",\"target\":{\"@type\":\"EntryPoint\",\"urlTemplate\":\"https:\/\/blogdobispo.com.br\/?s={search_term_string}\"},\"query-input\":{\"@type\":\"PropertyValueSpecification\",\"valueRequired\":true,\"valueName\":\"search_term_string\"}}],\"inLanguage\":\"pt-BR\"},{\"@type\":\"Organization\",\"@id\":\"https:\/\/blogdobispo.com.br\/#organization\",\"name\":\"Blog do Bispo\",\"url\":\"https:\/\/blogdobispo.com.br\/\",\"logo\":{\"@type\":\"ImageObject\",\"inLanguage\":\"pt-BR\",\"@id\":\"https:\/\/blogdobispo.com.br\/#\/schema\/logo\/image\/\",\"url\":\"http:\/\/blogdobispo.com.br\/wp-content\/uploads\/2023\/05\/cropped-headear.png\",\"contentUrl\":\"http:\/\/blogdobispo.com.br\/wp-content\/uploads\/2023\/05\/cropped-headear.png\",\"width\":1500,\"height\":399,\"caption\":\"Blog do Bispo\"},\"image\":{\"@id\":\"https:\/\/blogdobispo.com.br\/#\/schema\/logo\/image\/\"}},{\"@type\":\"Person\",\"@id\":\"https:\/\/blogdobispo.com.br\/#\/schema\/person\/e2209cc0e6cea5c5233d033e997b373f\",\"name\":\"Jefferson Sterfeno\",\"image\":{\"@type\":\"ImageObject\",\"inLanguage\":\"pt-BR\",\"@id\":\"https:\/\/blogdobispo.com.br\/#\/schema\/person\/image\/\",\"url\":\"https:\/\/secure.gravatar.com\/avatar\/0534e84764641168a677026b6d57a3f51dc7ac4db0b4f6186d9cb330d4ee1160?s=96&d=mm&r=g\",\"contentUrl\":\"https:\/\/secure.gravatar.com\/avatar\/0534e84764641168a677026b6d57a3f51dc7ac4db0b4f6186d9cb330d4ee1160?s=96&d=mm&r=g\",\"caption\":\"Jefferson Sterfeno\"},\"sameAs\":[\"http:\/\/blogdobispo.com.br\"],\"url\":\"https:\/\/blogdobispo.com.br\/?author=1\"}]}<\/script>\n<!-- \/ Yoast SEO plugin. -->","yoast_head_json":{"title":"2026: Rog\u00e9rio Marinho faz Walter Alves sorrir \u00e0 toa - Blog do Bispo","robots":{"index":"index","follow":"follow","max-snippet":"max-snippet:-1","max-image-preview":"max-image-preview:large","max-video-preview":"max-video-preview:-1"},"canonical":"https:\/\/blogdobispo.com.br\/?p=1392","og_locale":"pt_BR","og_type":"article","og_title":"2026: Rog\u00e9rio Marinho faz Walter Alves sorrir \u00e0 toa - Blog do Bispo","og_description":"A posse de Rog\u00e9rio Marinho como presidente do PL mexeu drasticamente no tabuleiro pol\u00edtico do RN. E quem mais saiu ganhando nesta mudan\u00e7a foi o vice governador Walter Alves. Walter conseguiu atrair Jo\u00e3o Maia e seu grupo pol\u00edtico composto pelo deputado estadual Neilton e diversos prefeitos, vices prefeitos vereadores, crescendo ainda mais o maior partido [&hellip;]","og_url":"https:\/\/blogdobispo.com.br\/?p=1392","og_site_name":"Blog do Bispo","article_published_time":"2023-07-14T18:24:19+00:00","article_modified_time":"2023-07-14T18:30:05+00:00","og_image":[{"url":"https:\/\/blogdobispo.com.br\/wp-content\/uploads\/2023\/07\/img_1517.jpg","type":"","width":"","height":""}],"author":"Jefferson Sterfeno","twitter_card":"summary_large_image","twitter_misc":{"Escrito por":"Jefferson Sterfeno","Est. tempo de leitura":"1 minuto"},"schema":{"@context":"https:\/\/schema.org","@graph":[{"@type":"Article","@id":"https:\/\/blogdobispo.com.br\/?p=1392#article","isPartOf":{"@id":"https:\/\/blogdobispo.com.br\/?p=1392"},"author":{"name":"Jefferson Sterfeno","@id":"https:\/\/blogdobispo.com.br\/#\/schema\/person\/e2209cc0e6cea5c5233d033e997b373f"},"headline":"2026: Rog\u00e9rio Marinho faz Walter Alves sorrir \u00e0 toa","datePublished":"2023-07-14T18:24:19+00:00","dateModified":"2023-07-14T18:30:05+00:00","mainEntityOfPage":{"@id":"https:\/\/blogdobispo.com.br\/?p=1392"},"wordCount":168,"commentCount":0,"publisher":{"@id":"https:\/\/blogdobispo.com.br\/#organization"},"image":{"@id":"https:\/\/blogdobispo.com.br\/?p=1392#primaryimage"},"thumbnailUrl":"https:\/\/blogdobispo.com.br\/wp-content\/uploads\/2023\/07\/img_1517.jpg","articleSection":["diversos"],"inLanguage":"pt-BR","potentialAction":[{"@type":"CommentAction","name":"Comment","target":["https:\/\/blogdobispo.com.br\/?p=1392#respond"]}]},{"@type":"WebPage","@id":"https:\/\/blogdobispo.com.br\/?p=1392","url":"https:\/\/blogdobispo.com.br\/?p=1392","name":"2026: Rog\u00e9rio Marinho faz Walter Alves sorrir \u00e0 toa - Blog do Bispo","isPartOf":{"@id":"https:\/\/blogdobispo.com.br\/#website"},"primaryImageOfPage":{"@id":"https:\/\/blogdobispo.com.br\/?p=1392#primaryimage"},"image":{"@id":"https:\/\/blogdobispo.com.br\/?p=1392#primaryimage"},"thumbnailUrl":"https:\/\/blogdobispo.com.br\/wp-content\/uploads\/2023\/07\/img_1517.jpg","datePublished":"2023-07-14T18:24:19+00:00","dateModified":"2023-07-14T18:30:05+00:00","breadcrumb":{"@id":"https:\/\/blogdobispo.com.br\/?p=1392#breadcrumb"},"inLanguage":"pt-BR","potentialAction":[{"@type":"ReadAction","target":["https:\/\/blogdobispo.com.br\/?p=1392"]}]},{"@type":"ImageObject","inLanguage":"pt-BR","@id":"https:\/\/blogdobispo.com.br\/?p=1392#primaryimage","url":"https:\/\/blogdobispo.com.br\/wp-content\/uploads\/2023\/07\/img_1517.jpg","contentUrl":"https:\/\/blogdobispo.com.br\/wp-content\/uploads\/2023\/07\/img_1517.jpg"},{"@type":"BreadcrumbList","@id":"https:\/\/blogdobispo.com.br\/?p=1392#breadcrumb","itemListElement":[{"@type":"ListItem","position":1,"name":"In\u00edcio","item":"https:\/\/blogdobispo.com.br\/"},{"@type":"ListItem","position":2,"name":"2026: Rog\u00e9rio Marinho faz Walter Alves sorrir \u00e0 toa"}]},{"@type":"WebSite","@id":"https:\/\/blogdobispo.com.br\/#website","url":"https:\/\/blogdobispo.com.br\/","name":"Blog do Bispo","description":"Comprometido apenas com o leitor","publisher":{"@id":"https:\/\/blogdobispo.com.br\/#organization"},"potentialAction":[{"@type":"SearchAction","target":{"@type":"EntryPoint","urlTemplate":"https:\/\/blogdobispo.com.br\/?s={search_term_string}"},"query-input":{"@type":"PropertyValueSpecification","valueRequired":true,"valueName":"search_term_string"}}],"inLanguage":"pt-BR"},{"@type":"Organization","@id":"https:\/\/blogdobispo.com.br\/#organization","name":"Blog do Bispo","url":"https:\/\/blogdobispo.com.br\/","logo":{"@type":"ImageObject","inLanguage":"pt-BR","@id":"https:\/\/blogdobispo.com.br\/#\/schema\/logo\/image\/","url":"http:\/\/blogdobispo.com.br\/wp-content\/uploads\/2023\/05\/cropped-headear.png","contentUrl":"http:\/\/blogdobispo.com.br\/wp-content\/uploads\/2023\/05\/cropped-headear.png","width":1500,"height":399,"caption":"Blog do Bispo"},"image":{"@id":"https:\/\/blogdobispo.com.br\/#\/schema\/logo\/image\/"}},{"@type":"Person","@id":"https:\/\/blogdobispo.com.br\/#\/schema\/person\/e2209cc0e6cea5c5233d033e997b373f","name":"Jefferson Sterfeno","image":{"@type":"ImageObject","inLanguage":"pt-BR","@id":"https:\/\/blogdobispo.com.br\/#\/schema\/person\/image\/","url":"https:\/\/secure.gravatar.com\/avatar\/0534e84764641168a677026b6d57a3f51dc7ac4db0b4f6186d9cb330d4ee1160?s=96&d=mm&r=g","contentUrl":"https:\/\/secure.gravatar.com\/avatar\/0534e84764641168a677026b6d57a3f51dc7ac4db0b4f6186d9cb330d4ee1160?s=96&d=mm&r=g","caption":"Jefferson Sterfeno"},"sameAs":["http:\/\/blogdobispo.com.br"],"url":"https:\/\/blogdobispo.com.br\/?author=1"}]}},"featured_image_urls":{"full":"","thumbnail":"","medium":"","medium_large":"","large":"","1536x1536":"","2048x2048":""},"author_info":{"display_name":"Jefferson Sterfeno","author_link":"https:\/\/blogdobispo.com.br\/?author=1"},"category_info":"<a href=\"https:\/\/blogdobispo.com.br\/?cat=1\" rel=\"category\">diversos<\/a>","tag_info":"diversos","comment_count":"0","jetpack_featured_media_url":"","jetpack_sharing_enabled":true,"_links":{"self":[{"href":"https:\/\/blogdobispo.com.br\/index.php?rest_route=\/wp\/v2\/posts\/1392","targetHints":{"allow":["GET"]}}],"collection":[{"href":"https:\/\/blogdobispo.com.br\/index.php?rest_route=\/wp\/v2\/posts"}],"about":[{"href":"https:\/\/blogdobispo.com.br\/index.php?rest_route=\/wp\/v2\/types\/post"}],"author":[{"embeddable":true,"href":"https:\/\/blogdobispo.com.br\/index.php?rest_route=\/wp\/v2\/users\/1"}],"replies":[{"embeddable":true,"href":"https:\/\/blogdobispo.com.br\/index.php?rest_route=%2Fwp%2Fv2%2Fcomments&post=1392"}],"version-history":[{"count":2,"href":"https:\/\/blogdobispo.com.br\/index.php?rest_route=\/wp\/v2\/posts\/1392\/revisions"}],"predecessor-version":[{"id":1394,"href":"https:\/\/blogdobispo.com.br\/index.php?rest_route=\/wp\/v2\/posts\/1392\/revisions\/1394"}],"wp:attachment":[{"href":"https:\/\/blogdobispo.com.br\/index.php?rest_route=%2Fwp%2Fv2%2Fmedia&parent=1392"}],"wp:term":[{"taxonomy":"category","embeddable":true,"href":"https:\/\/blogdobispo.com.br\/index.php?rest_route=%2Fwp%2Fv2%2Fcategories&post=1392"},{"taxonomy":"post_tag","embeddable":true,"href":"https:\/\/blogdobispo.com.br\/index.php?rest_route=%2Fwp%2Fv2%2Ftags&post=1392"}],"curies":[{"name":"wp","href":"https:\/\/api.w.org\/{rel}","templated":true}]}}