{"id":1388,"date":"2023-07-14T14:33:18","date_gmt":"2023-07-14T14:33:18","guid":{"rendered":"https:\/\/blogdobispo.com.br\/?p=1388"},"modified":"2023-07-14T14:33:19","modified_gmt":"2023-07-14T14:33:19","slug":"alrn-reconhece-sao-goncalo-do-amarante-como-berco-da-cultura-popular-do-rn","status":"publish","type":"post","link":"https:\/\/blogdobispo.com.br\/?p=1388","title":{"rendered":"ALRN reconhece S\u00e3o Gon\u00e7alo do Amarante como ber\u00e7o da cultura popular do RN"},"content":{"rendered":"\n<p>Foi aprovado essa semana, por unanimidade, na Assembleia Legislativa do Rio Grande do Norte, projeto de lei que reconhece S\u00e3o Gon\u00e7alo do Amarante como ber\u00e7o da cultura popular do Rio Grande do Norte. A mat\u00e9ria \u00e9 de autoria da deputada estadual Terezinha Maia.&nbsp;<\/p>\n\n\n\n<p>O texto cita que tal t\u00edtulo foi dado pelo maior historiador potiguar, Lu\u00eds da C\u00e2mara Cascudo, \u201cpor surpreender com atra\u00e7\u00f5es hist\u00f3ricas, art\u00edsticas, religiosas e gastron\u00f4micas de S\u00e3o Gon\u00e7alo do Amarante. E nada mais justo que tal denomina\u00e7\u00e3o seja reconhecida legalmente\u201d. A mat\u00e9ria seguir\u00e1 para san\u00e7\u00e3o da Governadora F\u00e1tima Bezerra.<\/p>\n\n\n\n<p>\u201cAl\u00e9m disso, toda imprensa do RN e do Brasil se refere a S\u00e3o Gon\u00e7alo do Amarante como cidade do folclore. Inclusive o s\u00edmbolo do folclore potiguar, o Galo Brando de Dona Nen\u00e9m, \u00e9 de S\u00e3o Gon\u00e7alo do Amarante, onde tamb\u00e9m tem o artesanato mais diversificado do nosso estado\u201d, defendeu Terezinha.<\/p>\n\n\n\n<p>A parlamentar ainda destacou grupos de cultura popular como \u201co centen\u00e1rio Boi Calemba Pintadinho; Os Congos, grupo ancestral; O Pastoril que \u00e9 um dos quatro principais espet\u00e1culos populares do Nordeste brasileiro\u201d; Bambel\u00f4 da Alegria; e a maior Romanceira do Brasil, Dona Militana\u201d.<\/p>\n\n\n\n\n\n\n\n\n\n<figure class=\"wp-block-image size-large\"><img data-recalc-dims=\"1\" fetchpriority=\"high\" decoding=\"async\" width=\"800\" height=\"533\" src=\"https:\/\/i0.wp.com\/blogdobispo.com.br\/wp-content\/uploads\/2023\/07\/ujAEVIMUF1S1mJE4bWfngYClnGAEPBobhs4Xkgca-1024x682.jpg?resize=800%2C533&#038;ssl=1\" alt=\"\" class=\"wp-image-1389\" srcset=\"https:\/\/i0.wp.com\/blogdobispo.com.br\/wp-content\/uploads\/2023\/07\/ujAEVIMUF1S1mJE4bWfngYClnGAEPBobhs4Xkgca.jpg?resize=1024%2C682&amp;ssl=1 1024w, https:\/\/i0.wp.com\/blogdobispo.com.br\/wp-content\/uploads\/2023\/07\/ujAEVIMUF1S1mJE4bWfngYClnGAEPBobhs4Xkgca.jpg?resize=300%2C200&amp;ssl=1 300w, https:\/\/i0.wp.com\/blogdobispo.com.br\/wp-content\/uploads\/2023\/07\/ujAEVIMUF1S1mJE4bWfngYClnGAEPBobhs4Xkgca.jpg?resize=768%2C512&amp;ssl=1 768w, https:\/\/i0.wp.com\/blogdobispo.com.br\/wp-content\/uploads\/2023\/07\/ujAEVIMUF1S1mJE4bWfngYClnGAEPBobhs4Xkgca.jpg?resize=1536%2C1023&amp;ssl=1 1536w, https:\/\/i0.wp.com\/blogdobispo.com.br\/wp-content\/uploads\/2023\/07\/ujAEVIMUF1S1mJE4bWfngYClnGAEPBobhs4Xkgca.jpg?w=1600&amp;ssl=1 1600w\" sizes=\"(max-width: 800px) 100vw, 800px\" \/><\/figure>\n","protected":false},"excerpt":{"rendered":"<p>Foi aprovado essa semana, por unanimidade, na Assembleia Legislativa do Rio Grande do Norte, projeto de lei que reconhece S\u00e3o Gon\u00e7alo do Amarante como ber\u00e7o da cultura popular do Rio Grande do Norte. A mat\u00e9ria \u00e9 de autoria da deputada estadual Terezinha Maia.&nbsp; O texto cita que tal t\u00edtulo foi dado pelo maior historiador potiguar, [&hellip;]<\/p>\n","protected":false},"author":1,"featured_media":0,"comment_status":"open","ping_status":"open","sticky":false,"template":"","format":"standard","meta":{"cybocfi_hide_featured_image":"","_jetpack_memberships_contains_paid_content":false,"footnotes":""},"categories":[1],"tags":[],"class_list":["post-1388","post","type-post","status-publish","format-standard","hentry","category-diversos"],"yoast_head":"<!-- This site is optimized with the Yoast SEO plugin v25.6 - https:\/\/yoast.com\/wordpress\/plugins\/seo\/ -->\n<title>ALRN reconhece S\u00e3o Gon\u00e7alo do Amarante como ber\u00e7o da cultura popular do RN - Blog do Bispo<\/title>\n<meta name=\"robots\" content=\"index, follow, max-snippet:-1, max-image-preview:large, max-video-preview:-1\" \/>\n<link rel=\"canonical\" href=\"https:\/\/blogdobispo.com.br\/?p=1388\" \/>\n<meta property=\"og:locale\" content=\"pt_BR\" \/>\n<meta property=\"og:type\" content=\"article\" \/>\n<meta property=\"og:title\" content=\"ALRN reconhece S\u00e3o Gon\u00e7alo do Amarante como ber\u00e7o da cultura popular do RN - Blog do Bispo\" \/>\n<meta property=\"og:description\" content=\"Foi aprovado essa semana, por unanimidade, na Assembleia Legislativa do Rio Grande do Norte, projeto de lei que reconhece S\u00e3o Gon\u00e7alo do Amarante como ber\u00e7o da cultura popular do Rio Grande do Norte. A mat\u00e9ria \u00e9 de autoria da deputada estadual Terezinha Maia.&nbsp; O texto cita que tal t\u00edtulo foi dado pelo maior historiador potiguar, [&hellip;]\" \/>\n<meta property=\"og:url\" content=\"https:\/\/blogdobispo.com.br\/?p=1388\" \/>\n<meta property=\"og:site_name\" content=\"Blog do Bispo\" \/>\n<meta property=\"article:published_time\" content=\"2023-07-14T14:33:18+00:00\" \/>\n<meta property=\"article:modified_time\" content=\"2023-07-14T14:33:19+00:00\" \/>\n<meta property=\"og:image\" content=\"https:\/\/blogdobispo.com.br\/wp-content\/uploads\/2023\/07\/ujAEVIMUF1S1mJE4bWfngYClnGAEPBobhs4Xkgca-1024x682.jpg\" \/>\n<meta name=\"author\" content=\"Jefferson Sterfeno\" \/>\n<meta name=\"twitter:card\" content=\"summary_large_image\" \/>\n<meta name=\"twitter:label1\" content=\"Escrito por\" \/>\n\t<meta name=\"twitter:data1\" content=\"Jefferson Sterfeno\" \/>\n\t<meta name=\"twitter:label2\" content=\"Est. tempo de leitura\" \/>\n\t<meta name=\"twitter:data2\" content=\"2 minutos\" \/>\n<script type=\"application\/ld+json\" class=\"yoast-schema-graph\">{\"@context\":\"https:\/\/schema.org\",\"@graph\":[{\"@type\":\"Article\",\"@id\":\"https:\/\/blogdobispo.com.br\/?p=1388#article\",\"isPartOf\":{\"@id\":\"https:\/\/blogdobispo.com.br\/?p=1388\"},\"author\":{\"name\":\"Jefferson Sterfeno\",\"@id\":\"https:\/\/blogdobispo.com.br\/#\/schema\/person\/e2209cc0e6cea5c5233d033e997b373f\"},\"headline\":\"ALRN reconhece S\u00e3o Gon\u00e7alo do Amarante como ber\u00e7o da cultura popular do RN\",\"datePublished\":\"2023-07-14T14:33:18+00:00\",\"dateModified\":\"2023-07-14T14:33:19+00:00\",\"mainEntityOfPage\":{\"@id\":\"https:\/\/blogdobispo.com.br\/?p=1388\"},\"wordCount\":225,\"commentCount\":0,\"publisher\":{\"@id\":\"https:\/\/blogdobispo.com.br\/#organization\"},\"image\":{\"@id\":\"https:\/\/blogdobispo.com.br\/?p=1388#primaryimage\"},\"thumbnailUrl\":\"https:\/\/blogdobispo.com.br\/wp-content\/uploads\/2023\/07\/ujAEVIMUF1S1mJE4bWfngYClnGAEPBobhs4Xkgca-1024x682.jpg\",\"articleSection\":[\"diversos\"],\"inLanguage\":\"pt-BR\",\"potentialAction\":[{\"@type\":\"CommentAction\",\"name\":\"Comment\",\"target\":[\"https:\/\/blogdobispo.com.br\/?p=1388#respond\"]}]},{\"@type\":\"WebPage\",\"@id\":\"https:\/\/blogdobispo.com.br\/?p=1388\",\"url\":\"https:\/\/blogdobispo.com.br\/?p=1388\",\"name\":\"ALRN reconhece S\u00e3o Gon\u00e7alo do Amarante como ber\u00e7o da cultura popular do RN - Blog do Bispo\",\"isPartOf\":{\"@id\":\"https:\/\/blogdobispo.com.br\/#website\"},\"primaryImageOfPage\":{\"@id\":\"https:\/\/blogdobispo.com.br\/?p=1388#primaryimage\"},\"image\":{\"@id\":\"https:\/\/blogdobispo.com.br\/?p=1388#primaryimage\"},\"thumbnailUrl\":\"https:\/\/blogdobispo.com.br\/wp-content\/uploads\/2023\/07\/ujAEVIMUF1S1mJE4bWfngYClnGAEPBobhs4Xkgca-1024x682.jpg\",\"datePublished\":\"2023-07-14T14:33:18+00:00\",\"dateModified\":\"2023-07-14T14:33:19+00:00\",\"breadcrumb\":{\"@id\":\"https:\/\/blogdobispo.com.br\/?p=1388#breadcrumb\"},\"inLanguage\":\"pt-BR\",\"potentialAction\":[{\"@type\":\"ReadAction\",\"target\":[\"https:\/\/blogdobispo.com.br\/?p=1388\"]}]},{\"@type\":\"ImageObject\",\"inLanguage\":\"pt-BR\",\"@id\":\"https:\/\/blogdobispo.com.br\/?p=1388#primaryimage\",\"url\":\"https:\/\/blogdobispo.com.br\/wp-content\/uploads\/2023\/07\/ujAEVIMUF1S1mJE4bWfngYClnGAEPBobhs4Xkgca-1024x682.jpg\",\"contentUrl\":\"https:\/\/blogdobispo.com.br\/wp-content\/uploads\/2023\/07\/ujAEVIMUF1S1mJE4bWfngYClnGAEPBobhs4Xkgca-1024x682.jpg\"},{\"@type\":\"BreadcrumbList\",\"@id\":\"https:\/\/blogdobispo.com.br\/?p=1388#breadcrumb\",\"itemListElement\":[{\"@type\":\"ListItem\",\"position\":1,\"name\":\"In\u00edcio\",\"item\":\"https:\/\/blogdobispo.com.br\/\"},{\"@type\":\"ListItem\",\"position\":2,\"name\":\"ALRN reconhece S\u00e3o Gon\u00e7alo do Amarante como ber\u00e7o da cultura popular do RN\"}]},{\"@type\":\"WebSite\",\"@id\":\"https:\/\/blogdobispo.com.br\/#website\",\"url\":\"https:\/\/blogdobispo.com.br\/\",\"name\":\"Blog do Bispo\",\"description\":\"Comprometido apenas com o leitor\",\"publisher\":{\"@id\":\"https:\/\/blogdobispo.com.br\/#organization\"},\"potentialAction\":[{\"@type\":\"SearchAction\",\"target\":{\"@type\":\"EntryPoint\",\"urlTemplate\":\"https:\/\/blogdobispo.com.br\/?s={search_term_string}\"},\"query-input\":{\"@type\":\"PropertyValueSpecification\",\"valueRequired\":true,\"valueName\":\"search_term_string\"}}],\"inLanguage\":\"pt-BR\"},{\"@type\":\"Organization\",\"@id\":\"https:\/\/blogdobispo.com.br\/#organization\",\"name\":\"Blog do Bispo\",\"url\":\"https:\/\/blogdobispo.com.br\/\",\"logo\":{\"@type\":\"ImageObject\",\"inLanguage\":\"pt-BR\",\"@id\":\"https:\/\/blogdobispo.com.br\/#\/schema\/logo\/image\/\",\"url\":\"http:\/\/blogdobispo.com.br\/wp-content\/uploads\/2023\/05\/cropped-headear.png\",\"contentUrl\":\"http:\/\/blogdobispo.com.br\/wp-content\/uploads\/2023\/05\/cropped-headear.png\",\"width\":1500,\"height\":399,\"caption\":\"Blog do Bispo\"},\"image\":{\"@id\":\"https:\/\/blogdobispo.com.br\/#\/schema\/logo\/image\/\"}},{\"@type\":\"Person\",\"@id\":\"https:\/\/blogdobispo.com.br\/#\/schema\/person\/e2209cc0e6cea5c5233d033e997b373f\",\"name\":\"Jefferson Sterfeno\",\"image\":{\"@type\":\"ImageObject\",\"inLanguage\":\"pt-BR\",\"@id\":\"https:\/\/blogdobispo.com.br\/#\/schema\/person\/image\/\",\"url\":\"https:\/\/secure.gravatar.com\/avatar\/0534e84764641168a677026b6d57a3f51dc7ac4db0b4f6186d9cb330d4ee1160?s=96&d=mm&r=g\",\"contentUrl\":\"https:\/\/secure.gravatar.com\/avatar\/0534e84764641168a677026b6d57a3f51dc7ac4db0b4f6186d9cb330d4ee1160?s=96&d=mm&r=g\",\"caption\":\"Jefferson Sterfeno\"},\"sameAs\":[\"http:\/\/blogdobispo.com.br\"],\"url\":\"https:\/\/blogdobispo.com.br\/?author=1\"}]}<\/script>\n<!-- \/ Yoast SEO plugin. -->","yoast_head_json":{"title":"ALRN reconhece S\u00e3o Gon\u00e7alo do Amarante como ber\u00e7o da cultura popular do RN - Blog do Bispo","robots":{"index":"index","follow":"follow","max-snippet":"max-snippet:-1","max-image-preview":"max-image-preview:large","max-video-preview":"max-video-preview:-1"},"canonical":"https:\/\/blogdobispo.com.br\/?p=1388","og_locale":"pt_BR","og_type":"article","og_title":"ALRN reconhece S\u00e3o Gon\u00e7alo do Amarante como ber\u00e7o da cultura popular do RN - Blog do Bispo","og_description":"Foi aprovado essa semana, por unanimidade, na Assembleia Legislativa do Rio Grande do Norte, projeto de lei que reconhece S\u00e3o Gon\u00e7alo do Amarante como ber\u00e7o da cultura popular do Rio Grande do Norte. A mat\u00e9ria \u00e9 de autoria da deputada estadual Terezinha Maia.&nbsp; O texto cita que tal t\u00edtulo foi dado pelo maior historiador potiguar, [&hellip;]","og_url":"https:\/\/blogdobispo.com.br\/?p=1388","og_site_name":"Blog do Bispo","article_published_time":"2023-07-14T14:33:18+00:00","article_modified_time":"2023-07-14T14:33:19+00:00","og_image":[{"url":"https:\/\/blogdobispo.com.br\/wp-content\/uploads\/2023\/07\/ujAEVIMUF1S1mJE4bWfngYClnGAEPBobhs4Xkgca-1024x682.jpg","type":"","width":"","height":""}],"author":"Jefferson Sterfeno","twitter_card":"summary_large_image","twitter_misc":{"Escrito por":"Jefferson Sterfeno","Est. tempo de leitura":"2 minutos"},"schema":{"@context":"https:\/\/schema.org","@graph":[{"@type":"Article","@id":"https:\/\/blogdobispo.com.br\/?p=1388#article","isPartOf":{"@id":"https:\/\/blogdobispo.com.br\/?p=1388"},"author":{"name":"Jefferson Sterfeno","@id":"https:\/\/blogdobispo.com.br\/#\/schema\/person\/e2209cc0e6cea5c5233d033e997b373f"},"headline":"ALRN reconhece S\u00e3o Gon\u00e7alo do Amarante como ber\u00e7o da cultura popular do RN","datePublished":"2023-07-14T14:33:18+00:00","dateModified":"2023-07-14T14:33:19+00:00","mainEntityOfPage":{"@id":"https:\/\/blogdobispo.com.br\/?p=1388"},"wordCount":225,"commentCount":0,"publisher":{"@id":"https:\/\/blogdobispo.com.br\/#organization"},"image":{"@id":"https:\/\/blogdobispo.com.br\/?p=1388#primaryimage"},"thumbnailUrl":"https:\/\/blogdobispo.com.br\/wp-content\/uploads\/2023\/07\/ujAEVIMUF1S1mJE4bWfngYClnGAEPBobhs4Xkgca-1024x682.jpg","articleSection":["diversos"],"inLanguage":"pt-BR","potentialAction":[{"@type":"CommentAction","name":"Comment","target":["https:\/\/blogdobispo.com.br\/?p=1388#respond"]}]},{"@type":"WebPage","@id":"https:\/\/blogdobispo.com.br\/?p=1388","url":"https:\/\/blogdobispo.com.br\/?p=1388","name":"ALRN reconhece S\u00e3o Gon\u00e7alo do Amarante como ber\u00e7o da cultura popular do RN - Blog do Bispo","isPartOf":{"@id":"https:\/\/blogdobispo.com.br\/#website"},"primaryImageOfPage":{"@id":"https:\/\/blogdobispo.com.br\/?p=1388#primaryimage"},"image":{"@id":"https:\/\/blogdobispo.com.br\/?p=1388#primaryimage"},"thumbnailUrl":"https:\/\/blogdobispo.com.br\/wp-content\/uploads\/2023\/07\/ujAEVIMUF1S1mJE4bWfngYClnGAEPBobhs4Xkgca-1024x682.jpg","datePublished":"2023-07-14T14:33:18+00:00","dateModified":"2023-07-14T14:33:19+00:00","breadcrumb":{"@id":"https:\/\/blogdobispo.com.br\/?p=1388#breadcrumb"},"inLanguage":"pt-BR","potentialAction":[{"@type":"ReadAction","target":["https:\/\/blogdobispo.com.br\/?p=1388"]}]},{"@type":"ImageObject","inLanguage":"pt-BR","@id":"https:\/\/blogdobispo.com.br\/?p=1388#primaryimage","url":"https:\/\/blogdobispo.com.br\/wp-content\/uploads\/2023\/07\/ujAEVIMUF1S1mJE4bWfngYClnGAEPBobhs4Xkgca-1024x682.jpg","contentUrl":"https:\/\/blogdobispo.com.br\/wp-content\/uploads\/2023\/07\/ujAEVIMUF1S1mJE4bWfngYClnGAEPBobhs4Xkgca-1024x682.jpg"},{"@type":"BreadcrumbList","@id":"https:\/\/blogdobispo.com.br\/?p=1388#breadcrumb","itemListElement":[{"@type":"ListItem","position":1,"name":"In\u00edcio","item":"https:\/\/blogdobispo.com.br\/"},{"@type":"ListItem","position":2,"name":"ALRN reconhece S\u00e3o Gon\u00e7alo do Amarante como ber\u00e7o da cultura popular do RN"}]},{"@type":"WebSite","@id":"https:\/\/blogdobispo.com.br\/#website","url":"https:\/\/blogdobispo.com.br\/","name":"Blog do Bispo","description":"Comprometido apenas com o leitor","publisher":{"@id":"https:\/\/blogdobispo.com.br\/#organization"},"potentialAction":[{"@type":"SearchAction","target":{"@type":"EntryPoint","urlTemplate":"https:\/\/blogdobispo.com.br\/?s={search_term_string}"},"query-input":{"@type":"PropertyValueSpecification","valueRequired":true,"valueName":"search_term_string"}}],"inLanguage":"pt-BR"},{"@type":"Organization","@id":"https:\/\/blogdobispo.com.br\/#organization","name":"Blog do Bispo","url":"https:\/\/blogdobispo.com.br\/","logo":{"@type":"ImageObject","inLanguage":"pt-BR","@id":"https:\/\/blogdobispo.com.br\/#\/schema\/logo\/image\/","url":"http:\/\/blogdobispo.com.br\/wp-content\/uploads\/2023\/05\/cropped-headear.png","contentUrl":"http:\/\/blogdobispo.com.br\/wp-content\/uploads\/2023\/05\/cropped-headear.png","width":1500,"height":399,"caption":"Blog do Bispo"},"image":{"@id":"https:\/\/blogdobispo.com.br\/#\/schema\/logo\/image\/"}},{"@type":"Person","@id":"https:\/\/blogdobispo.com.br\/#\/schema\/person\/e2209cc0e6cea5c5233d033e997b373f","name":"Jefferson Sterfeno","image":{"@type":"ImageObject","inLanguage":"pt-BR","@id":"https:\/\/blogdobispo.com.br\/#\/schema\/person\/image\/","url":"https:\/\/secure.gravatar.com\/avatar\/0534e84764641168a677026b6d57a3f51dc7ac4db0b4f6186d9cb330d4ee1160?s=96&d=mm&r=g","contentUrl":"https:\/\/secure.gravatar.com\/avatar\/0534e84764641168a677026b6d57a3f51dc7ac4db0b4f6186d9cb330d4ee1160?s=96&d=mm&r=g","caption":"Jefferson Sterfeno"},"sameAs":["http:\/\/blogdobispo.com.br"],"url":"https:\/\/blogdobispo.com.br\/?author=1"}]}},"featured_image_urls":{"full":"","thumbnail":"","medium":"","medium_large":"","large":"","1536x1536":"","2048x2048":""},"author_info":{"display_name":"Jefferson Sterfeno","author_link":"https:\/\/blogdobispo.com.br\/?author=1"},"category_info":"<a href=\"https:\/\/blogdobispo.com.br\/?cat=1\" rel=\"category\">diversos<\/a>","tag_info":"diversos","comment_count":"0","jetpack_featured_media_url":"","jetpack_sharing_enabled":true,"_links":{"self":[{"href":"https:\/\/blogdobispo.com.br\/index.php?rest_route=\/wp\/v2\/posts\/1388","targetHints":{"allow":["GET"]}}],"collection":[{"href":"https:\/\/blogdobispo.com.br\/index.php?rest_route=\/wp\/v2\/posts"}],"about":[{"href":"https:\/\/blogdobispo.com.br\/index.php?rest_route=\/wp\/v2\/types\/post"}],"author":[{"embeddable":true,"href":"https:\/\/blogdobispo.com.br\/index.php?rest_route=\/wp\/v2\/users\/1"}],"replies":[{"embeddable":true,"href":"https:\/\/blogdobispo.com.br\/index.php?rest_route=%2Fwp%2Fv2%2Fcomments&post=1388"}],"version-history":[{"count":1,"href":"https:\/\/blogdobispo.com.br\/index.php?rest_route=\/wp\/v2\/posts\/1388\/revisions"}],"predecessor-version":[{"id":1390,"href":"https:\/\/blogdobispo.com.br\/index.php?rest_route=\/wp\/v2\/posts\/1388\/revisions\/1390"}],"wp:attachment":[{"href":"https:\/\/blogdobispo.com.br\/index.php?rest_route=%2Fwp%2Fv2%2Fmedia&parent=1388"}],"wp:term":[{"taxonomy":"category","embeddable":true,"href":"https:\/\/blogdobispo.com.br\/index.php?rest_route=%2Fwp%2Fv2%2Fcategories&post=1388"},{"taxonomy":"post_tag","embeddable":true,"href":"https:\/\/blogdobispo.com.br\/index.php?rest_route=%2Fwp%2Fv2%2Ftags&post=1388"}],"curies":[{"name":"wp","href":"https:\/\/api.w.org\/{rel}","templated":true}]}}