{"id":1354,"date":"2023-07-12T23:34:29","date_gmt":"2023-07-12T23:34:29","guid":{"rendered":"https:\/\/blogdobispo.com.br\/?p=1354"},"modified":"2023-07-12T23:51:28","modified_gmt":"2023-07-12T23:51:28","slug":"presidente-da-camara-de-natal-eriko-jacome-faz-um-balanco-do-primeiro-semestre-a-frente-da-casa-legislativa","status":"publish","type":"post","link":"https:\/\/blogdobispo.com.br\/?p=1354","title":{"rendered":"Presidente da C\u00e2mara de Natal, Eriko J\u00e1come, faz um balan\u00e7o do primeiro semestre \u00e0 frente da Casa Legislativa"},"content":{"rendered":"\n<h1 class=\"wp-block-heading\">Presidente da C\u00e2mara de Natal Eriko J\u00e1come faz um balan\u00e7o do primeiro semestre \u00e0 frente da Casa Legislativa<\/h1>\n\n\n\n<p>O presidente da C\u00e2mara Municipal de Natal, vereador Eriko J\u00e1come, concedeu uma entrevista no programa Jornal da Mix, comandado pelos apresentadores Salatiel de Souza, Hugo Monte e Elizabeth Biglione,  para fazer um balan\u00e7o geral de sua gest\u00e3o no primeiro semestre \u00e0 frente da Casa Legislativa. Durante a conversa, Eriko destacou diversas realiza\u00e7\u00f5es e conquistas alcan\u00e7adas durante esse per\u00edodo. <\/p>\n\n\n\n<figure class=\"wp-block-image size-large\"><img data-recalc-dims=\"1\" fetchpriority=\"high\" decoding=\"async\" width=\"300\" height=\"400\" src=\"https:\/\/i0.wp.com\/blogdobispo.com.br\/wp-content\/uploads\/2023\/07\/img_1493.jpg?resize=300%2C400&#038;ssl=1\" alt=\"\" class=\"wp-image-1353\" srcset=\"https:\/\/i0.wp.com\/blogdobispo.com.br\/wp-content\/uploads\/2023\/07\/img_1493.jpg?w=300&amp;ssl=1 300w, https:\/\/i0.wp.com\/blogdobispo.com.br\/wp-content\/uploads\/2023\/07\/img_1493.jpg?resize=225%2C300&amp;ssl=1 225w\" sizes=\"(max-width: 300px) 100vw, 300px\" \/><\/figure>\n\n\n\n<p>&#8220;Ao longo do primeiro semestre, a C\u00e2mara de Natal votou mais de 150 projetos de lei, isso mostra o empenho dos vereadores em promover avan\u00e7os e melhorias para a cidade. Al\u00e9m disso, realizadas &nbsp;36 audi\u00eancias p\u00fablicas e deliberados mais de 2 mil requerimentos, evidenciando a aten\u00e7\u00e3o dada \u00e0s demandas dos cidad\u00e3os e a busca por solu\u00e7\u00f5es para as necessidades da popula\u00e7\u00e3o&#8221;, afirmou o presidente.<\/p>\n\n\n\n<p>Durante a entrevista, Eriko J\u00e1come tamb\u00e9m ressaltou a import\u00e2ncia da vota\u00e7\u00e3o da Lei de Diretrizes Or\u00e7ament\u00e1rias (LDO) para o ano de 2024, que ocorreu antes do recesso legislativo. Essa lei, que norteia o planejamento e a execu\u00e7\u00e3o or\u00e7ament\u00e1ria do munic\u00edpio, recebeu um total de 111 emendas aprovadas e encartadas.<\/p>\n\n\n\n<p>O presidente da C\u00e2mara Municipal de Natal destacou ainda sua gest\u00e3o integrada e humanizada, na qual busca aprimorar constantemente o trabalho legislativo a partir das demandas apresentadas pelos servidores da Casa. Com uma vis\u00e3o de proximidade e empatia, Eriko ressalta a import\u00e2ncia de valorizar e incentivar a equipe para garantir um ambiente de trabalho eficiente e harmonioso.<\/p>\n\n\n\n<p>A atua\u00e7\u00e3o do vereador Eriko J\u00e1come \u00e0 frente da C\u00e2mara Municipal de Natal tem se destacado pela busca de solu\u00e7\u00f5es e pela aproxima\u00e7\u00e3o com a popula\u00e7\u00e3o. O primeiro semestre encerra-se com um balan\u00e7o positivo para a C\u00e2mara Municipal de Natal, e as expectativas para a segunda metade do ano s\u00e3o de que o trabalho e o compromisso com o progresso da cidade se mantenham como prioridades na agenda legislativa.<\/p>\n\n\n\n<p>Igor Costa<\/p>\n","protected":false},"excerpt":{"rendered":"<p>Presidente da C\u00e2mara de Natal Eriko J\u00e1come faz um balan\u00e7o do primeiro semestre \u00e0 frente da Casa Legislativa O presidente da C\u00e2mara Municipal de Natal, vereador Eriko J\u00e1come, concedeu uma entrevista no programa Jornal da Mix, comandado pelos apresentadores Salatiel de Souza, Hugo Monte e Elizabeth Biglione, para fazer um balan\u00e7o geral de sua gest\u00e3o [&hellip;]<\/p>\n","protected":false},"author":1,"featured_media":0,"comment_status":"open","ping_status":"open","sticky":false,"template":"","format":"standard","meta":{"cybocfi_hide_featured_image":"","_jetpack_memberships_contains_paid_content":false,"footnotes":""},"categories":[1],"tags":[],"class_list":["post-1354","post","type-post","status-publish","format-standard","hentry","category-diversos"],"yoast_head":"<!-- This site is optimized with the Yoast SEO plugin v25.6 - https:\/\/yoast.com\/wordpress\/plugins\/seo\/ -->\n<title>Presidente da C\u00e2mara de Natal, Eriko J\u00e1come, faz um balan\u00e7o do primeiro semestre \u00e0 frente da Casa Legislativa - Blog do Bispo<\/title>\n<meta name=\"robots\" content=\"index, follow, max-snippet:-1, max-image-preview:large, max-video-preview:-1\" \/>\n<link rel=\"canonical\" href=\"https:\/\/blogdobispo.com.br\/?p=1354\" \/>\n<meta property=\"og:locale\" content=\"pt_BR\" \/>\n<meta property=\"og:type\" content=\"article\" \/>\n<meta property=\"og:title\" content=\"Presidente da C\u00e2mara de Natal, Eriko J\u00e1come, faz um balan\u00e7o do primeiro semestre \u00e0 frente da Casa Legislativa - Blog do Bispo\" \/>\n<meta property=\"og:description\" content=\"Presidente da C\u00e2mara de Natal Eriko J\u00e1come faz um balan\u00e7o do primeiro semestre \u00e0 frente da Casa Legislativa O presidente da C\u00e2mara Municipal de Natal, vereador Eriko J\u00e1come, concedeu uma entrevista no programa Jornal da Mix, comandado pelos apresentadores Salatiel de Souza, Hugo Monte e Elizabeth Biglione, para fazer um balan\u00e7o geral de sua gest\u00e3o [&hellip;]\" \/>\n<meta property=\"og:url\" content=\"https:\/\/blogdobispo.com.br\/?p=1354\" \/>\n<meta property=\"og:site_name\" content=\"Blog do Bispo\" \/>\n<meta property=\"article:published_time\" content=\"2023-07-12T23:34:29+00:00\" \/>\n<meta property=\"article:modified_time\" content=\"2023-07-12T23:51:28+00:00\" \/>\n<meta property=\"og:image\" content=\"https:\/\/blogdobispo.com.br\/wp-content\/uploads\/2023\/07\/img_1493.jpg\" \/>\n<meta name=\"author\" content=\"Jefferson Sterfeno\" \/>\n<meta name=\"twitter:card\" content=\"summary_large_image\" \/>\n<meta name=\"twitter:label1\" content=\"Escrito por\" \/>\n\t<meta name=\"twitter:data1\" content=\"Jefferson Sterfeno\" \/>\n\t<meta name=\"twitter:label2\" content=\"Est. tempo de leitura\" \/>\n\t<meta name=\"twitter:data2\" content=\"2 minutos\" \/>\n<script type=\"application\/ld+json\" class=\"yoast-schema-graph\">{\"@context\":\"https:\/\/schema.org\",\"@graph\":[{\"@type\":\"Article\",\"@id\":\"https:\/\/blogdobispo.com.br\/?p=1354#article\",\"isPartOf\":{\"@id\":\"https:\/\/blogdobispo.com.br\/?p=1354\"},\"author\":{\"name\":\"Jefferson Sterfeno\",\"@id\":\"https:\/\/blogdobispo.com.br\/#\/schema\/person\/e2209cc0e6cea5c5233d033e997b373f\"},\"headline\":\"Presidente da C\u00e2mara de Natal, Eriko J\u00e1come, faz um balan\u00e7o do primeiro semestre \u00e0 frente da Casa Legislativa\",\"datePublished\":\"2023-07-12T23:34:29+00:00\",\"dateModified\":\"2023-07-12T23:51:28+00:00\",\"mainEntityOfPage\":{\"@id\":\"https:\/\/blogdobispo.com.br\/?p=1354\"},\"wordCount\":372,\"commentCount\":0,\"publisher\":{\"@id\":\"https:\/\/blogdobispo.com.br\/#organization\"},\"image\":{\"@id\":\"https:\/\/blogdobispo.com.br\/?p=1354#primaryimage\"},\"thumbnailUrl\":\"https:\/\/blogdobispo.com.br\/wp-content\/uploads\/2023\/07\/img_1493.jpg\",\"articleSection\":[\"diversos\"],\"inLanguage\":\"pt-BR\",\"potentialAction\":[{\"@type\":\"CommentAction\",\"name\":\"Comment\",\"target\":[\"https:\/\/blogdobispo.com.br\/?p=1354#respond\"]}]},{\"@type\":\"WebPage\",\"@id\":\"https:\/\/blogdobispo.com.br\/?p=1354\",\"url\":\"https:\/\/blogdobispo.com.br\/?p=1354\",\"name\":\"Presidente da C\u00e2mara de Natal, Eriko J\u00e1come, faz um balan\u00e7o do primeiro semestre \u00e0 frente da Casa Legislativa - Blog do Bispo\",\"isPartOf\":{\"@id\":\"https:\/\/blogdobispo.com.br\/#website\"},\"primaryImageOfPage\":{\"@id\":\"https:\/\/blogdobispo.com.br\/?p=1354#primaryimage\"},\"image\":{\"@id\":\"https:\/\/blogdobispo.com.br\/?p=1354#primaryimage\"},\"thumbnailUrl\":\"https:\/\/blogdobispo.com.br\/wp-content\/uploads\/2023\/07\/img_1493.jpg\",\"datePublished\":\"2023-07-12T23:34:29+00:00\",\"dateModified\":\"2023-07-12T23:51:28+00:00\",\"breadcrumb\":{\"@id\":\"https:\/\/blogdobispo.com.br\/?p=1354#breadcrumb\"},\"inLanguage\":\"pt-BR\",\"potentialAction\":[{\"@type\":\"ReadAction\",\"target\":[\"https:\/\/blogdobispo.com.br\/?p=1354\"]}]},{\"@type\":\"ImageObject\",\"inLanguage\":\"pt-BR\",\"@id\":\"https:\/\/blogdobispo.com.br\/?p=1354#primaryimage\",\"url\":\"https:\/\/blogdobispo.com.br\/wp-content\/uploads\/2023\/07\/img_1493.jpg\",\"contentUrl\":\"https:\/\/blogdobispo.com.br\/wp-content\/uploads\/2023\/07\/img_1493.jpg\"},{\"@type\":\"BreadcrumbList\",\"@id\":\"https:\/\/blogdobispo.com.br\/?p=1354#breadcrumb\",\"itemListElement\":[{\"@type\":\"ListItem\",\"position\":1,\"name\":\"In\u00edcio\",\"item\":\"https:\/\/blogdobispo.com.br\/\"},{\"@type\":\"ListItem\",\"position\":2,\"name\":\"Presidente da C\u00e2mara de Natal, Eriko J\u00e1come, faz um balan\u00e7o do primeiro semestre \u00e0 frente da Casa Legislativa\"}]},{\"@type\":\"WebSite\",\"@id\":\"https:\/\/blogdobispo.com.br\/#website\",\"url\":\"https:\/\/blogdobispo.com.br\/\",\"name\":\"Blog do Bispo\",\"description\":\"Comprometido apenas com o leitor\",\"publisher\":{\"@id\":\"https:\/\/blogdobispo.com.br\/#organization\"},\"potentialAction\":[{\"@type\":\"SearchAction\",\"target\":{\"@type\":\"EntryPoint\",\"urlTemplate\":\"https:\/\/blogdobispo.com.br\/?s={search_term_string}\"},\"query-input\":{\"@type\":\"PropertyValueSpecification\",\"valueRequired\":true,\"valueName\":\"search_term_string\"}}],\"inLanguage\":\"pt-BR\"},{\"@type\":\"Organization\",\"@id\":\"https:\/\/blogdobispo.com.br\/#organization\",\"name\":\"Blog do Bispo\",\"url\":\"https:\/\/blogdobispo.com.br\/\",\"logo\":{\"@type\":\"ImageObject\",\"inLanguage\":\"pt-BR\",\"@id\":\"https:\/\/blogdobispo.com.br\/#\/schema\/logo\/image\/\",\"url\":\"http:\/\/blogdobispo.com.br\/wp-content\/uploads\/2023\/05\/cropped-headear.png\",\"contentUrl\":\"http:\/\/blogdobispo.com.br\/wp-content\/uploads\/2023\/05\/cropped-headear.png\",\"width\":1500,\"height\":399,\"caption\":\"Blog do Bispo\"},\"image\":{\"@id\":\"https:\/\/blogdobispo.com.br\/#\/schema\/logo\/image\/\"}},{\"@type\":\"Person\",\"@id\":\"https:\/\/blogdobispo.com.br\/#\/schema\/person\/e2209cc0e6cea5c5233d033e997b373f\",\"name\":\"Jefferson Sterfeno\",\"image\":{\"@type\":\"ImageObject\",\"inLanguage\":\"pt-BR\",\"@id\":\"https:\/\/blogdobispo.com.br\/#\/schema\/person\/image\/\",\"url\":\"https:\/\/secure.gravatar.com\/avatar\/0534e84764641168a677026b6d57a3f51dc7ac4db0b4f6186d9cb330d4ee1160?s=96&d=mm&r=g\",\"contentUrl\":\"https:\/\/secure.gravatar.com\/avatar\/0534e84764641168a677026b6d57a3f51dc7ac4db0b4f6186d9cb330d4ee1160?s=96&d=mm&r=g\",\"caption\":\"Jefferson Sterfeno\"},\"sameAs\":[\"http:\/\/blogdobispo.com.br\"],\"url\":\"https:\/\/blogdobispo.com.br\/?author=1\"}]}<\/script>\n<!-- \/ Yoast SEO plugin. -->","yoast_head_json":{"title":"Presidente da C\u00e2mara de Natal, Eriko J\u00e1come, faz um balan\u00e7o do primeiro semestre \u00e0 frente da Casa Legislativa - Blog do Bispo","robots":{"index":"index","follow":"follow","max-snippet":"max-snippet:-1","max-image-preview":"max-image-preview:large","max-video-preview":"max-video-preview:-1"},"canonical":"https:\/\/blogdobispo.com.br\/?p=1354","og_locale":"pt_BR","og_type":"article","og_title":"Presidente da C\u00e2mara de Natal, Eriko J\u00e1come, faz um balan\u00e7o do primeiro semestre \u00e0 frente da Casa Legislativa - Blog do Bispo","og_description":"Presidente da C\u00e2mara de Natal Eriko J\u00e1come faz um balan\u00e7o do primeiro semestre \u00e0 frente da Casa Legislativa O presidente da C\u00e2mara Municipal de Natal, vereador Eriko J\u00e1come, concedeu uma entrevista no programa Jornal da Mix, comandado pelos apresentadores Salatiel de Souza, Hugo Monte e Elizabeth Biglione, para fazer um balan\u00e7o geral de sua gest\u00e3o [&hellip;]","og_url":"https:\/\/blogdobispo.com.br\/?p=1354","og_site_name":"Blog do Bispo","article_published_time":"2023-07-12T23:34:29+00:00","article_modified_time":"2023-07-12T23:51:28+00:00","og_image":[{"url":"https:\/\/blogdobispo.com.br\/wp-content\/uploads\/2023\/07\/img_1493.jpg","type":"","width":"","height":""}],"author":"Jefferson Sterfeno","twitter_card":"summary_large_image","twitter_misc":{"Escrito por":"Jefferson Sterfeno","Est. tempo de leitura":"2 minutos"},"schema":{"@context":"https:\/\/schema.org","@graph":[{"@type":"Article","@id":"https:\/\/blogdobispo.com.br\/?p=1354#article","isPartOf":{"@id":"https:\/\/blogdobispo.com.br\/?p=1354"},"author":{"name":"Jefferson Sterfeno","@id":"https:\/\/blogdobispo.com.br\/#\/schema\/person\/e2209cc0e6cea5c5233d033e997b373f"},"headline":"Presidente da C\u00e2mara de Natal, Eriko J\u00e1come, faz um balan\u00e7o do primeiro semestre \u00e0 frente da Casa Legislativa","datePublished":"2023-07-12T23:34:29+00:00","dateModified":"2023-07-12T23:51:28+00:00","mainEntityOfPage":{"@id":"https:\/\/blogdobispo.com.br\/?p=1354"},"wordCount":372,"commentCount":0,"publisher":{"@id":"https:\/\/blogdobispo.com.br\/#organization"},"image":{"@id":"https:\/\/blogdobispo.com.br\/?p=1354#primaryimage"},"thumbnailUrl":"https:\/\/blogdobispo.com.br\/wp-content\/uploads\/2023\/07\/img_1493.jpg","articleSection":["diversos"],"inLanguage":"pt-BR","potentialAction":[{"@type":"CommentAction","name":"Comment","target":["https:\/\/blogdobispo.com.br\/?p=1354#respond"]}]},{"@type":"WebPage","@id":"https:\/\/blogdobispo.com.br\/?p=1354","url":"https:\/\/blogdobispo.com.br\/?p=1354","name":"Presidente da C\u00e2mara de Natal, Eriko J\u00e1come, faz um balan\u00e7o do primeiro semestre \u00e0 frente da Casa Legislativa - Blog do Bispo","isPartOf":{"@id":"https:\/\/blogdobispo.com.br\/#website"},"primaryImageOfPage":{"@id":"https:\/\/blogdobispo.com.br\/?p=1354#primaryimage"},"image":{"@id":"https:\/\/blogdobispo.com.br\/?p=1354#primaryimage"},"thumbnailUrl":"https:\/\/blogdobispo.com.br\/wp-content\/uploads\/2023\/07\/img_1493.jpg","datePublished":"2023-07-12T23:34:29+00:00","dateModified":"2023-07-12T23:51:28+00:00","breadcrumb":{"@id":"https:\/\/blogdobispo.com.br\/?p=1354#breadcrumb"},"inLanguage":"pt-BR","potentialAction":[{"@type":"ReadAction","target":["https:\/\/blogdobispo.com.br\/?p=1354"]}]},{"@type":"ImageObject","inLanguage":"pt-BR","@id":"https:\/\/blogdobispo.com.br\/?p=1354#primaryimage","url":"https:\/\/blogdobispo.com.br\/wp-content\/uploads\/2023\/07\/img_1493.jpg","contentUrl":"https:\/\/blogdobispo.com.br\/wp-content\/uploads\/2023\/07\/img_1493.jpg"},{"@type":"BreadcrumbList","@id":"https:\/\/blogdobispo.com.br\/?p=1354#breadcrumb","itemListElement":[{"@type":"ListItem","position":1,"name":"In\u00edcio","item":"https:\/\/blogdobispo.com.br\/"},{"@type":"ListItem","position":2,"name":"Presidente da C\u00e2mara de Natal, Eriko J\u00e1come, faz um balan\u00e7o do primeiro semestre \u00e0 frente da Casa Legislativa"}]},{"@type":"WebSite","@id":"https:\/\/blogdobispo.com.br\/#website","url":"https:\/\/blogdobispo.com.br\/","name":"Blog do Bispo","description":"Comprometido apenas com o leitor","publisher":{"@id":"https:\/\/blogdobispo.com.br\/#organization"},"potentialAction":[{"@type":"SearchAction","target":{"@type":"EntryPoint","urlTemplate":"https:\/\/blogdobispo.com.br\/?s={search_term_string}"},"query-input":{"@type":"PropertyValueSpecification","valueRequired":true,"valueName":"search_term_string"}}],"inLanguage":"pt-BR"},{"@type":"Organization","@id":"https:\/\/blogdobispo.com.br\/#organization","name":"Blog do Bispo","url":"https:\/\/blogdobispo.com.br\/","logo":{"@type":"ImageObject","inLanguage":"pt-BR","@id":"https:\/\/blogdobispo.com.br\/#\/schema\/logo\/image\/","url":"http:\/\/blogdobispo.com.br\/wp-content\/uploads\/2023\/05\/cropped-headear.png","contentUrl":"http:\/\/blogdobispo.com.br\/wp-content\/uploads\/2023\/05\/cropped-headear.png","width":1500,"height":399,"caption":"Blog do Bispo"},"image":{"@id":"https:\/\/blogdobispo.com.br\/#\/schema\/logo\/image\/"}},{"@type":"Person","@id":"https:\/\/blogdobispo.com.br\/#\/schema\/person\/e2209cc0e6cea5c5233d033e997b373f","name":"Jefferson Sterfeno","image":{"@type":"ImageObject","inLanguage":"pt-BR","@id":"https:\/\/blogdobispo.com.br\/#\/schema\/person\/image\/","url":"https:\/\/secure.gravatar.com\/avatar\/0534e84764641168a677026b6d57a3f51dc7ac4db0b4f6186d9cb330d4ee1160?s=96&d=mm&r=g","contentUrl":"https:\/\/secure.gravatar.com\/avatar\/0534e84764641168a677026b6d57a3f51dc7ac4db0b4f6186d9cb330d4ee1160?s=96&d=mm&r=g","caption":"Jefferson Sterfeno"},"sameAs":["http:\/\/blogdobispo.com.br"],"url":"https:\/\/blogdobispo.com.br\/?author=1"}]}},"featured_image_urls":{"full":"","thumbnail":"","medium":"","medium_large":"","large":"","1536x1536":"","2048x2048":""},"author_info":{"display_name":"Jefferson Sterfeno","author_link":"https:\/\/blogdobispo.com.br\/?author=1"},"category_info":"<a href=\"https:\/\/blogdobispo.com.br\/?cat=1\" rel=\"category\">diversos<\/a>","tag_info":"diversos","comment_count":"0","jetpack_featured_media_url":"","jetpack_sharing_enabled":true,"_links":{"self":[{"href":"https:\/\/blogdobispo.com.br\/index.php?rest_route=\/wp\/v2\/posts\/1354","targetHints":{"allow":["GET"]}}],"collection":[{"href":"https:\/\/blogdobispo.com.br\/index.php?rest_route=\/wp\/v2\/posts"}],"about":[{"href":"https:\/\/blogdobispo.com.br\/index.php?rest_route=\/wp\/v2\/types\/post"}],"author":[{"embeddable":true,"href":"https:\/\/blogdobispo.com.br\/index.php?rest_route=\/wp\/v2\/users\/1"}],"replies":[{"embeddable":true,"href":"https:\/\/blogdobispo.com.br\/index.php?rest_route=%2Fwp%2Fv2%2Fcomments&post=1354"}],"version-history":[{"count":2,"href":"https:\/\/blogdobispo.com.br\/index.php?rest_route=\/wp\/v2\/posts\/1354\/revisions"}],"predecessor-version":[{"id":1356,"href":"https:\/\/blogdobispo.com.br\/index.php?rest_route=\/wp\/v2\/posts\/1354\/revisions\/1356"}],"wp:attachment":[{"href":"https:\/\/blogdobispo.com.br\/index.php?rest_route=%2Fwp%2Fv2%2Fmedia&parent=1354"}],"wp:term":[{"taxonomy":"category","embeddable":true,"href":"https:\/\/blogdobispo.com.br\/index.php?rest_route=%2Fwp%2Fv2%2Fcategories&post=1354"},{"taxonomy":"post_tag","embeddable":true,"href":"https:\/\/blogdobispo.com.br\/index.php?rest_route=%2Fwp%2Fv2%2Ftags&post=1354"}],"curies":[{"name":"wp","href":"https:\/\/api.w.org\/{rel}","templated":true}]}}