{"id":1351,"date":"2023-07-12T01:38:41","date_gmt":"2023-07-12T01:38:41","guid":{"rendered":"https:\/\/blogdobispo.com.br\/?p=1351"},"modified":"2023-07-12T01:39:33","modified_gmt":"2023-07-12T01:39:33","slug":"1351","status":"publish","type":"post","link":"https:\/\/blogdobispo.com.br\/?p=1351","title":{"rendered":"S\u00e3o Jos\u00e9 de Mipibu: Severino Rodrigues tem 35%; Z\u00e9 Figueiredo, 25%; e Arlindo Dantas, 15%, aponta pesquisa TS2"},"content":{"rendered":"\n<p>Pesquisa de inten\u00e7\u00e3o de votos realizada pelo Instituto TS2 traz os n\u00fameros da corrida eleitoral para a Prefeitura de S\u00e3o Jos\u00e9 de Mipibu, munic\u00edpio de 47 mil habitantes localizado na Regi\u00e3o Metropolitana de Natal.<\/p>\n\n\n\n<p>O levantamento ouviu 400 pessoas no dia 5 de julho. A margem de erro \u00e9 de 4,8 pontos percentuais, com intervalo de confian\u00e7a de 95%.<\/p>\n\n\n\n<p>Foram avaliadas inten\u00e7\u00f5es de voto para prefeito no cen\u00e1rio espont\u00e2neo, quando os entrevistados podem citar qualquer nome, e tr\u00eas cen\u00e1rios de estimulada, com a apresenta\u00e7\u00e3o dos nomes dos poss\u00edveis candidatos. Tamb\u00e9m foi pedida aos eleitores uma avalia\u00e7\u00e3o da gest\u00e3o do prefeito Z\u00e9 Figueiredo.<\/p>\n\n\n\n<p><strong>Prefeitura de S\u00e3o Jos\u00e9 de Mipibu \u2013 Estimulada \u2013 Cen\u00e1rio 1<\/strong><\/p>\n\n\n\n<ul class=\"wp-block-list\">\n<li>Severino Rodrigues: 35,9%<\/li>\n\n\n\n<li>Z\u00e9 Figueiredo: 25,5%<\/li>\n\n\n\n<li>Arlindo Dantas: 15,1%<\/li>\n\n\n\n<li>Norma Ferreira: 4,7%<\/li>\n\n\n\n<li>Kerinho: 2%<\/li>\n\n\n\n<li>Branco\/nulo\/nenhum: 8,9%<\/li>\n\n\n\n<li>N\u00e3o sabe\/n\u00e3o respondeu: 7,9%<\/li>\n<\/ul>\n\n\n\n<p><strong>Prefeitura de S\u00e3o Jos\u00e9 de Mipibu \u2013 Estimulada \u2013 Cen\u00e1rio 2<\/strong><\/p>\n\n\n\n<ul class=\"wp-block-list\">\n<li>Severino Rodrigues: 42,6%<\/li>\n\n\n\n<li>Arlindo Dantas: 31,7%<\/li>\n\n\n\n<li>Branco\/nulo\/nenhum: 15,6%<\/li>\n\n\n\n<li>N\u00e3o sabe\/n\u00e3o respondeu: 10,1%<\/li>\n<\/ul>\n\n\n\n<p><strong>Prefeitura de S\u00e3o Jos\u00e9 de Mipibu \u2013 Estimulada \u2013 Cen\u00e1rio 3<\/strong><\/p>\n\n\n\n<ul class=\"wp-block-list\">\n<li>Severino Rodrigues: 44,1%<\/li>\n\n\n\n<li>Z\u00e9 Figueiredo: 30,4%<\/li>\n\n\n\n<li>Branco\/nulo\/nenhum: 14,1%<\/li>\n\n\n\n<li>N\u00e3o sabe\/n\u00e3o respondeu: 11,4%<\/li>\n<\/ul>\n\n\n\n<p><strong>Prefeitura de S\u00e3o Jos\u00e9 de Mipibu \u2013 Espont\u00e2nea<\/strong><\/p>\n\n\n\n<ul class=\"wp-block-list\">\n<li>Severino Rodrigues: 15,8%<\/li>\n\n\n\n<li>Z\u00e9 Figueiredo: 14,4%<\/li>\n\n\n\n<li>Arlindo Dantas: 2,2%<\/li>\n\n\n\n<li>Norma Ferreira: 1,2%<\/li>\n\n\n\n<li>Kerinho: 0,2%<\/li>\n\n\n\n<li>Branco\/nulo\/nenhum: 2,5%<\/li>\n\n\n\n<li>N\u00e3o sabe\/n\u00e3o respondeu: 63,6%<\/li>\n<\/ul>\n\n\n\n<p><strong>Avalia\u00e7\u00e3o da gest\u00e3o do prefeito Z\u00e9 Figueiredo<\/strong><\/p>\n\n\n\n<ul class=\"wp-block-list\">\n<li>Aprova: 46,8%<\/li>\n\n\n\n<li>Desaprova: 46%<\/li>\n\n\n\n<li>N\u00e3o sabe\/n\u00e3o respondeu: 7,2%<\/li>\n<\/ul>\n\n\n\n<figure class=\"wp-block-image size-large\"><img data-recalc-dims=\"1\" fetchpriority=\"high\" decoding=\"async\" width=\"800\" height=\"500\" src=\"https:\/\/i0.wp.com\/blogdobispo.com.br\/wp-content\/uploads\/2023\/07\/img_1483.jpg?resize=800%2C500&#038;ssl=1\" alt=\"\" class=\"wp-image-1350\" srcset=\"https:\/\/i0.wp.com\/blogdobispo.com.br\/wp-content\/uploads\/2023\/07\/img_1483.jpg?w=800&amp;ssl=1 800w, https:\/\/i0.wp.com\/blogdobispo.com.br\/wp-content\/uploads\/2023\/07\/img_1483.jpg?resize=300%2C188&amp;ssl=1 300w, https:\/\/i0.wp.com\/blogdobispo.com.br\/wp-content\/uploads\/2023\/07\/img_1483.jpg?resize=768%2C480&amp;ssl=1 768w\" sizes=\"(max-width: 800px) 100vw, 800px\" \/><\/figure>\n","protected":false},"excerpt":{"rendered":"<p>Pesquisa de inten\u00e7\u00e3o de votos realizada pelo Instituto TS2 traz os n\u00fameros da corrida eleitoral para a Prefeitura de S\u00e3o Jos\u00e9 de Mipibu, munic\u00edpio de 47 mil habitantes localizado na Regi\u00e3o Metropolitana de Natal. O levantamento ouviu 400 pessoas no dia 5 de julho. A margem de erro \u00e9 de 4,8 pontos percentuais, com intervalo [&hellip;]<\/p>\n","protected":false},"author":1,"featured_media":0,"comment_status":"open","ping_status":"open","sticky":false,"template":"","format":"standard","meta":{"cybocfi_hide_featured_image":"","_jetpack_memberships_contains_paid_content":false,"footnotes":""},"categories":[1],"tags":[],"class_list":["post-1351","post","type-post","status-publish","format-standard","hentry","category-diversos"],"yoast_head":"<!-- This site is optimized with the Yoast SEO plugin v25.6 - https:\/\/yoast.com\/wordpress\/plugins\/seo\/ -->\n<title>S\u00e3o Jos\u00e9 de Mipibu: Severino Rodrigues tem 35%; Z\u00e9 Figueiredo, 25%; e Arlindo Dantas, 15%, aponta pesquisa TS2 - Blog do Bispo<\/title>\n<meta name=\"robots\" content=\"index, follow, max-snippet:-1, max-image-preview:large, max-video-preview:-1\" \/>\n<link rel=\"canonical\" href=\"https:\/\/blogdobispo.com.br\/?p=1351\" \/>\n<meta property=\"og:locale\" content=\"pt_BR\" \/>\n<meta property=\"og:type\" content=\"article\" \/>\n<meta property=\"og:title\" content=\"S\u00e3o Jos\u00e9 de Mipibu: Severino Rodrigues tem 35%; Z\u00e9 Figueiredo, 25%; e Arlindo Dantas, 15%, aponta pesquisa TS2 - Blog do Bispo\" \/>\n<meta property=\"og:description\" content=\"Pesquisa de inten\u00e7\u00e3o de votos realizada pelo Instituto TS2 traz os n\u00fameros da corrida eleitoral para a Prefeitura de S\u00e3o Jos\u00e9 de Mipibu, munic\u00edpio de 47 mil habitantes localizado na Regi\u00e3o Metropolitana de Natal. O levantamento ouviu 400 pessoas no dia 5 de julho. A margem de erro \u00e9 de 4,8 pontos percentuais, com intervalo [&hellip;]\" \/>\n<meta property=\"og:url\" content=\"https:\/\/blogdobispo.com.br\/?p=1351\" \/>\n<meta property=\"og:site_name\" content=\"Blog do Bispo\" \/>\n<meta property=\"article:published_time\" content=\"2023-07-12T01:38:41+00:00\" \/>\n<meta property=\"article:modified_time\" content=\"2023-07-12T01:39:33+00:00\" \/>\n<meta property=\"og:image\" content=\"https:\/\/blogdobispo.com.br\/wp-content\/uploads\/2023\/07\/img_1483.jpg\" \/>\n<meta name=\"author\" content=\"Jefferson Sterfeno\" \/>\n<meta name=\"twitter:card\" content=\"summary_large_image\" \/>\n<meta name=\"twitter:label1\" content=\"Escrito por\" \/>\n\t<meta name=\"twitter:data1\" content=\"Jefferson Sterfeno\" \/>\n\t<meta name=\"twitter:label2\" content=\"Est. tempo de leitura\" \/>\n\t<meta name=\"twitter:data2\" content=\"1 minuto\" \/>\n<script type=\"application\/ld+json\" class=\"yoast-schema-graph\">{\"@context\":\"https:\/\/schema.org\",\"@graph\":[{\"@type\":\"Article\",\"@id\":\"https:\/\/blogdobispo.com.br\/?p=1351#article\",\"isPartOf\":{\"@id\":\"https:\/\/blogdobispo.com.br\/?p=1351\"},\"author\":{\"name\":\"Jefferson Sterfeno\",\"@id\":\"https:\/\/blogdobispo.com.br\/#\/schema\/person\/e2209cc0e6cea5c5233d033e997b373f\"},\"headline\":\"S\u00e3o Jos\u00e9 de Mipibu: Severino Rodrigues tem 35%; Z\u00e9 Figueiredo, 25%; e Arlindo Dantas, 15%, aponta pesquisa TS2\",\"datePublished\":\"2023-07-12T01:38:41+00:00\",\"dateModified\":\"2023-07-12T01:39:33+00:00\",\"mainEntityOfPage\":{\"@id\":\"https:\/\/blogdobispo.com.br\/?p=1351\"},\"wordCount\":246,\"commentCount\":0,\"publisher\":{\"@id\":\"https:\/\/blogdobispo.com.br\/#organization\"},\"image\":{\"@id\":\"https:\/\/blogdobispo.com.br\/?p=1351#primaryimage\"},\"thumbnailUrl\":\"https:\/\/blogdobispo.com.br\/wp-content\/uploads\/2023\/07\/img_1483.jpg\",\"articleSection\":[\"diversos\"],\"inLanguage\":\"pt-BR\",\"potentialAction\":[{\"@type\":\"CommentAction\",\"name\":\"Comment\",\"target\":[\"https:\/\/blogdobispo.com.br\/?p=1351#respond\"]}]},{\"@type\":\"WebPage\",\"@id\":\"https:\/\/blogdobispo.com.br\/?p=1351\",\"url\":\"https:\/\/blogdobispo.com.br\/?p=1351\",\"name\":\"S\u00e3o Jos\u00e9 de Mipibu: Severino Rodrigues tem 35%; Z\u00e9 Figueiredo, 25%; e Arlindo Dantas, 15%, aponta pesquisa TS2 - Blog do Bispo\",\"isPartOf\":{\"@id\":\"https:\/\/blogdobispo.com.br\/#website\"},\"primaryImageOfPage\":{\"@id\":\"https:\/\/blogdobispo.com.br\/?p=1351#primaryimage\"},\"image\":{\"@id\":\"https:\/\/blogdobispo.com.br\/?p=1351#primaryimage\"},\"thumbnailUrl\":\"https:\/\/blogdobispo.com.br\/wp-content\/uploads\/2023\/07\/img_1483.jpg\",\"datePublished\":\"2023-07-12T01:38:41+00:00\",\"dateModified\":\"2023-07-12T01:39:33+00:00\",\"breadcrumb\":{\"@id\":\"https:\/\/blogdobispo.com.br\/?p=1351#breadcrumb\"},\"inLanguage\":\"pt-BR\",\"potentialAction\":[{\"@type\":\"ReadAction\",\"target\":[\"https:\/\/blogdobispo.com.br\/?p=1351\"]}]},{\"@type\":\"ImageObject\",\"inLanguage\":\"pt-BR\",\"@id\":\"https:\/\/blogdobispo.com.br\/?p=1351#primaryimage\",\"url\":\"https:\/\/blogdobispo.com.br\/wp-content\/uploads\/2023\/07\/img_1483.jpg\",\"contentUrl\":\"https:\/\/blogdobispo.com.br\/wp-content\/uploads\/2023\/07\/img_1483.jpg\"},{\"@type\":\"BreadcrumbList\",\"@id\":\"https:\/\/blogdobispo.com.br\/?p=1351#breadcrumb\",\"itemListElement\":[{\"@type\":\"ListItem\",\"position\":1,\"name\":\"In\u00edcio\",\"item\":\"https:\/\/blogdobispo.com.br\/\"},{\"@type\":\"ListItem\",\"position\":2,\"name\":\"S\u00e3o Jos\u00e9 de Mipibu: Severino Rodrigues tem 35%; Z\u00e9 Figueiredo, 25%; e Arlindo Dantas, 15%, aponta pesquisa TS2\"}]},{\"@type\":\"WebSite\",\"@id\":\"https:\/\/blogdobispo.com.br\/#website\",\"url\":\"https:\/\/blogdobispo.com.br\/\",\"name\":\"Blog do Bispo\",\"description\":\"Comprometido apenas com o leitor\",\"publisher\":{\"@id\":\"https:\/\/blogdobispo.com.br\/#organization\"},\"potentialAction\":[{\"@type\":\"SearchAction\",\"target\":{\"@type\":\"EntryPoint\",\"urlTemplate\":\"https:\/\/blogdobispo.com.br\/?s={search_term_string}\"},\"query-input\":{\"@type\":\"PropertyValueSpecification\",\"valueRequired\":true,\"valueName\":\"search_term_string\"}}],\"inLanguage\":\"pt-BR\"},{\"@type\":\"Organization\",\"@id\":\"https:\/\/blogdobispo.com.br\/#organization\",\"name\":\"Blog do Bispo\",\"url\":\"https:\/\/blogdobispo.com.br\/\",\"logo\":{\"@type\":\"ImageObject\",\"inLanguage\":\"pt-BR\",\"@id\":\"https:\/\/blogdobispo.com.br\/#\/schema\/logo\/image\/\",\"url\":\"http:\/\/blogdobispo.com.br\/wp-content\/uploads\/2023\/05\/cropped-headear.png\",\"contentUrl\":\"http:\/\/blogdobispo.com.br\/wp-content\/uploads\/2023\/05\/cropped-headear.png\",\"width\":1500,\"height\":399,\"caption\":\"Blog do Bispo\"},\"image\":{\"@id\":\"https:\/\/blogdobispo.com.br\/#\/schema\/logo\/image\/\"}},{\"@type\":\"Person\",\"@id\":\"https:\/\/blogdobispo.com.br\/#\/schema\/person\/e2209cc0e6cea5c5233d033e997b373f\",\"name\":\"Jefferson Sterfeno\",\"image\":{\"@type\":\"ImageObject\",\"inLanguage\":\"pt-BR\",\"@id\":\"https:\/\/blogdobispo.com.br\/#\/schema\/person\/image\/\",\"url\":\"https:\/\/secure.gravatar.com\/avatar\/0534e84764641168a677026b6d57a3f51dc7ac4db0b4f6186d9cb330d4ee1160?s=96&d=mm&r=g\",\"contentUrl\":\"https:\/\/secure.gravatar.com\/avatar\/0534e84764641168a677026b6d57a3f51dc7ac4db0b4f6186d9cb330d4ee1160?s=96&d=mm&r=g\",\"caption\":\"Jefferson Sterfeno\"},\"sameAs\":[\"http:\/\/blogdobispo.com.br\"],\"url\":\"https:\/\/blogdobispo.com.br\/?author=1\"}]}<\/script>\n<!-- \/ Yoast SEO plugin. -->","yoast_head_json":{"title":"S\u00e3o Jos\u00e9 de Mipibu: Severino Rodrigues tem 35%; Z\u00e9 Figueiredo, 25%; e Arlindo Dantas, 15%, aponta pesquisa TS2 - Blog do Bispo","robots":{"index":"index","follow":"follow","max-snippet":"max-snippet:-1","max-image-preview":"max-image-preview:large","max-video-preview":"max-video-preview:-1"},"canonical":"https:\/\/blogdobispo.com.br\/?p=1351","og_locale":"pt_BR","og_type":"article","og_title":"S\u00e3o Jos\u00e9 de Mipibu: Severino Rodrigues tem 35%; Z\u00e9 Figueiredo, 25%; e Arlindo Dantas, 15%, aponta pesquisa TS2 - Blog do Bispo","og_description":"Pesquisa de inten\u00e7\u00e3o de votos realizada pelo Instituto TS2 traz os n\u00fameros da corrida eleitoral para a Prefeitura de S\u00e3o Jos\u00e9 de Mipibu, munic\u00edpio de 47 mil habitantes localizado na Regi\u00e3o Metropolitana de Natal. O levantamento ouviu 400 pessoas no dia 5 de julho. A margem de erro \u00e9 de 4,8 pontos percentuais, com intervalo [&hellip;]","og_url":"https:\/\/blogdobispo.com.br\/?p=1351","og_site_name":"Blog do Bispo","article_published_time":"2023-07-12T01:38:41+00:00","article_modified_time":"2023-07-12T01:39:33+00:00","og_image":[{"url":"https:\/\/blogdobispo.com.br\/wp-content\/uploads\/2023\/07\/img_1483.jpg","type":"","width":"","height":""}],"author":"Jefferson Sterfeno","twitter_card":"summary_large_image","twitter_misc":{"Escrito por":"Jefferson Sterfeno","Est. tempo de leitura":"1 minuto"},"schema":{"@context":"https:\/\/schema.org","@graph":[{"@type":"Article","@id":"https:\/\/blogdobispo.com.br\/?p=1351#article","isPartOf":{"@id":"https:\/\/blogdobispo.com.br\/?p=1351"},"author":{"name":"Jefferson Sterfeno","@id":"https:\/\/blogdobispo.com.br\/#\/schema\/person\/e2209cc0e6cea5c5233d033e997b373f"},"headline":"S\u00e3o Jos\u00e9 de Mipibu: Severino Rodrigues tem 35%; Z\u00e9 Figueiredo, 25%; e Arlindo Dantas, 15%, aponta pesquisa TS2","datePublished":"2023-07-12T01:38:41+00:00","dateModified":"2023-07-12T01:39:33+00:00","mainEntityOfPage":{"@id":"https:\/\/blogdobispo.com.br\/?p=1351"},"wordCount":246,"commentCount":0,"publisher":{"@id":"https:\/\/blogdobispo.com.br\/#organization"},"image":{"@id":"https:\/\/blogdobispo.com.br\/?p=1351#primaryimage"},"thumbnailUrl":"https:\/\/blogdobispo.com.br\/wp-content\/uploads\/2023\/07\/img_1483.jpg","articleSection":["diversos"],"inLanguage":"pt-BR","potentialAction":[{"@type":"CommentAction","name":"Comment","target":["https:\/\/blogdobispo.com.br\/?p=1351#respond"]}]},{"@type":"WebPage","@id":"https:\/\/blogdobispo.com.br\/?p=1351","url":"https:\/\/blogdobispo.com.br\/?p=1351","name":"S\u00e3o Jos\u00e9 de Mipibu: Severino Rodrigues tem 35%; Z\u00e9 Figueiredo, 25%; e Arlindo Dantas, 15%, aponta pesquisa TS2 - Blog do Bispo","isPartOf":{"@id":"https:\/\/blogdobispo.com.br\/#website"},"primaryImageOfPage":{"@id":"https:\/\/blogdobispo.com.br\/?p=1351#primaryimage"},"image":{"@id":"https:\/\/blogdobispo.com.br\/?p=1351#primaryimage"},"thumbnailUrl":"https:\/\/blogdobispo.com.br\/wp-content\/uploads\/2023\/07\/img_1483.jpg","datePublished":"2023-07-12T01:38:41+00:00","dateModified":"2023-07-12T01:39:33+00:00","breadcrumb":{"@id":"https:\/\/blogdobispo.com.br\/?p=1351#breadcrumb"},"inLanguage":"pt-BR","potentialAction":[{"@type":"ReadAction","target":["https:\/\/blogdobispo.com.br\/?p=1351"]}]},{"@type":"ImageObject","inLanguage":"pt-BR","@id":"https:\/\/blogdobispo.com.br\/?p=1351#primaryimage","url":"https:\/\/blogdobispo.com.br\/wp-content\/uploads\/2023\/07\/img_1483.jpg","contentUrl":"https:\/\/blogdobispo.com.br\/wp-content\/uploads\/2023\/07\/img_1483.jpg"},{"@type":"BreadcrumbList","@id":"https:\/\/blogdobispo.com.br\/?p=1351#breadcrumb","itemListElement":[{"@type":"ListItem","position":1,"name":"In\u00edcio","item":"https:\/\/blogdobispo.com.br\/"},{"@type":"ListItem","position":2,"name":"S\u00e3o Jos\u00e9 de Mipibu: Severino Rodrigues tem 35%; Z\u00e9 Figueiredo, 25%; e Arlindo Dantas, 15%, aponta pesquisa TS2"}]},{"@type":"WebSite","@id":"https:\/\/blogdobispo.com.br\/#website","url":"https:\/\/blogdobispo.com.br\/","name":"Blog do Bispo","description":"Comprometido apenas com o leitor","publisher":{"@id":"https:\/\/blogdobispo.com.br\/#organization"},"potentialAction":[{"@type":"SearchAction","target":{"@type":"EntryPoint","urlTemplate":"https:\/\/blogdobispo.com.br\/?s={search_term_string}"},"query-input":{"@type":"PropertyValueSpecification","valueRequired":true,"valueName":"search_term_string"}}],"inLanguage":"pt-BR"},{"@type":"Organization","@id":"https:\/\/blogdobispo.com.br\/#organization","name":"Blog do Bispo","url":"https:\/\/blogdobispo.com.br\/","logo":{"@type":"ImageObject","inLanguage":"pt-BR","@id":"https:\/\/blogdobispo.com.br\/#\/schema\/logo\/image\/","url":"http:\/\/blogdobispo.com.br\/wp-content\/uploads\/2023\/05\/cropped-headear.png","contentUrl":"http:\/\/blogdobispo.com.br\/wp-content\/uploads\/2023\/05\/cropped-headear.png","width":1500,"height":399,"caption":"Blog do Bispo"},"image":{"@id":"https:\/\/blogdobispo.com.br\/#\/schema\/logo\/image\/"}},{"@type":"Person","@id":"https:\/\/blogdobispo.com.br\/#\/schema\/person\/e2209cc0e6cea5c5233d033e997b373f","name":"Jefferson Sterfeno","image":{"@type":"ImageObject","inLanguage":"pt-BR","@id":"https:\/\/blogdobispo.com.br\/#\/schema\/person\/image\/","url":"https:\/\/secure.gravatar.com\/avatar\/0534e84764641168a677026b6d57a3f51dc7ac4db0b4f6186d9cb330d4ee1160?s=96&d=mm&r=g","contentUrl":"https:\/\/secure.gravatar.com\/avatar\/0534e84764641168a677026b6d57a3f51dc7ac4db0b4f6186d9cb330d4ee1160?s=96&d=mm&r=g","caption":"Jefferson Sterfeno"},"sameAs":["http:\/\/blogdobispo.com.br"],"url":"https:\/\/blogdobispo.com.br\/?author=1"}]}},"featured_image_urls":{"full":"","thumbnail":"","medium":"","medium_large":"","large":"","1536x1536":"","2048x2048":""},"author_info":{"display_name":"Jefferson Sterfeno","author_link":"https:\/\/blogdobispo.com.br\/?author=1"},"category_info":"<a href=\"https:\/\/blogdobispo.com.br\/?cat=1\" rel=\"category\">diversos<\/a>","tag_info":"diversos","comment_count":"0","jetpack_featured_media_url":"","jetpack_sharing_enabled":true,"_links":{"self":[{"href":"https:\/\/blogdobispo.com.br\/index.php?rest_route=\/wp\/v2\/posts\/1351","targetHints":{"allow":["GET"]}}],"collection":[{"href":"https:\/\/blogdobispo.com.br\/index.php?rest_route=\/wp\/v2\/posts"}],"about":[{"href":"https:\/\/blogdobispo.com.br\/index.php?rest_route=\/wp\/v2\/types\/post"}],"author":[{"embeddable":true,"href":"https:\/\/blogdobispo.com.br\/index.php?rest_route=\/wp\/v2\/users\/1"}],"replies":[{"embeddable":true,"href":"https:\/\/blogdobispo.com.br\/index.php?rest_route=%2Fwp%2Fv2%2Fcomments&post=1351"}],"version-history":[{"count":1,"href":"https:\/\/blogdobispo.com.br\/index.php?rest_route=\/wp\/v2\/posts\/1351\/revisions"}],"predecessor-version":[{"id":1352,"href":"https:\/\/blogdobispo.com.br\/index.php?rest_route=\/wp\/v2\/posts\/1351\/revisions\/1352"}],"wp:attachment":[{"href":"https:\/\/blogdobispo.com.br\/index.php?rest_route=%2Fwp%2Fv2%2Fmedia&parent=1351"}],"wp:term":[{"taxonomy":"category","embeddable":true,"href":"https:\/\/blogdobispo.com.br\/index.php?rest_route=%2Fwp%2Fv2%2Fcategories&post=1351"},{"taxonomy":"post_tag","embeddable":true,"href":"https:\/\/blogdobispo.com.br\/index.php?rest_route=%2Fwp%2Fv2%2Ftags&post=1351"}],"curies":[{"name":"wp","href":"https:\/\/api.w.org\/{rel}","templated":true}]}}