{"id":1345,"date":"2023-07-11T12:08:15","date_gmt":"2023-07-11T12:08:15","guid":{"rendered":"https:\/\/blogdobispo.com.br\/?p=1345"},"modified":"2023-08-11T19:56:33","modified_gmt":"2023-08-11T19:56:33","slug":"prefeitura-de-natal-responde-a-questionamentos-do-idema-sobre-engorda-de-ponta-negra","status":"publish","type":"post","link":"https:\/\/blogdobispo.com.br\/?p=1345","title":{"rendered":"Humaniza\u00e7\u00e3o do luto parental \u00e9 tema de debate na Assembleia Legislativa"},"content":{"rendered":"\n<p>A Assembleia Legislativa do RN promoveu audi\u00eancia p\u00fablica, na tarde desta segunda-feira (10), para debater a necessidade da humaniza\u00e7\u00e3o do luto parental nos hospitais p\u00fablicos e privados do Rio Grande do Norte. Proposto por Cristiane Dantas (SDD), o encontro contou com representantes das secretarias estadual e municipal de Sa\u00fade, m\u00e9dicos, assistentes sociais, enfermeiros, profissionais da Universidade Federal do Rio Grande do Norte e membros de entidades ligadas ao assunto.<\/p>\n\n\n\n<p>\u201cUm sofrimento n\u00e3o reconhecido. Por muitas vezes assim pode ser visto o luto parental, o contexto em que os pais perdem seus filhos. Pela lei da natureza, \u00e9 a invers\u00e3o da ordem, pois \u00e9 desolador ver partir quem se desejou e esperou para nascer. Trazer esse tema ao debate se insere dentro de um movimento que tem crescido Brasil afora e que deve ser abordado pelo vi\u00e9s da sensibilidade, da empatia e, como centralizamos, pelo olhar da humaniza\u00e7\u00e3o perante essas fam\u00edlias que atravessam esse acontecimento devastador e que traz grandes impactos psicol\u00f3gicos para os pais\u201d, iniciou a parlamentar.&nbsp;<\/p>\n\n\n\n<p>Segundo a deputada, existem diferentes formas e rea\u00e7\u00e3o ao luto pela perda de um filho, e uma das situa\u00e7\u00f5es n\u00e3o reconhecidas socialmente \u00e9 quando o luto ocorre por uma perda gestacional ou infantil. E a nossa preocupa\u00e7\u00e3o maior ao propor esta audi\u00eancia p\u00fablica \u00e9 que nem todas as unidades de Sa\u00fade, hospitais e maternidades est\u00e3o preparados ou capacitaram seus profissionais para acolher pais enlutados, enquanto a maioria de outros casais celebra a chegada de um filho.&nbsp;<\/p>\n\n\n\n<p>Ainda de acordo com Cristiane Dantas, ap\u00f3s participar de uma reuni\u00e3o tratando do assunto na Maternidade Escola Janu\u00e1rio Cicco, ano passado, ela e sua equipe elaboraram uma legisla\u00e7\u00e3o acerca do tema.<\/p>\n\n\n\n<p>\u201cAp\u00f3s esse di\u00e1logo, surgiu a Lei n\u00ba 11.357\/2023, sancionada em janeiro deste ano, que determina aos hospitais p\u00fablicos e privados a obriga\u00e7\u00e3o de adotarem procedimentos relacionados \u00e0 humaniza\u00e7\u00e3o do luto materno e parental, al\u00e9m de protocolos visando a forma\u00e7\u00e3o, o autocuidado e a atualiza\u00e7\u00e3o dos profissionais de Sa\u00fade. Entre os procedimentos dessa legisla\u00e7\u00e3o, elencam-se a necessidade de assist\u00eancia psicol\u00f3gica para os pais, a destina\u00e7\u00e3o de leito separado das demais parturientes e o alinhamento da comunica\u00e7\u00e3o entre toda a rede de acompanhamento da m\u00e3e, para evitar constrangimentos a respeito da evolu\u00e7\u00e3o do beb\u00ea\u201d, detalhou.<\/p>\n\n\n\n<p>Finalizando seu discurso, a deputada destacou que um dos grandes objetivos do debate \u00e9 dar publicidade \u00e0 citada lei estadual, para que os hospitais, maternidades e unidades de Sa\u00fade se capacitem, prestando um atendimento, de fato, humanizado para os casos de luto parental, acrescentando que \u201ca audi\u00eancia acontece dentro de uma campanha que a cada ano se expande para o conhecimento da sociedade, que \u00e9 o Julho \u00c2mbar, m\u00eas de conscientiza\u00e7\u00e3o do luto parental\u201d.&nbsp;<\/p>\n\n\n\n<p>Psic\u00f3loga da Maternidade Escola Janu\u00e1rio Cicco (MEJC\/UFRN), Caroline Lemos come\u00e7ou sua fala agradecendo a todos pela sensibilidade e acolhimento.<\/p>\n\n\n\n<p>\u201cEste \u00e9 um tema t\u00e3o importante para in\u00fameras fam\u00edlias. E a gente pode fazer muito com coisas simples, com pequenas mudan\u00e7as. O luto, embora seja t\u00e3o certo de que vai acontecer, \u00e9 um tema do qual fugimos. E no enlutamento parental essa dificuldade se acentua. Esse processo \u00e9 a tentativa de adapta\u00e7\u00e3o para viver no mundo sem aquela pessoa que amamos e que sempre estava conosco nos momentos mais importantes\u201d, explicou.<\/p>\n\n\n\n<p>A respeito do processo de luto e suas fases, Caroline Lemos disse que os sentimentos v\u00e3o mudando ao longo do tempo. \u201cTem certas situa\u00e7\u00f5es e viv\u00eancias que facilitam e\/ou dificultam o enfrentamento do luto. E, nesse processo, n\u00f3s n\u00e3o vamos conseguir eliminar a tristeza da pessoa. Al\u00e9m disso, a forma como se aprende a viver o luto no contexto familiar, com os amigos, no ambiente de trabalho, enfim, vai facilitar ou dificultar a forma como se vivencia esse processo\u201d, detalhou.<\/p>\n\n\n\n<p>Em seguida, a psic\u00f3loga falou sobre os impactos na sa\u00fade mental de quem vive o luto parental. \u201cDentre as repercuss\u00f5es do enlutamento, quando ele n\u00e3o \u00e9 bem cuidado, existem os sintomas depressivos, a ansiedade, os transtornos de estresse p\u00f3s-traum\u00e1tico, a idea\u00e7\u00e3o suicida, o p\u00e2nico, as fobias, os comportamentos autodestrutivos, o uso abusivo de \u00e1lcool e drogas\u201d, disse, complementando que ainda h\u00e1 as consequ\u00eancias f\u00edsicas, como o risco aumentado para doen\u00e7as cardiovasculares, o isolamento social e o afastamento do mercado de trabalho.<\/p>\n\n\n\n<p>\u201cPercebam que os efeitos s\u00e3o para al\u00e9m do que a gente imagina. E muitos dizem para as pessoas seguirem em frente ou olharem o lado bom da vida, mas seus cora\u00e7\u00f5es est\u00e3o dilacerados. Da\u00ed, os enlutados se sentem pressionados ou exigidos a seguir em frente. Por isso, \u00e9 necess\u00e1rio compreender melhor o processo, para que possamos tratar a situa\u00e7\u00e3o com uma maior humaniza\u00e7\u00e3o\u201d, frisou.<\/p>\n\n\n\n<p>A profissional de sa\u00fade mental elencou tamb\u00e9m os fatores que dificultam o processo de luto, a exemplo do tipo de morte e da aus\u00eancia de uma rede de apoio; bem como as situa\u00e7\u00f5es que ajudam as pessoas a lidarem com a perda, como a possibilidade de experienciar a despedida e os rituais funerais.&nbsp;<\/p>\n\n\n\n<p>Ao final do seu pronunciamento, a psic\u00f3loga falou sobre o trabalho que realiza na MJEC, chamado \u201cProjeto com amor: apoio \u00e0 perda gestacional e neonatal\u201d, o qual funciona desde 2016 e tem o objetivo de promover o cuidado integral \u00e0 mulher diante da perda gestacional ou neonatal, atrav\u00e9s do acolhimento humanizado do processo de enlutamento.&nbsp;<\/p>\n\n\n\n<p>Dando continuidade aos discursos, Fernanda Braga, fundadora do grupo \u201cPicadinhas do Amor\u201d, que atua no Estado h\u00e1 seis anos, disse que a equipe surgiu da uni\u00e3o de mulheres com Trombofilia que sentiam a necessidade de partilhar suas dores e dificuldades. &nbsp;<\/p>\n\n\n\n<p>\u201cA gente ouvia dos m\u00e9dicos que precisava perder o beb\u00ea mais de uma vez para ser investigada. E a partir dessas dores a gente se uniu para tentar trazer \u00e0 sociedade e aos profissionais um pouco das nossas necessidades. Para a nossa surpresa, hoje o nosso Instagram tem mais de 8 mil seguidores, geralmente mulheres em busca de informa\u00e7\u00f5es, n\u00e3o apenas do RN, mas de todo o Brasil\u201d, contou.&nbsp;<\/p>\n\n\n\n<p>Segundo a fundadora do grupo, a orienta\u00e7\u00e3o \u00e9 volunt\u00e1ria e gratuita, sem qualquer financiamento p\u00fablico. Ela explicou ainda que o maior problema enfrentado pelos pais enlutados \u00e9 a falta de acolhimento na perda.<\/p>\n\n\n\n<p>\u201cDiante desse cen\u00e1rio, a gente precisava fazer alguma coisa. Eu me senti na obriga\u00e7\u00e3o de procurar e achei a \u2018ONG Amada Helena\u2019, que atua h\u00e1 mais de dez anos no Rio Grande do Sul. Mas tudo ainda \u00e9 muito novo. Quase ningu\u00e9m ouviu falar no \u2018Julho \u00c2mbar\u2019. A lei s\u00f3 existe aqui no RN e no RS. Por\u00e9m, \u00e9 um movimento muito importante. Eu, por exemplo, que perdi dois filhos, se algu\u00e9m me perguntasse naquele momento o que eu queria, eu diria: \u2018N\u00e3o sei&#8230; Eu quero meu filho&#8230; Quero ouvir novamente os batimentos card\u00edacos dele\u2019. Ent\u00e3o, a import\u00e2ncia de se ter profissionais habilitados para nos acolher nesse momento \u00e9 inexplic\u00e1vel\u201d, finalizou, emocionada.<\/p>\n\n\n\n<p>Para a ginecologista, obstetra e especialista em infertilidade, Kyvia Mota, a rea\u00e7\u00e3o \u00e0 dor \u00e9 algo particular.<\/p>\n\n\n\n<p>\u201cAlgumas pacientes lidam bem com isso, outras desmoronam. Ent\u00e3o, \u00e9 muito individual e varia de acordo com o n\u00famero de perdas. Eu j\u00e1 tive paciente com 13 perdas gestacionais. Naquela \u00e9poca n\u00e3o se conhecia ainda a Trombofilia, a gente s\u00f3 desconfiava que existia alguma coisa. E, nessa paciente, n\u00f3s conseguimos que a gesta\u00e7\u00e3o fosse adiante fazendo heparina. Ela j\u00e1 tinha me dito que queria interromper a gravidez, mas depois de muita conversa decidiu investir, e hoje as meninas est\u00e3o bem, gra\u00e7as a Deus, j\u00e1 est\u00e3o terminando a faculdade\u201d, relatou.<\/p>\n\n\n\n<p>De acordo com a m\u00e9dica, n\u00e3o se deve comparar situa\u00e7\u00f5es de pacientes diferentes, pois cada caso \u00e9 \u00fanico.&nbsp;<\/p>\n\n\n\n<p>\u201cMas o conhecimento da causa da perda ajuda muito as mulheres a aceitarem o acontecimento. Sabe-se hoje que 80 ou 90% das perdas gestacionais precoces t\u00eam causa gen\u00e9tica. Ent\u00e3o, quando a mulher toma conhecimento disso, ela pensa que a natureza a protegeu de ter um beb\u00ea com problemas gen\u00e9ticos, e isso facilita muito a sua compreens\u00e3o. Mas quando \u00e9 Trombofilia, j\u00e1 \u00e9 bem diferente. Mesmo tratando, algumas continuam tendo perdas e seguem sofrendo, porque \u00e9 uma doen\u00e7a que ainda conhecemos pouco\u201d, detalhou a ginecologista e obstetra.<\/p>\n\n\n\n<p>Kyvia Mota relatou ainda que, no in\u00edcio da sua carreira, sentiu-se incomodada com a falta de humaniza\u00e7\u00e3o do seu primeiro local de trabalho.<\/p>\n\n\n\n<p>\u201cEu fiz resid\u00eancia na maternidade modelo e, quando eu cheguei aqui em Natal, fiquei muito impactada com a superlota\u00e7\u00e3o e a falta de humaniza\u00e7\u00e3o do lugar onde eu fui trabalhar. Eu pensava: \u2018como pode uma mulher que acabou de perder o beb\u00ea ser colocada no mesmo quarto de uma que est\u00e1 amamentando e festejando a chegada do seu filho?\u2019. Isso \u00e9 muito dolorido, e eu nunca entendi como n\u00e3o separavam essas mulheres. Mas as minhas pacientes eu levava para outro local do hospital\u201d, enfatizou.&nbsp;<\/p>\n\n\n\n<p>T\u00e9cnica da Rede de Aten\u00e7\u00e3o Materna e Infantil da Secretaria Estadual de Sa\u00fade, Ane Caroline Sobral externou as medidas pensadas pela sua equipe a fim de efetivar a nova legisla\u00e7\u00e3o no Estado.&nbsp;<\/p>\n\n\n\n<p>\u201cN\u00f3s temos um grupo com todos os diretores de maternidades da rede de refer\u00eancia e nos encontramos bimestralmente. A nossa proposta \u00e9 criar um protocolo estadual para padronizar os processos. Eu queria frisar aqui que a equipe da MJEC \u00e9 muito parceira da gente e sempre colabora na constru\u00e7\u00e3o desses protocolos. N\u00f3s sempre acreditamos que o melhor \u00e9 construir esses procedimentos em conjunto, dentro das nossas possibilidades. Portanto, o principal objetivo \u00e9 montar esses protocolos, orientar o acesso aos servi\u00e7os e analisar como podemos ajudar a implementar esse olhar mais humano em toda a rede\u201d, destacou.<\/p>\n\n\n\n<p>Em seguida, a psic\u00f3loga do Centro de Refer\u00eancia em Luto da Secretaria Municipal de Sa\u00fade de Natal, Milena C\u00e2mara, desabafou que vem lutando por espa\u00e7os de discuss\u00e3o como o de hoje h\u00e1 mais de 23 anos.<\/p>\n\n\n\n<p>\u201cEu fico muito feliz por estarmos aqui hoje debatendo um tema t\u00e3o importante e necess\u00e1rio, por\u00e9m ainda muito desvalorizado pela sociedade de um modo geral. E essa mudan\u00e7a humanizada \u00e9 necess\u00e1ria para todos, n\u00e3o apenas para os profissionais de Sa\u00fade. Isso porque a dificuldade de valida\u00e7\u00e3o da perda e de um olhar cuidadoso com o luto muitas vezes come\u00e7a ao nosso lado, com um companheiro, uma m\u00e3e, um amigo. Eles muitas vezes dizem que a gente tem que ser forte e seguir, mas n\u00e3o \u00e9 exatamente essa a ajuda que precisamos naquele momento dif\u00edcil\u201d, explicou.<\/p>\n\n\n\n<p>Segundo a representante municipal, o mundo interno da pessoa enlutada desaba, enquanto o mundo externo continua exigindo que ela siga com suas atividades normalmente.&nbsp;<\/p>\n\n\n\n<p>\u201cN\u00e3o \u00e9 simples, s\u00f3 sabe quem vive, \u00e9 uma dor muito subjetiva. Pensando nisso, eu fiz um projeto para criar um centro de refer\u00eancia em luto em Natal, no ano de 2016. Recentemente, em 2022, eu consegui implant\u00e1-lo. O objetivo \u00e9 que as pessoas enlutadas n\u00e3o fiquem correndo de um lado para o outro sem receber assist\u00eancia. N\u00f3s consideramos, reconhecemos, respeitamos a sua dor, entendendo que \u00e9 preciso um olhar especializado. Portanto, o centro hoje \u00e9 uma realidade e funciona na Unidade B\u00e1sica de Candel\u00e1ria, na Aten\u00e7\u00e3o Prim\u00e1ria, e a nossa proposta \u00e9 que possamos cuidar desses enlutados para que eles n\u00e3o adoe\u00e7am\u201d, detalhou a psic\u00f3loga.<\/p>\n\n\n\n<p>De acordo com Fl\u00e1vio Fontes, coordenador do curso de Psicologia da UFRN, no munic\u00edpio de Santa Cruz, tudo que ele ouviu no debate reflete bastante o seu dia a dia.<\/p>\n\n\n\n<p>\u201cTenho atuado no curso desde 2017 e trabalho de juntamente com o Hospital Maternidade Ana Bezerra. Nesse contato, eu fui me aproximando cada vez mais das tem\u00e1ticas da Psicologia Perinatal. E tudo que n\u00f3s ouvimos hoje, de maneira t\u00e3o emocionante, ressaltando o qu\u00e3o doloroso pode ser o momento da perda, nos sensibiliza bastante e reflete muito as nossas atividades di\u00e1rias\u201d, disse.<\/p>\n\n\n\n<p>O coordenador contou ainda que se recordou de uma pesquisa que leu anos atr\u00e1s em que se entrevistava profissionais de Sa\u00fade a respeito da tem\u00e1tica.&nbsp;<\/p>\n\n\n\n<p>\u201cUma das entrevistadas dizia: \u2018a gente n\u00e3o fala morte, e sim, \u00f3bito\u2019. E isso ficou marcado para mim, porque quando se fala em \u00f3bito, \u00e9 algo muito impessoal e distante. Ent\u00e3o, \u00e9 importante percebermos que, para o outro, trata-se sempre de uma perda pessoal. Ainda que para o profissional aquela situa\u00e7\u00e3o seja tamb\u00e9m um \u00f3bito, \u00e9 preciso lembrar que para o outro \u00e9 uma filha ou filho, n\u00e3o somente uma estat\u00edstica. Por isso, eu acho important\u00edssimo que esse assunto seja trabalhado nos cursos de Sa\u00fade e sinto que ainda temos muito a percorrer\u201d, finalizou.<\/p>\n\n\n\n<p>Ao final da audi\u00eancia, a deputada refor\u00e7ou que o prop\u00f3sito do debate era divulgar a exist\u00eancia da Lei 11.357\/2023, para que se somem todos os protocolos, conselhos, entidades, secretarias e grupos de apoio em prol da causa.&nbsp;<\/p>\n\n\n\n<p>Ela ainda pediu a todas as maternidades, tanto p\u00fablicas quanto privadas, que j\u00e1 comecem a implementar a referida lei no que for poss\u00edvel, sem esperar o Poder P\u00fablico, \u201cpois muitas a\u00e7\u00f5es s\u00e3o simples e podem ser feitas desde j\u00e1, s\u00f3 dependem dos gestores\u201d, concluiu a parlamenta<\/p>\n\n\n\n<figure class=\"wp-block-image size-large\"><img data-recalc-dims=\"1\" fetchpriority=\"high\" decoding=\"async\" width=\"800\" height=\"534\" src=\"https:\/\/i0.wp.com\/blogdobispo.com.br\/wp-content\/uploads\/2023\/07\/Ok59IbjvPyp41nMvjF83VdQ3yEtopn70L5KGJFjZ-1.jpg?resize=800%2C534\" alt=\"\" class=\"wp-image-1580\" srcset=\"https:\/\/i0.wp.com\/blogdobispo.com.br\/wp-content\/uploads\/2023\/07\/Ok59IbjvPyp41nMvjF83VdQ3yEtopn70L5KGJFjZ-1-scaled.jpg?resize=1024%2C683&amp;ssl=1 1024w, https:\/\/i0.wp.com\/blogdobispo.com.br\/wp-content\/uploads\/2023\/07\/Ok59IbjvPyp41nMvjF83VdQ3yEtopn70L5KGJFjZ-1-scaled.jpg?resize=300%2C200&amp;ssl=1 300w, https:\/\/i0.wp.com\/blogdobispo.com.br\/wp-content\/uploads\/2023\/07\/Ok59IbjvPyp41nMvjF83VdQ3yEtopn70L5KGJFjZ-1-scaled.jpg?resize=768%2C512&amp;ssl=1 768w, https:\/\/i0.wp.com\/blogdobispo.com.br\/wp-content\/uploads\/2023\/07\/Ok59IbjvPyp41nMvjF83VdQ3yEtopn70L5KGJFjZ-1-scaled.jpg?resize=1536%2C1024&amp;ssl=1 1536w, https:\/\/i0.wp.com\/blogdobispo.com.br\/wp-content\/uploads\/2023\/07\/Ok59IbjvPyp41nMvjF83VdQ3yEtopn70L5KGJFjZ-1-scaled.jpg?resize=2048%2C1365&amp;ssl=1 2048w, https:\/\/i0.wp.com\/blogdobispo.com.br\/wp-content\/uploads\/2023\/07\/Ok59IbjvPyp41nMvjF83VdQ3yEtopn70L5KGJFjZ-1-scaled.jpg?w=1600 1600w, https:\/\/i0.wp.com\/blogdobispo.com.br\/wp-content\/uploads\/2023\/07\/Ok59IbjvPyp41nMvjF83VdQ3yEtopn70L5KGJFjZ-1-scaled.jpg?w=2400 2400w\" sizes=\"(max-width: 800px) 100vw, 800px\" \/><\/figure>\n","protected":false},"excerpt":{"rendered":"<p>A Assembleia Legislativa do RN promoveu audi\u00eancia p\u00fablica, na tarde desta segunda-feira (10), para debater a necessidade da humaniza\u00e7\u00e3o do luto parental nos hospitais p\u00fablicos e privados do Rio Grande do Norte. Proposto por Cristiane Dantas (SDD), o encontro contou com representantes das secretarias estadual e municipal de Sa\u00fade, m\u00e9dicos, assistentes sociais, enfermeiros, profissionais da [&hellip;]<\/p>\n","protected":false},"author":1,"featured_media":0,"comment_status":"open","ping_status":"open","sticky":false,"template":"","format":"standard","meta":{"cybocfi_hide_featured_image":"","_jetpack_memberships_contains_paid_content":false,"footnotes":""},"categories":[1],"tags":[],"class_list":["post-1345","post","type-post","status-publish","format-standard","hentry","category-diversos"],"yoast_head":"<!-- This site is optimized with the Yoast SEO plugin v25.6 - https:\/\/yoast.com\/wordpress\/plugins\/seo\/ -->\n<title>Humaniza\u00e7\u00e3o do luto parental \u00e9 tema de debate na Assembleia Legislativa - Blog do Bispo<\/title>\n<meta name=\"robots\" content=\"index, follow, max-snippet:-1, max-image-preview:large, max-video-preview:-1\" \/>\n<link rel=\"canonical\" href=\"https:\/\/blogdobispo.com.br\/?p=1345\" \/>\n<meta property=\"og:locale\" content=\"pt_BR\" \/>\n<meta property=\"og:type\" content=\"article\" \/>\n<meta property=\"og:title\" content=\"Humaniza\u00e7\u00e3o do luto parental \u00e9 tema de debate na Assembleia Legislativa - Blog do Bispo\" \/>\n<meta property=\"og:description\" content=\"A Assembleia Legislativa do RN promoveu audi\u00eancia p\u00fablica, na tarde desta segunda-feira (10), para debater a necessidade da humaniza\u00e7\u00e3o do luto parental nos hospitais p\u00fablicos e privados do Rio Grande do Norte. Proposto por Cristiane Dantas (SDD), o encontro contou com representantes das secretarias estadual e municipal de Sa\u00fade, m\u00e9dicos, assistentes sociais, enfermeiros, profissionais da [&hellip;]\" \/>\n<meta property=\"og:url\" content=\"https:\/\/blogdobispo.com.br\/?p=1345\" \/>\n<meta property=\"og:site_name\" content=\"Blog do Bispo\" \/>\n<meta property=\"article:published_time\" content=\"2023-07-11T12:08:15+00:00\" \/>\n<meta property=\"article:modified_time\" content=\"2023-08-11T19:56:33+00:00\" \/>\n<meta property=\"og:image\" content=\"http:\/\/blogdobispo.com.br\/wp-content\/uploads\/2023\/07\/Ok59IbjvPyp41nMvjF83VdQ3yEtopn70L5KGJFjZ-1-1024x683.jpg\" \/>\n<meta name=\"author\" content=\"Jefferson Sterfeno\" \/>\n<meta name=\"twitter:card\" content=\"summary_large_image\" \/>\n<meta name=\"twitter:label1\" content=\"Escrito por\" \/>\n\t<meta name=\"twitter:data1\" content=\"Jefferson Sterfeno\" \/>\n\t<meta name=\"twitter:label2\" content=\"Est. tempo de leitura\" \/>\n\t<meta name=\"twitter:data2\" content=\"12 minutos\" \/>\n<script type=\"application\/ld+json\" class=\"yoast-schema-graph\">{\"@context\":\"https:\/\/schema.org\",\"@graph\":[{\"@type\":\"Article\",\"@id\":\"https:\/\/blogdobispo.com.br\/?p=1345#article\",\"isPartOf\":{\"@id\":\"https:\/\/blogdobispo.com.br\/?p=1345\"},\"author\":{\"name\":\"Jefferson Sterfeno\",\"@id\":\"https:\/\/blogdobispo.com.br\/#\/schema\/person\/e2209cc0e6cea5c5233d033e997b373f\"},\"headline\":\"Humaniza\u00e7\u00e3o do luto parental \u00e9 tema de debate na Assembleia Legislativa\",\"datePublished\":\"2023-07-11T12:08:15+00:00\",\"dateModified\":\"2023-08-11T19:56:33+00:00\",\"mainEntityOfPage\":{\"@id\":\"https:\/\/blogdobispo.com.br\/?p=1345\"},\"wordCount\":2277,\"commentCount\":0,\"publisher\":{\"@id\":\"https:\/\/blogdobispo.com.br\/#organization\"},\"image\":{\"@id\":\"https:\/\/blogdobispo.com.br\/?p=1345#primaryimage\"},\"thumbnailUrl\":\"http:\/\/blogdobispo.com.br\/wp-content\/uploads\/2023\/07\/Ok59IbjvPyp41nMvjF83VdQ3yEtopn70L5KGJFjZ-1-1024x683.jpg\",\"articleSection\":[\"diversos\"],\"inLanguage\":\"pt-BR\",\"potentialAction\":[{\"@type\":\"CommentAction\",\"name\":\"Comment\",\"target\":[\"https:\/\/blogdobispo.com.br\/?p=1345#respond\"]}]},{\"@type\":\"WebPage\",\"@id\":\"https:\/\/blogdobispo.com.br\/?p=1345\",\"url\":\"https:\/\/blogdobispo.com.br\/?p=1345\",\"name\":\"Humaniza\u00e7\u00e3o do luto parental \u00e9 tema de debate na Assembleia Legislativa - Blog do Bispo\",\"isPartOf\":{\"@id\":\"https:\/\/blogdobispo.com.br\/#website\"},\"primaryImageOfPage\":{\"@id\":\"https:\/\/blogdobispo.com.br\/?p=1345#primaryimage\"},\"image\":{\"@id\":\"https:\/\/blogdobispo.com.br\/?p=1345#primaryimage\"},\"thumbnailUrl\":\"http:\/\/blogdobispo.com.br\/wp-content\/uploads\/2023\/07\/Ok59IbjvPyp41nMvjF83VdQ3yEtopn70L5KGJFjZ-1-1024x683.jpg\",\"datePublished\":\"2023-07-11T12:08:15+00:00\",\"dateModified\":\"2023-08-11T19:56:33+00:00\",\"breadcrumb\":{\"@id\":\"https:\/\/blogdobispo.com.br\/?p=1345#breadcrumb\"},\"inLanguage\":\"pt-BR\",\"potentialAction\":[{\"@type\":\"ReadAction\",\"target\":[\"https:\/\/blogdobispo.com.br\/?p=1345\"]}]},{\"@type\":\"ImageObject\",\"inLanguage\":\"pt-BR\",\"@id\":\"https:\/\/blogdobispo.com.br\/?p=1345#primaryimage\",\"url\":\"http:\/\/blogdobispo.com.br\/wp-content\/uploads\/2023\/07\/Ok59IbjvPyp41nMvjF83VdQ3yEtopn70L5KGJFjZ-1-1024x683.jpg\",\"contentUrl\":\"http:\/\/blogdobispo.com.br\/wp-content\/uploads\/2023\/07\/Ok59IbjvPyp41nMvjF83VdQ3yEtopn70L5KGJFjZ-1-1024x683.jpg\"},{\"@type\":\"BreadcrumbList\",\"@id\":\"https:\/\/blogdobispo.com.br\/?p=1345#breadcrumb\",\"itemListElement\":[{\"@type\":\"ListItem\",\"position\":1,\"name\":\"In\u00edcio\",\"item\":\"https:\/\/blogdobispo.com.br\/\"},{\"@type\":\"ListItem\",\"position\":2,\"name\":\"Humaniza\u00e7\u00e3o do luto parental \u00e9 tema de debate na Assembleia Legislativa\"}]},{\"@type\":\"WebSite\",\"@id\":\"https:\/\/blogdobispo.com.br\/#website\",\"url\":\"https:\/\/blogdobispo.com.br\/\",\"name\":\"Blog do Bispo\",\"description\":\"Comprometido apenas com o leitor\",\"publisher\":{\"@id\":\"https:\/\/blogdobispo.com.br\/#organization\"},\"potentialAction\":[{\"@type\":\"SearchAction\",\"target\":{\"@type\":\"EntryPoint\",\"urlTemplate\":\"https:\/\/blogdobispo.com.br\/?s={search_term_string}\"},\"query-input\":{\"@type\":\"PropertyValueSpecification\",\"valueRequired\":true,\"valueName\":\"search_term_string\"}}],\"inLanguage\":\"pt-BR\"},{\"@type\":\"Organization\",\"@id\":\"https:\/\/blogdobispo.com.br\/#organization\",\"name\":\"Blog do Bispo\",\"url\":\"https:\/\/blogdobispo.com.br\/\",\"logo\":{\"@type\":\"ImageObject\",\"inLanguage\":\"pt-BR\",\"@id\":\"https:\/\/blogdobispo.com.br\/#\/schema\/logo\/image\/\",\"url\":\"http:\/\/blogdobispo.com.br\/wp-content\/uploads\/2023\/05\/cropped-headear.png\",\"contentUrl\":\"http:\/\/blogdobispo.com.br\/wp-content\/uploads\/2023\/05\/cropped-headear.png\",\"width\":1500,\"height\":399,\"caption\":\"Blog do Bispo\"},\"image\":{\"@id\":\"https:\/\/blogdobispo.com.br\/#\/schema\/logo\/image\/\"}},{\"@type\":\"Person\",\"@id\":\"https:\/\/blogdobispo.com.br\/#\/schema\/person\/e2209cc0e6cea5c5233d033e997b373f\",\"name\":\"Jefferson Sterfeno\",\"image\":{\"@type\":\"ImageObject\",\"inLanguage\":\"pt-BR\",\"@id\":\"https:\/\/blogdobispo.com.br\/#\/schema\/person\/image\/\",\"url\":\"https:\/\/secure.gravatar.com\/avatar\/0534e84764641168a677026b6d57a3f51dc7ac4db0b4f6186d9cb330d4ee1160?s=96&d=mm&r=g\",\"contentUrl\":\"https:\/\/secure.gravatar.com\/avatar\/0534e84764641168a677026b6d57a3f51dc7ac4db0b4f6186d9cb330d4ee1160?s=96&d=mm&r=g\",\"caption\":\"Jefferson Sterfeno\"},\"sameAs\":[\"http:\/\/blogdobispo.com.br\"],\"url\":\"https:\/\/blogdobispo.com.br\/?author=1\"}]}<\/script>\n<!-- \/ Yoast SEO plugin. -->","yoast_head_json":{"title":"Humaniza\u00e7\u00e3o do luto parental \u00e9 tema de debate na Assembleia Legislativa - Blog do Bispo","robots":{"index":"index","follow":"follow","max-snippet":"max-snippet:-1","max-image-preview":"max-image-preview:large","max-video-preview":"max-video-preview:-1"},"canonical":"https:\/\/blogdobispo.com.br\/?p=1345","og_locale":"pt_BR","og_type":"article","og_title":"Humaniza\u00e7\u00e3o do luto parental \u00e9 tema de debate na Assembleia Legislativa - Blog do Bispo","og_description":"A Assembleia Legislativa do RN promoveu audi\u00eancia p\u00fablica, na tarde desta segunda-feira (10), para debater a necessidade da humaniza\u00e7\u00e3o do luto parental nos hospitais p\u00fablicos e privados do Rio Grande do Norte. Proposto por Cristiane Dantas (SDD), o encontro contou com representantes das secretarias estadual e municipal de Sa\u00fade, m\u00e9dicos, assistentes sociais, enfermeiros, profissionais da [&hellip;]","og_url":"https:\/\/blogdobispo.com.br\/?p=1345","og_site_name":"Blog do Bispo","article_published_time":"2023-07-11T12:08:15+00:00","article_modified_time":"2023-08-11T19:56:33+00:00","og_image":[{"url":"http:\/\/blogdobispo.com.br\/wp-content\/uploads\/2023\/07\/Ok59IbjvPyp41nMvjF83VdQ3yEtopn70L5KGJFjZ-1-1024x683.jpg","type":"","width":"","height":""}],"author":"Jefferson Sterfeno","twitter_card":"summary_large_image","twitter_misc":{"Escrito por":"Jefferson Sterfeno","Est. tempo de leitura":"12 minutos"},"schema":{"@context":"https:\/\/schema.org","@graph":[{"@type":"Article","@id":"https:\/\/blogdobispo.com.br\/?p=1345#article","isPartOf":{"@id":"https:\/\/blogdobispo.com.br\/?p=1345"},"author":{"name":"Jefferson Sterfeno","@id":"https:\/\/blogdobispo.com.br\/#\/schema\/person\/e2209cc0e6cea5c5233d033e997b373f"},"headline":"Humaniza\u00e7\u00e3o do luto parental \u00e9 tema de debate na Assembleia Legislativa","datePublished":"2023-07-11T12:08:15+00:00","dateModified":"2023-08-11T19:56:33+00:00","mainEntityOfPage":{"@id":"https:\/\/blogdobispo.com.br\/?p=1345"},"wordCount":2277,"commentCount":0,"publisher":{"@id":"https:\/\/blogdobispo.com.br\/#organization"},"image":{"@id":"https:\/\/blogdobispo.com.br\/?p=1345#primaryimage"},"thumbnailUrl":"http:\/\/blogdobispo.com.br\/wp-content\/uploads\/2023\/07\/Ok59IbjvPyp41nMvjF83VdQ3yEtopn70L5KGJFjZ-1-1024x683.jpg","articleSection":["diversos"],"inLanguage":"pt-BR","potentialAction":[{"@type":"CommentAction","name":"Comment","target":["https:\/\/blogdobispo.com.br\/?p=1345#respond"]}]},{"@type":"WebPage","@id":"https:\/\/blogdobispo.com.br\/?p=1345","url":"https:\/\/blogdobispo.com.br\/?p=1345","name":"Humaniza\u00e7\u00e3o do luto parental \u00e9 tema de debate na Assembleia Legislativa - Blog do Bispo","isPartOf":{"@id":"https:\/\/blogdobispo.com.br\/#website"},"primaryImageOfPage":{"@id":"https:\/\/blogdobispo.com.br\/?p=1345#primaryimage"},"image":{"@id":"https:\/\/blogdobispo.com.br\/?p=1345#primaryimage"},"thumbnailUrl":"http:\/\/blogdobispo.com.br\/wp-content\/uploads\/2023\/07\/Ok59IbjvPyp41nMvjF83VdQ3yEtopn70L5KGJFjZ-1-1024x683.jpg","datePublished":"2023-07-11T12:08:15+00:00","dateModified":"2023-08-11T19:56:33+00:00","breadcrumb":{"@id":"https:\/\/blogdobispo.com.br\/?p=1345#breadcrumb"},"inLanguage":"pt-BR","potentialAction":[{"@type":"ReadAction","target":["https:\/\/blogdobispo.com.br\/?p=1345"]}]},{"@type":"ImageObject","inLanguage":"pt-BR","@id":"https:\/\/blogdobispo.com.br\/?p=1345#primaryimage","url":"http:\/\/blogdobispo.com.br\/wp-content\/uploads\/2023\/07\/Ok59IbjvPyp41nMvjF83VdQ3yEtopn70L5KGJFjZ-1-1024x683.jpg","contentUrl":"http:\/\/blogdobispo.com.br\/wp-content\/uploads\/2023\/07\/Ok59IbjvPyp41nMvjF83VdQ3yEtopn70L5KGJFjZ-1-1024x683.jpg"},{"@type":"BreadcrumbList","@id":"https:\/\/blogdobispo.com.br\/?p=1345#breadcrumb","itemListElement":[{"@type":"ListItem","position":1,"name":"In\u00edcio","item":"https:\/\/blogdobispo.com.br\/"},{"@type":"ListItem","position":2,"name":"Humaniza\u00e7\u00e3o do luto parental \u00e9 tema de debate na Assembleia Legislativa"}]},{"@type":"WebSite","@id":"https:\/\/blogdobispo.com.br\/#website","url":"https:\/\/blogdobispo.com.br\/","name":"Blog do Bispo","description":"Comprometido apenas com o leitor","publisher":{"@id":"https:\/\/blogdobispo.com.br\/#organization"},"potentialAction":[{"@type":"SearchAction","target":{"@type":"EntryPoint","urlTemplate":"https:\/\/blogdobispo.com.br\/?s={search_term_string}"},"query-input":{"@type":"PropertyValueSpecification","valueRequired":true,"valueName":"search_term_string"}}],"inLanguage":"pt-BR"},{"@type":"Organization","@id":"https:\/\/blogdobispo.com.br\/#organization","name":"Blog do Bispo","url":"https:\/\/blogdobispo.com.br\/","logo":{"@type":"ImageObject","inLanguage":"pt-BR","@id":"https:\/\/blogdobispo.com.br\/#\/schema\/logo\/image\/","url":"http:\/\/blogdobispo.com.br\/wp-content\/uploads\/2023\/05\/cropped-headear.png","contentUrl":"http:\/\/blogdobispo.com.br\/wp-content\/uploads\/2023\/05\/cropped-headear.png","width":1500,"height":399,"caption":"Blog do Bispo"},"image":{"@id":"https:\/\/blogdobispo.com.br\/#\/schema\/logo\/image\/"}},{"@type":"Person","@id":"https:\/\/blogdobispo.com.br\/#\/schema\/person\/e2209cc0e6cea5c5233d033e997b373f","name":"Jefferson Sterfeno","image":{"@type":"ImageObject","inLanguage":"pt-BR","@id":"https:\/\/blogdobispo.com.br\/#\/schema\/person\/image\/","url":"https:\/\/secure.gravatar.com\/avatar\/0534e84764641168a677026b6d57a3f51dc7ac4db0b4f6186d9cb330d4ee1160?s=96&d=mm&r=g","contentUrl":"https:\/\/secure.gravatar.com\/avatar\/0534e84764641168a677026b6d57a3f51dc7ac4db0b4f6186d9cb330d4ee1160?s=96&d=mm&r=g","caption":"Jefferson Sterfeno"},"sameAs":["http:\/\/blogdobispo.com.br"],"url":"https:\/\/blogdobispo.com.br\/?author=1"}]}},"featured_image_urls":{"full":"","thumbnail":"","medium":"","medium_large":"","large":"","1536x1536":"","2048x2048":""},"author_info":{"display_name":"Jefferson Sterfeno","author_link":"https:\/\/blogdobispo.com.br\/?author=1"},"category_info":"<a href=\"https:\/\/blogdobispo.com.br\/?cat=1\" rel=\"category\">diversos<\/a>","tag_info":"diversos","comment_count":"0","jetpack_featured_media_url":"","jetpack_sharing_enabled":true,"_links":{"self":[{"href":"https:\/\/blogdobispo.com.br\/index.php?rest_route=\/wp\/v2\/posts\/1345","targetHints":{"allow":["GET"]}}],"collection":[{"href":"https:\/\/blogdobispo.com.br\/index.php?rest_route=\/wp\/v2\/posts"}],"about":[{"href":"https:\/\/blogdobispo.com.br\/index.php?rest_route=\/wp\/v2\/types\/post"}],"author":[{"embeddable":true,"href":"https:\/\/blogdobispo.com.br\/index.php?rest_route=\/wp\/v2\/users\/1"}],"replies":[{"embeddable":true,"href":"https:\/\/blogdobispo.com.br\/index.php?rest_route=%2Fwp%2Fv2%2Fcomments&post=1345"}],"version-history":[{"count":1,"href":"https:\/\/blogdobispo.com.br\/index.php?rest_route=\/wp\/v2\/posts\/1345\/revisions"}],"predecessor-version":[{"id":1581,"href":"https:\/\/blogdobispo.com.br\/index.php?rest_route=\/wp\/v2\/posts\/1345\/revisions\/1581"}],"wp:attachment":[{"href":"https:\/\/blogdobispo.com.br\/index.php?rest_route=%2Fwp%2Fv2%2Fmedia&parent=1345"}],"wp:term":[{"taxonomy":"category","embeddable":true,"href":"https:\/\/blogdobispo.com.br\/index.php?rest_route=%2Fwp%2Fv2%2Fcategories&post=1345"},{"taxonomy":"post_tag","embeddable":true,"href":"https:\/\/blogdobispo.com.br\/index.php?rest_route=%2Fwp%2Fv2%2Ftags&post=1345"}],"curies":[{"name":"wp","href":"https:\/\/api.w.org\/{rel}","templated":true}]}}