{"id":1343,"date":"2023-07-07T20:34:31","date_gmt":"2023-07-07T20:34:31","guid":{"rendered":"https:\/\/blogdobispo.com.br\/?p=1343"},"modified":"2023-08-11T19:57:58","modified_gmt":"2023-08-11T19:57:58","slug":"urgente-estudante-mata-colega-em-escola-nas-quintas","status":"publish","type":"post","link":"https:\/\/blogdobispo.com.br\/?p=1343","title":{"rendered":"Assembleia Legislativa se solidariza com familiares de aluno v\u00edtima da viol\u00eancia na escola"},"content":{"rendered":"\n<p>A viol\u00eancia nas escolas fez uma nova v\u00edtima no Rio Grande do Norte. Um estudante de 16 anos foi golpeado com mais de 20 facadas por um colega de escola nesta sexta-feira (07) na Escola Municipal Ferreira Itajub\u00e1, no bairro das Quintas, em Natal.&nbsp;<\/p>\n\n\n\n<p>Em junho, o Poder Legislativo lan\u00e7ou uma campanha estadual \u201cPaz nas Escolas\u201d em que convoca a popula\u00e7\u00e3o \u00e0 reflex\u00e3o, com m\u00eddia em todos os meios de comunica\u00e7\u00e3o e a\u00e7\u00f5es nas escolas p\u00fablicas buscando conscientizar e orientar pais e alunos, da responsabilidade da educa\u00e7\u00e3o e forma\u00e7\u00e3o moral dos alunos, incluindo a comunidade acad\u00eamica. \u201cA viol\u00eancia nas escolas \u00e9 um problema que precisamos combater juntos\u201d.&nbsp;&nbsp;<\/p>\n\n\n\n<p>A Assembleia Legislativa do Rio Grande do Norte se solidariza com os familiares, professores e alunos que conviveram com a v\u00edtima e refor\u00e7a a import\u00e2ncia do di\u00e1logo na constru\u00e7\u00e3o da paz nas escolas.<\/p>\n\n\n\n<p>Pal\u00e1cio Jos\u00e9 Augusto<\/p>\n\n\n\n<p>Assembleia Legislativa do Rio Grande do Norte<\/p>\n\n\n\n<figure class=\"wp-block-image size-full\"><img data-recalc-dims=\"1\" fetchpriority=\"high\" decoding=\"async\" width=\"800\" height=\"534\" src=\"https:\/\/i0.wp.com\/blogdobispo.com.br\/wp-content\/uploads\/2023\/07\/DOGLLkb2Vqn8slhMmAlzafYTBEsh7hmwF75nbLNn-1.jpg?resize=800%2C534\" alt=\"\" class=\"wp-image-1582\" srcset=\"https:\/\/i0.wp.com\/blogdobispo.com.br\/wp-content\/uploads\/2023\/07\/DOGLLkb2Vqn8slhMmAlzafYTBEsh7hmwF75nbLNn-1.jpg?w=1024&amp;ssl=1 1024w, https:\/\/i0.wp.com\/blogdobispo.com.br\/wp-content\/uploads\/2023\/07\/DOGLLkb2Vqn8slhMmAlzafYTBEsh7hmwF75nbLNn-1.jpg?resize=300%2C200&amp;ssl=1 300w, https:\/\/i0.wp.com\/blogdobispo.com.br\/wp-content\/uploads\/2023\/07\/DOGLLkb2Vqn8slhMmAlzafYTBEsh7hmwF75nbLNn-1.jpg?resize=768%2C512&amp;ssl=1 768w\" sizes=\"(max-width: 800px) 100vw, 800px\" \/><\/figure>\n","protected":false},"excerpt":{"rendered":"<p>A viol\u00eancia nas escolas fez uma nova v\u00edtima no Rio Grande do Norte. Um estudante de 16 anos foi golpeado com mais de 20 facadas por um colega de escola nesta sexta-feira (07) na Escola Municipal Ferreira Itajub\u00e1, no bairro das Quintas, em Natal.&nbsp; Em junho, o Poder Legislativo lan\u00e7ou uma campanha estadual \u201cPaz nas [&hellip;]<\/p>\n","protected":false},"author":1,"featured_media":0,"comment_status":"open","ping_status":"open","sticky":false,"template":"","format":"standard","meta":{"cybocfi_hide_featured_image":"","_jetpack_memberships_contains_paid_content":false,"footnotes":""},"categories":[1],"tags":[],"class_list":["post-1343","post","type-post","status-publish","format-standard","hentry","category-diversos"],"yoast_head":"<!-- This site is optimized with the Yoast SEO plugin v25.6 - https:\/\/yoast.com\/wordpress\/plugins\/seo\/ -->\n<title>Assembleia Legislativa se solidariza com familiares de aluno v\u00edtima da viol\u00eancia na escola - Blog do Bispo<\/title>\n<meta name=\"robots\" content=\"index, follow, max-snippet:-1, max-image-preview:large, max-video-preview:-1\" \/>\n<link rel=\"canonical\" href=\"https:\/\/blogdobispo.com.br\/?p=1343\" \/>\n<meta property=\"og:locale\" content=\"pt_BR\" \/>\n<meta property=\"og:type\" content=\"article\" \/>\n<meta property=\"og:title\" content=\"Assembleia Legislativa se solidariza com familiares de aluno v\u00edtima da viol\u00eancia na escola - Blog do Bispo\" \/>\n<meta property=\"og:description\" content=\"A viol\u00eancia nas escolas fez uma nova v\u00edtima no Rio Grande do Norte. Um estudante de 16 anos foi golpeado com mais de 20 facadas por um colega de escola nesta sexta-feira (07) na Escola Municipal Ferreira Itajub\u00e1, no bairro das Quintas, em Natal.&nbsp; Em junho, o Poder Legislativo lan\u00e7ou uma campanha estadual \u201cPaz nas [&hellip;]\" \/>\n<meta property=\"og:url\" content=\"https:\/\/blogdobispo.com.br\/?p=1343\" \/>\n<meta property=\"og:site_name\" content=\"Blog do Bispo\" \/>\n<meta property=\"article:published_time\" content=\"2023-07-07T20:34:31+00:00\" \/>\n<meta property=\"article:modified_time\" content=\"2023-08-11T19:57:58+00:00\" \/>\n<meta property=\"og:image\" content=\"http:\/\/blogdobispo.com.br\/wp-content\/uploads\/2023\/07\/DOGLLkb2Vqn8slhMmAlzafYTBEsh7hmwF75nbLNn-1.jpg\" \/>\n<meta name=\"author\" content=\"Jefferson Sterfeno\" \/>\n<meta name=\"twitter:card\" content=\"summary_large_image\" \/>\n<meta name=\"twitter:label1\" content=\"Escrito por\" \/>\n\t<meta name=\"twitter:data1\" content=\"Jefferson Sterfeno\" \/>\n\t<meta name=\"twitter:label2\" content=\"Est. tempo de leitura\" \/>\n\t<meta name=\"twitter:data2\" content=\"2 minutos\" \/>\n<script type=\"application\/ld+json\" class=\"yoast-schema-graph\">{\"@context\":\"https:\/\/schema.org\",\"@graph\":[{\"@type\":\"Article\",\"@id\":\"https:\/\/blogdobispo.com.br\/?p=1343#article\",\"isPartOf\":{\"@id\":\"https:\/\/blogdobispo.com.br\/?p=1343\"},\"author\":{\"name\":\"Jefferson Sterfeno\",\"@id\":\"https:\/\/blogdobispo.com.br\/#\/schema\/person\/e2209cc0e6cea5c5233d033e997b373f\"},\"headline\":\"Assembleia Legislativa se solidariza com familiares de aluno v\u00edtima da viol\u00eancia na escola\",\"datePublished\":\"2023-07-07T20:34:31+00:00\",\"dateModified\":\"2023-08-11T19:57:58+00:00\",\"mainEntityOfPage\":{\"@id\":\"https:\/\/blogdobispo.com.br\/?p=1343\"},\"wordCount\":182,\"commentCount\":0,\"publisher\":{\"@id\":\"https:\/\/blogdobispo.com.br\/#organization\"},\"image\":{\"@id\":\"https:\/\/blogdobispo.com.br\/?p=1343#primaryimage\"},\"thumbnailUrl\":\"http:\/\/blogdobispo.com.br\/wp-content\/uploads\/2023\/07\/DOGLLkb2Vqn8slhMmAlzafYTBEsh7hmwF75nbLNn-1.jpg\",\"articleSection\":[\"diversos\"],\"inLanguage\":\"pt-BR\",\"potentialAction\":[{\"@type\":\"CommentAction\",\"name\":\"Comment\",\"target\":[\"https:\/\/blogdobispo.com.br\/?p=1343#respond\"]}]},{\"@type\":\"WebPage\",\"@id\":\"https:\/\/blogdobispo.com.br\/?p=1343\",\"url\":\"https:\/\/blogdobispo.com.br\/?p=1343\",\"name\":\"Assembleia Legislativa se solidariza com familiares de aluno v\u00edtima da viol\u00eancia na escola - Blog do Bispo\",\"isPartOf\":{\"@id\":\"https:\/\/blogdobispo.com.br\/#website\"},\"primaryImageOfPage\":{\"@id\":\"https:\/\/blogdobispo.com.br\/?p=1343#primaryimage\"},\"image\":{\"@id\":\"https:\/\/blogdobispo.com.br\/?p=1343#primaryimage\"},\"thumbnailUrl\":\"http:\/\/blogdobispo.com.br\/wp-content\/uploads\/2023\/07\/DOGLLkb2Vqn8slhMmAlzafYTBEsh7hmwF75nbLNn-1.jpg\",\"datePublished\":\"2023-07-07T20:34:31+00:00\",\"dateModified\":\"2023-08-11T19:57:58+00:00\",\"breadcrumb\":{\"@id\":\"https:\/\/blogdobispo.com.br\/?p=1343#breadcrumb\"},\"inLanguage\":\"pt-BR\",\"potentialAction\":[{\"@type\":\"ReadAction\",\"target\":[\"https:\/\/blogdobispo.com.br\/?p=1343\"]}]},{\"@type\":\"ImageObject\",\"inLanguage\":\"pt-BR\",\"@id\":\"https:\/\/blogdobispo.com.br\/?p=1343#primaryimage\",\"url\":\"http:\/\/blogdobispo.com.br\/wp-content\/uploads\/2023\/07\/DOGLLkb2Vqn8slhMmAlzafYTBEsh7hmwF75nbLNn-1.jpg\",\"contentUrl\":\"http:\/\/blogdobispo.com.br\/wp-content\/uploads\/2023\/07\/DOGLLkb2Vqn8slhMmAlzafYTBEsh7hmwF75nbLNn-1.jpg\"},{\"@type\":\"BreadcrumbList\",\"@id\":\"https:\/\/blogdobispo.com.br\/?p=1343#breadcrumb\",\"itemListElement\":[{\"@type\":\"ListItem\",\"position\":1,\"name\":\"In\u00edcio\",\"item\":\"https:\/\/blogdobispo.com.br\/\"},{\"@type\":\"ListItem\",\"position\":2,\"name\":\"Assembleia Legislativa se solidariza com familiares de aluno v\u00edtima da viol\u00eancia na escola\"}]},{\"@type\":\"WebSite\",\"@id\":\"https:\/\/blogdobispo.com.br\/#website\",\"url\":\"https:\/\/blogdobispo.com.br\/\",\"name\":\"Blog do Bispo\",\"description\":\"Comprometido apenas com o leitor\",\"publisher\":{\"@id\":\"https:\/\/blogdobispo.com.br\/#organization\"},\"potentialAction\":[{\"@type\":\"SearchAction\",\"target\":{\"@type\":\"EntryPoint\",\"urlTemplate\":\"https:\/\/blogdobispo.com.br\/?s={search_term_string}\"},\"query-input\":{\"@type\":\"PropertyValueSpecification\",\"valueRequired\":true,\"valueName\":\"search_term_string\"}}],\"inLanguage\":\"pt-BR\"},{\"@type\":\"Organization\",\"@id\":\"https:\/\/blogdobispo.com.br\/#organization\",\"name\":\"Blog do Bispo\",\"url\":\"https:\/\/blogdobispo.com.br\/\",\"logo\":{\"@type\":\"ImageObject\",\"inLanguage\":\"pt-BR\",\"@id\":\"https:\/\/blogdobispo.com.br\/#\/schema\/logo\/image\/\",\"url\":\"http:\/\/blogdobispo.com.br\/wp-content\/uploads\/2023\/05\/cropped-headear.png\",\"contentUrl\":\"http:\/\/blogdobispo.com.br\/wp-content\/uploads\/2023\/05\/cropped-headear.png\",\"width\":1500,\"height\":399,\"caption\":\"Blog do Bispo\"},\"image\":{\"@id\":\"https:\/\/blogdobispo.com.br\/#\/schema\/logo\/image\/\"}},{\"@type\":\"Person\",\"@id\":\"https:\/\/blogdobispo.com.br\/#\/schema\/person\/e2209cc0e6cea5c5233d033e997b373f\",\"name\":\"Jefferson Sterfeno\",\"image\":{\"@type\":\"ImageObject\",\"inLanguage\":\"pt-BR\",\"@id\":\"https:\/\/blogdobispo.com.br\/#\/schema\/person\/image\/\",\"url\":\"https:\/\/secure.gravatar.com\/avatar\/0534e84764641168a677026b6d57a3f51dc7ac4db0b4f6186d9cb330d4ee1160?s=96&d=mm&r=g\",\"contentUrl\":\"https:\/\/secure.gravatar.com\/avatar\/0534e84764641168a677026b6d57a3f51dc7ac4db0b4f6186d9cb330d4ee1160?s=96&d=mm&r=g\",\"caption\":\"Jefferson Sterfeno\"},\"sameAs\":[\"http:\/\/blogdobispo.com.br\"],\"url\":\"https:\/\/blogdobispo.com.br\/?author=1\"}]}<\/script>\n<!-- \/ Yoast SEO plugin. -->","yoast_head_json":{"title":"Assembleia Legislativa se solidariza com familiares de aluno v\u00edtima da viol\u00eancia na escola - Blog do Bispo","robots":{"index":"index","follow":"follow","max-snippet":"max-snippet:-1","max-image-preview":"max-image-preview:large","max-video-preview":"max-video-preview:-1"},"canonical":"https:\/\/blogdobispo.com.br\/?p=1343","og_locale":"pt_BR","og_type":"article","og_title":"Assembleia Legislativa se solidariza com familiares de aluno v\u00edtima da viol\u00eancia na escola - Blog do Bispo","og_description":"A viol\u00eancia nas escolas fez uma nova v\u00edtima no Rio Grande do Norte. Um estudante de 16 anos foi golpeado com mais de 20 facadas por um colega de escola nesta sexta-feira (07) na Escola Municipal Ferreira Itajub\u00e1, no bairro das Quintas, em Natal.&nbsp; Em junho, o Poder Legislativo lan\u00e7ou uma campanha estadual \u201cPaz nas [&hellip;]","og_url":"https:\/\/blogdobispo.com.br\/?p=1343","og_site_name":"Blog do Bispo","article_published_time":"2023-07-07T20:34:31+00:00","article_modified_time":"2023-08-11T19:57:58+00:00","og_image":[{"url":"http:\/\/blogdobispo.com.br\/wp-content\/uploads\/2023\/07\/DOGLLkb2Vqn8slhMmAlzafYTBEsh7hmwF75nbLNn-1.jpg","type":"","width":"","height":""}],"author":"Jefferson Sterfeno","twitter_card":"summary_large_image","twitter_misc":{"Escrito por":"Jefferson Sterfeno","Est. tempo de leitura":"2 minutos"},"schema":{"@context":"https:\/\/schema.org","@graph":[{"@type":"Article","@id":"https:\/\/blogdobispo.com.br\/?p=1343#article","isPartOf":{"@id":"https:\/\/blogdobispo.com.br\/?p=1343"},"author":{"name":"Jefferson Sterfeno","@id":"https:\/\/blogdobispo.com.br\/#\/schema\/person\/e2209cc0e6cea5c5233d033e997b373f"},"headline":"Assembleia Legislativa se solidariza com familiares de aluno v\u00edtima da viol\u00eancia na escola","datePublished":"2023-07-07T20:34:31+00:00","dateModified":"2023-08-11T19:57:58+00:00","mainEntityOfPage":{"@id":"https:\/\/blogdobispo.com.br\/?p=1343"},"wordCount":182,"commentCount":0,"publisher":{"@id":"https:\/\/blogdobispo.com.br\/#organization"},"image":{"@id":"https:\/\/blogdobispo.com.br\/?p=1343#primaryimage"},"thumbnailUrl":"http:\/\/blogdobispo.com.br\/wp-content\/uploads\/2023\/07\/DOGLLkb2Vqn8slhMmAlzafYTBEsh7hmwF75nbLNn-1.jpg","articleSection":["diversos"],"inLanguage":"pt-BR","potentialAction":[{"@type":"CommentAction","name":"Comment","target":["https:\/\/blogdobispo.com.br\/?p=1343#respond"]}]},{"@type":"WebPage","@id":"https:\/\/blogdobispo.com.br\/?p=1343","url":"https:\/\/blogdobispo.com.br\/?p=1343","name":"Assembleia Legislativa se solidariza com familiares de aluno v\u00edtima da viol\u00eancia na escola - Blog do Bispo","isPartOf":{"@id":"https:\/\/blogdobispo.com.br\/#website"},"primaryImageOfPage":{"@id":"https:\/\/blogdobispo.com.br\/?p=1343#primaryimage"},"image":{"@id":"https:\/\/blogdobispo.com.br\/?p=1343#primaryimage"},"thumbnailUrl":"http:\/\/blogdobispo.com.br\/wp-content\/uploads\/2023\/07\/DOGLLkb2Vqn8slhMmAlzafYTBEsh7hmwF75nbLNn-1.jpg","datePublished":"2023-07-07T20:34:31+00:00","dateModified":"2023-08-11T19:57:58+00:00","breadcrumb":{"@id":"https:\/\/blogdobispo.com.br\/?p=1343#breadcrumb"},"inLanguage":"pt-BR","potentialAction":[{"@type":"ReadAction","target":["https:\/\/blogdobispo.com.br\/?p=1343"]}]},{"@type":"ImageObject","inLanguage":"pt-BR","@id":"https:\/\/blogdobispo.com.br\/?p=1343#primaryimage","url":"http:\/\/blogdobispo.com.br\/wp-content\/uploads\/2023\/07\/DOGLLkb2Vqn8slhMmAlzafYTBEsh7hmwF75nbLNn-1.jpg","contentUrl":"http:\/\/blogdobispo.com.br\/wp-content\/uploads\/2023\/07\/DOGLLkb2Vqn8slhMmAlzafYTBEsh7hmwF75nbLNn-1.jpg"},{"@type":"BreadcrumbList","@id":"https:\/\/blogdobispo.com.br\/?p=1343#breadcrumb","itemListElement":[{"@type":"ListItem","position":1,"name":"In\u00edcio","item":"https:\/\/blogdobispo.com.br\/"},{"@type":"ListItem","position":2,"name":"Assembleia Legislativa se solidariza com familiares de aluno v\u00edtima da viol\u00eancia na escola"}]},{"@type":"WebSite","@id":"https:\/\/blogdobispo.com.br\/#website","url":"https:\/\/blogdobispo.com.br\/","name":"Blog do Bispo","description":"Comprometido apenas com o leitor","publisher":{"@id":"https:\/\/blogdobispo.com.br\/#organization"},"potentialAction":[{"@type":"SearchAction","target":{"@type":"EntryPoint","urlTemplate":"https:\/\/blogdobispo.com.br\/?s={search_term_string}"},"query-input":{"@type":"PropertyValueSpecification","valueRequired":true,"valueName":"search_term_string"}}],"inLanguage":"pt-BR"},{"@type":"Organization","@id":"https:\/\/blogdobispo.com.br\/#organization","name":"Blog do Bispo","url":"https:\/\/blogdobispo.com.br\/","logo":{"@type":"ImageObject","inLanguage":"pt-BR","@id":"https:\/\/blogdobispo.com.br\/#\/schema\/logo\/image\/","url":"http:\/\/blogdobispo.com.br\/wp-content\/uploads\/2023\/05\/cropped-headear.png","contentUrl":"http:\/\/blogdobispo.com.br\/wp-content\/uploads\/2023\/05\/cropped-headear.png","width":1500,"height":399,"caption":"Blog do Bispo"},"image":{"@id":"https:\/\/blogdobispo.com.br\/#\/schema\/logo\/image\/"}},{"@type":"Person","@id":"https:\/\/blogdobispo.com.br\/#\/schema\/person\/e2209cc0e6cea5c5233d033e997b373f","name":"Jefferson Sterfeno","image":{"@type":"ImageObject","inLanguage":"pt-BR","@id":"https:\/\/blogdobispo.com.br\/#\/schema\/person\/image\/","url":"https:\/\/secure.gravatar.com\/avatar\/0534e84764641168a677026b6d57a3f51dc7ac4db0b4f6186d9cb330d4ee1160?s=96&d=mm&r=g","contentUrl":"https:\/\/secure.gravatar.com\/avatar\/0534e84764641168a677026b6d57a3f51dc7ac4db0b4f6186d9cb330d4ee1160?s=96&d=mm&r=g","caption":"Jefferson Sterfeno"},"sameAs":["http:\/\/blogdobispo.com.br"],"url":"https:\/\/blogdobispo.com.br\/?author=1"}]}},"featured_image_urls":{"full":"","thumbnail":"","medium":"","medium_large":"","large":"","1536x1536":"","2048x2048":""},"author_info":{"display_name":"Jefferson Sterfeno","author_link":"https:\/\/blogdobispo.com.br\/?author=1"},"category_info":"<a href=\"https:\/\/blogdobispo.com.br\/?cat=1\" rel=\"category\">diversos<\/a>","tag_info":"diversos","comment_count":"0","jetpack_featured_media_url":"","jetpack_sharing_enabled":true,"_links":{"self":[{"href":"https:\/\/blogdobispo.com.br\/index.php?rest_route=\/wp\/v2\/posts\/1343","targetHints":{"allow":["GET"]}}],"collection":[{"href":"https:\/\/blogdobispo.com.br\/index.php?rest_route=\/wp\/v2\/posts"}],"about":[{"href":"https:\/\/blogdobispo.com.br\/index.php?rest_route=\/wp\/v2\/types\/post"}],"author":[{"embeddable":true,"href":"https:\/\/blogdobispo.com.br\/index.php?rest_route=\/wp\/v2\/users\/1"}],"replies":[{"embeddable":true,"href":"https:\/\/blogdobispo.com.br\/index.php?rest_route=%2Fwp%2Fv2%2Fcomments&post=1343"}],"version-history":[{"count":1,"href":"https:\/\/blogdobispo.com.br\/index.php?rest_route=\/wp\/v2\/posts\/1343\/revisions"}],"predecessor-version":[{"id":1584,"href":"https:\/\/blogdobispo.com.br\/index.php?rest_route=\/wp\/v2\/posts\/1343\/revisions\/1584"}],"wp:attachment":[{"href":"https:\/\/blogdobispo.com.br\/index.php?rest_route=%2Fwp%2Fv2%2Fmedia&parent=1343"}],"wp:term":[{"taxonomy":"category","embeddable":true,"href":"https:\/\/blogdobispo.com.br\/index.php?rest_route=%2Fwp%2Fv2%2Fcategories&post=1343"},{"taxonomy":"post_tag","embeddable":true,"href":"https:\/\/blogdobispo.com.br\/index.php?rest_route=%2Fwp%2Fv2%2Ftags&post=1343"}],"curies":[{"name":"wp","href":"https:\/\/api.w.org\/{rel}","templated":true}]}}