{"id":1328,"date":"2023-07-05T02:14:14","date_gmt":"2023-07-05T02:14:14","guid":{"rendered":"https:\/\/blogdobispo.com.br\/?p=1328"},"modified":"2023-07-05T02:14:14","modified_gmt":"2023-07-05T02:14:14","slug":"eribaldo-medeiros-deixa-psb-rumo-a-rede-sustentabilidade","status":"publish","type":"post","link":"https:\/\/blogdobispo.com.br\/?p=1328","title":{"rendered":"Eribaldo Medeiros deixa PSB rumo a Rede Sustentabilidade"},"content":{"rendered":"\n<p>O vereador Eribaldo Medeiros obteve hoje do Tribunal Regional Eleitoral do RN autoriza\u00e7\u00e3o para se desfiliar do Partido Socialista Brasileiro (PSB), pelo qual foi eleito em 2020.<\/p>\n\n\n\n<p>Com conversas avan\u00e7adas, incluindo uma agenda em Bras\u00edlia com a ministra Marina Silva, Eribaldo dever\u00e1 assumir o comando do partido Rede Sustentabilidade em Natal.<\/p>\n\n\n\n<p>A Rede Sustentabilidade atualmente \u00e9 federada ao Partido Socialismo e Liberdade (PSOL), representado na C\u00e2mara de Vereadores de Natal por Rob\u00e9rio Paulinho. Desta forma, Eribaldo dever\u00e1 concorrer pela renova\u00e7\u00e3o de seu mandato na chapa da federa\u00e7\u00e3o.<\/p>\n\n\n\n<p>Eribaldo declarou que a mudan\u00e7a de partido se d\u00e1 na busca para \u201cfortalecer nossa atua\u00e7\u00e3o em defesa das comunidades, criando novos espa\u00e7os de atua\u00e7\u00e3o. Nossa inten\u00e7\u00e3o \u00e9 construir um coletivo partid\u00e1rio forte, dedicado \u00e0s causas sociais e ambientais de nosso estado\u201d.<\/p>\n\n\n\n<p>O PSB deu anu\u00eancia ao pleito do vereador e v\u00ea como natural e democr\u00e1tica sua decis\u00e3o. O presidente estadual do partido, Rafael Motta, disse ter gratid\u00e3o \u201cpelo caminho que percorremos juntos. Eribaldo tem sido um vereador valoroso em nossa capital e certamente seguir\u00e1 contribuindo com a cidade em seu novo projeto partid\u00e1rio\u201d. De sua parte, Eribaldo agradeceu \u00e0 antiga legenda e refor\u00e7ou o \u201cgrande respeito e admira\u00e7\u00e3o\u201d que possui por Rafael Motta, a quem considera \u201cuma das lideran\u00e7as pol\u00edticas mais promissoras do Rio Grande do Norte\u201d.<\/p>\n\n\n\n<p>Blog do Girotto<\/p>\n\n\n\n<figure class=\"wp-block-image size-large\"><img data-recalc-dims=\"1\" fetchpriority=\"high\" decoding=\"async\" width=\"300\" height=\"169\" src=\"https:\/\/i0.wp.com\/blogdobispo.com.br\/wp-content\/uploads\/2023\/07\/img_1370-300x169.jpg?resize=300%2C169&#038;ssl=1\" class=\"wp-image-1327\" srcset=\"https:\/\/i0.wp.com\/blogdobispo.com.br\/wp-content\/uploads\/2023\/07\/img_1370.jpg?resize=300%2C169&amp;ssl=1 300w, https:\/\/i0.wp.com\/blogdobispo.com.br\/wp-content\/uploads\/2023\/07\/img_1370.jpg?w=516&amp;ssl=1 516w\" sizes=\"(max-width: 300px) 100vw, 300px\" \/><\/figure>\n","protected":false},"excerpt":{"rendered":"<p>O vereador Eribaldo Medeiros obteve hoje do Tribunal Regional Eleitoral do RN autoriza\u00e7\u00e3o para se desfiliar do Partido Socialista Brasileiro (PSB), pelo qual foi eleito em 2020. Com conversas avan\u00e7adas, incluindo uma agenda em Bras\u00edlia com a ministra Marina Silva, Eribaldo dever\u00e1 assumir o comando do partido Rede Sustentabilidade em Natal. A Rede Sustentabilidade atualmente [&hellip;]<\/p>\n","protected":false},"author":1,"featured_media":0,"comment_status":"open","ping_status":"open","sticky":false,"template":"","format":"standard","meta":{"cybocfi_hide_featured_image":"","_jetpack_memberships_contains_paid_content":false,"footnotes":""},"categories":[1],"tags":[],"class_list":["post-1328","post","type-post","status-publish","format-standard","hentry","category-diversos"],"yoast_head":"<!-- This site is optimized with the Yoast SEO plugin v25.6 - https:\/\/yoast.com\/wordpress\/plugins\/seo\/ -->\n<title>Eribaldo Medeiros deixa PSB rumo a Rede Sustentabilidade - Blog do Bispo<\/title>\n<meta name=\"robots\" content=\"index, follow, max-snippet:-1, max-image-preview:large, max-video-preview:-1\" \/>\n<link rel=\"canonical\" href=\"https:\/\/blogdobispo.com.br\/?p=1328\" \/>\n<meta property=\"og:locale\" content=\"pt_BR\" \/>\n<meta property=\"og:type\" content=\"article\" \/>\n<meta property=\"og:title\" content=\"Eribaldo Medeiros deixa PSB rumo a Rede Sustentabilidade - Blog do Bispo\" \/>\n<meta property=\"og:description\" content=\"O vereador Eribaldo Medeiros obteve hoje do Tribunal Regional Eleitoral do RN autoriza\u00e7\u00e3o para se desfiliar do Partido Socialista Brasileiro (PSB), pelo qual foi eleito em 2020. Com conversas avan\u00e7adas, incluindo uma agenda em Bras\u00edlia com a ministra Marina Silva, Eribaldo dever\u00e1 assumir o comando do partido Rede Sustentabilidade em Natal. A Rede Sustentabilidade atualmente [&hellip;]\" \/>\n<meta property=\"og:url\" content=\"https:\/\/blogdobispo.com.br\/?p=1328\" \/>\n<meta property=\"og:site_name\" content=\"Blog do Bispo\" \/>\n<meta property=\"article:published_time\" content=\"2023-07-05T02:14:14+00:00\" \/>\n<meta property=\"og:image\" content=\"https:\/\/blogdobispo.com.br\/wp-content\/uploads\/2023\/07\/img_1370-300x169.jpg\" \/>\n<meta name=\"author\" content=\"Jefferson Sterfeno\" \/>\n<meta name=\"twitter:card\" content=\"summary_large_image\" \/>\n<meta name=\"twitter:label1\" content=\"Escrito por\" \/>\n\t<meta name=\"twitter:data1\" content=\"Jefferson Sterfeno\" \/>\n\t<meta name=\"twitter:label2\" content=\"Est. tempo de leitura\" \/>\n\t<meta name=\"twitter:data2\" content=\"1 minuto\" \/>\n<script type=\"application\/ld+json\" class=\"yoast-schema-graph\">{\"@context\":\"https:\/\/schema.org\",\"@graph\":[{\"@type\":\"Article\",\"@id\":\"https:\/\/blogdobispo.com.br\/?p=1328#article\",\"isPartOf\":{\"@id\":\"https:\/\/blogdobispo.com.br\/?p=1328\"},\"author\":{\"name\":\"Jefferson Sterfeno\",\"@id\":\"https:\/\/blogdobispo.com.br\/#\/schema\/person\/e2209cc0e6cea5c5233d033e997b373f\"},\"headline\":\"Eribaldo Medeiros deixa PSB rumo a Rede Sustentabilidade\",\"datePublished\":\"2023-07-05T02:14:14+00:00\",\"mainEntityOfPage\":{\"@id\":\"https:\/\/blogdobispo.com.br\/?p=1328\"},\"wordCount\":243,\"commentCount\":0,\"publisher\":{\"@id\":\"https:\/\/blogdobispo.com.br\/#organization\"},\"image\":{\"@id\":\"https:\/\/blogdobispo.com.br\/?p=1328#primaryimage\"},\"thumbnailUrl\":\"https:\/\/blogdobispo.com.br\/wp-content\/uploads\/2023\/07\/img_1370-300x169.jpg\",\"articleSection\":[\"diversos\"],\"inLanguage\":\"pt-BR\",\"potentialAction\":[{\"@type\":\"CommentAction\",\"name\":\"Comment\",\"target\":[\"https:\/\/blogdobispo.com.br\/?p=1328#respond\"]}]},{\"@type\":\"WebPage\",\"@id\":\"https:\/\/blogdobispo.com.br\/?p=1328\",\"url\":\"https:\/\/blogdobispo.com.br\/?p=1328\",\"name\":\"Eribaldo Medeiros deixa PSB rumo a Rede Sustentabilidade - Blog do Bispo\",\"isPartOf\":{\"@id\":\"https:\/\/blogdobispo.com.br\/#website\"},\"primaryImageOfPage\":{\"@id\":\"https:\/\/blogdobispo.com.br\/?p=1328#primaryimage\"},\"image\":{\"@id\":\"https:\/\/blogdobispo.com.br\/?p=1328#primaryimage\"},\"thumbnailUrl\":\"https:\/\/blogdobispo.com.br\/wp-content\/uploads\/2023\/07\/img_1370-300x169.jpg\",\"datePublished\":\"2023-07-05T02:14:14+00:00\",\"breadcrumb\":{\"@id\":\"https:\/\/blogdobispo.com.br\/?p=1328#breadcrumb\"},\"inLanguage\":\"pt-BR\",\"potentialAction\":[{\"@type\":\"ReadAction\",\"target\":[\"https:\/\/blogdobispo.com.br\/?p=1328\"]}]},{\"@type\":\"ImageObject\",\"inLanguage\":\"pt-BR\",\"@id\":\"https:\/\/blogdobispo.com.br\/?p=1328#primaryimage\",\"url\":\"https:\/\/blogdobispo.com.br\/wp-content\/uploads\/2023\/07\/img_1370-300x169.jpg\",\"contentUrl\":\"https:\/\/blogdobispo.com.br\/wp-content\/uploads\/2023\/07\/img_1370-300x169.jpg\"},{\"@type\":\"BreadcrumbList\",\"@id\":\"https:\/\/blogdobispo.com.br\/?p=1328#breadcrumb\",\"itemListElement\":[{\"@type\":\"ListItem\",\"position\":1,\"name\":\"In\u00edcio\",\"item\":\"https:\/\/blogdobispo.com.br\/\"},{\"@type\":\"ListItem\",\"position\":2,\"name\":\"Eribaldo Medeiros deixa PSB rumo a Rede Sustentabilidade\"}]},{\"@type\":\"WebSite\",\"@id\":\"https:\/\/blogdobispo.com.br\/#website\",\"url\":\"https:\/\/blogdobispo.com.br\/\",\"name\":\"Blog do Bispo\",\"description\":\"Comprometido apenas com o leitor\",\"publisher\":{\"@id\":\"https:\/\/blogdobispo.com.br\/#organization\"},\"potentialAction\":[{\"@type\":\"SearchAction\",\"target\":{\"@type\":\"EntryPoint\",\"urlTemplate\":\"https:\/\/blogdobispo.com.br\/?s={search_term_string}\"},\"query-input\":{\"@type\":\"PropertyValueSpecification\",\"valueRequired\":true,\"valueName\":\"search_term_string\"}}],\"inLanguage\":\"pt-BR\"},{\"@type\":\"Organization\",\"@id\":\"https:\/\/blogdobispo.com.br\/#organization\",\"name\":\"Blog do Bispo\",\"url\":\"https:\/\/blogdobispo.com.br\/\",\"logo\":{\"@type\":\"ImageObject\",\"inLanguage\":\"pt-BR\",\"@id\":\"https:\/\/blogdobispo.com.br\/#\/schema\/logo\/image\/\",\"url\":\"http:\/\/blogdobispo.com.br\/wp-content\/uploads\/2023\/05\/cropped-headear.png\",\"contentUrl\":\"http:\/\/blogdobispo.com.br\/wp-content\/uploads\/2023\/05\/cropped-headear.png\",\"width\":1500,\"height\":399,\"caption\":\"Blog do Bispo\"},\"image\":{\"@id\":\"https:\/\/blogdobispo.com.br\/#\/schema\/logo\/image\/\"}},{\"@type\":\"Person\",\"@id\":\"https:\/\/blogdobispo.com.br\/#\/schema\/person\/e2209cc0e6cea5c5233d033e997b373f\",\"name\":\"Jefferson Sterfeno\",\"image\":{\"@type\":\"ImageObject\",\"inLanguage\":\"pt-BR\",\"@id\":\"https:\/\/blogdobispo.com.br\/#\/schema\/person\/image\/\",\"url\":\"https:\/\/secure.gravatar.com\/avatar\/0534e84764641168a677026b6d57a3f51dc7ac4db0b4f6186d9cb330d4ee1160?s=96&d=mm&r=g\",\"contentUrl\":\"https:\/\/secure.gravatar.com\/avatar\/0534e84764641168a677026b6d57a3f51dc7ac4db0b4f6186d9cb330d4ee1160?s=96&d=mm&r=g\",\"caption\":\"Jefferson Sterfeno\"},\"sameAs\":[\"http:\/\/blogdobispo.com.br\"],\"url\":\"https:\/\/blogdobispo.com.br\/?author=1\"}]}<\/script>\n<!-- \/ Yoast SEO plugin. -->","yoast_head_json":{"title":"Eribaldo Medeiros deixa PSB rumo a Rede Sustentabilidade - Blog do Bispo","robots":{"index":"index","follow":"follow","max-snippet":"max-snippet:-1","max-image-preview":"max-image-preview:large","max-video-preview":"max-video-preview:-1"},"canonical":"https:\/\/blogdobispo.com.br\/?p=1328","og_locale":"pt_BR","og_type":"article","og_title":"Eribaldo Medeiros deixa PSB rumo a Rede Sustentabilidade - Blog do Bispo","og_description":"O vereador Eribaldo Medeiros obteve hoje do Tribunal Regional Eleitoral do RN autoriza\u00e7\u00e3o para se desfiliar do Partido Socialista Brasileiro (PSB), pelo qual foi eleito em 2020. Com conversas avan\u00e7adas, incluindo uma agenda em Bras\u00edlia com a ministra Marina Silva, Eribaldo dever\u00e1 assumir o comando do partido Rede Sustentabilidade em Natal. A Rede Sustentabilidade atualmente [&hellip;]","og_url":"https:\/\/blogdobispo.com.br\/?p=1328","og_site_name":"Blog do Bispo","article_published_time":"2023-07-05T02:14:14+00:00","og_image":[{"url":"https:\/\/blogdobispo.com.br\/wp-content\/uploads\/2023\/07\/img_1370-300x169.jpg","type":"","width":"","height":""}],"author":"Jefferson Sterfeno","twitter_card":"summary_large_image","twitter_misc":{"Escrito por":"Jefferson Sterfeno","Est. tempo de leitura":"1 minuto"},"schema":{"@context":"https:\/\/schema.org","@graph":[{"@type":"Article","@id":"https:\/\/blogdobispo.com.br\/?p=1328#article","isPartOf":{"@id":"https:\/\/blogdobispo.com.br\/?p=1328"},"author":{"name":"Jefferson Sterfeno","@id":"https:\/\/blogdobispo.com.br\/#\/schema\/person\/e2209cc0e6cea5c5233d033e997b373f"},"headline":"Eribaldo Medeiros deixa PSB rumo a Rede Sustentabilidade","datePublished":"2023-07-05T02:14:14+00:00","mainEntityOfPage":{"@id":"https:\/\/blogdobispo.com.br\/?p=1328"},"wordCount":243,"commentCount":0,"publisher":{"@id":"https:\/\/blogdobispo.com.br\/#organization"},"image":{"@id":"https:\/\/blogdobispo.com.br\/?p=1328#primaryimage"},"thumbnailUrl":"https:\/\/blogdobispo.com.br\/wp-content\/uploads\/2023\/07\/img_1370-300x169.jpg","articleSection":["diversos"],"inLanguage":"pt-BR","potentialAction":[{"@type":"CommentAction","name":"Comment","target":["https:\/\/blogdobispo.com.br\/?p=1328#respond"]}]},{"@type":"WebPage","@id":"https:\/\/blogdobispo.com.br\/?p=1328","url":"https:\/\/blogdobispo.com.br\/?p=1328","name":"Eribaldo Medeiros deixa PSB rumo a Rede Sustentabilidade - Blog do Bispo","isPartOf":{"@id":"https:\/\/blogdobispo.com.br\/#website"},"primaryImageOfPage":{"@id":"https:\/\/blogdobispo.com.br\/?p=1328#primaryimage"},"image":{"@id":"https:\/\/blogdobispo.com.br\/?p=1328#primaryimage"},"thumbnailUrl":"https:\/\/blogdobispo.com.br\/wp-content\/uploads\/2023\/07\/img_1370-300x169.jpg","datePublished":"2023-07-05T02:14:14+00:00","breadcrumb":{"@id":"https:\/\/blogdobispo.com.br\/?p=1328#breadcrumb"},"inLanguage":"pt-BR","potentialAction":[{"@type":"ReadAction","target":["https:\/\/blogdobispo.com.br\/?p=1328"]}]},{"@type":"ImageObject","inLanguage":"pt-BR","@id":"https:\/\/blogdobispo.com.br\/?p=1328#primaryimage","url":"https:\/\/blogdobispo.com.br\/wp-content\/uploads\/2023\/07\/img_1370-300x169.jpg","contentUrl":"https:\/\/blogdobispo.com.br\/wp-content\/uploads\/2023\/07\/img_1370-300x169.jpg"},{"@type":"BreadcrumbList","@id":"https:\/\/blogdobispo.com.br\/?p=1328#breadcrumb","itemListElement":[{"@type":"ListItem","position":1,"name":"In\u00edcio","item":"https:\/\/blogdobispo.com.br\/"},{"@type":"ListItem","position":2,"name":"Eribaldo Medeiros deixa PSB rumo a Rede Sustentabilidade"}]},{"@type":"WebSite","@id":"https:\/\/blogdobispo.com.br\/#website","url":"https:\/\/blogdobispo.com.br\/","name":"Blog do Bispo","description":"Comprometido apenas com o leitor","publisher":{"@id":"https:\/\/blogdobispo.com.br\/#organization"},"potentialAction":[{"@type":"SearchAction","target":{"@type":"EntryPoint","urlTemplate":"https:\/\/blogdobispo.com.br\/?s={search_term_string}"},"query-input":{"@type":"PropertyValueSpecification","valueRequired":true,"valueName":"search_term_string"}}],"inLanguage":"pt-BR"},{"@type":"Organization","@id":"https:\/\/blogdobispo.com.br\/#organization","name":"Blog do Bispo","url":"https:\/\/blogdobispo.com.br\/","logo":{"@type":"ImageObject","inLanguage":"pt-BR","@id":"https:\/\/blogdobispo.com.br\/#\/schema\/logo\/image\/","url":"http:\/\/blogdobispo.com.br\/wp-content\/uploads\/2023\/05\/cropped-headear.png","contentUrl":"http:\/\/blogdobispo.com.br\/wp-content\/uploads\/2023\/05\/cropped-headear.png","width":1500,"height":399,"caption":"Blog do Bispo"},"image":{"@id":"https:\/\/blogdobispo.com.br\/#\/schema\/logo\/image\/"}},{"@type":"Person","@id":"https:\/\/blogdobispo.com.br\/#\/schema\/person\/e2209cc0e6cea5c5233d033e997b373f","name":"Jefferson Sterfeno","image":{"@type":"ImageObject","inLanguage":"pt-BR","@id":"https:\/\/blogdobispo.com.br\/#\/schema\/person\/image\/","url":"https:\/\/secure.gravatar.com\/avatar\/0534e84764641168a677026b6d57a3f51dc7ac4db0b4f6186d9cb330d4ee1160?s=96&d=mm&r=g","contentUrl":"https:\/\/secure.gravatar.com\/avatar\/0534e84764641168a677026b6d57a3f51dc7ac4db0b4f6186d9cb330d4ee1160?s=96&d=mm&r=g","caption":"Jefferson Sterfeno"},"sameAs":["http:\/\/blogdobispo.com.br"],"url":"https:\/\/blogdobispo.com.br\/?author=1"}]}},"featured_image_urls":{"full":"","thumbnail":"","medium":"","medium_large":"","large":"","1536x1536":"","2048x2048":""},"author_info":{"display_name":"Jefferson Sterfeno","author_link":"https:\/\/blogdobispo.com.br\/?author=1"},"category_info":"<a href=\"https:\/\/blogdobispo.com.br\/?cat=1\" rel=\"category\">diversos<\/a>","tag_info":"diversos","comment_count":"0","jetpack_featured_media_url":"","jetpack_sharing_enabled":true,"_links":{"self":[{"href":"https:\/\/blogdobispo.com.br\/index.php?rest_route=\/wp\/v2\/posts\/1328","targetHints":{"allow":["GET"]}}],"collection":[{"href":"https:\/\/blogdobispo.com.br\/index.php?rest_route=\/wp\/v2\/posts"}],"about":[{"href":"https:\/\/blogdobispo.com.br\/index.php?rest_route=\/wp\/v2\/types\/post"}],"author":[{"embeddable":true,"href":"https:\/\/blogdobispo.com.br\/index.php?rest_route=\/wp\/v2\/users\/1"}],"replies":[{"embeddable":true,"href":"https:\/\/blogdobispo.com.br\/index.php?rest_route=%2Fwp%2Fv2%2Fcomments&post=1328"}],"version-history":[{"count":0,"href":"https:\/\/blogdobispo.com.br\/index.php?rest_route=\/wp\/v2\/posts\/1328\/revisions"}],"wp:attachment":[{"href":"https:\/\/blogdobispo.com.br\/index.php?rest_route=%2Fwp%2Fv2%2Fmedia&parent=1328"}],"wp:term":[{"taxonomy":"category","embeddable":true,"href":"https:\/\/blogdobispo.com.br\/index.php?rest_route=%2Fwp%2Fv2%2Fcategories&post=1328"},{"taxonomy":"post_tag","embeddable":true,"href":"https:\/\/blogdobispo.com.br\/index.php?rest_route=%2Fwp%2Fv2%2Ftags&post=1328"}],"curies":[{"name":"wp","href":"https:\/\/api.w.org\/{rel}","templated":true}]}}