{"id":1326,"date":"2023-07-05T02:11:14","date_gmt":"2023-07-05T02:11:14","guid":{"rendered":"https:\/\/blogdobispo.com.br\/?p=1326"},"modified":"2023-08-11T19:52:22","modified_gmt":"2023-08-11T19:52:22","slug":"lucas-tavares-nina-souza-a-caminho-do-uniao-brasil","status":"publish","type":"post","link":"https:\/\/blogdobispo.com.br\/?p=1326","title":{"rendered":"Assembleia Legislativa aprova cria\u00e7\u00e3o da Procuradoria Especial da Mulher"},"content":{"rendered":"\n<p>A Assembleia Legislativa do Rio Grande do Norte aprovou, na sess\u00e3o plen\u00e1ria desta quarta-feira (05), a cria\u00e7\u00e3o da Procuradoria Especial da Mulher no \u00e2mbito da pr\u00f3pria Casa. O projeto de resolu\u00e7\u00e3o \u00e9 de autoria da Mesa Diretora e segue para promulga\u00e7\u00e3o do presidente do Legislativo, deputado Ezequiel Ferreira (PSDB).<\/p>\n\n\n\n<p>Segundo o projeto aprovado, o novo \u00f3rg\u00e3o n\u00e3o tem vincula\u00e7\u00e3o com a Procuradoria-Geral da ALRN, sendo uma Unidade Administrativa Independente. O objetivo \u00e9 a defesa e a promo\u00e7\u00e3o da igualdade de g\u00eanero, da autonomia do empoderamento e da representa\u00e7\u00e3o das pessoas que se identificam com o g\u00eanero feminino, bem como o enfrentamento \u00e0 todas as formas de discrimina\u00e7\u00e3o e viol\u00eancia praticadas contra elas. Tamb\u00e9m dever\u00e1 fornecer atendimento interdisciplinar (psicol\u00f3gico, social, jur\u00eddico, de orienta\u00e7\u00e3o e informa\u00e7\u00e3o) \u00e0 mulher v\u00edtima de viol\u00eancia.<\/p>\n\n\n\n<p>Outras atribui\u00e7\u00f5es da Procuradoria ser\u00e3o fomentar a participa\u00e7\u00e3o e representa\u00e7\u00e3o das mulheres na pol\u00edtica, buscar mecanismos legais e pr\u00e1ticos para que a mulher tenha efetivo apoio em todas as situa\u00e7\u00f5es de vulnerabilidade e auxiliar as Comiss\u00f5es da ALRN na discuss\u00e3o de proposi\u00e7\u00f5es que tratem do direito relativo \u00e0s mulheres ou \u00e0 fam\u00edlia, entre outras.<\/p>\n\n\n\n<p>&#8220;\u00c9 preciso fazer representar o olhar feminino de sensibilidade, dedica\u00e7\u00e3o e empenho, fazendo valer a experi\u00eancia feminina de gest\u00e3o dos problemas cotidianos. Fato \u00e9 que a presen\u00e7a das mulheres no espa\u00e7o p\u00fablico tem quebrado preconceitos e promovido profundas mudan\u00e7as nas rela\u00e7\u00f5es dom\u00e9sticas e sociais. Por isso, mais do que um direito, garantir a presen\u00e7a da mulher na vida p\u00fablica pol\u00edtica \u00e9 um dever e um compromisso que a sociedade assume com o desenvolvimento social e com a melhoria das condi\u00e7\u00f5es de vida&#8221;, diz a justificativa da mat\u00e9ria, assinada por Ezequiel e demais membros da Mesa Diretora.<\/p>\n\n\n\n<p>Tamb\u00e9m aprovadas em plen\u00e1rio mat\u00e9rias que incluem o Pudim de Rapadura, as col\u00f4nias de pescadores e os Festejos de Iemanj\u00e1, como Patrim\u00f4nio Imaterial e Cultural do Estado. A primeira por iniciativa da deputada estadual Divaneide Bas\u00edlio (PT), e as duas \u00faltimas apresentadas por Isolda Dantas (PT), que tamb\u00e9m teve aprovadas propostas que instituem o Dia Estadual do Juremeiro e o Dia Estadual do Futebol Feminino no calend\u00e1rio oficial.<\/p>\n\n\n\n<p>J\u00e1 o l\u00edder do Governo, Francisco do PT, obteve o apoio un\u00e2nime da Casa \u00e0 proposta que denomina Deputado Raimundo Nonato Pessoa Fernandes o campus do Instituto Estadual de Educa\u00e7\u00e3o Profissional, Tecnologia e Inova\u00e7\u00e3o do RN, localizado em S\u00e3o Miguel.<\/p>\n\n\n\n<p>De autoria do deputado estadual Nelter Queiroz (PSDB), a Assembleia aprovou a Festa de Santana no munic\u00edpio de Campo Grande como Patrim\u00f4nio Cultural Imaterial do Estado.<\/p>\n\n\n\n<p>Os deputados estaduais ainda aprovaram projeto de lei complementar apresentado pelo Executivo, que redistribui cargos da Procuradoria-Geral do Estado. Outra proposta da Mesa Diretora aprovada altera o artigo 1\u00ba da resolu\u00e7\u00e3o 111 de 28 de novembro de 201<\/p>\n\n\n\n\n\n<figure class=\"wp-block-image size-large\"><img data-recalc-dims=\"1\" fetchpriority=\"high\" decoding=\"async\" width=\"800\" height=\"534\" src=\"https:\/\/i0.wp.com\/blogdobispo.com.br\/wp-content\/uploads\/2023\/07\/7hl7cLwbrIEWgch0heOhKb41HQYbdHajzEqlqQ8i.jpg?resize=800%2C534\" alt=\"\" class=\"wp-image-1573\" srcset=\"https:\/\/i0.wp.com\/blogdobispo.com.br\/wp-content\/uploads\/2023\/07\/7hl7cLwbrIEWgch0heOhKb41HQYbdHajzEqlqQ8i.jpg?resize=1024%2C683&amp;ssl=1 1024w, https:\/\/i0.wp.com\/blogdobispo.com.br\/wp-content\/uploads\/2023\/07\/7hl7cLwbrIEWgch0heOhKb41HQYbdHajzEqlqQ8i.jpg?resize=300%2C200&amp;ssl=1 300w, https:\/\/i0.wp.com\/blogdobispo.com.br\/wp-content\/uploads\/2023\/07\/7hl7cLwbrIEWgch0heOhKb41HQYbdHajzEqlqQ8i.jpg?resize=768%2C512&amp;ssl=1 768w, https:\/\/i0.wp.com\/blogdobispo.com.br\/wp-content\/uploads\/2023\/07\/7hl7cLwbrIEWgch0heOhKb41HQYbdHajzEqlqQ8i.jpg?resize=1536%2C1024&amp;ssl=1 1536w, https:\/\/i0.wp.com\/blogdobispo.com.br\/wp-content\/uploads\/2023\/07\/7hl7cLwbrIEWgch0heOhKb41HQYbdHajzEqlqQ8i.jpg?w=1620&amp;ssl=1 1620w\" sizes=\"(max-width: 800px) 100vw, 800px\" \/><\/figure>\n","protected":false},"excerpt":{"rendered":"<p>A Assembleia Legislativa do Rio Grande do Norte aprovou, na sess\u00e3o plen\u00e1ria desta quarta-feira (05), a cria\u00e7\u00e3o da Procuradoria Especial da Mulher no \u00e2mbito da pr\u00f3pria Casa. O projeto de resolu\u00e7\u00e3o \u00e9 de autoria da Mesa Diretora e segue para promulga\u00e7\u00e3o do presidente do Legislativo, deputado Ezequiel Ferreira (PSDB). Segundo o projeto aprovado, o novo [&hellip;]<\/p>\n","protected":false},"author":1,"featured_media":0,"comment_status":"open","ping_status":"open","sticky":false,"template":"","format":"standard","meta":{"cybocfi_hide_featured_image":"","_jetpack_memberships_contains_paid_content":false,"footnotes":""},"categories":[1],"tags":[],"class_list":["post-1326","post","type-post","status-publish","format-standard","hentry","category-diversos"],"yoast_head":"<!-- This site is optimized with the Yoast SEO plugin v25.6 - https:\/\/yoast.com\/wordpress\/plugins\/seo\/ -->\n<title>Assembleia Legislativa aprova cria\u00e7\u00e3o da Procuradoria Especial da Mulher - Blog do Bispo<\/title>\n<meta name=\"robots\" content=\"index, follow, max-snippet:-1, max-image-preview:large, max-video-preview:-1\" \/>\n<link rel=\"canonical\" href=\"https:\/\/blogdobispo.com.br\/?p=1326\" \/>\n<meta property=\"og:locale\" content=\"pt_BR\" \/>\n<meta property=\"og:type\" content=\"article\" \/>\n<meta property=\"og:title\" content=\"Assembleia Legislativa aprova cria\u00e7\u00e3o da Procuradoria Especial da Mulher - Blog do Bispo\" \/>\n<meta property=\"og:description\" content=\"A Assembleia Legislativa do Rio Grande do Norte aprovou, na sess\u00e3o plen\u00e1ria desta quarta-feira (05), a cria\u00e7\u00e3o da Procuradoria Especial da Mulher no \u00e2mbito da pr\u00f3pria Casa. O projeto de resolu\u00e7\u00e3o \u00e9 de autoria da Mesa Diretora e segue para promulga\u00e7\u00e3o do presidente do Legislativo, deputado Ezequiel Ferreira (PSDB). Segundo o projeto aprovado, o novo [&hellip;]\" \/>\n<meta property=\"og:url\" content=\"https:\/\/blogdobispo.com.br\/?p=1326\" \/>\n<meta property=\"og:site_name\" content=\"Blog do Bispo\" \/>\n<meta property=\"article:published_time\" content=\"2023-07-05T02:11:14+00:00\" \/>\n<meta property=\"article:modified_time\" content=\"2023-08-11T19:52:22+00:00\" \/>\n<meta property=\"og:image\" content=\"http:\/\/blogdobispo.com.br\/wp-content\/uploads\/2023\/07\/7hl7cLwbrIEWgch0heOhKb41HQYbdHajzEqlqQ8i-1024x683.jpg\" \/>\n<meta name=\"author\" content=\"Jefferson Sterfeno\" \/>\n<meta name=\"twitter:card\" content=\"summary_large_image\" \/>\n<meta name=\"twitter:label1\" content=\"Escrito por\" \/>\n\t<meta name=\"twitter:data1\" content=\"Jefferson Sterfeno\" \/>\n\t<meta name=\"twitter:label2\" content=\"Est. tempo de leitura\" \/>\n\t<meta name=\"twitter:data2\" content=\"3 minutos\" \/>\n<script type=\"application\/ld+json\" class=\"yoast-schema-graph\">{\"@context\":\"https:\/\/schema.org\",\"@graph\":[{\"@type\":\"Article\",\"@id\":\"https:\/\/blogdobispo.com.br\/?p=1326#article\",\"isPartOf\":{\"@id\":\"https:\/\/blogdobispo.com.br\/?p=1326\"},\"author\":{\"name\":\"Jefferson Sterfeno\",\"@id\":\"https:\/\/blogdobispo.com.br\/#\/schema\/person\/e2209cc0e6cea5c5233d033e997b373f\"},\"headline\":\"Assembleia Legislativa aprova cria\u00e7\u00e3o da Procuradoria Especial da Mulher\",\"datePublished\":\"2023-07-05T02:11:14+00:00\",\"dateModified\":\"2023-08-11T19:52:22+00:00\",\"mainEntityOfPage\":{\"@id\":\"https:\/\/blogdobispo.com.br\/?p=1326\"},\"wordCount\":510,\"commentCount\":0,\"publisher\":{\"@id\":\"https:\/\/blogdobispo.com.br\/#organization\"},\"image\":{\"@id\":\"https:\/\/blogdobispo.com.br\/?p=1326#primaryimage\"},\"thumbnailUrl\":\"http:\/\/blogdobispo.com.br\/wp-content\/uploads\/2023\/07\/7hl7cLwbrIEWgch0heOhKb41HQYbdHajzEqlqQ8i-1024x683.jpg\",\"articleSection\":[\"diversos\"],\"inLanguage\":\"pt-BR\",\"potentialAction\":[{\"@type\":\"CommentAction\",\"name\":\"Comment\",\"target\":[\"https:\/\/blogdobispo.com.br\/?p=1326#respond\"]}]},{\"@type\":\"WebPage\",\"@id\":\"https:\/\/blogdobispo.com.br\/?p=1326\",\"url\":\"https:\/\/blogdobispo.com.br\/?p=1326\",\"name\":\"Assembleia Legislativa aprova cria\u00e7\u00e3o da Procuradoria Especial da Mulher - Blog do Bispo\",\"isPartOf\":{\"@id\":\"https:\/\/blogdobispo.com.br\/#website\"},\"primaryImageOfPage\":{\"@id\":\"https:\/\/blogdobispo.com.br\/?p=1326#primaryimage\"},\"image\":{\"@id\":\"https:\/\/blogdobispo.com.br\/?p=1326#primaryimage\"},\"thumbnailUrl\":\"http:\/\/blogdobispo.com.br\/wp-content\/uploads\/2023\/07\/7hl7cLwbrIEWgch0heOhKb41HQYbdHajzEqlqQ8i-1024x683.jpg\",\"datePublished\":\"2023-07-05T02:11:14+00:00\",\"dateModified\":\"2023-08-11T19:52:22+00:00\",\"breadcrumb\":{\"@id\":\"https:\/\/blogdobispo.com.br\/?p=1326#breadcrumb\"},\"inLanguage\":\"pt-BR\",\"potentialAction\":[{\"@type\":\"ReadAction\",\"target\":[\"https:\/\/blogdobispo.com.br\/?p=1326\"]}]},{\"@type\":\"ImageObject\",\"inLanguage\":\"pt-BR\",\"@id\":\"https:\/\/blogdobispo.com.br\/?p=1326#primaryimage\",\"url\":\"http:\/\/blogdobispo.com.br\/wp-content\/uploads\/2023\/07\/7hl7cLwbrIEWgch0heOhKb41HQYbdHajzEqlqQ8i-1024x683.jpg\",\"contentUrl\":\"http:\/\/blogdobispo.com.br\/wp-content\/uploads\/2023\/07\/7hl7cLwbrIEWgch0heOhKb41HQYbdHajzEqlqQ8i-1024x683.jpg\"},{\"@type\":\"BreadcrumbList\",\"@id\":\"https:\/\/blogdobispo.com.br\/?p=1326#breadcrumb\",\"itemListElement\":[{\"@type\":\"ListItem\",\"position\":1,\"name\":\"In\u00edcio\",\"item\":\"https:\/\/blogdobispo.com.br\/\"},{\"@type\":\"ListItem\",\"position\":2,\"name\":\"Assembleia Legislativa aprova cria\u00e7\u00e3o da Procuradoria Especial da Mulher\"}]},{\"@type\":\"WebSite\",\"@id\":\"https:\/\/blogdobispo.com.br\/#website\",\"url\":\"https:\/\/blogdobispo.com.br\/\",\"name\":\"Blog do Bispo\",\"description\":\"Comprometido apenas com o leitor\",\"publisher\":{\"@id\":\"https:\/\/blogdobispo.com.br\/#organization\"},\"potentialAction\":[{\"@type\":\"SearchAction\",\"target\":{\"@type\":\"EntryPoint\",\"urlTemplate\":\"https:\/\/blogdobispo.com.br\/?s={search_term_string}\"},\"query-input\":{\"@type\":\"PropertyValueSpecification\",\"valueRequired\":true,\"valueName\":\"search_term_string\"}}],\"inLanguage\":\"pt-BR\"},{\"@type\":\"Organization\",\"@id\":\"https:\/\/blogdobispo.com.br\/#organization\",\"name\":\"Blog do Bispo\",\"url\":\"https:\/\/blogdobispo.com.br\/\",\"logo\":{\"@type\":\"ImageObject\",\"inLanguage\":\"pt-BR\",\"@id\":\"https:\/\/blogdobispo.com.br\/#\/schema\/logo\/image\/\",\"url\":\"http:\/\/blogdobispo.com.br\/wp-content\/uploads\/2023\/05\/cropped-headear.png\",\"contentUrl\":\"http:\/\/blogdobispo.com.br\/wp-content\/uploads\/2023\/05\/cropped-headear.png\",\"width\":1500,\"height\":399,\"caption\":\"Blog do Bispo\"},\"image\":{\"@id\":\"https:\/\/blogdobispo.com.br\/#\/schema\/logo\/image\/\"}},{\"@type\":\"Person\",\"@id\":\"https:\/\/blogdobispo.com.br\/#\/schema\/person\/e2209cc0e6cea5c5233d033e997b373f\",\"name\":\"Jefferson Sterfeno\",\"image\":{\"@type\":\"ImageObject\",\"inLanguage\":\"pt-BR\",\"@id\":\"https:\/\/blogdobispo.com.br\/#\/schema\/person\/image\/\",\"url\":\"https:\/\/secure.gravatar.com\/avatar\/0534e84764641168a677026b6d57a3f51dc7ac4db0b4f6186d9cb330d4ee1160?s=96&d=mm&r=g\",\"contentUrl\":\"https:\/\/secure.gravatar.com\/avatar\/0534e84764641168a677026b6d57a3f51dc7ac4db0b4f6186d9cb330d4ee1160?s=96&d=mm&r=g\",\"caption\":\"Jefferson Sterfeno\"},\"sameAs\":[\"http:\/\/blogdobispo.com.br\"],\"url\":\"https:\/\/blogdobispo.com.br\/?author=1\"}]}<\/script>\n<!-- \/ Yoast SEO plugin. -->","yoast_head_json":{"title":"Assembleia Legislativa aprova cria\u00e7\u00e3o da Procuradoria Especial da Mulher - Blog do Bispo","robots":{"index":"index","follow":"follow","max-snippet":"max-snippet:-1","max-image-preview":"max-image-preview:large","max-video-preview":"max-video-preview:-1"},"canonical":"https:\/\/blogdobispo.com.br\/?p=1326","og_locale":"pt_BR","og_type":"article","og_title":"Assembleia Legislativa aprova cria\u00e7\u00e3o da Procuradoria Especial da Mulher - Blog do Bispo","og_description":"A Assembleia Legislativa do Rio Grande do Norte aprovou, na sess\u00e3o plen\u00e1ria desta quarta-feira (05), a cria\u00e7\u00e3o da Procuradoria Especial da Mulher no \u00e2mbito da pr\u00f3pria Casa. O projeto de resolu\u00e7\u00e3o \u00e9 de autoria da Mesa Diretora e segue para promulga\u00e7\u00e3o do presidente do Legislativo, deputado Ezequiel Ferreira (PSDB). Segundo o projeto aprovado, o novo [&hellip;]","og_url":"https:\/\/blogdobispo.com.br\/?p=1326","og_site_name":"Blog do Bispo","article_published_time":"2023-07-05T02:11:14+00:00","article_modified_time":"2023-08-11T19:52:22+00:00","og_image":[{"url":"http:\/\/blogdobispo.com.br\/wp-content\/uploads\/2023\/07\/7hl7cLwbrIEWgch0heOhKb41HQYbdHajzEqlqQ8i-1024x683.jpg","type":"","width":"","height":""}],"author":"Jefferson Sterfeno","twitter_card":"summary_large_image","twitter_misc":{"Escrito por":"Jefferson Sterfeno","Est. tempo de leitura":"3 minutos"},"schema":{"@context":"https:\/\/schema.org","@graph":[{"@type":"Article","@id":"https:\/\/blogdobispo.com.br\/?p=1326#article","isPartOf":{"@id":"https:\/\/blogdobispo.com.br\/?p=1326"},"author":{"name":"Jefferson Sterfeno","@id":"https:\/\/blogdobispo.com.br\/#\/schema\/person\/e2209cc0e6cea5c5233d033e997b373f"},"headline":"Assembleia Legislativa aprova cria\u00e7\u00e3o da Procuradoria Especial da Mulher","datePublished":"2023-07-05T02:11:14+00:00","dateModified":"2023-08-11T19:52:22+00:00","mainEntityOfPage":{"@id":"https:\/\/blogdobispo.com.br\/?p=1326"},"wordCount":510,"commentCount":0,"publisher":{"@id":"https:\/\/blogdobispo.com.br\/#organization"},"image":{"@id":"https:\/\/blogdobispo.com.br\/?p=1326#primaryimage"},"thumbnailUrl":"http:\/\/blogdobispo.com.br\/wp-content\/uploads\/2023\/07\/7hl7cLwbrIEWgch0heOhKb41HQYbdHajzEqlqQ8i-1024x683.jpg","articleSection":["diversos"],"inLanguage":"pt-BR","potentialAction":[{"@type":"CommentAction","name":"Comment","target":["https:\/\/blogdobispo.com.br\/?p=1326#respond"]}]},{"@type":"WebPage","@id":"https:\/\/blogdobispo.com.br\/?p=1326","url":"https:\/\/blogdobispo.com.br\/?p=1326","name":"Assembleia Legislativa aprova cria\u00e7\u00e3o da Procuradoria Especial da Mulher - Blog do Bispo","isPartOf":{"@id":"https:\/\/blogdobispo.com.br\/#website"},"primaryImageOfPage":{"@id":"https:\/\/blogdobispo.com.br\/?p=1326#primaryimage"},"image":{"@id":"https:\/\/blogdobispo.com.br\/?p=1326#primaryimage"},"thumbnailUrl":"http:\/\/blogdobispo.com.br\/wp-content\/uploads\/2023\/07\/7hl7cLwbrIEWgch0heOhKb41HQYbdHajzEqlqQ8i-1024x683.jpg","datePublished":"2023-07-05T02:11:14+00:00","dateModified":"2023-08-11T19:52:22+00:00","breadcrumb":{"@id":"https:\/\/blogdobispo.com.br\/?p=1326#breadcrumb"},"inLanguage":"pt-BR","potentialAction":[{"@type":"ReadAction","target":["https:\/\/blogdobispo.com.br\/?p=1326"]}]},{"@type":"ImageObject","inLanguage":"pt-BR","@id":"https:\/\/blogdobispo.com.br\/?p=1326#primaryimage","url":"http:\/\/blogdobispo.com.br\/wp-content\/uploads\/2023\/07\/7hl7cLwbrIEWgch0heOhKb41HQYbdHajzEqlqQ8i-1024x683.jpg","contentUrl":"http:\/\/blogdobispo.com.br\/wp-content\/uploads\/2023\/07\/7hl7cLwbrIEWgch0heOhKb41HQYbdHajzEqlqQ8i-1024x683.jpg"},{"@type":"BreadcrumbList","@id":"https:\/\/blogdobispo.com.br\/?p=1326#breadcrumb","itemListElement":[{"@type":"ListItem","position":1,"name":"In\u00edcio","item":"https:\/\/blogdobispo.com.br\/"},{"@type":"ListItem","position":2,"name":"Assembleia Legislativa aprova cria\u00e7\u00e3o da Procuradoria Especial da Mulher"}]},{"@type":"WebSite","@id":"https:\/\/blogdobispo.com.br\/#website","url":"https:\/\/blogdobispo.com.br\/","name":"Blog do Bispo","description":"Comprometido apenas com o leitor","publisher":{"@id":"https:\/\/blogdobispo.com.br\/#organization"},"potentialAction":[{"@type":"SearchAction","target":{"@type":"EntryPoint","urlTemplate":"https:\/\/blogdobispo.com.br\/?s={search_term_string}"},"query-input":{"@type":"PropertyValueSpecification","valueRequired":true,"valueName":"search_term_string"}}],"inLanguage":"pt-BR"},{"@type":"Organization","@id":"https:\/\/blogdobispo.com.br\/#organization","name":"Blog do Bispo","url":"https:\/\/blogdobispo.com.br\/","logo":{"@type":"ImageObject","inLanguage":"pt-BR","@id":"https:\/\/blogdobispo.com.br\/#\/schema\/logo\/image\/","url":"http:\/\/blogdobispo.com.br\/wp-content\/uploads\/2023\/05\/cropped-headear.png","contentUrl":"http:\/\/blogdobispo.com.br\/wp-content\/uploads\/2023\/05\/cropped-headear.png","width":1500,"height":399,"caption":"Blog do Bispo"},"image":{"@id":"https:\/\/blogdobispo.com.br\/#\/schema\/logo\/image\/"}},{"@type":"Person","@id":"https:\/\/blogdobispo.com.br\/#\/schema\/person\/e2209cc0e6cea5c5233d033e997b373f","name":"Jefferson Sterfeno","image":{"@type":"ImageObject","inLanguage":"pt-BR","@id":"https:\/\/blogdobispo.com.br\/#\/schema\/person\/image\/","url":"https:\/\/secure.gravatar.com\/avatar\/0534e84764641168a677026b6d57a3f51dc7ac4db0b4f6186d9cb330d4ee1160?s=96&d=mm&r=g","contentUrl":"https:\/\/secure.gravatar.com\/avatar\/0534e84764641168a677026b6d57a3f51dc7ac4db0b4f6186d9cb330d4ee1160?s=96&d=mm&r=g","caption":"Jefferson Sterfeno"},"sameAs":["http:\/\/blogdobispo.com.br"],"url":"https:\/\/blogdobispo.com.br\/?author=1"}]}},"featured_image_urls":{"full":"","thumbnail":"","medium":"","medium_large":"","large":"","1536x1536":"","2048x2048":""},"author_info":{"display_name":"Jefferson Sterfeno","author_link":"https:\/\/blogdobispo.com.br\/?author=1"},"category_info":"<a href=\"https:\/\/blogdobispo.com.br\/?cat=1\" rel=\"category\">diversos<\/a>","tag_info":"diversos","comment_count":"0","jetpack_featured_media_url":"","jetpack_sharing_enabled":true,"_links":{"self":[{"href":"https:\/\/blogdobispo.com.br\/index.php?rest_route=\/wp\/v2\/posts\/1326","targetHints":{"allow":["GET"]}}],"collection":[{"href":"https:\/\/blogdobispo.com.br\/index.php?rest_route=\/wp\/v2\/posts"}],"about":[{"href":"https:\/\/blogdobispo.com.br\/index.php?rest_route=\/wp\/v2\/types\/post"}],"author":[{"embeddable":true,"href":"https:\/\/blogdobispo.com.br\/index.php?rest_route=\/wp\/v2\/users\/1"}],"replies":[{"embeddable":true,"href":"https:\/\/blogdobispo.com.br\/index.php?rest_route=%2Fwp%2Fv2%2Fcomments&post=1326"}],"version-history":[{"count":1,"href":"https:\/\/blogdobispo.com.br\/index.php?rest_route=\/wp\/v2\/posts\/1326\/revisions"}],"predecessor-version":[{"id":1575,"href":"https:\/\/blogdobispo.com.br\/index.php?rest_route=\/wp\/v2\/posts\/1326\/revisions\/1575"}],"wp:attachment":[{"href":"https:\/\/blogdobispo.com.br\/index.php?rest_route=%2Fwp%2Fv2%2Fmedia&parent=1326"}],"wp:term":[{"taxonomy":"category","embeddable":true,"href":"https:\/\/blogdobispo.com.br\/index.php?rest_route=%2Fwp%2Fv2%2Fcategories&post=1326"},{"taxonomy":"post_tag","embeddable":true,"href":"https:\/\/blogdobispo.com.br\/index.php?rest_route=%2Fwp%2Fv2%2Ftags&post=1326"}],"curies":[{"name":"wp","href":"https:\/\/api.w.org\/{rel}","templated":true}]}}