{"id":1322,"date":"2023-07-04T19:25:23","date_gmt":"2023-07-04T19:25:23","guid":{"rendered":"https:\/\/blogdobispo.com.br\/?p=1322"},"modified":"2023-08-11T19:24:11","modified_gmt":"2023-08-11T19:24:11","slug":"em-edicao-de-retomada-programa-participa-natal-realiza-5-300-atendimentos-na-zona-norte","status":"publish","type":"post","link":"https:\/\/blogdobispo.com.br\/?p=1322","title":{"rendered":"Produ\u00e7\u00e3o e cria\u00e7\u00e3o de abelhas no RN ser\u00e1 tema de debate na Assembleia"},"content":{"rendered":"\n<p>Atenta \u00e0s mais diversas demandas da sociedade, cumprindo sua prerrogativa institucional, a Assembleia Legislativa do Rio Grande do Norte promove nesta ter\u00e7a-feira (4), \u00e0s 14h, audi\u00eancia p\u00fablica sobre a tem\u00e1tica Produ\u00e7\u00e3o e Cria\u00e7\u00e3o de Abelhas no RN. Por propositura da deputada Divaneide Bas\u00edlio (PT), o debate busca reunir representantes do Poder P\u00fablico e da sociedade civil organizada ligados ao assunto.<\/p>\n\n\n\n<p>\u201cA atividade da cria\u00e7\u00e3o de abelhas nativas sem ferr\u00e3o voltou no Brasil ap\u00f3s ter atravessado uma fase de decl\u00ednio. A meliponicultora tem se destacado pelo baixo risco, sustentabilidade ambiental e, sobretudo, rentabilidade da produ\u00e7\u00e3o\u201d, justifica Divaneide.<\/p>\n\n\n\n<p>Em requerimento enviado \u00e0 Mesa Diretora da Casa, a parlamentar explica que numa \u00e1rea onde se cultiva 24 colmeias de abelhas africanizadas do g\u00eanero Apis, se obt\u00e9m um faturamento m\u00e9dio de R$ 8 mil por ano. Com a comercializa\u00e7\u00e3o dos produtos, \u00e9 poss\u00edvel montar at\u00e9 200 colmeias de abelhas nativas, que podem render at\u00e9 R$ 70 mil por ano para o produtor e sem nenhum perigo de ferroada, ao mesmo tempo em que mant\u00e9m o equil\u00edbrio da flora da regi\u00e3o.<\/p>\n\n\n\n<p>Estima-se que no Brasil existem mais de 240 esp\u00e9cies de abelhas mel\u00edponas, entre elas a abelha de Janda\u00edra, famosa no Rio Grande do Norte pelo mel saboroso, que foi popularmente associado a propriedades medicinais, e de alto valor agregado.<\/p>\n\n\n\n<p>\u201cQueremos que a Assembleia Legislativa contribua com esse debate de extrema relev\u00e2ncia para o Rio Grande do Norte\u201d, acrescenta a deputada.<\/p>\n\n\n\n<figure class=\"wp-block-image size-large\"><img data-recalc-dims=\"1\" fetchpriority=\"high\" decoding=\"async\" width=\"800\" height=\"534\" src=\"https:\/\/i0.wp.com\/blogdobispo.com.br\/wp-content\/uploads\/2023\/07\/COi1QEAy3o0cZBieDHkMgkEhZRXMfL2PClIaJstZ.jpg?resize=800%2C534\" alt=\"\" class=\"wp-image-1571\" srcset=\"https:\/\/i0.wp.com\/blogdobispo.com.br\/wp-content\/uploads\/2023\/07\/COi1QEAy3o0cZBieDHkMgkEhZRXMfL2PClIaJstZ.jpg?resize=1024%2C683&amp;ssl=1 1024w, https:\/\/i0.wp.com\/blogdobispo.com.br\/wp-content\/uploads\/2023\/07\/COi1QEAy3o0cZBieDHkMgkEhZRXMfL2PClIaJstZ.jpg?resize=300%2C200&amp;ssl=1 300w, https:\/\/i0.wp.com\/blogdobispo.com.br\/wp-content\/uploads\/2023\/07\/COi1QEAy3o0cZBieDHkMgkEhZRXMfL2PClIaJstZ.jpg?resize=768%2C512&amp;ssl=1 768w, https:\/\/i0.wp.com\/blogdobispo.com.br\/wp-content\/uploads\/2023\/07\/COi1QEAy3o0cZBieDHkMgkEhZRXMfL2PClIaJstZ.jpg?resize=1536%2C1024&amp;ssl=1 1536w, https:\/\/i0.wp.com\/blogdobispo.com.br\/wp-content\/uploads\/2023\/07\/COi1QEAy3o0cZBieDHkMgkEhZRXMfL2PClIaJstZ.jpg?w=1620&amp;ssl=1 1620w\" sizes=\"(max-width: 800px) 100vw, 800px\" \/><\/figure>\n","protected":false},"excerpt":{"rendered":"<p>Atenta \u00e0s mais diversas demandas da sociedade, cumprindo sua prerrogativa institucional, a Assembleia Legislativa do Rio Grande do Norte promove nesta ter\u00e7a-feira (4), \u00e0s 14h, audi\u00eancia p\u00fablica sobre a tem\u00e1tica Produ\u00e7\u00e3o e Cria\u00e7\u00e3o de Abelhas no RN. Por propositura da deputada Divaneide Bas\u00edlio (PT), o debate busca reunir representantes do Poder P\u00fablico e da sociedade [&hellip;]<\/p>\n","protected":false},"author":1,"featured_media":0,"comment_status":"open","ping_status":"open","sticky":false,"template":"","format":"standard","meta":{"cybocfi_hide_featured_image":"","_jetpack_memberships_contains_paid_content":false,"footnotes":""},"categories":[1],"tags":[],"class_list":["post-1322","post","type-post","status-publish","format-standard","hentry","category-diversos"],"yoast_head":"<!-- This site is optimized with the Yoast SEO plugin v25.6 - https:\/\/yoast.com\/wordpress\/plugins\/seo\/ -->\n<title>Produ\u00e7\u00e3o e cria\u00e7\u00e3o de abelhas no RN ser\u00e1 tema de debate na Assembleia - Blog do Bispo<\/title>\n<meta name=\"robots\" content=\"index, follow, max-snippet:-1, max-image-preview:large, max-video-preview:-1\" \/>\n<link rel=\"canonical\" href=\"https:\/\/blogdobispo.com.br\/?p=1322\" \/>\n<meta property=\"og:locale\" content=\"pt_BR\" \/>\n<meta property=\"og:type\" content=\"article\" \/>\n<meta property=\"og:title\" content=\"Produ\u00e7\u00e3o e cria\u00e7\u00e3o de abelhas no RN ser\u00e1 tema de debate na Assembleia - Blog do Bispo\" \/>\n<meta property=\"og:description\" content=\"Atenta \u00e0s mais diversas demandas da sociedade, cumprindo sua prerrogativa institucional, a Assembleia Legislativa do Rio Grande do Norte promove nesta ter\u00e7a-feira (4), \u00e0s 14h, audi\u00eancia p\u00fablica sobre a tem\u00e1tica Produ\u00e7\u00e3o e Cria\u00e7\u00e3o de Abelhas no RN. Por propositura da deputada Divaneide Bas\u00edlio (PT), o debate busca reunir representantes do Poder P\u00fablico e da sociedade [&hellip;]\" \/>\n<meta property=\"og:url\" content=\"https:\/\/blogdobispo.com.br\/?p=1322\" \/>\n<meta property=\"og:site_name\" content=\"Blog do Bispo\" \/>\n<meta property=\"article:published_time\" content=\"2023-07-04T19:25:23+00:00\" \/>\n<meta property=\"article:modified_time\" content=\"2023-08-11T19:24:11+00:00\" \/>\n<meta property=\"og:image\" content=\"http:\/\/blogdobispo.com.br\/wp-content\/uploads\/2023\/07\/COi1QEAy3o0cZBieDHkMgkEhZRXMfL2PClIaJstZ-1024x683.jpg\" \/>\n<meta name=\"author\" content=\"Jefferson Sterfeno\" \/>\n<meta name=\"twitter:card\" content=\"summary_large_image\" \/>\n<meta name=\"twitter:label1\" content=\"Escrito por\" \/>\n\t<meta name=\"twitter:data1\" content=\"Jefferson Sterfeno\" \/>\n\t<meta name=\"twitter:label2\" content=\"Est. tempo de leitura\" \/>\n\t<meta name=\"twitter:data2\" content=\"2 minutos\" \/>\n<script type=\"application\/ld+json\" class=\"yoast-schema-graph\">{\"@context\":\"https:\/\/schema.org\",\"@graph\":[{\"@type\":\"Article\",\"@id\":\"https:\/\/blogdobispo.com.br\/?p=1322#article\",\"isPartOf\":{\"@id\":\"https:\/\/blogdobispo.com.br\/?p=1322\"},\"author\":{\"name\":\"Jefferson Sterfeno\",\"@id\":\"https:\/\/blogdobispo.com.br\/#\/schema\/person\/e2209cc0e6cea5c5233d033e997b373f\"},\"headline\":\"Produ\u00e7\u00e3o e cria\u00e7\u00e3o de abelhas no RN ser\u00e1 tema de debate na Assembleia\",\"datePublished\":\"2023-07-04T19:25:23+00:00\",\"dateModified\":\"2023-08-11T19:24:11+00:00\",\"mainEntityOfPage\":{\"@id\":\"https:\/\/blogdobispo.com.br\/?p=1322\"},\"wordCount\":268,\"commentCount\":0,\"publisher\":{\"@id\":\"https:\/\/blogdobispo.com.br\/#organization\"},\"image\":{\"@id\":\"https:\/\/blogdobispo.com.br\/?p=1322#primaryimage\"},\"thumbnailUrl\":\"http:\/\/blogdobispo.com.br\/wp-content\/uploads\/2023\/07\/COi1QEAy3o0cZBieDHkMgkEhZRXMfL2PClIaJstZ-1024x683.jpg\",\"articleSection\":[\"diversos\"],\"inLanguage\":\"pt-BR\",\"potentialAction\":[{\"@type\":\"CommentAction\",\"name\":\"Comment\",\"target\":[\"https:\/\/blogdobispo.com.br\/?p=1322#respond\"]}]},{\"@type\":\"WebPage\",\"@id\":\"https:\/\/blogdobispo.com.br\/?p=1322\",\"url\":\"https:\/\/blogdobispo.com.br\/?p=1322\",\"name\":\"Produ\u00e7\u00e3o e cria\u00e7\u00e3o de abelhas no RN ser\u00e1 tema de debate na Assembleia - Blog do Bispo\",\"isPartOf\":{\"@id\":\"https:\/\/blogdobispo.com.br\/#website\"},\"primaryImageOfPage\":{\"@id\":\"https:\/\/blogdobispo.com.br\/?p=1322#primaryimage\"},\"image\":{\"@id\":\"https:\/\/blogdobispo.com.br\/?p=1322#primaryimage\"},\"thumbnailUrl\":\"http:\/\/blogdobispo.com.br\/wp-content\/uploads\/2023\/07\/COi1QEAy3o0cZBieDHkMgkEhZRXMfL2PClIaJstZ-1024x683.jpg\",\"datePublished\":\"2023-07-04T19:25:23+00:00\",\"dateModified\":\"2023-08-11T19:24:11+00:00\",\"breadcrumb\":{\"@id\":\"https:\/\/blogdobispo.com.br\/?p=1322#breadcrumb\"},\"inLanguage\":\"pt-BR\",\"potentialAction\":[{\"@type\":\"ReadAction\",\"target\":[\"https:\/\/blogdobispo.com.br\/?p=1322\"]}]},{\"@type\":\"ImageObject\",\"inLanguage\":\"pt-BR\",\"@id\":\"https:\/\/blogdobispo.com.br\/?p=1322#primaryimage\",\"url\":\"http:\/\/blogdobispo.com.br\/wp-content\/uploads\/2023\/07\/COi1QEAy3o0cZBieDHkMgkEhZRXMfL2PClIaJstZ-1024x683.jpg\",\"contentUrl\":\"http:\/\/blogdobispo.com.br\/wp-content\/uploads\/2023\/07\/COi1QEAy3o0cZBieDHkMgkEhZRXMfL2PClIaJstZ-1024x683.jpg\"},{\"@type\":\"BreadcrumbList\",\"@id\":\"https:\/\/blogdobispo.com.br\/?p=1322#breadcrumb\",\"itemListElement\":[{\"@type\":\"ListItem\",\"position\":1,\"name\":\"In\u00edcio\",\"item\":\"https:\/\/blogdobispo.com.br\/\"},{\"@type\":\"ListItem\",\"position\":2,\"name\":\"Produ\u00e7\u00e3o e cria\u00e7\u00e3o de abelhas no RN ser\u00e1 tema de debate na Assembleia\"}]},{\"@type\":\"WebSite\",\"@id\":\"https:\/\/blogdobispo.com.br\/#website\",\"url\":\"https:\/\/blogdobispo.com.br\/\",\"name\":\"Blog do Bispo\",\"description\":\"Comprometido apenas com o leitor\",\"publisher\":{\"@id\":\"https:\/\/blogdobispo.com.br\/#organization\"},\"potentialAction\":[{\"@type\":\"SearchAction\",\"target\":{\"@type\":\"EntryPoint\",\"urlTemplate\":\"https:\/\/blogdobispo.com.br\/?s={search_term_string}\"},\"query-input\":{\"@type\":\"PropertyValueSpecification\",\"valueRequired\":true,\"valueName\":\"search_term_string\"}}],\"inLanguage\":\"pt-BR\"},{\"@type\":\"Organization\",\"@id\":\"https:\/\/blogdobispo.com.br\/#organization\",\"name\":\"Blog do Bispo\",\"url\":\"https:\/\/blogdobispo.com.br\/\",\"logo\":{\"@type\":\"ImageObject\",\"inLanguage\":\"pt-BR\",\"@id\":\"https:\/\/blogdobispo.com.br\/#\/schema\/logo\/image\/\",\"url\":\"http:\/\/blogdobispo.com.br\/wp-content\/uploads\/2023\/05\/cropped-headear.png\",\"contentUrl\":\"http:\/\/blogdobispo.com.br\/wp-content\/uploads\/2023\/05\/cropped-headear.png\",\"width\":1500,\"height\":399,\"caption\":\"Blog do Bispo\"},\"image\":{\"@id\":\"https:\/\/blogdobispo.com.br\/#\/schema\/logo\/image\/\"}},{\"@type\":\"Person\",\"@id\":\"https:\/\/blogdobispo.com.br\/#\/schema\/person\/e2209cc0e6cea5c5233d033e997b373f\",\"name\":\"Jefferson Sterfeno\",\"image\":{\"@type\":\"ImageObject\",\"inLanguage\":\"pt-BR\",\"@id\":\"https:\/\/blogdobispo.com.br\/#\/schema\/person\/image\/\",\"url\":\"https:\/\/secure.gravatar.com\/avatar\/0534e84764641168a677026b6d57a3f51dc7ac4db0b4f6186d9cb330d4ee1160?s=96&d=mm&r=g\",\"contentUrl\":\"https:\/\/secure.gravatar.com\/avatar\/0534e84764641168a677026b6d57a3f51dc7ac4db0b4f6186d9cb330d4ee1160?s=96&d=mm&r=g\",\"caption\":\"Jefferson Sterfeno\"},\"sameAs\":[\"http:\/\/blogdobispo.com.br\"],\"url\":\"https:\/\/blogdobispo.com.br\/?author=1\"}]}<\/script>\n<!-- \/ Yoast SEO plugin. -->","yoast_head_json":{"title":"Produ\u00e7\u00e3o e cria\u00e7\u00e3o de abelhas no RN ser\u00e1 tema de debate na Assembleia - Blog do Bispo","robots":{"index":"index","follow":"follow","max-snippet":"max-snippet:-1","max-image-preview":"max-image-preview:large","max-video-preview":"max-video-preview:-1"},"canonical":"https:\/\/blogdobispo.com.br\/?p=1322","og_locale":"pt_BR","og_type":"article","og_title":"Produ\u00e7\u00e3o e cria\u00e7\u00e3o de abelhas no RN ser\u00e1 tema de debate na Assembleia - Blog do Bispo","og_description":"Atenta \u00e0s mais diversas demandas da sociedade, cumprindo sua prerrogativa institucional, a Assembleia Legislativa do Rio Grande do Norte promove nesta ter\u00e7a-feira (4), \u00e0s 14h, audi\u00eancia p\u00fablica sobre a tem\u00e1tica Produ\u00e7\u00e3o e Cria\u00e7\u00e3o de Abelhas no RN. Por propositura da deputada Divaneide Bas\u00edlio (PT), o debate busca reunir representantes do Poder P\u00fablico e da sociedade [&hellip;]","og_url":"https:\/\/blogdobispo.com.br\/?p=1322","og_site_name":"Blog do Bispo","article_published_time":"2023-07-04T19:25:23+00:00","article_modified_time":"2023-08-11T19:24:11+00:00","og_image":[{"url":"http:\/\/blogdobispo.com.br\/wp-content\/uploads\/2023\/07\/COi1QEAy3o0cZBieDHkMgkEhZRXMfL2PClIaJstZ-1024x683.jpg","type":"","width":"","height":""}],"author":"Jefferson Sterfeno","twitter_card":"summary_large_image","twitter_misc":{"Escrito por":"Jefferson Sterfeno","Est. tempo de leitura":"2 minutos"},"schema":{"@context":"https:\/\/schema.org","@graph":[{"@type":"Article","@id":"https:\/\/blogdobispo.com.br\/?p=1322#article","isPartOf":{"@id":"https:\/\/blogdobispo.com.br\/?p=1322"},"author":{"name":"Jefferson Sterfeno","@id":"https:\/\/blogdobispo.com.br\/#\/schema\/person\/e2209cc0e6cea5c5233d033e997b373f"},"headline":"Produ\u00e7\u00e3o e cria\u00e7\u00e3o de abelhas no RN ser\u00e1 tema de debate na Assembleia","datePublished":"2023-07-04T19:25:23+00:00","dateModified":"2023-08-11T19:24:11+00:00","mainEntityOfPage":{"@id":"https:\/\/blogdobispo.com.br\/?p=1322"},"wordCount":268,"commentCount":0,"publisher":{"@id":"https:\/\/blogdobispo.com.br\/#organization"},"image":{"@id":"https:\/\/blogdobispo.com.br\/?p=1322#primaryimage"},"thumbnailUrl":"http:\/\/blogdobispo.com.br\/wp-content\/uploads\/2023\/07\/COi1QEAy3o0cZBieDHkMgkEhZRXMfL2PClIaJstZ-1024x683.jpg","articleSection":["diversos"],"inLanguage":"pt-BR","potentialAction":[{"@type":"CommentAction","name":"Comment","target":["https:\/\/blogdobispo.com.br\/?p=1322#respond"]}]},{"@type":"WebPage","@id":"https:\/\/blogdobispo.com.br\/?p=1322","url":"https:\/\/blogdobispo.com.br\/?p=1322","name":"Produ\u00e7\u00e3o e cria\u00e7\u00e3o de abelhas no RN ser\u00e1 tema de debate na Assembleia - Blog do Bispo","isPartOf":{"@id":"https:\/\/blogdobispo.com.br\/#website"},"primaryImageOfPage":{"@id":"https:\/\/blogdobispo.com.br\/?p=1322#primaryimage"},"image":{"@id":"https:\/\/blogdobispo.com.br\/?p=1322#primaryimage"},"thumbnailUrl":"http:\/\/blogdobispo.com.br\/wp-content\/uploads\/2023\/07\/COi1QEAy3o0cZBieDHkMgkEhZRXMfL2PClIaJstZ-1024x683.jpg","datePublished":"2023-07-04T19:25:23+00:00","dateModified":"2023-08-11T19:24:11+00:00","breadcrumb":{"@id":"https:\/\/blogdobispo.com.br\/?p=1322#breadcrumb"},"inLanguage":"pt-BR","potentialAction":[{"@type":"ReadAction","target":["https:\/\/blogdobispo.com.br\/?p=1322"]}]},{"@type":"ImageObject","inLanguage":"pt-BR","@id":"https:\/\/blogdobispo.com.br\/?p=1322#primaryimage","url":"http:\/\/blogdobispo.com.br\/wp-content\/uploads\/2023\/07\/COi1QEAy3o0cZBieDHkMgkEhZRXMfL2PClIaJstZ-1024x683.jpg","contentUrl":"http:\/\/blogdobispo.com.br\/wp-content\/uploads\/2023\/07\/COi1QEAy3o0cZBieDHkMgkEhZRXMfL2PClIaJstZ-1024x683.jpg"},{"@type":"BreadcrumbList","@id":"https:\/\/blogdobispo.com.br\/?p=1322#breadcrumb","itemListElement":[{"@type":"ListItem","position":1,"name":"In\u00edcio","item":"https:\/\/blogdobispo.com.br\/"},{"@type":"ListItem","position":2,"name":"Produ\u00e7\u00e3o e cria\u00e7\u00e3o de abelhas no RN ser\u00e1 tema de debate na Assembleia"}]},{"@type":"WebSite","@id":"https:\/\/blogdobispo.com.br\/#website","url":"https:\/\/blogdobispo.com.br\/","name":"Blog do Bispo","description":"Comprometido apenas com o leitor","publisher":{"@id":"https:\/\/blogdobispo.com.br\/#organization"},"potentialAction":[{"@type":"SearchAction","target":{"@type":"EntryPoint","urlTemplate":"https:\/\/blogdobispo.com.br\/?s={search_term_string}"},"query-input":{"@type":"PropertyValueSpecification","valueRequired":true,"valueName":"search_term_string"}}],"inLanguage":"pt-BR"},{"@type":"Organization","@id":"https:\/\/blogdobispo.com.br\/#organization","name":"Blog do Bispo","url":"https:\/\/blogdobispo.com.br\/","logo":{"@type":"ImageObject","inLanguage":"pt-BR","@id":"https:\/\/blogdobispo.com.br\/#\/schema\/logo\/image\/","url":"http:\/\/blogdobispo.com.br\/wp-content\/uploads\/2023\/05\/cropped-headear.png","contentUrl":"http:\/\/blogdobispo.com.br\/wp-content\/uploads\/2023\/05\/cropped-headear.png","width":1500,"height":399,"caption":"Blog do Bispo"},"image":{"@id":"https:\/\/blogdobispo.com.br\/#\/schema\/logo\/image\/"}},{"@type":"Person","@id":"https:\/\/blogdobispo.com.br\/#\/schema\/person\/e2209cc0e6cea5c5233d033e997b373f","name":"Jefferson Sterfeno","image":{"@type":"ImageObject","inLanguage":"pt-BR","@id":"https:\/\/blogdobispo.com.br\/#\/schema\/person\/image\/","url":"https:\/\/secure.gravatar.com\/avatar\/0534e84764641168a677026b6d57a3f51dc7ac4db0b4f6186d9cb330d4ee1160?s=96&d=mm&r=g","contentUrl":"https:\/\/secure.gravatar.com\/avatar\/0534e84764641168a677026b6d57a3f51dc7ac4db0b4f6186d9cb330d4ee1160?s=96&d=mm&r=g","caption":"Jefferson Sterfeno"},"sameAs":["http:\/\/blogdobispo.com.br"],"url":"https:\/\/blogdobispo.com.br\/?author=1"}]}},"featured_image_urls":{"full":"","thumbnail":"","medium":"","medium_large":"","large":"","1536x1536":"","2048x2048":""},"author_info":{"display_name":"Jefferson Sterfeno","author_link":"https:\/\/blogdobispo.com.br\/?author=1"},"category_info":"<a href=\"https:\/\/blogdobispo.com.br\/?cat=1\" rel=\"category\">diversos<\/a>","tag_info":"diversos","comment_count":"0","jetpack_featured_media_url":"","jetpack_sharing_enabled":true,"_links":{"self":[{"href":"https:\/\/blogdobispo.com.br\/index.php?rest_route=\/wp\/v2\/posts\/1322","targetHints":{"allow":["GET"]}}],"collection":[{"href":"https:\/\/blogdobispo.com.br\/index.php?rest_route=\/wp\/v2\/posts"}],"about":[{"href":"https:\/\/blogdobispo.com.br\/index.php?rest_route=\/wp\/v2\/types\/post"}],"author":[{"embeddable":true,"href":"https:\/\/blogdobispo.com.br\/index.php?rest_route=\/wp\/v2\/users\/1"}],"replies":[{"embeddable":true,"href":"https:\/\/blogdobispo.com.br\/index.php?rest_route=%2Fwp%2Fv2%2Fcomments&post=1322"}],"version-history":[{"count":1,"href":"https:\/\/blogdobispo.com.br\/index.php?rest_route=\/wp\/v2\/posts\/1322\/revisions"}],"predecessor-version":[{"id":1572,"href":"https:\/\/blogdobispo.com.br\/index.php?rest_route=\/wp\/v2\/posts\/1322\/revisions\/1572"}],"wp:attachment":[{"href":"https:\/\/blogdobispo.com.br\/index.php?rest_route=%2Fwp%2Fv2%2Fmedia&parent=1322"}],"wp:term":[{"taxonomy":"category","embeddable":true,"href":"https:\/\/blogdobispo.com.br\/index.php?rest_route=%2Fwp%2Fv2%2Fcategories&post=1322"},{"taxonomy":"post_tag","embeddable":true,"href":"https:\/\/blogdobispo.com.br\/index.php?rest_route=%2Fwp%2Fv2%2Ftags&post=1322"}],"curies":[{"name":"wp","href":"https:\/\/api.w.org\/{rel}","templated":true}]}}