{"id":1253,"date":"2023-06-24T00:36:03","date_gmt":"2023-06-24T00:36:03","guid":{"rendered":"https:\/\/blogdobispo.com.br\/?p=1253"},"modified":"2023-06-24T00:36:03","modified_gmt":"2023-06-24T00:36:03","slug":"eriko-jacome-reune-grupo-e-apresenta-paulinho-freire","status":"publish","type":"post","link":"https:\/\/blogdobispo.com.br\/?p=1253","title":{"rendered":"Eriko Jacome re\u00fane grupo e apresenta Paulinho Freire"},"content":{"rendered":"\n<p>O deputado federal Paulinho Freire reuniu-se nessa quinta-feira (22) com amigos apoiadores e lideran\u00e7as do presidente da C\u00e2mara de Natal, Eriko J\u00e1come, e com os ex-deputados Ant\u00f4nio J\u00e1come e Jac\u00f3 J\u00e1come. Durante o encontro, o parlamentar destacou as realiza\u00e7\u00f5es alcan\u00e7adas nos primeiros meses de seu mandato e compartilhou sua vis\u00e3o pol\u00edtica para a capital.&nbsp;<\/p>\n\n\n\n<p>A reuni\u00e3o foi um momento oportuno para o deputado Paulinho Freire prestar contas de suas atividades e compartilhar os avan\u00e7os significativos alcan\u00e7ados. Destacou ainda sua dedica\u00e7\u00e3o em servir o povo potiguar e sua determina\u00e7\u00e3o em trabalhar em prol do desenvolvimento e do bem-estar da comunidade.<\/p>\n\n\n\n<p>Durante o encontro, o pr\u00e9-candidato a prefeito, Paulinho Freire, teve a oportunidade de expor seu projeto pol\u00edtico para a cidade de Natal. Com o apoio e a confian\u00e7a da fam\u00edlia J\u00e1come, o Deputado busca promover iniciativas que impulsionem o crescimento econ\u00f4mico, fortale\u00e7am os servi\u00e7os p\u00fablicos essenciais e melhorem a qualidade de vida dos cidad\u00e3os natalenses.<\/p>\n\n\n\n<p>Paulinho Freire expressou sua gratid\u00e3o pelo apoio recebido e destacou a import\u00e2ncia de parcerias s\u00f3lidas na pol\u00edtica. Ele reafirmou seu compromisso com a transpar\u00eancia, a \u00e9tica e a responsabilidade em seu mandato, buscando sempre representar os interesses da popula\u00e7\u00e3o e atender \u00e0s demandas da sociedade.<\/p>\n\n\n\n<p>A colabora\u00e7\u00e3o entre o parlamentar Paulinho Freire, Eriko, Ant\u00f4nio e Jac\u00f3 J\u00e1come demonstra a sintonia existente entre essas figuras pol\u00edticas em prol do progresso de Natal. Juntos trabalham para enfrentar os desafios e construir um futuro promissor para a cidade.<\/p>\n\n\n\n<figure class=\"wp-block-image size-large\"><img data-recalc-dims=\"1\" fetchpriority=\"high\" decoding=\"async\" width=\"680\" height=\"383\" src=\"https:\/\/i0.wp.com\/blogdobispo.com.br\/wp-content\/uploads\/2023\/06\/img_1233.png?resize=680%2C383&#038;ssl=1\" class=\"wp-image-1252\" srcset=\"https:\/\/i0.wp.com\/blogdobispo.com.br\/wp-content\/uploads\/2023\/06\/img_1233.png?w=680&amp;ssl=1 680w, https:\/\/i0.wp.com\/blogdobispo.com.br\/wp-content\/uploads\/2023\/06\/img_1233.png?resize=300%2C169&amp;ssl=1 300w\" sizes=\"(max-width: 680px) 100vw, 680px\" \/><\/figure>\n","protected":false},"excerpt":{"rendered":"<p>O deputado federal Paulinho Freire reuniu-se nessa quinta-feira (22) com amigos apoiadores e lideran\u00e7as do presidente da C\u00e2mara de Natal, Eriko J\u00e1come, e com os ex-deputados Ant\u00f4nio J\u00e1come e Jac\u00f3 J\u00e1come. Durante o encontro, o parlamentar destacou as realiza\u00e7\u00f5es alcan\u00e7adas nos primeiros meses de seu mandato e compartilhou sua vis\u00e3o pol\u00edtica para a capital.&nbsp; A [&hellip;]<\/p>\n","protected":false},"author":1,"featured_media":0,"comment_status":"open","ping_status":"open","sticky":false,"template":"","format":"standard","meta":{"cybocfi_hide_featured_image":"","_jetpack_memberships_contains_paid_content":false,"footnotes":""},"categories":[1],"tags":[],"class_list":["post-1253","post","type-post","status-publish","format-standard","hentry","category-diversos"],"yoast_head":"<!-- This site is optimized with the Yoast SEO plugin v25.6 - https:\/\/yoast.com\/wordpress\/plugins\/seo\/ -->\n<title>Eriko Jacome re\u00fane grupo e apresenta Paulinho Freire - Blog do Bispo<\/title>\n<meta name=\"robots\" content=\"index, follow, max-snippet:-1, max-image-preview:large, max-video-preview:-1\" \/>\n<link rel=\"canonical\" href=\"https:\/\/blogdobispo.com.br\/?p=1253\" \/>\n<meta property=\"og:locale\" content=\"pt_BR\" \/>\n<meta property=\"og:type\" content=\"article\" \/>\n<meta property=\"og:title\" content=\"Eriko Jacome re\u00fane grupo e apresenta Paulinho Freire - Blog do Bispo\" \/>\n<meta property=\"og:description\" content=\"O deputado federal Paulinho Freire reuniu-se nessa quinta-feira (22) com amigos apoiadores e lideran\u00e7as do presidente da C\u00e2mara de Natal, Eriko J\u00e1come, e com os ex-deputados Ant\u00f4nio J\u00e1come e Jac\u00f3 J\u00e1come. Durante o encontro, o parlamentar destacou as realiza\u00e7\u00f5es alcan\u00e7adas nos primeiros meses de seu mandato e compartilhou sua vis\u00e3o pol\u00edtica para a capital.&nbsp; A [&hellip;]\" \/>\n<meta property=\"og:url\" content=\"https:\/\/blogdobispo.com.br\/?p=1253\" \/>\n<meta property=\"og:site_name\" content=\"Blog do Bispo\" \/>\n<meta property=\"article:published_time\" content=\"2023-06-24T00:36:03+00:00\" \/>\n<meta property=\"og:image\" content=\"https:\/\/blogdobispo.com.br\/wp-content\/uploads\/2023\/06\/img_1233.png\" \/>\n<meta name=\"author\" content=\"Jefferson Sterfeno\" \/>\n<meta name=\"twitter:card\" content=\"summary_large_image\" \/>\n<meta name=\"twitter:label1\" content=\"Escrito por\" \/>\n\t<meta name=\"twitter:data1\" content=\"Jefferson Sterfeno\" \/>\n\t<meta name=\"twitter:label2\" content=\"Est. tempo de leitura\" \/>\n\t<meta name=\"twitter:data2\" content=\"1 minuto\" \/>\n<script type=\"application\/ld+json\" class=\"yoast-schema-graph\">{\"@context\":\"https:\/\/schema.org\",\"@graph\":[{\"@type\":\"Article\",\"@id\":\"https:\/\/blogdobispo.com.br\/?p=1253#article\",\"isPartOf\":{\"@id\":\"https:\/\/blogdobispo.com.br\/?p=1253\"},\"author\":{\"name\":\"Jefferson Sterfeno\",\"@id\":\"https:\/\/blogdobispo.com.br\/#\/schema\/person\/e2209cc0e6cea5c5233d033e997b373f\"},\"headline\":\"Eriko Jacome re\u00fane grupo e apresenta Paulinho Freire\",\"datePublished\":\"2023-06-24T00:36:03+00:00\",\"mainEntityOfPage\":{\"@id\":\"https:\/\/blogdobispo.com.br\/?p=1253\"},\"wordCount\":283,\"commentCount\":0,\"publisher\":{\"@id\":\"https:\/\/blogdobispo.com.br\/#organization\"},\"image\":{\"@id\":\"https:\/\/blogdobispo.com.br\/?p=1253#primaryimage\"},\"thumbnailUrl\":\"https:\/\/blogdobispo.com.br\/wp-content\/uploads\/2023\/06\/img_1233.png\",\"articleSection\":[\"diversos\"],\"inLanguage\":\"pt-BR\",\"potentialAction\":[{\"@type\":\"CommentAction\",\"name\":\"Comment\",\"target\":[\"https:\/\/blogdobispo.com.br\/?p=1253#respond\"]}]},{\"@type\":\"WebPage\",\"@id\":\"https:\/\/blogdobispo.com.br\/?p=1253\",\"url\":\"https:\/\/blogdobispo.com.br\/?p=1253\",\"name\":\"Eriko Jacome re\u00fane grupo e apresenta Paulinho Freire - Blog do Bispo\",\"isPartOf\":{\"@id\":\"https:\/\/blogdobispo.com.br\/#website\"},\"primaryImageOfPage\":{\"@id\":\"https:\/\/blogdobispo.com.br\/?p=1253#primaryimage\"},\"image\":{\"@id\":\"https:\/\/blogdobispo.com.br\/?p=1253#primaryimage\"},\"thumbnailUrl\":\"https:\/\/blogdobispo.com.br\/wp-content\/uploads\/2023\/06\/img_1233.png\",\"datePublished\":\"2023-06-24T00:36:03+00:00\",\"breadcrumb\":{\"@id\":\"https:\/\/blogdobispo.com.br\/?p=1253#breadcrumb\"},\"inLanguage\":\"pt-BR\",\"potentialAction\":[{\"@type\":\"ReadAction\",\"target\":[\"https:\/\/blogdobispo.com.br\/?p=1253\"]}]},{\"@type\":\"ImageObject\",\"inLanguage\":\"pt-BR\",\"@id\":\"https:\/\/blogdobispo.com.br\/?p=1253#primaryimage\",\"url\":\"https:\/\/blogdobispo.com.br\/wp-content\/uploads\/2023\/06\/img_1233.png\",\"contentUrl\":\"https:\/\/blogdobispo.com.br\/wp-content\/uploads\/2023\/06\/img_1233.png\"},{\"@type\":\"BreadcrumbList\",\"@id\":\"https:\/\/blogdobispo.com.br\/?p=1253#breadcrumb\",\"itemListElement\":[{\"@type\":\"ListItem\",\"position\":1,\"name\":\"In\u00edcio\",\"item\":\"https:\/\/blogdobispo.com.br\/\"},{\"@type\":\"ListItem\",\"position\":2,\"name\":\"Eriko Jacome re\u00fane grupo e apresenta Paulinho Freire\"}]},{\"@type\":\"WebSite\",\"@id\":\"https:\/\/blogdobispo.com.br\/#website\",\"url\":\"https:\/\/blogdobispo.com.br\/\",\"name\":\"Blog do Bispo\",\"description\":\"Comprometido apenas com o leitor\",\"publisher\":{\"@id\":\"https:\/\/blogdobispo.com.br\/#organization\"},\"potentialAction\":[{\"@type\":\"SearchAction\",\"target\":{\"@type\":\"EntryPoint\",\"urlTemplate\":\"https:\/\/blogdobispo.com.br\/?s={search_term_string}\"},\"query-input\":{\"@type\":\"PropertyValueSpecification\",\"valueRequired\":true,\"valueName\":\"search_term_string\"}}],\"inLanguage\":\"pt-BR\"},{\"@type\":\"Organization\",\"@id\":\"https:\/\/blogdobispo.com.br\/#organization\",\"name\":\"Blog do Bispo\",\"url\":\"https:\/\/blogdobispo.com.br\/\",\"logo\":{\"@type\":\"ImageObject\",\"inLanguage\":\"pt-BR\",\"@id\":\"https:\/\/blogdobispo.com.br\/#\/schema\/logo\/image\/\",\"url\":\"http:\/\/blogdobispo.com.br\/wp-content\/uploads\/2023\/05\/cropped-headear.png\",\"contentUrl\":\"http:\/\/blogdobispo.com.br\/wp-content\/uploads\/2023\/05\/cropped-headear.png\",\"width\":1500,\"height\":399,\"caption\":\"Blog do Bispo\"},\"image\":{\"@id\":\"https:\/\/blogdobispo.com.br\/#\/schema\/logo\/image\/\"}},{\"@type\":\"Person\",\"@id\":\"https:\/\/blogdobispo.com.br\/#\/schema\/person\/e2209cc0e6cea5c5233d033e997b373f\",\"name\":\"Jefferson Sterfeno\",\"image\":{\"@type\":\"ImageObject\",\"inLanguage\":\"pt-BR\",\"@id\":\"https:\/\/blogdobispo.com.br\/#\/schema\/person\/image\/\",\"url\":\"https:\/\/secure.gravatar.com\/avatar\/0534e84764641168a677026b6d57a3f51dc7ac4db0b4f6186d9cb330d4ee1160?s=96&d=mm&r=g\",\"contentUrl\":\"https:\/\/secure.gravatar.com\/avatar\/0534e84764641168a677026b6d57a3f51dc7ac4db0b4f6186d9cb330d4ee1160?s=96&d=mm&r=g\",\"caption\":\"Jefferson Sterfeno\"},\"sameAs\":[\"http:\/\/blogdobispo.com.br\"],\"url\":\"https:\/\/blogdobispo.com.br\/?author=1\"}]}<\/script>\n<!-- \/ Yoast SEO plugin. -->","yoast_head_json":{"title":"Eriko Jacome re\u00fane grupo e apresenta Paulinho Freire - Blog do Bispo","robots":{"index":"index","follow":"follow","max-snippet":"max-snippet:-1","max-image-preview":"max-image-preview:large","max-video-preview":"max-video-preview:-1"},"canonical":"https:\/\/blogdobispo.com.br\/?p=1253","og_locale":"pt_BR","og_type":"article","og_title":"Eriko Jacome re\u00fane grupo e apresenta Paulinho Freire - Blog do Bispo","og_description":"O deputado federal Paulinho Freire reuniu-se nessa quinta-feira (22) com amigos apoiadores e lideran\u00e7as do presidente da C\u00e2mara de Natal, Eriko J\u00e1come, e com os ex-deputados Ant\u00f4nio J\u00e1come e Jac\u00f3 J\u00e1come. Durante o encontro, o parlamentar destacou as realiza\u00e7\u00f5es alcan\u00e7adas nos primeiros meses de seu mandato e compartilhou sua vis\u00e3o pol\u00edtica para a capital.&nbsp; A [&hellip;]","og_url":"https:\/\/blogdobispo.com.br\/?p=1253","og_site_name":"Blog do Bispo","article_published_time":"2023-06-24T00:36:03+00:00","og_image":[{"url":"https:\/\/blogdobispo.com.br\/wp-content\/uploads\/2023\/06\/img_1233.png","type":"","width":"","height":""}],"author":"Jefferson Sterfeno","twitter_card":"summary_large_image","twitter_misc":{"Escrito por":"Jefferson Sterfeno","Est. tempo de leitura":"1 minuto"},"schema":{"@context":"https:\/\/schema.org","@graph":[{"@type":"Article","@id":"https:\/\/blogdobispo.com.br\/?p=1253#article","isPartOf":{"@id":"https:\/\/blogdobispo.com.br\/?p=1253"},"author":{"name":"Jefferson Sterfeno","@id":"https:\/\/blogdobispo.com.br\/#\/schema\/person\/e2209cc0e6cea5c5233d033e997b373f"},"headline":"Eriko Jacome re\u00fane grupo e apresenta Paulinho Freire","datePublished":"2023-06-24T00:36:03+00:00","mainEntityOfPage":{"@id":"https:\/\/blogdobispo.com.br\/?p=1253"},"wordCount":283,"commentCount":0,"publisher":{"@id":"https:\/\/blogdobispo.com.br\/#organization"},"image":{"@id":"https:\/\/blogdobispo.com.br\/?p=1253#primaryimage"},"thumbnailUrl":"https:\/\/blogdobispo.com.br\/wp-content\/uploads\/2023\/06\/img_1233.png","articleSection":["diversos"],"inLanguage":"pt-BR","potentialAction":[{"@type":"CommentAction","name":"Comment","target":["https:\/\/blogdobispo.com.br\/?p=1253#respond"]}]},{"@type":"WebPage","@id":"https:\/\/blogdobispo.com.br\/?p=1253","url":"https:\/\/blogdobispo.com.br\/?p=1253","name":"Eriko Jacome re\u00fane grupo e apresenta Paulinho Freire - Blog do Bispo","isPartOf":{"@id":"https:\/\/blogdobispo.com.br\/#website"},"primaryImageOfPage":{"@id":"https:\/\/blogdobispo.com.br\/?p=1253#primaryimage"},"image":{"@id":"https:\/\/blogdobispo.com.br\/?p=1253#primaryimage"},"thumbnailUrl":"https:\/\/blogdobispo.com.br\/wp-content\/uploads\/2023\/06\/img_1233.png","datePublished":"2023-06-24T00:36:03+00:00","breadcrumb":{"@id":"https:\/\/blogdobispo.com.br\/?p=1253#breadcrumb"},"inLanguage":"pt-BR","potentialAction":[{"@type":"ReadAction","target":["https:\/\/blogdobispo.com.br\/?p=1253"]}]},{"@type":"ImageObject","inLanguage":"pt-BR","@id":"https:\/\/blogdobispo.com.br\/?p=1253#primaryimage","url":"https:\/\/blogdobispo.com.br\/wp-content\/uploads\/2023\/06\/img_1233.png","contentUrl":"https:\/\/blogdobispo.com.br\/wp-content\/uploads\/2023\/06\/img_1233.png"},{"@type":"BreadcrumbList","@id":"https:\/\/blogdobispo.com.br\/?p=1253#breadcrumb","itemListElement":[{"@type":"ListItem","position":1,"name":"In\u00edcio","item":"https:\/\/blogdobispo.com.br\/"},{"@type":"ListItem","position":2,"name":"Eriko Jacome re\u00fane grupo e apresenta Paulinho Freire"}]},{"@type":"WebSite","@id":"https:\/\/blogdobispo.com.br\/#website","url":"https:\/\/blogdobispo.com.br\/","name":"Blog do Bispo","description":"Comprometido apenas com o leitor","publisher":{"@id":"https:\/\/blogdobispo.com.br\/#organization"},"potentialAction":[{"@type":"SearchAction","target":{"@type":"EntryPoint","urlTemplate":"https:\/\/blogdobispo.com.br\/?s={search_term_string}"},"query-input":{"@type":"PropertyValueSpecification","valueRequired":true,"valueName":"search_term_string"}}],"inLanguage":"pt-BR"},{"@type":"Organization","@id":"https:\/\/blogdobispo.com.br\/#organization","name":"Blog do Bispo","url":"https:\/\/blogdobispo.com.br\/","logo":{"@type":"ImageObject","inLanguage":"pt-BR","@id":"https:\/\/blogdobispo.com.br\/#\/schema\/logo\/image\/","url":"http:\/\/blogdobispo.com.br\/wp-content\/uploads\/2023\/05\/cropped-headear.png","contentUrl":"http:\/\/blogdobispo.com.br\/wp-content\/uploads\/2023\/05\/cropped-headear.png","width":1500,"height":399,"caption":"Blog do Bispo"},"image":{"@id":"https:\/\/blogdobispo.com.br\/#\/schema\/logo\/image\/"}},{"@type":"Person","@id":"https:\/\/blogdobispo.com.br\/#\/schema\/person\/e2209cc0e6cea5c5233d033e997b373f","name":"Jefferson Sterfeno","image":{"@type":"ImageObject","inLanguage":"pt-BR","@id":"https:\/\/blogdobispo.com.br\/#\/schema\/person\/image\/","url":"https:\/\/secure.gravatar.com\/avatar\/0534e84764641168a677026b6d57a3f51dc7ac4db0b4f6186d9cb330d4ee1160?s=96&d=mm&r=g","contentUrl":"https:\/\/secure.gravatar.com\/avatar\/0534e84764641168a677026b6d57a3f51dc7ac4db0b4f6186d9cb330d4ee1160?s=96&d=mm&r=g","caption":"Jefferson Sterfeno"},"sameAs":["http:\/\/blogdobispo.com.br"],"url":"https:\/\/blogdobispo.com.br\/?author=1"}]}},"featured_image_urls":{"full":"","thumbnail":"","medium":"","medium_large":"","large":"","1536x1536":"","2048x2048":""},"author_info":{"display_name":"Jefferson Sterfeno","author_link":"https:\/\/blogdobispo.com.br\/?author=1"},"category_info":"<a href=\"https:\/\/blogdobispo.com.br\/?cat=1\" rel=\"category\">diversos<\/a>","tag_info":"diversos","comment_count":"0","jetpack_featured_media_url":"","jetpack_sharing_enabled":true,"_links":{"self":[{"href":"https:\/\/blogdobispo.com.br\/index.php?rest_route=\/wp\/v2\/posts\/1253","targetHints":{"allow":["GET"]}}],"collection":[{"href":"https:\/\/blogdobispo.com.br\/index.php?rest_route=\/wp\/v2\/posts"}],"about":[{"href":"https:\/\/blogdobispo.com.br\/index.php?rest_route=\/wp\/v2\/types\/post"}],"author":[{"embeddable":true,"href":"https:\/\/blogdobispo.com.br\/index.php?rest_route=\/wp\/v2\/users\/1"}],"replies":[{"embeddable":true,"href":"https:\/\/blogdobispo.com.br\/index.php?rest_route=%2Fwp%2Fv2%2Fcomments&post=1253"}],"version-history":[{"count":0,"href":"https:\/\/blogdobispo.com.br\/index.php?rest_route=\/wp\/v2\/posts\/1253\/revisions"}],"wp:attachment":[{"href":"https:\/\/blogdobispo.com.br\/index.php?rest_route=%2Fwp%2Fv2%2Fmedia&parent=1253"}],"wp:term":[{"taxonomy":"category","embeddable":true,"href":"https:\/\/blogdobispo.com.br\/index.php?rest_route=%2Fwp%2Fv2%2Fcategories&post=1253"},{"taxonomy":"post_tag","embeddable":true,"href":"https:\/\/blogdobispo.com.br\/index.php?rest_route=%2Fwp%2Fv2%2Ftags&post=1253"}],"curies":[{"name":"wp","href":"https:\/\/api.w.org\/{rel}","templated":true}]}}