{"id":1236,"date":"2023-06-21T03:59:54","date_gmt":"2023-06-21T03:59:54","guid":{"rendered":"https:\/\/blogdobispo.com.br\/?p=1236"},"modified":"2023-06-21T15:28:49","modified_gmt":"2023-06-21T15:28:49","slug":"chegou-a-hora-da-zona-norte-ter-um-vice-prefeito","status":"publish","type":"post","link":"https:\/\/blogdobispo.com.br\/?p=1236","title":{"rendered":"Chegou a hora da Zona Norte ter um Vice-Prefeito"},"content":{"rendered":"\n<p>Chegou a hora, depois de v\u00e1rios anos, Natal tem uma d\u00edvida com a maior regi\u00e3o administratriva da Cidade, com mais de 400 mil habitantes. Como agora j\u00e1 come\u00e7ou o debate sobre a sucess\u00e3o municipal, quero aqui dar uma opini\u00e3o, A Zona Norte merece ter um vice-prefeito.<\/p>\n\n\n\n<p>Ao longo dos anos, a Zona Norte teve representatividade unicamente com Luiz Almir, quando foi eleito vereador em 1996, e chegou bem pr\u00f3ximo de ser prefeito em 2004, quando perdeu por 14 mil votos diferen\u00e7a contra Carlos Eduardo. Em 2005 cumprindo uma promessa de campanha, a ent\u00e3o vice prefeita Micarla de Souza instalou seu gabinete na Zona Norte. <\/p>\n\n\n\n<p>Nas \u00faltimas elei\u00e7\u00f5es municipais, a Zona Norte elegeu 6 vereadores (Margarete R\u00e9gia, Divaneide Bas\u00edlio, Anderson Lopes, Peixoto, Milklei Leite e Nivaldo Bacurau) mostrando que a regi\u00e3o deixou de ser um curral eleitoral para ter representatividade na Casa Legislativa. <\/p>\n\n\n\n<p>Al\u00e9m de duas deputadas estaduais (Divaneide Bas\u00edlio e Eudiane Macedo).<\/p>\n\n\n\n<p>E um deputado federal (Sargento Gon\u00e7alves)<\/p>\n\n\n\n<p>Desses nomes sairiam consenso para compor qualquer chapa vencedora.<\/p>\n\n\n\n<p>A Zona Norte tem v\u00e1rios problemas estruturais e promessas n\u00e3o cumpridas. Um dos grandes gargalos da regi\u00e3o \u00e9 a Avenida das Fronteiras, promessa do Pr\u00f3-transporte de 2006 que nunca saiu do papel. A Zona Norte sofre com falta de transporte, sa\u00fade e educa\u00e7\u00e3o, problemas cr\u00f4nicos de uma regi\u00e3o que cresceu mais do que qualquer outra nos \u00faltimos 40 anos.<\/p>\n\n\n\n<p>Se a Zona Norte fosse desmembrada de Natal, seria a segunda maior cidade do Estado, a frente de Mossor\u00f3. \u00c9 motivo de justi\u00e7a para um povo t\u00e3o sofrido que sente falta de a\u00e7\u00f5es do poder publico ter cada vez mais representatividade.<\/p>\n\n\n\n<figure class=\"wp-block-image size-full\"><img data-recalc-dims=\"1\" fetchpriority=\"high\" decoding=\"async\" width=\"598\" height=\"380\" src=\"https:\/\/i0.wp.com\/blogdobispo.com.br\/wp-content\/uploads\/2023\/06\/19547.jpeg?resize=598%2C380&#038;ssl=1\" alt=\"\" class=\"wp-image-1237\" srcset=\"https:\/\/i0.wp.com\/blogdobispo.com.br\/wp-content\/uploads\/2023\/06\/19547.jpeg?w=598&amp;ssl=1 598w, https:\/\/i0.wp.com\/blogdobispo.com.br\/wp-content\/uploads\/2023\/06\/19547.jpeg?resize=300%2C191&amp;ssl=1 300w\" sizes=\"(max-width: 598px) 100vw, 598px\" \/><\/figure>\n\n\n\n<p>Chegou a hora da Zona Norte ter um vice. <\/p>\n","protected":false},"excerpt":{"rendered":"<p>Chegou a hora, depois de v\u00e1rios anos, Natal tem uma d\u00edvida com a maior regi\u00e3o administratriva da Cidade, com mais de 400 mil habitantes. Como agora j\u00e1 come\u00e7ou o debate sobre a sucess\u00e3o municipal, quero aqui dar uma opini\u00e3o, A Zona Norte merece ter um vice-prefeito. Ao longo dos anos, a Zona Norte teve representatividade [&hellip;]<\/p>\n","protected":false},"author":1,"featured_media":0,"comment_status":"open","ping_status":"open","sticky":false,"template":"","format":"standard","meta":{"cybocfi_hide_featured_image":"","_jetpack_memberships_contains_paid_content":false,"footnotes":""},"categories":[1],"tags":[],"class_list":["post-1236","post","type-post","status-publish","format-standard","hentry","category-diversos"],"yoast_head":"<!-- This site is optimized with the Yoast SEO plugin v25.6 - https:\/\/yoast.com\/wordpress\/plugins\/seo\/ -->\n<title>Chegou a hora da Zona Norte ter um Vice-Prefeito - Blog do Bispo<\/title>\n<meta name=\"robots\" content=\"index, follow, max-snippet:-1, max-image-preview:large, max-video-preview:-1\" \/>\n<link rel=\"canonical\" href=\"https:\/\/blogdobispo.com.br\/?p=1236\" \/>\n<meta property=\"og:locale\" content=\"pt_BR\" \/>\n<meta property=\"og:type\" content=\"article\" \/>\n<meta property=\"og:title\" content=\"Chegou a hora da Zona Norte ter um Vice-Prefeito - Blog do Bispo\" \/>\n<meta property=\"og:description\" content=\"Chegou a hora, depois de v\u00e1rios anos, Natal tem uma d\u00edvida com a maior regi\u00e3o administratriva da Cidade, com mais de 400 mil habitantes. Como agora j\u00e1 come\u00e7ou o debate sobre a sucess\u00e3o municipal, quero aqui dar uma opini\u00e3o, A Zona Norte merece ter um vice-prefeito. Ao longo dos anos, a Zona Norte teve representatividade [&hellip;]\" \/>\n<meta property=\"og:url\" content=\"https:\/\/blogdobispo.com.br\/?p=1236\" \/>\n<meta property=\"og:site_name\" content=\"Blog do Bispo\" \/>\n<meta property=\"article:published_time\" content=\"2023-06-21T03:59:54+00:00\" \/>\n<meta property=\"article:modified_time\" content=\"2023-06-21T15:28:49+00:00\" \/>\n<meta property=\"og:image\" content=\"https:\/\/blogdobispo.com.br\/wp-content\/uploads\/2023\/06\/19547.jpeg\" \/>\n<meta name=\"author\" content=\"Jefferson Sterfeno\" \/>\n<meta name=\"twitter:card\" content=\"summary_large_image\" \/>\n<meta name=\"twitter:label1\" content=\"Escrito por\" \/>\n\t<meta name=\"twitter:data1\" content=\"Jefferson Sterfeno\" \/>\n\t<meta name=\"twitter:label2\" content=\"Est. tempo de leitura\" \/>\n\t<meta name=\"twitter:data2\" content=\"2 minutos\" \/>\n<script type=\"application\/ld+json\" class=\"yoast-schema-graph\">{\"@context\":\"https:\/\/schema.org\",\"@graph\":[{\"@type\":\"Article\",\"@id\":\"https:\/\/blogdobispo.com.br\/?p=1236#article\",\"isPartOf\":{\"@id\":\"https:\/\/blogdobispo.com.br\/?p=1236\"},\"author\":{\"name\":\"Jefferson Sterfeno\",\"@id\":\"https:\/\/blogdobispo.com.br\/#\/schema\/person\/e2209cc0e6cea5c5233d033e997b373f\"},\"headline\":\"Chegou a hora da Zona Norte ter um Vice-Prefeito\",\"datePublished\":\"2023-06-21T03:59:54+00:00\",\"dateModified\":\"2023-06-21T15:28:49+00:00\",\"mainEntityOfPage\":{\"@id\":\"https:\/\/blogdobispo.com.br\/?p=1236\"},\"wordCount\":302,\"commentCount\":1,\"publisher\":{\"@id\":\"https:\/\/blogdobispo.com.br\/#organization\"},\"image\":{\"@id\":\"https:\/\/blogdobispo.com.br\/?p=1236#primaryimage\"},\"thumbnailUrl\":\"https:\/\/blogdobispo.com.br\/wp-content\/uploads\/2023\/06\/19547.jpeg\",\"articleSection\":[\"diversos\"],\"inLanguage\":\"pt-BR\",\"potentialAction\":[{\"@type\":\"CommentAction\",\"name\":\"Comment\",\"target\":[\"https:\/\/blogdobispo.com.br\/?p=1236#respond\"]}]},{\"@type\":\"WebPage\",\"@id\":\"https:\/\/blogdobispo.com.br\/?p=1236\",\"url\":\"https:\/\/blogdobispo.com.br\/?p=1236\",\"name\":\"Chegou a hora da Zona Norte ter um Vice-Prefeito - Blog do Bispo\",\"isPartOf\":{\"@id\":\"https:\/\/blogdobispo.com.br\/#website\"},\"primaryImageOfPage\":{\"@id\":\"https:\/\/blogdobispo.com.br\/?p=1236#primaryimage\"},\"image\":{\"@id\":\"https:\/\/blogdobispo.com.br\/?p=1236#primaryimage\"},\"thumbnailUrl\":\"https:\/\/blogdobispo.com.br\/wp-content\/uploads\/2023\/06\/19547.jpeg\",\"datePublished\":\"2023-06-21T03:59:54+00:00\",\"dateModified\":\"2023-06-21T15:28:49+00:00\",\"breadcrumb\":{\"@id\":\"https:\/\/blogdobispo.com.br\/?p=1236#breadcrumb\"},\"inLanguage\":\"pt-BR\",\"potentialAction\":[{\"@type\":\"ReadAction\",\"target\":[\"https:\/\/blogdobispo.com.br\/?p=1236\"]}]},{\"@type\":\"ImageObject\",\"inLanguage\":\"pt-BR\",\"@id\":\"https:\/\/blogdobispo.com.br\/?p=1236#primaryimage\",\"url\":\"https:\/\/blogdobispo.com.br\/wp-content\/uploads\/2023\/06\/19547.jpeg\",\"contentUrl\":\"https:\/\/blogdobispo.com.br\/wp-content\/uploads\/2023\/06\/19547.jpeg\"},{\"@type\":\"BreadcrumbList\",\"@id\":\"https:\/\/blogdobispo.com.br\/?p=1236#breadcrumb\",\"itemListElement\":[{\"@type\":\"ListItem\",\"position\":1,\"name\":\"In\u00edcio\",\"item\":\"https:\/\/blogdobispo.com.br\/\"},{\"@type\":\"ListItem\",\"position\":2,\"name\":\"Chegou a hora da Zona Norte ter um Vice-Prefeito\"}]},{\"@type\":\"WebSite\",\"@id\":\"https:\/\/blogdobispo.com.br\/#website\",\"url\":\"https:\/\/blogdobispo.com.br\/\",\"name\":\"Blog do Bispo\",\"description\":\"Comprometido apenas com o leitor\",\"publisher\":{\"@id\":\"https:\/\/blogdobispo.com.br\/#organization\"},\"potentialAction\":[{\"@type\":\"SearchAction\",\"target\":{\"@type\":\"EntryPoint\",\"urlTemplate\":\"https:\/\/blogdobispo.com.br\/?s={search_term_string}\"},\"query-input\":{\"@type\":\"PropertyValueSpecification\",\"valueRequired\":true,\"valueName\":\"search_term_string\"}}],\"inLanguage\":\"pt-BR\"},{\"@type\":\"Organization\",\"@id\":\"https:\/\/blogdobispo.com.br\/#organization\",\"name\":\"Blog do Bispo\",\"url\":\"https:\/\/blogdobispo.com.br\/\",\"logo\":{\"@type\":\"ImageObject\",\"inLanguage\":\"pt-BR\",\"@id\":\"https:\/\/blogdobispo.com.br\/#\/schema\/logo\/image\/\",\"url\":\"http:\/\/blogdobispo.com.br\/wp-content\/uploads\/2023\/05\/cropped-headear.png\",\"contentUrl\":\"http:\/\/blogdobispo.com.br\/wp-content\/uploads\/2023\/05\/cropped-headear.png\",\"width\":1500,\"height\":399,\"caption\":\"Blog do Bispo\"},\"image\":{\"@id\":\"https:\/\/blogdobispo.com.br\/#\/schema\/logo\/image\/\"}},{\"@type\":\"Person\",\"@id\":\"https:\/\/blogdobispo.com.br\/#\/schema\/person\/e2209cc0e6cea5c5233d033e997b373f\",\"name\":\"Jefferson Sterfeno\",\"image\":{\"@type\":\"ImageObject\",\"inLanguage\":\"pt-BR\",\"@id\":\"https:\/\/blogdobispo.com.br\/#\/schema\/person\/image\/\",\"url\":\"https:\/\/secure.gravatar.com\/avatar\/0534e84764641168a677026b6d57a3f51dc7ac4db0b4f6186d9cb330d4ee1160?s=96&d=mm&r=g\",\"contentUrl\":\"https:\/\/secure.gravatar.com\/avatar\/0534e84764641168a677026b6d57a3f51dc7ac4db0b4f6186d9cb330d4ee1160?s=96&d=mm&r=g\",\"caption\":\"Jefferson Sterfeno\"},\"sameAs\":[\"http:\/\/blogdobispo.com.br\"],\"url\":\"https:\/\/blogdobispo.com.br\/?author=1\"}]}<\/script>\n<!-- \/ Yoast SEO plugin. -->","yoast_head_json":{"title":"Chegou a hora da Zona Norte ter um Vice-Prefeito - Blog do Bispo","robots":{"index":"index","follow":"follow","max-snippet":"max-snippet:-1","max-image-preview":"max-image-preview:large","max-video-preview":"max-video-preview:-1"},"canonical":"https:\/\/blogdobispo.com.br\/?p=1236","og_locale":"pt_BR","og_type":"article","og_title":"Chegou a hora da Zona Norte ter um Vice-Prefeito - Blog do Bispo","og_description":"Chegou a hora, depois de v\u00e1rios anos, Natal tem uma d\u00edvida com a maior regi\u00e3o administratriva da Cidade, com mais de 400 mil habitantes. Como agora j\u00e1 come\u00e7ou o debate sobre a sucess\u00e3o municipal, quero aqui dar uma opini\u00e3o, A Zona Norte merece ter um vice-prefeito. Ao longo dos anos, a Zona Norte teve representatividade [&hellip;]","og_url":"https:\/\/blogdobispo.com.br\/?p=1236","og_site_name":"Blog do Bispo","article_published_time":"2023-06-21T03:59:54+00:00","article_modified_time":"2023-06-21T15:28:49+00:00","og_image":[{"url":"https:\/\/blogdobispo.com.br\/wp-content\/uploads\/2023\/06\/19547.jpeg","type":"","width":"","height":""}],"author":"Jefferson Sterfeno","twitter_card":"summary_large_image","twitter_misc":{"Escrito por":"Jefferson Sterfeno","Est. tempo de leitura":"2 minutos"},"schema":{"@context":"https:\/\/schema.org","@graph":[{"@type":"Article","@id":"https:\/\/blogdobispo.com.br\/?p=1236#article","isPartOf":{"@id":"https:\/\/blogdobispo.com.br\/?p=1236"},"author":{"name":"Jefferson Sterfeno","@id":"https:\/\/blogdobispo.com.br\/#\/schema\/person\/e2209cc0e6cea5c5233d033e997b373f"},"headline":"Chegou a hora da Zona Norte ter um Vice-Prefeito","datePublished":"2023-06-21T03:59:54+00:00","dateModified":"2023-06-21T15:28:49+00:00","mainEntityOfPage":{"@id":"https:\/\/blogdobispo.com.br\/?p=1236"},"wordCount":302,"commentCount":1,"publisher":{"@id":"https:\/\/blogdobispo.com.br\/#organization"},"image":{"@id":"https:\/\/blogdobispo.com.br\/?p=1236#primaryimage"},"thumbnailUrl":"https:\/\/blogdobispo.com.br\/wp-content\/uploads\/2023\/06\/19547.jpeg","articleSection":["diversos"],"inLanguage":"pt-BR","potentialAction":[{"@type":"CommentAction","name":"Comment","target":["https:\/\/blogdobispo.com.br\/?p=1236#respond"]}]},{"@type":"WebPage","@id":"https:\/\/blogdobispo.com.br\/?p=1236","url":"https:\/\/blogdobispo.com.br\/?p=1236","name":"Chegou a hora da Zona Norte ter um Vice-Prefeito - Blog do Bispo","isPartOf":{"@id":"https:\/\/blogdobispo.com.br\/#website"},"primaryImageOfPage":{"@id":"https:\/\/blogdobispo.com.br\/?p=1236#primaryimage"},"image":{"@id":"https:\/\/blogdobispo.com.br\/?p=1236#primaryimage"},"thumbnailUrl":"https:\/\/blogdobispo.com.br\/wp-content\/uploads\/2023\/06\/19547.jpeg","datePublished":"2023-06-21T03:59:54+00:00","dateModified":"2023-06-21T15:28:49+00:00","breadcrumb":{"@id":"https:\/\/blogdobispo.com.br\/?p=1236#breadcrumb"},"inLanguage":"pt-BR","potentialAction":[{"@type":"ReadAction","target":["https:\/\/blogdobispo.com.br\/?p=1236"]}]},{"@type":"ImageObject","inLanguage":"pt-BR","@id":"https:\/\/blogdobispo.com.br\/?p=1236#primaryimage","url":"https:\/\/blogdobispo.com.br\/wp-content\/uploads\/2023\/06\/19547.jpeg","contentUrl":"https:\/\/blogdobispo.com.br\/wp-content\/uploads\/2023\/06\/19547.jpeg"},{"@type":"BreadcrumbList","@id":"https:\/\/blogdobispo.com.br\/?p=1236#breadcrumb","itemListElement":[{"@type":"ListItem","position":1,"name":"In\u00edcio","item":"https:\/\/blogdobispo.com.br\/"},{"@type":"ListItem","position":2,"name":"Chegou a hora da Zona Norte ter um Vice-Prefeito"}]},{"@type":"WebSite","@id":"https:\/\/blogdobispo.com.br\/#website","url":"https:\/\/blogdobispo.com.br\/","name":"Blog do Bispo","description":"Comprometido apenas com o leitor","publisher":{"@id":"https:\/\/blogdobispo.com.br\/#organization"},"potentialAction":[{"@type":"SearchAction","target":{"@type":"EntryPoint","urlTemplate":"https:\/\/blogdobispo.com.br\/?s={search_term_string}"},"query-input":{"@type":"PropertyValueSpecification","valueRequired":true,"valueName":"search_term_string"}}],"inLanguage":"pt-BR"},{"@type":"Organization","@id":"https:\/\/blogdobispo.com.br\/#organization","name":"Blog do Bispo","url":"https:\/\/blogdobispo.com.br\/","logo":{"@type":"ImageObject","inLanguage":"pt-BR","@id":"https:\/\/blogdobispo.com.br\/#\/schema\/logo\/image\/","url":"http:\/\/blogdobispo.com.br\/wp-content\/uploads\/2023\/05\/cropped-headear.png","contentUrl":"http:\/\/blogdobispo.com.br\/wp-content\/uploads\/2023\/05\/cropped-headear.png","width":1500,"height":399,"caption":"Blog do Bispo"},"image":{"@id":"https:\/\/blogdobispo.com.br\/#\/schema\/logo\/image\/"}},{"@type":"Person","@id":"https:\/\/blogdobispo.com.br\/#\/schema\/person\/e2209cc0e6cea5c5233d033e997b373f","name":"Jefferson Sterfeno","image":{"@type":"ImageObject","inLanguage":"pt-BR","@id":"https:\/\/blogdobispo.com.br\/#\/schema\/person\/image\/","url":"https:\/\/secure.gravatar.com\/avatar\/0534e84764641168a677026b6d57a3f51dc7ac4db0b4f6186d9cb330d4ee1160?s=96&d=mm&r=g","contentUrl":"https:\/\/secure.gravatar.com\/avatar\/0534e84764641168a677026b6d57a3f51dc7ac4db0b4f6186d9cb330d4ee1160?s=96&d=mm&r=g","caption":"Jefferson Sterfeno"},"sameAs":["http:\/\/blogdobispo.com.br"],"url":"https:\/\/blogdobispo.com.br\/?author=1"}]}},"featured_image_urls":{"full":"","thumbnail":"","medium":"","medium_large":"","large":"","1536x1536":"","2048x2048":""},"author_info":{"display_name":"Jefferson Sterfeno","author_link":"https:\/\/blogdobispo.com.br\/?author=1"},"category_info":"<a href=\"https:\/\/blogdobispo.com.br\/?cat=1\" rel=\"category\">diversos<\/a>","tag_info":"diversos","comment_count":"1","jetpack_featured_media_url":"","jetpack_sharing_enabled":true,"_links":{"self":[{"href":"https:\/\/blogdobispo.com.br\/index.php?rest_route=\/wp\/v2\/posts\/1236","targetHints":{"allow":["GET"]}}],"collection":[{"href":"https:\/\/blogdobispo.com.br\/index.php?rest_route=\/wp\/v2\/posts"}],"about":[{"href":"https:\/\/blogdobispo.com.br\/index.php?rest_route=\/wp\/v2\/types\/post"}],"author":[{"embeddable":true,"href":"https:\/\/blogdobispo.com.br\/index.php?rest_route=\/wp\/v2\/users\/1"}],"replies":[{"embeddable":true,"href":"https:\/\/blogdobispo.com.br\/index.php?rest_route=%2Fwp%2Fv2%2Fcomments&post=1236"}],"version-history":[{"count":3,"href":"https:\/\/blogdobispo.com.br\/index.php?rest_route=\/wp\/v2\/posts\/1236\/revisions"}],"predecessor-version":[{"id":1240,"href":"https:\/\/blogdobispo.com.br\/index.php?rest_route=\/wp\/v2\/posts\/1236\/revisions\/1240"}],"wp:attachment":[{"href":"https:\/\/blogdobispo.com.br\/index.php?rest_route=%2Fwp%2Fv2%2Fmedia&parent=1236"}],"wp:term":[{"taxonomy":"category","embeddable":true,"href":"https:\/\/blogdobispo.com.br\/index.php?rest_route=%2Fwp%2Fv2%2Fcategories&post=1236"},{"taxonomy":"post_tag","embeddable":true,"href":"https:\/\/blogdobispo.com.br\/index.php?rest_route=%2Fwp%2Fv2%2Ftags&post=1236"}],"curies":[{"name":"wp","href":"https:\/\/api.w.org\/{rel}","templated":true}]}}